{"id":11229,"date":"2024-05-12T19:23:43","date_gmt":"2024-05-12T16:23:43","guid":{"rendered":"https:\/\/global.tab-tv.com\/hu\/?p=11229"},"modified":"2024-05-12T19:23:45","modified_gmt":"2024-05-12T16:23:45","slug":"milyen-meretu-tv-fer-be-az-autojaba","status":"publish","type":"post","link":"https:\/\/global.tab-tv.com\/hu\/milyen-meretu-tv-fer-be-az-autojaba\/","title":{"rendered":"Milyen m\u00e9ret\u0171 TV f\u00e9r be az aut\u00f3j\u00e1ba"},"content":{"rendered":"\n<p>A v\u00e1s\u00e1rl\u00e1s el\u0151tt c\u00e9lszer\u0171 meggy\u0151z\u0151dni a TV-doboz m\u00e9reteir\u0151l, hogy az k\u00e9nyelmesen elf\u00e9rjen a j\u00e1rm\u0171v\u00e9ben, \u00edgy cs\u00f6kkentve az esetleges kellemetlens\u00e9geket. K\u00fcl\u00f6n\u00f6s figyelmet kell ford\u00edtani a doboz m\u00e9lys\u00e9g\u00e9re, mivel nem biztos, hogy azonnal felt\u0171nik, hogy m\u00edg a sz\u00e9less\u00e9gi \u00e9s magass\u00e1gi m\u00e9retek megfelel\u0151nek t\u0171nnek a sz\u00e1ll\u00edt\u00e1shoz, a doboz vastags\u00e1ga korl\u00e1tozhatja a TV elhelyez\u00e9s\u00e9t. Ez\u00e9rt a doboz m\u00e9reteinek alapos m\u00e9r\u00e9se \u00e9s \u00e1tgondol\u00e1sa elengedhetetlen a sz\u00e1ll\u00edt\u00e1s sor\u00e1n felmer\u00fcl\u0151 el\u0151re nem l\u00e1that\u00f3 neh\u00e9zs\u00e9gek elker\u00fcl\u00e9se \u00e9rdek\u00e9ben.<\/p>\n\n\n\n<ul class=\"wp-block-list\">\n<li><strong>Kis szed\u00e1n:<\/strong> Ez a j\u00e1rm\u0171 legfeljebb 42 h\u00fcvelykes t\u00e9v\u00e9k sz\u00e1ll\u00edt\u00e1s\u00e1ra alkalmas. Egy kis szed\u00e1nban elf\u00e9r egy kism\u00e9ret\u0171 TV.<\/li>\n\n\n\n<li><strong>Nagy szed\u00e1n:<\/strong> Egy legfeljebb 50 h\u00fcvelykes TV \u00e1ltal\u00e1ban elf\u00e9r az utast\u00e9rben. Ha lehajtja a h\u00e1ts\u00f3 \u00fcl\u00e9seket, a csomagtart\u00f3 \u00e9s a h\u00e1ts\u00f3 \u00fcl\u00e9sek haszn\u00e1lat\u00e1val a modellt\u0151l f\u00fcgg\u0151en ak\u00e1r 60-65 h\u00fcvelykes TV-t is sz\u00e1ll\u00edthat.<\/li>\n\n\n\n<li><strong>Crossover:<\/strong> A nagy szed\u00e1nokhoz hasonl\u00f3an egy crossoverben is elf\u00e9r egy ak\u00e1r 60 h\u00fcvelykes t\u00e9v\u00e9, ha figyelembe vessz\u00fck a bels\u0151 teret \u00e9s a csomagtart\u00f3t.<\/li>\n\n\n\n<li><strong>Pickup teheraut\u00f3: <\/strong>Hatalmas t\u00e9v\u00e9k sz\u00e1m\u00e1ra t\u00f6k\u00e9letes, ak\u00e1r 85 h\u00fcvelykig is. A sz\u00e1ll\u00edthat\u00f3 TV m\u00e9rete a pickup teheraut\u00f3 rakter\u00e9nek m\u00e9ret\u00e9t\u0151l f\u00fcgg. J\u00f3l r\u00f6gz\u00edtse a t\u00e9v\u00e9t, hogy megakad\u00e1lyozza annak elmozdul\u00e1s\u00e1t \u00e9s esetleges s\u00e9r\u00fcl\u00e9s\u00e9t.<\/li>\n\n\n\n<li><strong>Furgon: <\/strong>A furgonok a legjobbak a hatalmas t\u00e9v\u00e9k sz\u00e1ll\u00edt\u00e1s\u00e1ra, mivel k\u00e9pesek a t\u00e9v\u00e9t f\u00fcgg\u0151legesen sz\u00e1ll\u00edtani, \u00e9s elegend\u0151 hely\u00fck van.<\/li>\n<\/ul>\n\n\n<div class=\"wp-block-image\">\n<figure class=\"aligncenter size-full\"><img loading=\"lazy\" decoding=\"async\" width=\"727\" height=\"486\" src=\"https:\/\/global.tab-tv.com\/hu\/wp-content\/uploads\/sites\/3\/2024\/05\/a-75-inch-TV-sedan-transportation.webp\" alt=\"\" class=\"wp-image-11230\" srcset=\"https:\/\/global.tab-tv.com\/hu\/wp-content\/uploads\/sites\/3\/2024\/05\/a-75-inch-TV-sedan-transportation.webp 727w, https:\/\/global.tab-tv.com\/hu\/wp-content\/uploads\/sites\/3\/2024\/05\/a-75-inch-TV-sedan-transportation-300x201.webp 300w\" sizes=\"auto, (max-width: 727px) 100vw, 727px\" \/><\/figure>\n<\/div>\n\n\n<h2 class=\"wp-block-heading has-text-align-center\"><strong>Fekv\u0151 helyzetben is sz\u00e1ll\u00edthat\u00f3-e a t\u00e9v\u00e9.<\/strong><\/h2>\n\n\n\n<p>A gy\u00e1rt\u00f3 nem aj\u00e1nlja a t\u00e9v\u00e9 fekv\u0151 helyzetben t\u00f6rt\u00e9n\u0151 sz\u00e1ll\u00edt\u00e1s\u00e1t, azonban ha sz\u00fcks\u00e9ges, fekv\u0151 helyzetben is sz\u00e1ll\u00edthatja, de mindenk\u00e9ppen tartsa be a k\u00f6vetkez\u0151 szab\u00e1lyokat:<br>Gy\u0151z\u0151dj\u00f6n meg r\u00f3la, hogy a TV k\u00e9sz\u00fcl\u00e9k a k\u00e9perny\u0151vel felfel\u00e9 \u00e1ll.<br>A doboz alatt ne legyenek olyan t\u00e1rgyak, amelyek sz\u00e1ll\u00edt\u00e1s k\u00f6zben k\u00e1rt tehetnek benne.<br>Ne helyezzen m\u00e1s t\u00e1rgyakat a TV-doboz tetej\u00e9re.<br>Ker\u00fclje az \u00e9les kanyarokat \u00e9s a TV mozgat\u00e1s\u00e1t sz\u00e1ll\u00edt\u00e1s k\u00f6zben.<br>Mindig m\u00e9rje meg az aut\u00f3 vagy a csomagtart\u00f3 bels\u0151 ter\u00e9t, \u00e9s hasonl\u00edtsa \u00f6ssze a TV-doboz m\u00e9reteivel. Az egyes aut\u00f3modellek elt\u00e9r\u0151 kialak\u00edt\u00e1s\u00faak lehetnek, ez\u00e9rt fontos ellen\u0151rizni, hogy a doboz bef\u00e9r-e az aut\u00f3ba.<\/p>\n","protected":false},"excerpt":{"rendered":"<p>A v\u00e1s\u00e1rl\u00e1s el\u0151tt c\u00e9lszer\u0171 meggy\u0151z\u0151dni a TV-doboz m\u00e9reteir\u0151l, hogy az k\u00e9nyelmesen elf\u00e9rjen a j\u00e1rm\u0171v\u00e9ben, \u00edgy cs\u00f6kkentve az esetleges kellemetlens\u00e9geket. K\u00fcl\u00f6n\u00f6s figyelmet kell ford\u00edtani a doboz m\u00e9lys\u00e9g\u00e9re, mivel nem biztos, hogy azonnal felt\u0171nik, hogy m\u00edg a sz\u00e9less\u00e9gi \u00e9s magass\u00e1gi m\u00e9retek megfelel\u0151nek t\u0171nnek a sz\u00e1ll\u00edt\u00e1shoz, a doboz vastags\u00e1ga korl\u00e1tozhatja a TV elhelyez\u00e9s\u00e9t. Ez\u00e9rt a doboz m\u00e9reteinek alapos [&hellip;]<\/p>\n","protected":false},"author":1,"featured_media":11231,"comment_status":"open","ping_status":"open","sticky":false,"template":"","format":"standard","meta":{"_monsterinsights_skip_tracking":false,"_monsterinsights_sitenote_active":false,"_monsterinsights_sitenote_note":"","_monsterinsights_sitenote_category":0,"footnotes":""},"categories":[26],"tags":[],"class_list":{"0":"post-11229","1":"post","2":"type-post","3":"status-publish","4":"format-standard","5":"has-post-thumbnail","7":"category-tv"},"_links":{"self":[{"href":"https:\/\/global.tab-tv.com\/hu\/wp-json\/wp\/v2\/posts\/11229","targetHints":{"allow":["GET"]}}],"collection":[{"href":"https:\/\/global.tab-tv.com\/hu\/wp-json\/wp\/v2\/posts"}],"about":[{"href":"https:\/\/global.tab-tv.com\/hu\/wp-json\/wp\/v2\/types\/post"}],"author":[{"embeddable":true,"href":"https:\/\/global.tab-tv.com\/hu\/wp-json\/wp\/v2\/users\/1"}],"replies":[{"embeddable":true,"href":"https:\/\/global.tab-tv.com\/hu\/wp-json\/wp\/v2\/comments?post=11229"}],"version-history":[{"count":2,"href":"https:\/\/global.tab-tv.com\/hu\/wp-json\/wp\/v2\/posts\/11229\/revisions"}],"predecessor-version":[{"id":11233,"href":"https:\/\/global.tab-tv.com\/hu\/wp-json\/wp\/v2\/posts\/11229\/revisions\/11233"}],"wp:featuredmedia":[{"embeddable":true,"href":"https:\/\/global.tab-tv.com\/hu\/wp-json\/wp\/v2\/media\/11231"}],"wp:attachment":[{"href":"https:\/\/global.tab-tv.com\/hu\/wp-json\/wp\/v2\/media?parent=11229"}],"wp:term":[{"taxonomy":"category","embeddable":true,"href":"https:\/\/global.tab-tv.com\/hu\/wp-json\/wp\/v2\/categories?post=11229"},{"taxonomy":"post_tag","embeddable":true,"href":"https:\/\/global.tab-tv.com\/hu\/wp-json\/wp\/v2\/tags?post=11229"}],"curies":[{"name":"wp","href":"https:\/\/api.w.org\/{rel}","templated":true}]}}