{"id":11567,"date":"2024-07-28T15:03:19","date_gmt":"2024-07-28T12:03:19","guid":{"rendered":"https:\/\/global.tab-tv.com\/hu\/?p=11567"},"modified":"2024-07-28T15:03:20","modified_gmt":"2024-07-28T12:03:20","slug":"hogyan-szallitsa-es-csatlakoztassa-megfeleloen-a-tv-t","status":"publish","type":"post","link":"https:\/\/global.tab-tv.com\/hu\/hogyan-szallitsa-es-csatlakoztassa-megfeleloen-a-tv-t\/","title":{"rendered":"Hogyan sz\u00e1ll\u00edtsa \u00e9s csatlakoztassa megfelel\u0151en a TV-t"},"content":{"rendered":"\n<p>Ak\u00e1r \u00faj t\u00e9v\u00e9t v\u00e1s\u00e1rol, ak\u00e1r egy r\u00e9gi t\u00e9v\u00e9t k\u00f6lt\u00f6ztet egy \u00faj otthonba, fontos betartani az alapvet\u0151 sz\u00e1ll\u00edt\u00e1si szab\u00e1lyokat a s\u00e9r\u00fcl\u00e9sek elker\u00fcl\u00e9se \u00e9rdek\u00e9ben. B\u00e1r ezek a szab\u00e1lyok gyakran megtal\u00e1lhat\u00f3k a t\u00e9v\u00e9 haszn\u00e1lati \u00fatmutat\u00f3j\u00e1ban, nem mindenki olvassa el \u0151ket. \u00cdme egy r\u00f6vid \u00fatmutat\u00f3, amely seg\u00edt biztons\u00e1gosan sz\u00e1ll\u00edtani a t\u00e9v\u00e9t.<\/p>\n\n\n\n<h2 class=\"wp-block-heading has-text-align-center\"><strong>Hogyan sz\u00e1ll\u00edtsa megfelel\u0151en a t\u00e9v\u00e9t<\/strong><\/h2>\n\n\n\n<p>A f\u0151 szab\u00e1ly az, hogy a t\u00e9v\u00e9ket f\u00fcgg\u0151leges helyzetben kell sz\u00e1ll\u00edtani, ahogy azt a gy\u00e1rt\u00f3k aj\u00e1nlj\u00e1k. A gyakorlatban azonban a t\u00e9v\u00e9ket gyakran v\u00edzszintesen sz\u00e1ll\u00edtj\u00e1k. Ebben az esetben nagyon \u00f3vatosnak kell lenni, mert a k\u00e9perny\u0151 s\u00e9r\u00fcl\u00e9s\u00e9nek kock\u00e1zata jelent\u0151sen megn\u0151. Mindig \u00fcgyeljen arra, hogy a t\u00e9v\u00e9t felfel\u00e9 ford\u00edtott k\u00e9perny\u0151vel sz\u00e1ll\u00edts\u00e1k, hogy elker\u00fclje a k\u00e1ros \u00fct\u00e9seket.<\/p>\n\n\n\n<ul class=\"wp-block-list\">\n<li><strong>Eredeti csomagol\u00e1s:<\/strong> A t\u00e9v\u00e9 eredeti csomagol\u00e1sa kifejezetten a k\u00e9sz\u00fcl\u00e9k v\u00e9delm\u00e9re lett tervezve. A habbet\u00e9tek cs\u00f6kkentik a rezg\u00e9seket, \u00edgy megakad\u00e1lyozz\u00e1k a s\u00e9r\u00fcl\u00e9seket \u00e9s v\u00e9dik a k\u00e9perny\u0151t a sz\u00e1ll\u00edt\u00e1s sor\u00e1n.<\/li>\n\n\n\n<li><strong>Nem eredeti csomagol\u00e1s:<\/strong> Ha az eredeti csomagol\u00e1s nem \u00e1ll rendelkez\u00e9sre, a professzion\u00e1lis sz\u00e1ll\u00edt\u00f3k seg\u00edthetnek a t\u00e9v\u00e9 megfelel\u0151 becsomagol\u00e1s\u00e1ban. Ide\u00e1lis esetben csomagolja be a t\u00e9v\u00e9t bubor\u00e9kf\u00f3li\u00e1ba, adjon hozz\u00e1 hablemezt a k\u00e9perny\u0151 tov\u00e1bbi v\u00e9delme \u00e9rdek\u00e9ben, majd csomagolja be egy er\u0151s kartondobozba.<\/li>\n<\/ul>\n\n\n\n<h2 class=\"wp-block-heading has-text-align-center\"><strong>Hogyan csomagolja ki \u00e9s szerelje fel megfelel\u0151en a t\u00e9v\u00e9\u00e1llv\u00e1nyt<\/strong><\/h2>\n\n\n\n<p>Ha egy \u00faj, nagy t\u00e9v\u00e9 boldog tulajdonosa, itt van, amit tudnia kell. A nagyobb t\u00e9v\u00e9k biztons\u00e1gos kicsomagol\u00e1s\u00e1hoz \u00e1ltal\u00e1ban k\u00e9t emberre van sz\u00fcks\u00e9g, m\u00edg a kisebb, legfeljebb 43 h\u00fcvelykes t\u00e9v\u00e9ket egy szem\u00e9ly is kezelheti. K\u00f6vesse ezeket a l\u00e9p\u00e9seket a t\u00e9v\u00e9 kicsomagol\u00e1s\u00e1hoz:<\/p>\n\n\n\n<ul class=\"wp-block-list\">\n<li><strong>Csomagolja ki a t\u00e9v\u00e9t puha fel\u00fcleten:<\/strong> Helyezzen egy takar\u00f3t vagy vastag ruh\u00e1t a padl\u00f3ra, hogy elker\u00fclje a karcol\u00e1sokat \u00e9s s\u00e9r\u00fcl\u00e9seket a kicsomagol\u00e1s sor\u00e1n. Ez hasznos lesz az \u00e1llv\u00e1ny felszerel\u00e9sekor is.<\/li>\n\n\n\n<li><strong>\u00d3vatosan vegye ki a t\u00e9v\u00e9t:<\/strong> Nyissa ki a doboz tetej\u00e9t, \u00e9s \u00f3vatosan emelje ki a t\u00e9v\u00e9t a sz\u00e9lein\u00e9l fogva. Ker\u00fclje a t\u00e9v\u00e9 emel\u00e9s\u00e9t a k\u00e9perny\u0151n\u00e9l fogva.<\/li>\n\n\n\n<li><strong>Szerelje fel az \u00e1llv\u00e1nyt:<\/strong> K\u00f6vesse a gy\u00e1rt\u00f3 utas\u00edt\u00e1sait az \u00e1llv\u00e1ny megfelel\u0151 felszerel\u00e9s\u00e9hez, amely \u00e1ltal\u00e1ban az \u00e1llv\u00e1ny als\u00f3 r\u00e9sz\u00e9nek a t\u00e9v\u00e9hez t\u00f6rt\u00e9n\u0151 r\u00f6gz\u00edt\u00e9s\u00e9t jelenti a mell\u00e9kelt csavarokkal. Ha a t\u00e9v\u00e9t falra k\u00edv\u00e1nja szerelni, hagyja ki ezt a l\u00e9p\u00e9st.<\/li>\n<\/ul>\n\n\n\n<h2 class=\"wp-block-heading has-text-align-center\"><strong>Hogyan szerelje fel megfelel\u0151en a t\u00e9v\u00e9t a falitart\u00f3ra<\/strong><\/h2>\n\n\n\n<p>A t\u00e9v\u00e9 falra szerel\u00e9s\u00e9hez k\u00fcl\u00f6n megv\u00e1s\u00e1rolhat\u00f3 falitart\u00f3ra lesz sz\u00fcks\u00e9ge, amely kompatibilis a VESA szabv\u00e1nnyal. A megfelel\u0151 tart\u00f3 kiv\u00e1laszt\u00e1sa alapvet\u0151 fontoss\u00e1g\u00fa.<\/p>\n\n\n\n<ul class=\"wp-block-list\">\n<li><strong>V\u00e1lassza ki a megfelel\u0151 tart\u00f3t:<\/strong> Gy\u0151z\u0151dj\u00f6n meg r\u00f3la, hogy a tart\u00f3 megfelel a t\u00e9v\u00e9 specifik\u00e1ci\u00f3inak. Ker\u00fclje az univerz\u00e1lis tart\u00f3kat, amelyek k\u00fcl\u00f6nb\u00f6z\u0151 m\u00e9retekhez vannak tervezve, mert ezek elz\u00e1rhatj\u00e1k a t\u00e9v\u00e9 portjainak hozz\u00e1f\u00e9r\u00e9s\u00e9t.<\/li>\n\n\n\n<li><strong>K\u00e9sz\u00edtse el\u0151 a falat:<\/strong> V\u00e1lasszon egy szil\u00e1rd falat, amely elb\u00edrja a t\u00e9v\u00e9 s\u00faly\u00e1t. Ker\u00fclje a gyenge falakat, mint p\u00e9ld\u00e1ul a gipszkarton falakat, mert a t\u00e9v\u00e9 leeshet \u00e9s k\u00e1rt vagy s\u00e9r\u00fcl\u00e9st okozhat. Fontolja meg egy szakember felv\u00e9tel\u00e9t a fal meger\u0151s\u00edt\u00e9s\u00e9hez vagy a teherb\u00edr\u00f3 elemek megtal\u00e1l\u00e1s\u00e1hoz a biztons\u00e1gos r\u00f6gz\u00edt\u00e9s \u00e9rdek\u00e9ben.<\/li>\n\n\n\n<li><strong>Haszn\u00e1lja a mell\u00e9kelt csavarokat:<\/strong> A falitart\u00f3 k\u00e9szlet tartalmazza a felszerel\u00e9shez sz\u00fcks\u00e9ges csavarokat. Csak ezeket a csavarokat haszn\u00e1lja, mert a specifikus hossz\u00fas\u00e1guk alapvet\u0151 fontoss\u00e1g\u00fa a t\u00e9v\u00e9 s\u00e9r\u00fcl\u00e9s\u00e9nek elker\u00fcl\u00e9se \u00e9rdek\u00e9ben.<\/li>\n<\/ul>\n\n\n\n<h2 class=\"wp-block-heading has-text-align-center\"><strong>A t\u00e9v\u00e9 csatlakoztat\u00e1sa: k\u00fcl\u00f6nleges szempontok fagypont alatti h\u0151m\u00e9rs\u00e9kleten<\/strong><\/h2>\n\n\n\n<p>A t\u00e9v\u00e9 csatlakoztat\u00e1sa egyszer\u0171: csatlakoztassa a t\u00e1pk\u00e1belt, csatlakoztassa az antenn\u00e1t vagy a HDMI k\u00e1belt, kapcsolja be, \u00e9s k\u00e9sz a haszn\u00e1latra. Ha azonban olyan ter\u00fcleten \u00e9l, ahol hideg telek vannak, \u00e9s a t\u00e9v\u00e9je fagypont alatti h\u0151m\u00e9rs\u00e9kletnek volt kit\u00e9ve, k\u00f6vesse ezeket az \u00f3vint\u00e9zked\u00e9seket:<\/p>\n\n\n\n<ul class=\"wp-block-list\">\n<li><strong>Hagyja a t\u00e9v\u00e9t akklimatiz\u00e1l\u00f3dni:<\/strong> Ha a t\u00e9v\u00e9 hidegnek volt kit\u00e9ve, hagyja, hogy szobah\u0151m\u00e9rs\u00e9kletre melegedjen, miel\u0151tt bekapcsolja. Csomagolja ki a t\u00e9v\u00e9t, helyezze az \u00e1llv\u00e1nyra vagy szerelje fel a falra, de ne kapcsolja be legal\u00e1bb h\u00e1rom \u00f3r\u00e1n kereszt\u00fcl. A hirtelen h\u0151m\u00e9rs\u00e9kletv\u00e1ltoz\u00e1sok kondenz\u00e1ci\u00f3t okozhatnak, ami k\u00e1ros\u00edtja az elektronikus alkatr\u00e9szeket. Ez a k\u00e9perny\u0151re is \u00e1rtalmas: a nagy h\u0151m\u00e9rs\u00e9klet-k\u00fcl\u00f6nbs\u00e9gek, mint p\u00e9ld\u00e1ul a hideg az egyik oldalon \u00e9s a meleg a m\u00e1sikon (ahol a h\u00e1tt\u00e9rvil\u00e1g\u00edt\u00e1s tal\u00e1lhat\u00f3), fesz\u00fclts\u00e9get okozhatnak az \u00fcvegen, \u00e9s reped\u00e9seket eredm\u00e9nyezhetnek, ami a k\u00e9perny\u0151 \u00e9s a t\u00e9v\u00e9 k\u00e1rosod\u00e1s\u00e1hoz vezet.<\/li>\n<\/ul>\n\n\n\n<p>Ezeket az ir\u00e1nyelveket k\u00f6vetve biztos\u00edthatja a t\u00e9v\u00e9 biztons\u00e1gos sz\u00e1ll\u00edt\u00e1s\u00e1t, kicsomagol\u00e1s\u00e1t, felszerel\u00e9s\u00e9t \u00e9s csatlakoztat\u00e1s\u00e1t, ami meghosszabb\u00edtja annak \u00e9lettartam\u00e1t \u00e9s meg\u0151rzi a teljes\u00edtm\u00e9ny\u00e9t.<\/p>\n","protected":false},"excerpt":{"rendered":"<p>Ak\u00e1r \u00faj t\u00e9v\u00e9t v\u00e1s\u00e1rol, ak\u00e1r egy r\u00e9gi t\u00e9v\u00e9t k\u00f6lt\u00f6ztet egy \u00faj otthonba, fontos betartani az alapvet\u0151 sz\u00e1ll\u00edt\u00e1si szab\u00e1lyokat a s\u00e9r\u00fcl\u00e9sek elker\u00fcl\u00e9se \u00e9rdek\u00e9ben. B\u00e1r ezek a szab\u00e1lyok gyakran megtal\u00e1lhat\u00f3k a t\u00e9v\u00e9 haszn\u00e1lati \u00fatmutat\u00f3j\u00e1ban, nem mindenki olvassa el \u0151ket. \u00cdme egy r\u00f6vid \u00fatmutat\u00f3, amely seg\u00edt biztons\u00e1gosan sz\u00e1ll\u00edtani a t\u00e9v\u00e9t. Hogyan sz\u00e1ll\u00edtsa megfelel\u0151en a t\u00e9v\u00e9t A f\u0151 szab\u00e1ly [&hellip;]<\/p>\n","protected":false},"author":1,"featured_media":11568,"comment_status":"open","ping_status":"open","sticky":false,"template":"","format":"standard","meta":{"_monsterinsights_skip_tracking":false,"_monsterinsights_sitenote_active":false,"_monsterinsights_sitenote_note":"","_monsterinsights_sitenote_category":0,"footnotes":""},"categories":[26],"tags":[],"class_list":{"0":"post-11567","1":"post","2":"type-post","3":"status-publish","4":"format-standard","5":"has-post-thumbnail","7":"category-tv"},"_links":{"self":[{"href":"https:\/\/global.tab-tv.com\/hu\/wp-json\/wp\/v2\/posts\/11567","targetHints":{"allow":["GET"]}}],"collection":[{"href":"https:\/\/global.tab-tv.com\/hu\/wp-json\/wp\/v2\/posts"}],"about":[{"href":"https:\/\/global.tab-tv.com\/hu\/wp-json\/wp\/v2\/types\/post"}],"author":[{"embeddable":true,"href":"https:\/\/global.tab-tv.com\/hu\/wp-json\/wp\/v2\/users\/1"}],"replies":[{"embeddable":true,"href":"https:\/\/global.tab-tv.com\/hu\/wp-json\/wp\/v2\/comments?post=11567"}],"version-history":[{"count":2,"href":"https:\/\/global.tab-tv.com\/hu\/wp-json\/wp\/v2\/posts\/11567\/revisions"}],"predecessor-version":[{"id":11570,"href":"https:\/\/global.tab-tv.com\/hu\/wp-json\/wp\/v2\/posts\/11567\/revisions\/11570"}],"wp:featuredmedia":[{"embeddable":true,"href":"https:\/\/global.tab-tv.com\/hu\/wp-json\/wp\/v2\/media\/11568"}],"wp:attachment":[{"href":"https:\/\/global.tab-tv.com\/hu\/wp-json\/wp\/v2\/media?parent=11567"}],"wp:term":[{"taxonomy":"category","embeddable":true,"href":"https:\/\/global.tab-tv.com\/hu\/wp-json\/wp\/v2\/categories?post=11567"},{"taxonomy":"post_tag","embeddable":true,"href":"https:\/\/global.tab-tv.com\/hu\/wp-json\/wp\/v2\/tags?post=11567"}],"curies":[{"name":"wp","href":"https:\/\/api.w.org\/{rel}","templated":true}]}}