{"id":11571,"date":"2024-07-30T15:33:15","date_gmt":"2024-07-30T12:33:15","guid":{"rendered":"https:\/\/global.tab-tv.com\/hu\/?p=11571"},"modified":"2024-07-30T17:10:54","modified_gmt":"2024-07-30T14:10:54","slug":"mit-jelent-a-felujitott-iphone","status":"publish","type":"post","link":"https:\/\/global.tab-tv.com\/hu\/mit-jelent-a-felujitott-iphone\/","title":{"rendered":"Mit jelent a fel\u00faj\u00edtott iPhone?"},"content":{"rendered":"\n<p>Az iPhone m\u00e1r r\u00e9g\u00f3ta h\u00edres megb\u00edzhat\u00f3s\u00e1g\u00e1r\u00f3l \u00e9s magas haszn\u00e1ltpiaci \u00e9rt\u00e9k\u00e9r\u0151l. Ha \u00faj iPhone-t v\u00e1s\u00e1rol, egy \u00e9v m\u00falva annak eredeti \u00e1r\u00e1nak k\u00f6r\u00fclbel\u00fcl 70%-\u00e1\u00e9rt eladhatja. A k\u00fcl\u00f6nb\u00f6z\u0151 el\u00e9rhet\u0151 iPhone t\u00edpusok k\u00f6z\u00fcl a fel\u00faj\u00edtott iPhone n\u00e9pszer\u0171 v\u00e1laszt\u00e1s, amely nagy mennyis\u00e9gben kaphat\u00f3 olyan platformokon, mint az Amazon \u00e9s m\u00e1s kiskeresked\u0151k. B\u00e1r ezek gyakoriak, sok embernek sz\u00fcks\u00e9ge van seg\u00edts\u00e9gre a fel\u00faj\u00edtott \u00e9s a feljav\u00edtott iPhone-ok k\u00f6z\u00f6tti k\u00fcl\u00f6nbs\u00e9g meg\u00e9rt\u00e9s\u00e9ben, gyakran felt\u00e9telezve, hogy azok azonosak. Ezt azonban tiszt\u00e1zni kell.<\/p>\n\n\n\n<p><strong>Fel\u00faj\u00edtott iPhone:<\/strong> Ez a haszn\u00e1lt telefon \u00fajra elad\u00e1sra ker\u00fclt, miut\u00e1n felk\u00e9sz\u00edtett\u00e9k az \u00e9rt\u00e9kes\u00edt\u00e9sre.<br><strong>Feljav\u00edtott iPhone:<\/strong> Ez egy haszn\u00e1lt vagy \u00faj telefon, amelyet megjav\u00edtottak, esetleg olyan alkatr\u00e9szek cser\u00e9j\u00e9vel, mint a k\u00e9perny\u0151, a mikrofon vagy a t\u00f6lt\u0151port.<\/p>\n\n\n\n<p>Ebben a cikkben a fel\u00faj\u00edtott iPhone-okat fogom vizsg\u00e1lni, hogy mik is ezek \u00e9s mit jelent val\u00f3j\u00e1ban a telefon fel\u00faj\u00edt\u00e1sa.<\/p>\n\n\n\n<h2 class=\"wp-block-heading has-text-align-center\"><strong>A fel\u00faj\u00edtott iPhone-ok eredet\u00e9nek felfed\u00e9se<\/strong><\/h2>\n\n\n\n<p>Az iPhone-ok \u00fajra\u00e9rt\u00e9kes\u00edt\u00e9se nagy \u00fczlett\u00e9 v\u00e1lt, amelyben az elektronikai piac n\u00e9h\u00e1ny legnagyobb neve is r\u00e9szt vesz: az Apple, mint gy\u00e1rt\u00f3, az Amazon, mint piac, \u00e9s sz\u00e1mtalan kis- \u00e9s k\u00f6z\u00e9pv\u00e1llalkoz\u00e1s, amelyek ebb\u0151l a kereskedelemb\u0151l profit\u00e1lnak.<\/p>\n\n\n\n<p>P\u00e9ld\u00e1ul az Apple k\u00edn\u00e1l egy csereprogramot, amelyben az \u00fcgyfelek r\u00e9gi iPhone-jukat \u00fajra cser\u00e9lhetik kedvezm\u00e9ny\u00e9rt. 2024-ben az Apple m\u00e9g az iPhone 7 Plus-t is elfogadja, b\u00e1r az id\u0151sebb modell\u00e9rt csak legfeljebb 40 doll\u00e1rt k\u00edn\u00e1l.<\/p>\n\n\n\n<p>A fel\u00faj\u00edtott iPhone-ok b\u0151s\u00e9ge k\u00fcl\u00f6nb\u00f6z\u0151 forr\u00e1sokb\u00f3l sz\u00e1rmazik. A f\u0151 forr\u00e1sok olyan v\u00e1llalatok, amelyek r\u00e9gi telefonok csereprogramj\u00e1t k\u00edn\u00e1lj\u00e1k. Egy m\u00e1sik forr\u00e1s az \u00fcgyfelek \u00e1ltal a visszak\u00fcld\u00e9si id\u0151szakon bel\u00fcl visszak\u00fcld\u00f6tt telefonok. Emellett n\u00e9h\u00e1ny v\u00e1llalat akt\u00edvan v\u00e1s\u00e1rol fel r\u00e9gi telefonokat azzal a sz\u00e1nd\u00e9kkal, hogy k\u00e9s\u0151bb fel\u00faj\u00edtott iPhone-okk\u00e9nt eladja \u0151ket. Egy m\u00e1sik forr\u00e1s az \u00faj iPhone-ok sz\u00e1m\u00e1ra a nagy telefonos v\u00e1llalatok. Ezek a v\u00e1llalatok gyakran k\u00edn\u00e1lnak fel\u00faj\u00edtott telefonokat, amikor az \u00fcgyfelek szerz\u0151d\u00e9st k\u00f6tnek. Amikor a szerz\u0151d\u00e9s lej\u00e1r, gyakran el\u0151ny\u00f6sebb az \u00fcgyfelek sz\u00e1m\u00e1ra \u00fajra t\u00e1rgyalni \u00e9s \u00faj telefont szerezni.<\/p>\n\n\n\n<h2 class=\"wp-block-heading has-text-align-center\"><strong>A fel\u00faj\u00edtott iPhone-ok kategoriz\u00e1l\u00e1sa<\/strong><\/h2>\n\n\n\n<p>A fel\u00faj\u00edtott iPhone-okat \u00e1llapotuk alapj\u00e1n lehet kategoriz\u00e1lni, ami befoly\u00e1solja azok \u00fajra\u00e9rt\u00e9kes\u00edt\u00e9si \u00e9rt\u00e9k\u00e9t.<\/p>\n\n\n\n<ol class=\"wp-block-list\">\n<li><strong>Els\u0151 kateg\u00f3ria:<\/strong> Azok a telefonok, amelyeket az elad\u00f3hoz visszak\u00fcldtek a visszak\u00fcld\u00e9si id\u0151szakon bel\u00fcl. Ezeket az eszk\u00f6z\u00f6ket \u201eszinte \u00faj\u201d kateg\u00f3ri\u00e1ba sorolj\u00e1k \u00e9s kis kedvezm\u00e9nnyel adj\u00e1k el.<\/li>\n\n\n\n<li><strong>M\u00e1sodik kateg\u00f3ria:<\/strong> Azok a telefonok, amelyeket a csereprogramon kereszt\u00fcl visszak\u00fcldtek. Ha ezeket a telefonokat nem haszn\u00e1lt\u00e1k intenz\u00edven, nagyon j\u00f3 \u00e1llapotban l\u00e9v\u0151nek min\u0151s\u00fclnek \u00e9s 20-30%-os kedvezm\u00e9nnyel adj\u00e1k el.<\/li>\n\n\n\n<li><strong>Harmadik kateg\u00f3ria:<\/strong> Azok a telefonok, amelyeket k\u00fcl\u00f6nb\u00f6z\u0151 online aukci\u00f3kon v\u00e1s\u00e1roltak vagy hosszabb ideig haszn\u00e1ltak, m\u00e9g akkor is, ha a csereprogramon kereszt\u00fcl szerezt\u00e9k be \u0151ket. Ezeket az eszk\u00f6z\u00f6ket j\u00f3 \u00e1llapotban l\u00e9v\u0151nek min\u0151s\u00edtik \u00e9s \u00e1ltal\u00e1ban az eredeti \u00e1r 50%-\u00e1val kedvezm\u00e9nnyel adj\u00e1k el.<\/li>\n<\/ol>\n\n\n\n<h2 class=\"wp-block-heading has-text-align-center\"><strong>Az iPhone fel\u00faj\u00edt\u00e1s\u00e1nak folyamata<\/strong><\/h2>\n\n\n\n<p>A fel\u00faj\u00edt\u00e1s min\u0151s\u00e9ge nagyban f\u00fcgg a munk\u00e1t v\u00e9gz\u0151 technikus k\u00e9pes\u00edt\u00e9s\u00e9t\u0151l. Ennek ellen\u00e9re a telefon felk\u00e9sz\u00edt\u00e9se az \u00fajra\u00e9rt\u00e9kes\u00edt\u00e9sre t\u00f6bb k\u00f6telez\u0151 \u00e9s testre szabott l\u00e9p\u00e9st foglal mag\u00e1ban, amelyek az elad\u00f3t\u00f3l f\u00fcgg\u0151en v\u00e1ltoznak.<\/p>\n\n\n\n<ol class=\"wp-block-list\">\n<li><strong>Az iCloud fi\u00f3k elt\u00e1vol\u00edt\u00e1sa:<\/strong> Az eszk\u00f6zt ellen\u0151rzik \u00e9s elt\u00e1vol\u00edtj\u00e1k az el\u0151z\u0151 tulajdonos iCloud fi\u00f3kj\u00e1b\u00f3l.<\/li>\n\n\n\n<li><strong>Az akkumul\u00e1tor \u00e1llapot\u00e1nak ellen\u0151rz\u00e9se:<\/strong> Ez a l\u00e9p\u00e9s minden elad\u00f3n\u00e1l egy\u00e9ni. P\u00e9ld\u00e1ul az Apple garant\u00e1lja, hogy ezeknek a telefonoknak az akkumul\u00e1tor \u00e1llapota legal\u00e1bb 80%-os. M\u00e1s elad\u00f3k alacsonyabb szabv\u00e1nyokkal rendelkezhetnek, m\u00edg egyesek sz\u00fcks\u00e9g eset\u00e9n ak\u00e1r cser\u00e9lhetik is az akkumul\u00e1tort.<\/li>\n\n\n\n<li><strong>M\u0171k\u00f6d\u00e9s tesztel\u00e9se:<\/strong> A telefont alaposan ellen\u0151rzik, hogy biztos\u00edts\u00e1k a m\u0171k\u00f6d\u0151k\u00e9pess\u00e9g\u00e9t, bele\u00e9rtve a t\u00f6lt\u00e9si k\u00e9pess\u00e9get, a be- \u00e9s kikapcsolhat\u00f3s\u00e1got \u00e9s a kijelz\u0151 m\u0171k\u00f6d\u00e9s\u00e9t.<\/li>\n\n\n\n<li><strong>Tiszt\u00edt\u00e1s:<\/strong> A telefont alaposan megtiszt\u00edtj\u00e1k, hogy elt\u00e1vol\u00edts\u00e1k a kor\u00e1bbi haszn\u00e1lat nyomait. \u00daj v\u00e9d\u0151f\u00f3lia is ker\u00fclhet a kijelz\u0151re, b\u00e1r ez nem mindig sz\u00fcks\u00e9ges.<\/li>\n\n\n\n<li><strong>Csomagol\u00e1s:<\/strong> Ha az eredeti csomagol\u00e1s el\u00e9rhet\u0151, a telefont abba csomagolj\u00e1k. Ellenkez\u0151 esetben a telefont a fel\u00faj\u00edt\u00e1st v\u00e9gz\u0151 c\u00e9g \u00e1ltal biztos\u00edtott dobozba csomagolj\u00e1k.<\/li>\n\n\n\n<li><strong>Kieg\u00e9sz\u00edt\u0151k cser\u00e9je:<\/strong> A telefon bemutat\u00e1s\u00e1nak jav\u00edt\u00e1sa \u00e9rdek\u00e9ben a t\u00e1pk\u00e1beleket kicser\u00e9lhetik vagy a telefont t\u00f6lt\u0151vel sz\u00e1ll\u00edthatj\u00e1k. Ezek a kieg\u00e9sz\u00edt\u0151k nem eredetiek, de az Apple \u00e1ltal tan\u00fas\u00edtottak. Egyes v\u00e1llalatok nem tan\u00fas\u00edtott k\u00e1beleket vagy t\u00f6lt\u0151ket is biztos\u00edthatnak.<\/li>\n<\/ol>\n\n\n\n<h2 class=\"wp-block-heading has-text-align-center\"><strong>Tov\u00e1bbfejlesztett garancia \u00e9s a v\u00e1s\u00e1rl\u00e1s \u00e9rdeme<\/strong><\/h2>\n\n\n\n<p>Mivel ezek az eszk\u00f6z\u00f6k nem \u00fajak, nem vonatkozik r\u00e1juk az Apple garanci\u00e1ja. Ehelyett az elad\u00f3 garanci\u00e1ja vonatkozik r\u00e1juk. P\u00e9ld\u00e1ul az Amazon 90 napos garanci\u00e1t k\u00edn\u00e1l, amely lehet\u0151v\u00e9 teszi a telefon visszak\u00fcld\u00e9s\u00e9t, jav\u00edt\u00e1s\u00e1t vagy cser\u00e9j\u00e9t ebben az id\u0151szakban. Ezen fel\u00fcl a j\u00f3 \u00e1llapotban l\u00e9v\u0151 telefonok jogosultak lehetnek a Renewed Premium term\u00e9kprogramra, amely 365 napos visszak\u00fcld\u00e9si vagy cserepolitik\u00e1t k\u00edn\u00e1l. Ez a program lehet\u0151v\u00e9 teszi a teljes visszat\u00e9r\u00edt\u00e9st vagy cser\u00e9t 365 napon bel\u00fcl a k\u00e9zhezv\u00e9telt\u0151l, felt\u00e9ve, hogy a term\u00e9ket eredeti \u00e1llapot\u00e1ban k\u00fcldik vissza. R\u00e9szleges visszat\u00e9r\u00edt\u00e9st vagy egy\u00e1ltal\u00e1n semmilyen visszat\u00e9r\u00edt\u00e9st azonban a haszn\u00e1lt, s\u00e9r\u00fclt vagy jelent\u0151sen elt\u00e9r\u0151 term\u00e9kek\u00e9rt ny\u00fajthatnak.<\/p>\n\n\n\n<p>A fel\u00faj\u00edtott iPhone v\u00e1s\u00e1rl\u00e1sa kiss\u00e9 kock\u00e1zatos lehet. Lehet, hogy t\u00f6k\u00e9letesen m\u0171k\u00f6d\u0151 telefont kap, vagy tal\u00e1lkozhat olyan hib\u00e1val, amely nem azonnal \u00e9szrevehet\u0151 vagy csak alkalmank\u00e9nt jelenik meg. Ennek ellen\u00e9re a megb\u00edzhat\u00f3 elad\u00f3t\u00f3l val\u00f3 v\u00e1s\u00e1rl\u00e1s n\u00f6veli annak es\u00e9ly\u00e9t, hogy gyorsan \u00e9s kiel\u00e9g\u00edt\u0151en oldj\u00e1k meg az esetleges probl\u00e9m\u00e1kat.<\/p>\n","protected":false},"excerpt":{"rendered":"<p>Az iPhone m\u00e1r r\u00e9g\u00f3ta h\u00edres megb\u00edzhat\u00f3s\u00e1g\u00e1r\u00f3l \u00e9s magas haszn\u00e1ltpiaci \u00e9rt\u00e9k\u00e9r\u0151l. Ha \u00faj iPhone-t v\u00e1s\u00e1rol, egy \u00e9v m\u00falva annak eredeti \u00e1r\u00e1nak k\u00f6r\u00fclbel\u00fcl 70%-\u00e1\u00e9rt eladhatja. A k\u00fcl\u00f6nb\u00f6z\u0151 el\u00e9rhet\u0151 iPhone t\u00edpusok k\u00f6z\u00fcl a fel\u00faj\u00edtott iPhone n\u00e9pszer\u0171 v\u00e1laszt\u00e1s, amely nagy mennyis\u00e9gben kaphat\u00f3 olyan platformokon, mint az Amazon \u00e9s m\u00e1s kiskeresked\u0151k. B\u00e1r ezek gyakoriak, sok embernek sz\u00fcks\u00e9ge van seg\u00edts\u00e9gre a [&hellip;]<\/p>\n","protected":false},"author":1,"featured_media":11572,"comment_status":"open","ping_status":"open","sticky":false,"template":"","format":"standard","meta":{"_monsterinsights_skip_tracking":false,"_monsterinsights_sitenote_active":false,"_monsterinsights_sitenote_note":"","_monsterinsights_sitenote_category":0,"footnotes":""},"categories":[4],"tags":[12],"class_list":{"0":"post-11571","1":"post","2":"type-post","3":"status-publish","4":"format-standard","5":"has-post-thumbnail","7":"category-apple","8":"tag-iphone"},"_links":{"self":[{"href":"https:\/\/global.tab-tv.com\/hu\/wp-json\/wp\/v2\/posts\/11571","targetHints":{"allow":["GET"]}}],"collection":[{"href":"https:\/\/global.tab-tv.com\/hu\/wp-json\/wp\/v2\/posts"}],"about":[{"href":"https:\/\/global.tab-tv.com\/hu\/wp-json\/wp\/v2\/types\/post"}],"author":[{"embeddable":true,"href":"https:\/\/global.tab-tv.com\/hu\/wp-json\/wp\/v2\/users\/1"}],"replies":[{"embeddable":true,"href":"https:\/\/global.tab-tv.com\/hu\/wp-json\/wp\/v2\/comments?post=11571"}],"version-history":[{"count":2,"href":"https:\/\/global.tab-tv.com\/hu\/wp-json\/wp\/v2\/posts\/11571\/revisions"}],"predecessor-version":[{"id":11575,"href":"https:\/\/global.tab-tv.com\/hu\/wp-json\/wp\/v2\/posts\/11571\/revisions\/11575"}],"wp:featuredmedia":[{"embeddable":true,"href":"https:\/\/global.tab-tv.com\/hu\/wp-json\/wp\/v2\/media\/11572"}],"wp:attachment":[{"href":"https:\/\/global.tab-tv.com\/hu\/wp-json\/wp\/v2\/media?parent=11571"}],"wp:term":[{"taxonomy":"category","embeddable":true,"href":"https:\/\/global.tab-tv.com\/hu\/wp-json\/wp\/v2\/categories?post=11571"},{"taxonomy":"post_tag","embeddable":true,"href":"https:\/\/global.tab-tv.com\/hu\/wp-json\/wp\/v2\/tags?post=11571"}],"curies":[{"name":"wp","href":"https:\/\/api.w.org\/{rel}","templated":true}]}}