{"id":11587,"date":"2024-08-01T22:37:06","date_gmt":"2024-08-01T19:37:06","guid":{"rendered":"https:\/\/global.tab-tv.com\/hu\/?p=11587"},"modified":"2024-08-01T22:37:08","modified_gmt":"2024-08-01T19:37:08","slug":"hogyan-hasznaljuk-a-sirit-a-naptarunk-kezelesere","status":"publish","type":"post","link":"https:\/\/global.tab-tv.com\/hu\/hogyan-hasznaljuk-a-sirit-a-naptarunk-kezelesere\/","title":{"rendered":"Hogyan haszn\u00e1ljuk a Sirit a napt\u00e1runk kezel\u00e9s\u00e9re"},"content":{"rendered":"\n<p>A Siri egy intelligens hangalap\u00fa asszisztens, amelyet arra terveztek, hogy seg\u00edtse az Apple felhaszn\u00e1l\u00f3kat abban, hogy k\u00f6nnyed\u00e9n kommunik\u00e1ljanak eszk\u00f6zeikkel, hozz\u00e1f\u00e9rjenek inform\u00e1ci\u00f3ikhoz \u00e9s kezelj\u00e9k azokat. Az intelligens integr\u00e1ci\u00f3nak k\u00f6sz\u00f6nhet\u0151en a Siri hat\u00e9kony napt\u00e1rkezel\u00e9st k\u00edn\u00e1l, lehet\u0151v\u00e9 t\u00e9ve a felhaszn\u00e1l\u00f3k sz\u00e1m\u00e1ra, hogy gyorsan \u00e9s egyszer\u0171en v\u00e9gezzenek el sz\u00e1mos feladatot, p\u00e9ld\u00e1ul esem\u00e9nyek \u00fctemez\u00e9s\u00e9t, eml\u00e9keztet\u0151k be\u00e1ll\u00edt\u00e1s\u00e1t \u00e9s tal\u00e1lkoz\u00f3k kezel\u00e9s\u00e9t.<\/p>\n\n\n\n<h2 class=\"wp-block-heading has-text-align-center\"><strong>A Siri f\u0151bb m\u00f3djai a napt\u00e1rral val\u00f3 interakci\u00f3ban<\/strong> <strong>Esem\u00e9nyek l\u00e9trehoz\u00e1sa<\/strong> <\/h2>\n\n\n\n<p>A Siri lehet\u0151v\u00e9 teszi a felhaszn\u00e1l\u00f3k sz\u00e1m\u00e1ra, hogy egyszer\u0171en hozzanak l\u00e9tre \u00faj esem\u00e9nyeket a napt\u00e1rban hangparancsok seg\u00edts\u00e9g\u00e9vel. P\u00e9ld\u00e1ul, ha azt mondjuk, hogy \u201eHey Siri, \u00fctemezz egy tal\u00e1lkoz\u00f3t holnap 15:00-kor\u201d, automatikusan l\u00e9trehoz egy esem\u00e9nyt a megadott adatokkal, bele\u00e9rtve a c\u00edmet, a d\u00e1tumot \u00e9s az id\u0151pontot. Ez id\u0151t takar\u00edt meg \u00e9s egyszer\u0171s\u00edti a tervez\u00e9si folyamatot.<\/p>\n\n\n\n<p><strong>Esem\u00e9nyek megtekint\u00e9se<\/strong> A felhaszn\u00e1l\u00f3k gyorsan ellen\u0151rizhetik, milyen esem\u00e9nyeket terveztek azzal, hogy megk\u00e9rdezik Sirit. Olyan parancsok, mint \u201eHey Siri, mi van a napt\u00e1ramban ma?\u201d vagy \u201eMilyen tal\u00e1lkoz\u00f3im vannak holnap?\u201d hangv\u00e1laszt adnak minden k\u00f6zelg\u0151 esem\u00e9nnyel. Ez hasznos a napirend gyors \u00e1ttekint\u00e9s\u00e9hez.<\/p>\n\n\n\n<p><strong>Eml\u00e9keztet\u0151k \u00e9s \u00e9rtes\u00edt\u00e9sek<\/strong> A Siri be\u00e1ll\u00edthat eml\u00e9keztet\u0151ket a tervezett esem\u00e9nyekhez \u00e9s \u00e9rtes\u00edt\u00e9seket k\u00fcldhet azok kezdete el\u0151tt. P\u00e9ld\u00e1ul a Siri eml\u00e9keztetheti a felhaszn\u00e1l\u00f3kat egy k\u00f6zelg\u0151 tal\u00e1lkoz\u00f3ra egy adott id\u0151pontban annak kezdete el\u0151tt, vagy t\u00e1j\u00e9koztathatja, mikor kell indulni, figyelembe v\u00e9ve a felhaszn\u00e1l\u00f3 aktu\u00e1lis helyzet\u00e9t \u00e9s a forgalmi viszonyokat. Ez seg\u00edt elker\u00fclni a k\u00e9s\u00e9seket \u00e9s jobban kezelni az id\u0151t.<\/p>\n\n\n\n<p><strong>Siri javaslatai<\/strong> A Siri elemzi a felhaszn\u00e1l\u00f3k viselked\u00e9s\u00e9t \u00e9s hasznos int\u00e9zked\u00e9seket javasolhat. P\u00e9ld\u00e1ul, ha egy felhaszn\u00e1l\u00f3 gyakran h\u00edv egy bizonyos kapcsolatot ugyanabban az id\u0151pontban, a Siri javasolhatja ennek az esem\u00e9nynek a hozz\u00e1ad\u00e1s\u00e1t a napt\u00e1rba. Ezek a javaslatok a haszn\u00e1lati mint\u00e1kon alapulnak, \u00e9s seg\u00edtenek egyszer\u0171s\u00edteni a tervez\u00e9st.<\/p>\n\n\n\n<p><strong>Integr\u00e1ci\u00f3 m\u00e1s alkalmaz\u00e1sokkal<\/strong> A Siri m\u00e1s alkalmaz\u00e1sokon kereszt\u00fcl is k\u00f6lcs\u00f6nhat\u00e1sba l\u00e9phet a napt\u00e1rral. P\u00e9ld\u00e1ul a Siri javasolhatja, hogy adjon hozz\u00e1 egy esem\u00e9nymegh\u00edv\u00e1st, amelyet e-mailben kapott a napt\u00e1rhoz. Ez mag\u00e1ban foglalja a rendezv\u00e9nyekre vagy tal\u00e1lkoz\u00f3kra sz\u00f3l\u00f3 jegyek foglal\u00e1s\u00e1t is, lehet\u0151v\u00e9 t\u00e9ve a felhaszn\u00e1l\u00f3k sz\u00e1m\u00e1ra, hogy k\u00f6nnyed\u00e9n hozz\u00e1adj\u00e1k az esem\u00e9nyeket harmadik f\u00e9l alkalmaz\u00e1saib\u00f3l.<\/p>\n\n\n\n<p><strong>Kontextusf\u00fcgg\u0151 tudatoss\u00e1g<\/strong> A Siri m\u00e1s alkalmaz\u00e1sokb\u00f3l \u00e9s szolg\u00e1ltat\u00e1sokb\u00f3l sz\u00e1rmaz\u00f3 inform\u00e1ci\u00f3kat haszn\u00e1lhat, hogy pontosabb \u00e9s relev\u00e1nsabb javaslatokat tegyen. P\u00e9ld\u00e1ul a Siri javasolhatja, hogy adjon hozz\u00e1 egy esem\u00e9nymegh\u00edv\u00e1st, amelyet e-mailben kapott a napt\u00e1rhoz, bele\u00e9rtve a r\u00e9szleteket, mint az id\u0151 \u00e9s a hely. Ez seg\u00edt egy helyen tartani az \u00f6sszes fontos inform\u00e1ci\u00f3t \u00e9s megk\u00f6nny\u00edti az \u00fctemez\u00e9st.<\/p>\n\n\n\n<h2 class=\"wp-block-heading has-text-align-center\"><strong>Siri parancsai a napt\u00e1r kezel\u00e9s\u00e9hez<\/strong> <\/h2>\n\n\n\n<p>Mint tanul\u00f3 rendszer, a Siri sz\u00e9les k\u00f6r\u0171 parancsokat t\u00e1mogat, \u00e9s megpr\u00f3b\u00e1lja azokat m\u0171veletekk\u00e9nt \u00e9rtelmezni. Azonban, mint minden AI, a Siri is n\u00e9ha f\u00e9lre\u00e9rtheti a k\u00e9rd\u00e9seket, \u00e9s sz\u00f3 szerint veszi azokat, ami \u00e9rtelmetlen v\u00e1laszokhoz vezethet. A Siri neh\u00e9zs\u00e9gekbe \u00fctk\u00f6zhet a logikai k\u00f6vetkeztet\u00e9sek levon\u00e1s\u00e1ban, ez\u00e9rt fontos, hogy min\u00e9l pontosabbak legy\u00fcnk, amikor szokatlan k\u00e9rd\u00e9seket tesz\u00fcnk fel. P\u00e9ld\u00e1ul, ha megk\u00e9rdezz\u00fck a Sirit, mikor van Mih\u00e1ly sz\u00fclet\u00e9snapja, \u00e9s nemr\u00e9g olvastunk egy cikket az \u00e9nekes Michael Jacksonr\u00f3l a b\u00f6ng\u00e9sz\u0151nkben, a Siri inform\u00e1ci\u00f3kat adhat a pop szt\u00e1rr\u00f3l, ha nem pontos\u00edtjuk, hogy a napt\u00e1rban szeretn\u00e9nk ellen\u0151rizni. Hasonl\u00f3k\u00e9ppen, ha t\u00f6bb Mih\u00e1ly sz\u00fclet\u00e9snapja van elmentve, a Siri felsorolja az \u00f6sszes Mih\u00e1ly sz\u00fclet\u00e9snapj\u00e1t.<\/p>\n\n\n\n<h3 class=\"wp-block-heading has-text-align-center\"><strong>Siri parancsok list\u00e1ja a napt\u00e1r kezel\u00e9s\u00e9hez<\/strong> <\/h3>\n\n\n\n<p>Itt van egy lista a leggyakoribb Siri parancsokr\u00f3l a napt\u00e1r kezel\u00e9s\u00e9hez.<\/p>\n\n\n\n<figure style=\"font-size:14px\" class=\"wp-block-table\"><table class=\"has-fixed-layout\"><thead><tr><th><strong>Funkci\u00f3<\/strong><\/th><th><strong>P\u00e9ld\u00e1k a parancsokra<\/strong><\/th><\/tr><\/thead><tbody><tr><td><strong>Esem\u00e9nyek l\u00e9trehoz\u00e1sa<\/strong><\/td><td>&#8222;Hey Siri, adj hozz\u00e1 egy tal\u00e1lkoz\u00f3t [N\u00e9v]-vel [D\u00e1tum] [Id\u0151pont]-kor.&#8221;<\/td><\/tr><tr><td><\/td><td>&#8222;\u00dctemezd a [Esem\u00e9ny neve]-t [D\u00e1tum] [Id\u0151pont]-kor.&#8221;<\/td><\/tr><tr><td><\/td><td>&#8222;\u00c1ll\u00edts be egy tal\u00e1lkoz\u00f3t [Esem\u00e9ny neve] n\u00e9ven [D\u00e1tum] [Id\u0151pont]-kor.&#8221;<\/td><\/tr><tr><td><strong>Esem\u00e9nyek megtekint\u00e9se<\/strong><\/td><td>&#8222;Hey Siri, mi van a napt\u00e1ramban ma?&#8221;<\/td><\/tr><tr><td><\/td><td>&#8222;Mit terveztem holnapra?&#8221;<\/td><\/tr><tr><td><\/td><td>&#8222;Van tal\u00e1lkoz\u00f3m [Nap]-on?&#8221;<\/td><\/tr><tr><td><\/td><td>&#8222;Mi a k\u00f6vetkez\u0151 esem\u00e9nyem?&#8221;<\/td><\/tr><tr><td><strong>Esem\u00e9nyek szerkeszt\u00e9se<\/strong><\/td><td>&#8222;Hey Siri, mozgasd a [Esem\u00e9ny neve]-t [\u00daj d\u00e1tum \u00e9s id\u0151pont]-ra.&#8221;<\/td><\/tr><tr><td><\/td><td>&#8222;Mozgasd a [Esem\u00e9ny neve]-t [N\u00e9v]-vel [\u00daj d\u00e1tum \u00e9s id\u0151pont]-ra.&#8221;<\/td><\/tr><tr><td><\/td><td>&#8222;Szerkeszd a [Esem\u00e9ny neve]-t [\u00daj r\u00e9szletek]-re.&#8221;<\/td><\/tr><tr><td><strong>Esem\u00e9nyek t\u00f6rl\u00e9se<\/strong><\/td><td>&#8222;Hey Siri, t\u00f6r\u00f6ld a [Esem\u00e9ny neve]-t [D\u00e1tum] [Id\u0151pont]-kor.&#8221;<\/td><\/tr><tr><td><\/td><td>&#8222;Mondd le a tal\u00e1lkoz\u00f3m [N\u00e9v]-vel.&#8221;<\/td><\/tr><tr><td><\/td><td>&#8222;T\u00f6r\u00f6ld a tal\u00e1lkoz\u00f3m [Id\u0151pont]-kor holnap.&#8221;<\/td><\/tr><tr><td><strong>Eml\u00e9keztet\u0151k be\u00e1ll\u00edt\u00e1sa<\/strong><\/td><td>&#8222;Hey Siri, eml\u00e9keztess [Esem\u00e9ny neve]-re [Id\u0151pont]-kor.&#8221;<\/td><\/tr><tr><td><\/td><td>&#8222;Eml\u00e9keztess, hogy menjek a [Esem\u00e9ny neve]-re [Id\u0151pont]-kor.&#8221;<\/td><\/tr><tr><td><\/td><td>&#8222;\u00c1ll\u00edts be egy eml\u00e9keztet\u0151t a tal\u00e1lkoz\u00f3mra [N\u00e9v]-vel 30 perccel el\u0151tte.&#8221;<\/td><\/tr><tr><td><strong>Helyek \u00e9s utaz\u00e1si id\u0151k hozz\u00e1ad\u00e1sa<\/strong><\/td><td>&#8222;Hey Siri, \u00fctemezz egy esem\u00e9nyt [Hely] helysz\u00ednre [D\u00e1tum] [Id\u0151pont]-kor.&#8221;<\/td><\/tr><tr><td><\/td><td>&#8222;\u00dctemezd az eb\u00e9det [\u00c9tterem neve]-ben holnap 12:00-kor.&#8221;<\/td><\/tr><tr><td><\/td><td>&#8222;Adj hozz\u00e1 utaz\u00e1si id\u0151t a [Esem\u00e9ny neve]-hez [Hely] helysz\u00ednre.&#8221;<\/td><\/tr><tr><td><strong>Megh\u00edv\u00e1sokra v\u00e1laszol\u00e1s<\/strong><\/td><td>&#8222;Hey Siri, fogadd el a tal\u00e1lkoz\u00f3 megh\u00edv\u00e1s\u00e1t [N\u00e9v]-t\u0151l.&#8221;<\/td><\/tr><tr><td><\/td><td>&#8222;Utastd el a [Esem\u00e9ny neve] megh\u00edv\u00e1s\u00e1t.&#8221;<\/td><\/tr><tr><td><\/td><td>&#8222;V\u00e1laszolj a [Esem\u00e9ny neve] megh\u00edv\u00e1s\u00e1ra [D\u00e1tum]-on.&#8221;<\/td><\/tr><tr><td><strong>Esem\u00e9nyek r\u00e9szleteinek ellen\u0151rz\u00e9se<\/strong><\/td><td>&#8222;Hey Siri, hol van a k\u00f6vetkez\u0151 tal\u00e1lkoz\u00f3m?&#8221;<\/td><\/tr><tr><td><\/td><td>&#8222;Ki lesz ott a [Esem\u00e9ny neve]-n\u00e9l [Id\u0151pont]-kor?&#8221;<\/td><\/tr><tr><td><\/td><td>&#8222;Mi a c\u00edme a [Esem\u00e9ny neve]-nek?&#8221;<\/td><\/tr><tr><td><strong>Id\u0151z\u00f3na v\u00e1ltoz\u00e1sok kezel\u00e9se<\/strong><\/td><td>&#8222;Hey Siri, \u00fctemezz egy h\u00edv\u00e1st [N\u00e9v]-vel [V\u00e1ros] [Id\u0151pont] id\u0151z\u00f3n\u00e1j\u00e1ban.&#8221;<\/td><\/tr><tr><td><\/td><td>&#8222;\u00c1ll\u00edts be egy eml\u00e9keztet\u0151t a rep\u00fcl\u0151j\u00e1ratomra [D\u00e1tum] [Id\u0151pont]-ban az \u0151 id\u0151z\u00f3n\u00e1jukban [V\u00e1ros]-ban.&#8221;<\/td><\/tr><tr><td><strong>Kor\u00e1bbi esem\u00e9nyekr\u0151l k\u00e9rd\u00e9sek<\/strong><\/td><td>&#8222;Hey Siri, milyen esem\u00e9nyeim voltak m\u00falt p\u00e9nteken?&#8221;<\/td><\/tr><tr><td><\/td><td>&#8222;Milyen tal\u00e1lkoz\u00f3kat hagytam ki [Kor\u00e1bbi d\u00e1tum]-on?&#8221;<\/td><\/tr><tr><td><\/td><td>&#8222;Mi volt a napt\u00e1ramban [Kor\u00e1bbi d\u00e1tum]-on?&#8221;<\/td><\/tr><\/tbody><\/table><\/figure>\n","protected":false},"excerpt":{"rendered":"<p>A Siri egy intelligens hangalap\u00fa asszisztens, amelyet arra terveztek, hogy seg\u00edtse az Apple felhaszn\u00e1l\u00f3kat abban, hogy k\u00f6nnyed\u00e9n kommunik\u00e1ljanak eszk\u00f6zeikkel, hozz\u00e1f\u00e9rjenek inform\u00e1ci\u00f3ikhoz \u00e9s kezelj\u00e9k azokat. Az intelligens integr\u00e1ci\u00f3nak k\u00f6sz\u00f6nhet\u0151en a Siri hat\u00e9kony napt\u00e1rkezel\u00e9st k\u00edn\u00e1l, lehet\u0151v\u00e9 t\u00e9ve a felhaszn\u00e1l\u00f3k sz\u00e1m\u00e1ra, hogy gyorsan \u00e9s egyszer\u0171en v\u00e9gezzenek el sz\u00e1mos feladatot, p\u00e9ld\u00e1ul esem\u00e9nyek \u00fctemez\u00e9s\u00e9t, eml\u00e9keztet\u0151k be\u00e1ll\u00edt\u00e1s\u00e1t \u00e9s tal\u00e1lkoz\u00f3k kezel\u00e9s\u00e9t. A [&hellip;]<\/p>\n","protected":false},"author":1,"featured_media":11588,"comment_status":"open","ping_status":"open","sticky":false,"template":"","format":"standard","meta":{"_monsterinsights_skip_tracking":false,"_monsterinsights_sitenote_active":false,"_monsterinsights_sitenote_note":"","_monsterinsights_sitenote_category":0,"footnotes":""},"categories":[4],"tags":[12],"class_list":{"0":"post-11587","1":"post","2":"type-post","3":"status-publish","4":"format-standard","5":"has-post-thumbnail","7":"category-apple","8":"tag-iphone"},"_links":{"self":[{"href":"https:\/\/global.tab-tv.com\/hu\/wp-json\/wp\/v2\/posts\/11587","targetHints":{"allow":["GET"]}}],"collection":[{"href":"https:\/\/global.tab-tv.com\/hu\/wp-json\/wp\/v2\/posts"}],"about":[{"href":"https:\/\/global.tab-tv.com\/hu\/wp-json\/wp\/v2\/types\/post"}],"author":[{"embeddable":true,"href":"https:\/\/global.tab-tv.com\/hu\/wp-json\/wp\/v2\/users\/1"}],"replies":[{"embeddable":true,"href":"https:\/\/global.tab-tv.com\/hu\/wp-json\/wp\/v2\/comments?post=11587"}],"version-history":[{"count":2,"href":"https:\/\/global.tab-tv.com\/hu\/wp-json\/wp\/v2\/posts\/11587\/revisions"}],"predecessor-version":[{"id":11590,"href":"https:\/\/global.tab-tv.com\/hu\/wp-json\/wp\/v2\/posts\/11587\/revisions\/11590"}],"wp:featuredmedia":[{"embeddable":true,"href":"https:\/\/global.tab-tv.com\/hu\/wp-json\/wp\/v2\/media\/11588"}],"wp:attachment":[{"href":"https:\/\/global.tab-tv.com\/hu\/wp-json\/wp\/v2\/media?parent=11587"}],"wp:term":[{"taxonomy":"category","embeddable":true,"href":"https:\/\/global.tab-tv.com\/hu\/wp-json\/wp\/v2\/categories?post=11587"},{"taxonomy":"post_tag","embeddable":true,"href":"https:\/\/global.tab-tv.com\/hu\/wp-json\/wp\/v2\/tags?post=11587"}],"curies":[{"name":"wp","href":"https:\/\/api.w.org\/{rel}","templated":true}]}}