{"id":120,"date":"2022-05-05T21:16:45","date_gmt":"2022-05-05T21:16:45","guid":{"rendered":"https:\/\/global.tab-tv.com\/hu\/?p=120"},"modified":"2022-05-05T21:16:46","modified_gmt":"2022-05-05T21:16:46","slug":"hogyan-tiltsd-le-a-megosztva-veled-opciot-iphone-vagy-ipad-keszulekeden-kepek","status":"publish","type":"post","link":"https:\/\/global.tab-tv.com\/hu\/hogyan-tiltsd-le-a-megosztva-veled-opciot-iphone-vagy-ipad-keszulekeden-kepek\/","title":{"rendered":"Hogyan tiltsd le a &#8222;Megosztva veled&#8221; opci\u00f3t iPhone vagy iPad k\u00e9sz\u00fcl\u00e9keden (k\u00e9pek)"},"content":{"rendered":"\n<p>A mai vil\u00e1gban nagy a verseny a k\u00fcl\u00f6nb\u00f6z\u0151 k\u00e9sz\u00fcl\u00e9k- \u00e9s szoftvergy\u00e1rt\u00f3k k\u00f6z\u00f6tt. Emiatt a fejleszt\u0151k folyamatosan pr\u00f3b\u00e1lnak olyan \u00faj funkci\u00f3kkal el\u0151\u00e1llni, amelyek a lehet\u0151 legk\u00f6nnyebb\u00e9 teszik a felhaszn\u00e1l\u00f3k sz\u00e1m\u00e1ra az egyes eszk\u00f6z\u00f6k haszn\u00e1lat\u00e1t.<\/p>\n\n\n\n<p>Gyakran el\u0151fordul, hogy a v\u00e1llalatok saj\u00e1t alkalmaz\u00e1sokat k\u00e9sz\u00edtenek az eszk\u00f6zeikhez. Erre p\u00e9lda az Apple. Arr\u00f3l ismert, hogy a kiv\u00e1l\u00f3 min\u0151s\u00e9g\u0171 k\u00e9sz\u00fcl\u00e9kek mellett sz\u00e1mos alkalmaz\u00e1st \u00e9s szolg\u00e1ltat\u00e1st hoz l\u00e9tre k\u00e9sz\u00fcl\u00e9keihez.<\/p>\n\n\n\n<p>Mivel kifejezetten ezekre az eszk\u00f6z\u00f6kre k\u00e9sz\u00fcltek, folyamatosan fejlesztik \u0151ket, \u00e9s egyszerre t\u00f6bb eszk\u00f6z\u00f6n is szinkroniz\u00e1lhat\u00f3k. Ezek az alkalmaz\u00e1sok meglehet\u0151sen sokf\u00e9le funkci\u00f3t k\u00edn\u00e1lnak. Az iMessage alkalmaz\u00e1sban megtal\u00e1lod a Veled megosztva funkci\u00f3t.<\/p>\n\n\n\n<h2 class=\"wp-block-heading\"><a><\/a><strong>Mit osztunk meg \u00d6nnel<\/strong><\/h2>\n\n\n\n<p>Ezt a funkci\u00f3t \u00fagy tervezt\u00e9k, hogy az Apple alkalmaz\u00e1sai szorosabban egy\u00fcttm\u0171k\u00f6djenek egym\u00e1ssal. Abb\u00f3l \u00e1ll, hogy ha egy weboldalra vagy egy dalra mutat\u00f3 linket kapunk, akkor az iMessage alkalmaz\u00e1sb\u00f3l sz\u00e1rmaz\u00f3 inform\u00e1ci\u00f3 automatikusan szinkroniz\u00e1l\u00f3dik az Apple m\u00e1s szolg\u00e1ltat\u00e1saival, \u00e9s ott is megjelenik.<\/p>\n\n\n\n<p>Ha sz\u00e9tszedj\u00fck a p\u00e9ld\u00e1t, akkor a bar\u00e1tod k\u00fcldhet neked egy linket egy weboldalra, \u00e9s az automatikusan megjelenik a b\u00f6ng\u00e9sz\u0151dben a Megosztva veled list\u00e1ban. Ugyan\u00edgy m\u0171k\u00f6dne, ha egy dalt vagy egy k\u00e9pet k\u00fcldene neked. El\u00e9g praktikus funkci\u00f3, ha akt\u00edv felhaszn\u00e1l\u00f3ja vagy az Apple szolg\u00e1ltat\u00e1sainak.<\/p>\n\n\n\n<p>Ennek a funkci\u00f3nak azonban van n\u00e9h\u00e1ny h\u00e1tr\u00e1nya, ami miatt \u00e9rdemes kikapcsolni.<\/p>\n\n\n\n<h2 class=\"wp-block-heading\"><a><\/a><strong>Hogyan lehet letiltani az \u00d6nnel megosztott<\/strong><\/h2>\n\n\n\n<p>Ez tulajdonk\u00e9ppen el\u00e9g k\u00f6nnyen kivitelezhet\u0151. Ehhez a k\u00f6vetkez\u0151kre van sz\u00fcks\u00e9g:<\/p>\n\n\n\n<ul class=\"wp-block-list\"><li>Menjen az Apple Device be\u00e1ll\u00edt\u00e1saihoz.<\/li><li>A list\u00e1ban keresse meg az \u00dczenetek elemet.<\/li><\/ul>\n\n\n\n<figure class=\"wp-block-image size-large\"><img loading=\"lazy\" decoding=\"async\" width=\"473\" height=\"1024\" src=\"https:\/\/global.tab-tv.com\/hu\/wp-content\/uploads\/sites\/3\/2022\/05\/mess-473x1024.webp\" alt=\"\" class=\"wp-image-121\" srcset=\"https:\/\/global.tab-tv.com\/hu\/wp-content\/uploads\/sites\/3\/2022\/05\/mess-473x1024.webp 473w, https:\/\/global.tab-tv.com\/hu\/wp-content\/uploads\/sites\/3\/2022\/05\/mess-139x300.webp 139w, https:\/\/global.tab-tv.com\/hu\/wp-content\/uploads\/sites\/3\/2022\/05\/mess.webp 591w\" sizes=\"auto, (max-width: 473px) 100vw, 473px\" \/><\/figure>\n\n\n\n<ul class=\"wp-block-list\"><li>Itt kell kiv\u00e1lasztani a <strong>Megosztva veled<\/strong><\/li><\/ul>\n\n\n\n<figure class=\"wp-block-image size-large\"><img loading=\"lazy\" decoding=\"async\" width=\"473\" height=\"1024\" src=\"https:\/\/global.tab-tv.com\/hu\/wp-content\/uploads\/sites\/3\/2022\/05\/settings-mes-473x1024.webp\" alt=\"\" class=\"wp-image-122\" srcset=\"https:\/\/global.tab-tv.com\/hu\/wp-content\/uploads\/sites\/3\/2022\/05\/settings-mes-473x1024.webp 473w, https:\/\/global.tab-tv.com\/hu\/wp-content\/uploads\/sites\/3\/2022\/05\/settings-mes-139x300.webp 139w, https:\/\/global.tab-tv.com\/hu\/wp-content\/uploads\/sites\/3\/2022\/05\/settings-mes.webp 591w\" sizes=\"auto, (max-width: 473px) 100vw, 473px\" \/><\/figure>\n\n\n\n<ul class=\"wp-block-list\"><li>A tetej\u00e9n tal\u00e1l egy kapcsol\u00f3t az <strong>Automatikus megoszt\u00e1s <\/strong>mellett, <strong>vegye le a jel\u00f6l\u00e9st<\/strong>.<\/li><\/ul>\n\n\n\n<figure class=\"wp-block-image size-large\"><img loading=\"lazy\" decoding=\"async\" width=\"473\" height=\"1024\" src=\"https:\/\/global.tab-tv.com\/hu\/wp-content\/uploads\/sites\/3\/2022\/05\/turn-off-473x1024.webp\" alt=\"\" class=\"wp-image-123\" srcset=\"https:\/\/global.tab-tv.com\/hu\/wp-content\/uploads\/sites\/3\/2022\/05\/turn-off-473x1024.webp 473w, https:\/\/global.tab-tv.com\/hu\/wp-content\/uploads\/sites\/3\/2022\/05\/turn-off-139x300.webp 139w, https:\/\/global.tab-tv.com\/hu\/wp-content\/uploads\/sites\/3\/2022\/05\/turn-off.webp 591w\" sizes=\"auto, (max-width: 473px) 100vw, 473px\" \/><\/figure>\n\n\n\n<ul class=\"wp-block-list\"><li>Ha egy <strong>adott alkalmaz\u00e1s <\/strong>eset\u00e9ben szeretn\u00e9 <strong>letiltani a <\/strong>Veled megosztva-t, akkor <strong>alul <\/strong>szint\u00e9n tal\u00e1l egy <strong>list\u00e1t<\/strong>, \u00e9s itt letilthatja az egyes alkalmaz\u00e1sokn\u00e1l.<\/li><\/ul>\n\n\n\n<figure class=\"wp-block-image size-large\"><img loading=\"lazy\" decoding=\"async\" width=\"473\" height=\"1024\" src=\"https:\/\/global.tab-tv.com\/hu\/wp-content\/uploads\/sites\/3\/2022\/05\/turn-app-off-473x1024.webp\" alt=\"\" class=\"wp-image-124\" srcset=\"https:\/\/global.tab-tv.com\/hu\/wp-content\/uploads\/sites\/3\/2022\/05\/turn-app-off-473x1024.webp 473w, https:\/\/global.tab-tv.com\/hu\/wp-content\/uploads\/sites\/3\/2022\/05\/turn-app-off-139x300.webp 139w, https:\/\/global.tab-tv.com\/hu\/wp-content\/uploads\/sites\/3\/2022\/05\/turn-app-off.webp 591w\" sizes=\"auto, (max-width: 473px) 100vw, 473px\" \/><\/figure>\n\n\n\n<p>Amint l\u00e1thatod, ez el\u00e9g k\u00f6nnyen kivitelezhet\u0151. Sz\u00f3 szerint n\u00e9h\u00e1ny percre lesz sz\u00fcks\u00e9ged hozz\u00e1.<\/p>\n\n\n\n<h2 class=\"wp-block-heading\"><a><\/a><strong>Mi\u00e9rt \u00e9rdemes kikapcsolni<\/strong><\/h2>\n\n\n\n<p>T\u00f6bb oka is van annak, hogy mi\u00e9rt \u00e9rdemes kikapcsolni a Shared with you-t. Ezen okok k\u00f6z\u00f6tt :<\/p>\n\n\n\n<h3 class=\"wp-block-heading\"><a><\/a><strong>Az alkalmaz\u00e1sok t\u00falterhel\u00e9s\u00e9nek elker\u00fcl\u00e9se \u00e9rdek\u00e9ben<\/strong><\/h3>\n\n\n\n<p>Ennek a funkci\u00f3nak van egy nagy h\u00e1tr\u00e1nya, hogy a Megosztva veled list\u00e1n l\u00e9v\u0151 linkek id\u0151vel nem t\u00f6rl\u0151dnek. Ennek eredm\u00e9nyek\u00e9ppen hossz\u00fa haszn\u00e1lat ut\u00e1n el\u0151fordulhat, hogy a Megosztva veled lista t\u00f6bb ezer k\u00fcl\u00f6nb\u00f6z\u0151 r\u00e9gi linkkel lesz tele, amelyekre m\u00e1r nincs sz\u00fcks\u00e9ge.<\/p>\n\n\n\n<p>Ha nem szereti, ha felesleges elemek vannak a kezel\u0151fel\u00fclet\u00e9n, akkor ez probl\u00e9m\u00e1t jelenthet az \u00d6n sz\u00e1m\u00e1ra. Ebben az esetben jobb, ha kikapcsolja, \u00e9s nem vonj\u00e1k el a figyelm\u00e9t a felesleges linkek.<\/p>\n\n\n\n<h3 class=\"wp-block-heading\"><a><\/a><strong>Lelass\u00edthatja az iPhone vagy iPad k\u00e9sz\u00fcl\u00e9ket<\/strong><\/h3>\n\n\n\n<p>Az Apple k\u00e9sz\u00fcl\u00e9kek \u00e1ltal\u00e1ban nem k\u00fczdenek teljes\u00edtm\u00e9nyprobl\u00e9m\u00e1kkal, \u00e9s el\u00e9g sim\u00e1n, t\u00fal sok probl\u00e9ma n\u00e9lk\u00fcl futnak. Azonban m\u00e9g a megb\u00edzhat\u00f3 \u00e9s megb\u00edzhat\u00f3 k\u00e9sz\u00fcl\u00e9keknek is lehetnek teljes\u00edtm\u00e9nyprobl\u00e9m\u00e1ik a t\u00e1rhely tel\u00edtetts\u00e9ge miatt.<\/p>\n\n\n\n<p>Ha maxim\u00e1lis teljes\u00edtm\u00e9nyt szeretne a k\u00e9sz\u00fcl\u00e9k\u00e9t\u0151l, \u00e9rdemes megfontolni ennek a funkci\u00f3nak a letilt\u00e1s\u00e1t, hogy elker\u00fclje a felesleges adatok t\u00e1rol\u00e1s\u00e1t a k\u00e9sz\u00fcl\u00e9k alkalmaz\u00e1saiban.<\/p>\n\n\n\n<h3 class=\"wp-block-heading\"><a><\/a><strong>Lehet, hogy nem tetszik a tartalom, amit a bar\u00e1taid k\u00fcldenek neked.<\/strong><\/h3>\n\n\n\n<p>N\u00e9ha el\u0151fordul, hogy az \u00edzl\u00e9sed \u00e9s a bar\u00e1taid \u00edzl\u00e9se nem egyezik, \u00e9s olyan linkeket k\u00fcldenek neked k\u00fcl\u00f6nb\u00f6z\u0151 forr\u00e1sokra, amelyek egy\u00e1ltal\u00e1n nem \u00e9rdekelnek t\u00e9ged. Ebben az esetben az alkalmaz\u00e1sokban a Megosztva veled lista el\u00e9g bosszant\u00f3 lehet.<\/p>\n\n\n\n<p>Ha nem szeretn\u00e9 l\u00e1tni a bar\u00e1tai \u00e1ltal k\u00fcld\u00f6tt linkeket, akkor kapcsolja ki ezt a funkci\u00f3t.<\/p>\n\n\n\n<h2 class=\"wp-block-heading\"><a><\/a><strong>Hogyan lehet letiltani az \u00d6nnel val\u00f3 megoszt\u00e1st egy adott kapcsolat sz\u00e1m\u00e1ra?<\/strong><\/h2>\n\n\n\n<p>Val\u00f3j\u00e1ban ez is el\u00e9g k\u00f6nnyen kivitelezhet\u0151. Ha zavarj\u00e1k egy adott szem\u00e9lyt\u0151l sz\u00e1rmaz\u00f3 linkek vagy f\u00e1jlok, akkor a megoszt\u00e1s letilt\u00e1s\u00e1hoz az \u00d6nnel megosztott az adott felhaszn\u00e1l\u00f3nak sz\u00fcks\u00e9ge van:<\/p>\n\n\n\n<ul class=\"wp-block-list\"><li>Menj az <strong>iMessage<\/strong> alkalmaz\u00e1shoz.<\/li><li>V\u00e1lasszon ki egy <strong>cseveg\u00e9st az adott kapcsolattart\u00f3val<\/strong>.<\/li><li>A k\u00e9perny\u0151 tetej\u00e9n <strong>kattintson a felhaszn\u00e1l\u00f3 profilk\u00e9p\u00e9t <\/strong>tartalmaz\u00f3<strong> ikonra<\/strong>.<\/li><li>Ezut\u00e1n egyszer\u0171en <strong>tiltsa le <\/strong>a <strong>Megosztva veled <\/strong>funkci\u00f3t.<\/li><\/ul>\n\n\n\n<p>\u00cdgy az adott felhaszn\u00e1l\u00f3 linkjei \u00e9s f\u00e1jljai nem jelennek meg a Megosztva veled list\u00e1ban m\u00e1s alkalmaz\u00e1sokban.<\/p>\n","protected":false},"excerpt":{"rendered":"<p>A mai vil\u00e1gban nagy a verseny a k\u00fcl\u00f6nb\u00f6z\u0151 k\u00e9sz\u00fcl\u00e9k- \u00e9s szoftvergy\u00e1rt\u00f3k k\u00f6z\u00f6tt. Emiatt a fejleszt\u0151k folyamatosan pr\u00f3b\u00e1lnak olyan \u00faj funkci\u00f3kkal el\u0151\u00e1llni, amelyek a lehet\u0151 legk\u00f6nnyebb\u00e9 teszik a felhaszn\u00e1l\u00f3k sz\u00e1m\u00e1ra az egyes eszk\u00f6z\u00f6k haszn\u00e1lat\u00e1t. Gyakran el\u0151fordul, hogy a v\u00e1llalatok saj\u00e1t alkalmaz\u00e1sokat k\u00e9sz\u00edtenek az eszk\u00f6zeikhez. Erre p\u00e9lda az Apple. Arr\u00f3l ismert, hogy a kiv\u00e1l\u00f3 min\u0151s\u00e9g\u0171 k\u00e9sz\u00fcl\u00e9kek mellett [&hellip;]<\/p>\n","protected":false},"author":1,"featured_media":125,"comment_status":"open","ping_status":"open","sticky":false,"template":"","format":"standard","meta":{"_monsterinsights_skip_tracking":false,"_monsterinsights_sitenote_active":false,"_monsterinsights_sitenote_note":"","_monsterinsights_sitenote_category":0,"footnotes":""},"categories":[2],"tags":[13,12],"class_list":{"0":"post-120","1":"post","2":"type-post","3":"status-publish","4":"format-standard","5":"has-post-thumbnail","7":"category-utmutatok","8":"tag-ipad","9":"tag-iphone"},"_links":{"self":[{"href":"https:\/\/global.tab-tv.com\/hu\/wp-json\/wp\/v2\/posts\/120","targetHints":{"allow":["GET"]}}],"collection":[{"href":"https:\/\/global.tab-tv.com\/hu\/wp-json\/wp\/v2\/posts"}],"about":[{"href":"https:\/\/global.tab-tv.com\/hu\/wp-json\/wp\/v2\/types\/post"}],"author":[{"embeddable":true,"href":"https:\/\/global.tab-tv.com\/hu\/wp-json\/wp\/v2\/users\/1"}],"replies":[{"embeddable":true,"href":"https:\/\/global.tab-tv.com\/hu\/wp-json\/wp\/v2\/comments?post=120"}],"version-history":[{"count":1,"href":"https:\/\/global.tab-tv.com\/hu\/wp-json\/wp\/v2\/posts\/120\/revisions"}],"predecessor-version":[{"id":126,"href":"https:\/\/global.tab-tv.com\/hu\/wp-json\/wp\/v2\/posts\/120\/revisions\/126"}],"wp:featuredmedia":[{"embeddable":true,"href":"https:\/\/global.tab-tv.com\/hu\/wp-json\/wp\/v2\/media\/125"}],"wp:attachment":[{"href":"https:\/\/global.tab-tv.com\/hu\/wp-json\/wp\/v2\/media?parent=120"}],"wp:term":[{"taxonomy":"category","embeddable":true,"href":"https:\/\/global.tab-tv.com\/hu\/wp-json\/wp\/v2\/categories?post=120"},{"taxonomy":"post_tag","embeddable":true,"href":"https:\/\/global.tab-tv.com\/hu\/wp-json\/wp\/v2\/tags?post=120"}],"curies":[{"name":"wp","href":"https:\/\/api.w.org\/{rel}","templated":true}]}}