{"id":12010,"date":"2024-10-30T01:01:47","date_gmt":"2024-10-29T22:01:47","guid":{"rendered":"https:\/\/global.tab-tv.com\/hu\/?p=12010"},"modified":"2026-03-14T11:28:38","modified_gmt":"2026-03-14T08:28:38","slug":"aktiv-hangfelerosito-a-samsung-televiziokban-magyarazat-es-beallitas","status":"publish","type":"post","link":"https:\/\/global.tab-tv.com\/hu\/aktiv-hangfelerosito-a-samsung-televiziokban-magyarazat-es-beallitas\/","title":{"rendered":"Akt\u00edv Hangfeler\u0151s\u00edt\u0151 a Samsung Telev\u00edzi\u00f3kban: Magyar\u00e1zat \u00e9s Be\u00e1ll\u00edt\u00e1s"},"content":{"rendered":"\n<p>A Samsung 2020-ban bemutatott \u201eActive Voice Amplifier\u201d (AVA) funkci\u00f3ja egyes, be\u00e9p\u00edtett mikrofonnal rendelkez\u0151 modelleken \u00e9rhet\u0151 el. Ez a funkci\u00f3 a besz\u00e9lget\u00e9sek tisztas\u00e1g\u00e1nak jav\u00edt\u00e1s\u00e1t szolg\u00e1lja az\u00e1ltal, hogy a hangszintet a helyis\u00e9gben uralkod\u00f3 h\u00e1tt\u00e9rzaj szintj\u00e9hez igaz\u00edtja.<\/p>\n\n\n\n<p>Az Active Voice Amplifier (AVA) funkci\u00f3 optimaliz\u00e1lja a p\u00e1rbesz\u00e9det az\u00e1ltal, hogy automatikusan n\u00f6veli a hangok hangerej\u00e9t, amikor a h\u00e1tt\u00e9rzaj meghalad egy bizonyos k\u00fcsz\u00f6b\u00e9rt\u00e9ket. Ez garant\u00e1lja, hogy a k\u00e9perny\u0151n megjelen\u0151 besz\u00e9lget\u00e9sek m\u00e9g zajos k\u00f6r\u00fclm\u00e9nyek k\u00f6z\u00f6tt is tiszt\u00e1n hallhat\u00f3k maradjanak. A hat\u00e9kony m\u0171k\u00f6d\u00e9s \u00e9rdek\u00e9ben az AVA kis k\u00e9sleltet\u00e9ssel \u2013 k\u00f6r\u00fclbel\u00fcl h\u00e1rom m\u00e1sodperccel \u2013 reag\u00e1l a k\u00fcls\u0151 hangv\u00e1ltoz\u00e1sokra.<\/p>\n\n\n\n<h2 class=\"wp-block-heading has-text-align-center\"><strong>Hogyan m\u0171k\u00f6dik az \u201eAkt\u00edv hangos\u00edt\u00f3\u201d?<\/strong><\/h2>\n\n\n\n<p>A program szoftveres szinten elemzi a k\u00fcls\u0151 hangk\u00f6rnyezetet; ehhez az AVA a be\u00e9p\u00edtett mikrofont haszn\u00e1lja. Amikor a h\u00e1tt\u00e9rzaj meghaladja a be\u00e1ll\u00edtott szintet, a program feler\u0151s\u00edti az emberi besz\u00e9dre jellemz\u0151 frekvenciatartom\u00e1nyt (kb. 100 Hz-t\u0151l 4 kHz-ig). Ez a funkci\u00f3 k\u00fcl\u00f6n\u00f6sen hasznos olyan helyzetekben, amikor a h\u00e1tt\u00e9rzaj zavarhatja a hang tisztas\u00e1g\u00e1t, p\u00e9ld\u00e1ul h\u00e1zimunk\u00e1k elv\u00e9gz\u00e9se k\u00f6zben.<\/p>\n\n\n\n<p>Alap\u00e9rtelmez\u00e9s szerint az \u201eActive Voice Amplifier\u201d funkci\u00f3 ki van kapcsolva. Bekapcsol\u00e1s\u00e1hoz manu\u00e1lisan kell aktiv\u00e1lni a t\u00e9v\u00e9 be\u00e1ll\u00edt\u00e1saiban.<\/p>\n\n\n\n<p>A Samsung egy fejlettebb v\u00e1ltozatot is k\u00edn\u00e1l \u2013 az Active Voice Amplifier Pro-t \u2013, amelyet \u00fagy poz\u00edcion\u00e1lnak, hogy mesters\u00e9ges intelligenci\u00e1t haszn\u00e1l a k\u00f6rnyezet \u00e9s a k\u00e9perny\u0151n megjelen\u0151 tartalom elemz\u00e9s\u00e9re. B\u00e1r neh\u00e9z ellen\u0151rizni, hogy a t\u00e9v\u00e9be be\u00e9p\u00edtett\u00e9k-e a teljes AI-funkci\u00f3k\u00e9szletet (mivel ezeknek az eszk\u00f6z\u00f6knek korl\u00e1tozott a sz\u00e1m\u00edt\u00e1si teljes\u00edtm\u00e9nye), nagyon is val\u00f3sz\u00edn\u0171, hogy a Samsung szerverei sz\u00e1mos t\u00e9v\u00e9r\u0151l \u00e9rkez\u0151 visszajelz\u00e9seket elemeznek, adatokat gy\u0171jtve az AVA m\u0171k\u00f6d\u00e9s\u00e9nek optimaliz\u00e1l\u00e1sa \u00e9rdek\u00e9ben minden modellen.<\/p>\n\n\n\n<h2 class=\"wp-block-heading has-text-align-center\"><strong>Az Active Voice Amplifier bekapcsol\u00e1sa Samsung t\u00e9v\u00e9n<\/strong><\/h2>\n\n\n\n<p>Az Active Voice Amplifier bekapcsol\u00e1s\u00e1nak elj\u00e1r\u00e1sa a modellt\u0151l \u00e9s az oper\u00e1ci\u00f3s rendszer verzi\u00f3j\u00e1t\u00f3l f\u00fcgg, \u00e9s egyes modellek egy\u00e1ltal\u00e1n nem t\u00e1mogatj\u00e1k ezt a funkci\u00f3t. K\u00e9rj\u00fck, olvassa el a konkr\u00e9t modellj\u00e9hez tartoz\u00f3 felhaszn\u00e1l\u00f3i k\u00e9zik\u00f6nyvet, hogy megtal\u00e1lja a be\u00e1ll\u00edt\u00e1sokat, \u00e9s bekapcsolja az AVA-t, ha az el\u00e9rhet\u0151.<\/p>\n\n\n\n<p>Ha a t\u00e9v\u00e9k\u00e9sz\u00fcl\u00e9k\u00e9n rendelkez\u00e9sre \u00e1ll ez a be\u00e1ll\u00edt\u00e1s, a k\u00f6vetkez\u0151k\u00e9ppen kapcsolhatja be:<\/p>\n\n\n\n<figure style=\"font-size:14px\" class=\"wp-block-table\"><table><thead><tr><th>Samsung Modell \u00c9v<\/th><th>L\u00e9p\u00e9sek az Akt\u00edv Hangfeler\u0151s\u00edt\u0151 aktiv\u00e1l\u00e1s\u00e1hoz<\/th><\/tr><\/thead><tbody><tr><td>2020 \u2013 2021 Modellek<\/td><td>1. Nyomja meg a <strong>Kezd\u0151lap<\/strong> gombot az <strong>Okos K\u00f6zpont<\/strong> (<strong>Eden Men\u00fc<\/strong>) megnyit\u00e1s\u00e1hoz, majd v\u00e1lassza a <strong>Be\u00e1ll\u00edt\u00e1sok<\/strong> lehet\u0151s\u00e9get.<br>2. G\u00f6rgessen a <strong>\u00c1ltal\u00e1nos<\/strong> f\u00fclre, majd v\u00e1lassza az <strong>Intelligens M\u00f3d Be\u00e1ll\u00edt\u00e1sai<\/strong> lehet\u0151s\u00e9get.<br>3. Emelje ki az <strong>Akt\u00edv Hangfeler\u0151s\u00edt\u0151t<\/strong>, majd nyomja meg az <strong>Enter<\/strong> gombot a bekapcsol\u00e1shoz vagy kikapcsol\u00e1shoz.<\/td><\/tr><tr><td>2022 Modell<\/td><td>1. Nyomja meg a <strong>Kezd\u0151lap<\/strong> gombot, majd v\u00e1lassza a <strong>Men\u00fc<\/strong> lehet\u0151s\u00e9get.<br>2. Menjen a <strong>Be\u00e1ll\u00edt\u00e1sok<\/strong>, majd az <strong>\u00d6sszes Be\u00e1ll\u00edt\u00e1s<\/strong> lehet\u0151s\u00e9ghez.<br>3. V\u00e1lassza az <strong>\u00c1ltal\u00e1nos \u00e9s Adatv\u00e9delem<\/strong>, majd az <strong>Intelligens M\u00f3d Be\u00e1ll\u00edt\u00e1sai<\/strong> lehet\u0151s\u00e9get.<br>4. Aktiv\u00e1lja az <strong>Akt\u00edv Hangfeler\u0151s\u00edt\u0151t<\/strong>.<\/td><\/tr><tr><td>2023 \u2013 2025 Modellek<\/td><td>1. Nyomja meg a <strong>Kezd\u0151lap<\/strong> gombot az <strong>Be\u00e1ll\u00edt\u00e1sok<\/strong> el\u00e9r\u00e9s\u00e9hez.<br>2. Menjen az <strong>\u00d6sszes Be\u00e1ll\u00edt\u00e1s<\/strong> r\u00e9szhez a <strong>Be\u00e1ll\u00edt\u00e1sok<\/strong> alatt.<br>3. L\u00e9pjen az <strong>\u00c1ltal\u00e1nos \u00e9s Adatv\u00e9delem<\/strong> r\u00e9szhez, majd v\u00e1lassza az <strong>Intelligens M\u00f3d Be\u00e1ll\u00edt\u00e1sai<\/strong> lehet\u0151s\u00e9get.<br>4. Kapcsolja be az <strong>Intelligens M\u00f3dot<\/strong>, majd aktiv\u00e1lja az <strong>Akt\u00edv Hangfeler\u0151s\u00edt\u0151t<\/strong>.<\/td><\/tr><\/tbody><\/table><\/figure>\n","protected":false},"excerpt":{"rendered":"<p>A Samsung 2020-ban bemutatott \u201eActive Voice Amplifier\u201d (AVA) funkci\u00f3ja egyes, be\u00e9p\u00edtett mikrofonnal rendelkez\u0151 modelleken \u00e9rhet\u0151 el. Ez a funkci\u00f3 a besz\u00e9lget\u00e9sek tisztas\u00e1g\u00e1nak jav\u00edt\u00e1s\u00e1t szolg\u00e1lja az\u00e1ltal, hogy a hangszintet a helyis\u00e9gben uralkod\u00f3 h\u00e1tt\u00e9rzaj szintj\u00e9hez igaz\u00edtja. Az Active Voice Amplifier (AVA) funkci\u00f3 optimaliz\u00e1lja a p\u00e1rbesz\u00e9det az\u00e1ltal, hogy automatikusan n\u00f6veli a hangok hangerej\u00e9t, amikor a h\u00e1tt\u00e9rzaj meghalad egy [&hellip;]<\/p>\n","protected":false},"author":1,"featured_media":12300,"comment_status":"open","ping_status":"open","sticky":false,"template":"","format":"standard","meta":{"_monsterinsights_skip_tracking":false,"_monsterinsights_sitenote_active":false,"_monsterinsights_sitenote_note":"","_monsterinsights_sitenote_category":0,"footnotes":""},"categories":[87,26],"tags":[88],"class_list":{"0":"post-12010","1":"post","2":"type-post","3":"status-publish","4":"format-standard","5":"has-post-thumbnail","7":"category-technologia","8":"category-tv","9":"tag-technologia"},"_links":{"self":[{"href":"https:\/\/global.tab-tv.com\/hu\/wp-json\/wp\/v2\/posts\/12010","targetHints":{"allow":["GET"]}}],"collection":[{"href":"https:\/\/global.tab-tv.com\/hu\/wp-json\/wp\/v2\/posts"}],"about":[{"href":"https:\/\/global.tab-tv.com\/hu\/wp-json\/wp\/v2\/types\/post"}],"author":[{"embeddable":true,"href":"https:\/\/global.tab-tv.com\/hu\/wp-json\/wp\/v2\/users\/1"}],"replies":[{"embeddable":true,"href":"https:\/\/global.tab-tv.com\/hu\/wp-json\/wp\/v2\/comments?post=12010"}],"version-history":[{"count":3,"href":"https:\/\/global.tab-tv.com\/hu\/wp-json\/wp\/v2\/posts\/12010\/revisions"}],"predecessor-version":[{"id":12785,"href":"https:\/\/global.tab-tv.com\/hu\/wp-json\/wp\/v2\/posts\/12010\/revisions\/12785"}],"wp:featuredmedia":[{"embeddable":true,"href":"https:\/\/global.tab-tv.com\/hu\/wp-json\/wp\/v2\/media\/12300"}],"wp:attachment":[{"href":"https:\/\/global.tab-tv.com\/hu\/wp-json\/wp\/v2\/media?parent=12010"}],"wp:term":[{"taxonomy":"category","embeddable":true,"href":"https:\/\/global.tab-tv.com\/hu\/wp-json\/wp\/v2\/categories?post=12010"},{"taxonomy":"post_tag","embeddable":true,"href":"https:\/\/global.tab-tv.com\/hu\/wp-json\/wp\/v2\/tags?post=12010"}],"curies":[{"name":"wp","href":"https:\/\/api.w.org\/{rel}","templated":true}]}}