{"id":12162,"date":"2024-12-11T15:32:39","date_gmt":"2024-12-11T12:32:39","guid":{"rendered":"https:\/\/global.tab-tv.com\/hu\/?p=12162"},"modified":"2025-01-13T01:50:24","modified_gmt":"2025-01-12T22:50:24","slug":"supreme-uhd-dimming-vs-uhd-dimming-vs-ultimate-8k-dimming-samsung-mi-ez","status":"publish","type":"post","link":"https:\/\/global.tab-tv.com\/hu\/supreme-uhd-dimming-vs-uhd-dimming-vs-ultimate-8k-dimming-samsung-mi-ez\/","title":{"rendered":"Supreme UHD Dimming vs. UHD Dimming vs. Ultimate 8K Dimming (Samsung): Mi ez?"},"content":{"rendered":"\n<p>A Samsung telev\u00edzi\u00f3k m\u0171szaki specifik\u00e1ci\u00f3it b\u00f6ng\u00e9szve egy gyakran szembe\u00f6tl\u0151 param\u00e9ter a <em>local dimming<\/em> (helyi f\u00e9nyer\u0151-szab\u00e1lyoz\u00e1s). Nemcsak maga a funkci\u00f3 figyelemfelkelt\u0151, hanem a gy\u00e1rt\u00f3k \u00e1ltal haszn\u00e1lt vonz\u00f3 elnevez\u00e9sek is, mint p\u00e9ld\u00e1ul a Supreme UHD Dimming, Ultimate UHD Dimming, Ultimate UHD Dimming Pro, UHD Dimming, Ultimate 8K Dimming, Ultimate 8K Dimming Pro, \u00e9s \u00edgy tov\u00e1bb. Ezek az elnevez\u00e9sek nagyr\u00e9szt marketing c\u00e9lokat szolg\u00e1l\u00f3 szlogenek, amelyekkel a v\u00e1s\u00e1rl\u00f3kat k\u00edv\u00e1nj\u00e1k megnyerni.<\/p>\n\n\n\n<p>A <em>local dimming<\/em> l\u00e9nyeg\u00e9ben egy szoftver \u00e1ltal vez\u00e9relt funkci\u00f3, f\u00fcggetlen\u00fcl az elnevez\u00e9st\u0151l. Hat\u00e9konys\u00e1ga k\u00e9t f\u0151 t\u00e9nyez\u0151t\u0151l f\u00fcgg: a k\u00e9perny\u0151 t\u00edpus\u00e1t\u00f3l, amelynek kompatibilisnek kell lennie ezzel a technol\u00f3gi\u00e1val, \u00e9s az algoritmusokt\u00f3l, amelyek a m\u0171k\u00f6d\u00e9s\u00e9t szab\u00e1lyozz\u00e1k. Ezek az algoritmusok, amelyek a k\u00fcl\u00f6nb\u00f6z\u0151 marketing elnevez\u00e9sek m\u00f6g\u00f6tt k\u00f6z\u00f6sek, a h\u00e1tt\u00e9rvil\u00e1g\u00edt\u00e1st vez\u00e9rlik. P\u00e9ld\u00e1ul egy fekete k\u00e9p megjelen\u00edt\u00e9sekor a h\u00e1tt\u00e9rvil\u00e1g\u00edt\u00e1s kikapcsol, hogy fokozza a kontrasztot. Azonban ez a folyamat bonyolult, \u00e9s pontos be\u00e1ll\u00edt\u00e1st ig\u00e9nyel ahhoz, hogy az optim\u00e1lis vizu\u00e1lis teljes\u00edtm\u00e9nyt a n\u00e9z\u0151i elv\u00e1r\u00e1sokkal \u00f6sszhangba hozz\u00e1k.<\/p>\n\n\n\n<p>B\u00e1r az elnevez\u00e9sek v\u00e1ltozhatnak, a <em>local dimming<\/em> technol\u00f3gia alapelvei v\u00e1ltozatlanok maradnak \u2013 a k\u00e9perny\u0151technol\u00f3gia \u00e9s a szoftveres \u00faj\u00edt\u00e1sok harmonikus egy\u00fcttm\u0171k\u00f6d\u00e9se.<\/p>\n\n\n\n<h2 class=\"wp-block-heading has-text-align-center\"><strong>A k\u00e9perny\u0151 helyi f\u00e9nyer\u0151-szab\u00e1lyoz\u00e1sa: Mi ez \u00e9s hogyan m\u0171k\u00f6dik?<\/strong><\/h2>\n\n\n\n<p>A <em>local dimming<\/em> m\u0171k\u00f6d\u00e9se szorosan kapcsol\u00f3dik a kijelz\u0151 t\u00edpus\u00e1hoz \u00e9s annak gy\u00e1rt\u00e1si technol\u00f3gi\u00e1j\u00e1hoz. Ez a funkci\u00f3 kiz\u00e1r\u00f3lag LED kijelz\u0151kn\u00e9l \u00e9rhet\u0151 el, amelyek k\u00e9t f\u0151 h\u00e1tt\u00e9rvil\u00e1g\u00edt\u00e1si technol\u00f3gi\u00e1t haszn\u00e1lnak:<\/p>\n\n\n\n<p><strong>EDGE h\u00e1tt\u00e9rvil\u00e1g\u00edt\u00e1s:<\/strong><br>Ebben a konfigur\u00e1ci\u00f3ban a LED-ek a kijelz\u0151 als\u00f3 sz\u00e9l\u00e9n helyezkednek el. \u00c1ltal\u00e1ban k\u00e9t LED-sor vil\u00e1g\u00edtja meg a k\u00e9perny\u0151 megfelel\u0151 fel\u00e9t. Egy bels\u0151 t\u00fckr\u00f6z\u0151d\u0151 r\u00e9teg, amely k\u00fcl\u00f6nb\u00f6z\u0151 fok\u00fa f\u00e9nyvisszaver\u00e9ssel b\u00edr, biztos\u00edtja az egyenletes f\u00e9nyeloszl\u00e1st alulr\u00f3l felfel\u00e9.<\/p>\n\n\n\n<p><strong>K\u00f6zvetlen LED h\u00e1tt\u00e9rvil\u00e1g\u00edt\u00e1s (Direct LED):<\/strong><br>Ez a m\u00f3dszer k\u00e9t v\u00e1ltozatban \u00e9rhet\u0151 el:<\/p>\n\n\n\n<ul class=\"wp-block-list\">\n<li><strong>Hagyom\u00e1nyos Direct LED h\u00e1tt\u00e9rvil\u00e1g\u00edt\u00e1s:<\/strong><br>R\u00e9gebbi modellek eset\u00e9ben a LED-ek v\u00edzszintes sorokban helyezkednek el a kijelz\u0151 h\u00e1toldal\u00e1n. A f\u00e9nyeloszl\u00e1st a LED-ekre szerelt lencs\u00e9k biztos\u00edtj\u00e1k.<\/li>\n\n\n\n<li><strong>Mini LED:<\/strong><br>Egy \u00fajabb innov\u00e1ci\u00f3, amely t\u00f6bb ezer apr\u00f3 LED-et haszn\u00e1l, s\u0171r\u0171 r\u00e1csban elrendezve. Ez a fejlett technol\u00f3gia pontosabb \u00e9s egyenletesebb megvil\u00e1g\u00edt\u00e1st biztos\u00edt.<\/li>\n<\/ul>\n\n\n\n<p>A <em>local dimming<\/em> hat\u00e9konys\u00e1ga jelent\u0151sen v\u00e1ltozik a h\u00e1tt\u00e9rvil\u00e1g\u00edt\u00e1s t\u00edpus\u00e1t\u00f3l f\u00fcgg\u0151en:<\/p>\n\n\n\n<ul class=\"wp-block-list\">\n<li><strong>EDGE h\u00e1tt\u00e9rvil\u00e1g\u00edt\u00e1s:<\/strong> A helyi f\u00e9nyer\u0151-szab\u00e1lyoz\u00e1s szinte haszn\u00e1lhatatlan, mivel csak f\u00fcgg\u0151legesen, alulr\u00f3l felfel\u00e9 m\u0171k\u00f6dik \u2013 ez ritk\u00e1n felel meg a tipikus vide\u00f3tartalomnak.<\/li>\n\n\n\n<li><strong>Hagyom\u00e1nyos Direct LED h\u00e1tt\u00e9rvil\u00e1g\u00edt\u00e1s:<\/strong> A helyi f\u00e9nyer\u0151-szab\u00e1lyoz\u00e1s nagyobb, s\u00f6t\u00e9tebb k\u00e9pr\u00e9szletekre korl\u00e1toz\u00f3dik, amelyek szint\u00e9n viszonylag ritk\u00e1k.<\/li>\n\n\n\n<li><strong>Mini LED:<\/strong> Ez a technol\u00f3gia kimagasl\u00f3 precizit\u00e1st ny\u00fajt, \u00e9s hat\u00e9konyan kezeli a kisebb k\u00e9pr\u00e9szleteket is. A LED-ek t\u00f6bb sz\u00e1z z\u00f3n\u00e1ra vannak osztva, amelyeket egyenk\u00e9nt lehet kikapcsolni, ezzel jav\u00edtva a kontrasztot \u00e9s kiv\u00e1l\u00f3 vizu\u00e1lis \u00e9lm\u00e9nyt ny\u00fajtva.<\/li>\n<\/ul>\n\n\n<div class=\"wp-block-image\">\n<figure class=\"aligncenter size-full\"><img loading=\"lazy\" decoding=\"async\" width=\"797\" height=\"254\" src=\"https:\/\/global.tab-tv.com\/hu\/wp-content\/uploads\/sites\/3\/2024\/12\/UHD-Dimming-on-and-off.webp\" alt=\"\" class=\"wp-image-12163\" srcset=\"https:\/\/global.tab-tv.com\/hu\/wp-content\/uploads\/sites\/3\/2024\/12\/UHD-Dimming-on-and-off.webp 797w, https:\/\/global.tab-tv.com\/hu\/wp-content\/uploads\/sites\/3\/2024\/12\/UHD-Dimming-on-and-off-300x96.webp 300w, https:\/\/global.tab-tv.com\/hu\/wp-content\/uploads\/sites\/3\/2024\/12\/UHD-Dimming-on-and-off-768x245.webp 768w\" sizes=\"auto, (max-width: 797px) 100vw, 797px\" \/><\/figure>\n<\/div>\n\n\n<h2 class=\"wp-block-heading has-text-align-center\"><strong>Mit jelent a Supreme UHD Dimming a Samsung telev\u00edzi\u00f3kn\u00e1l?<\/strong><\/h2>\n\n\n\n<p>A Supreme UHD Dimming egy Samsung \u00e1ltal 2016 janu\u00e1rj\u00e1ban bejegyzett v\u00e9djegy. Ez az egyik elnevez\u00e9se az UHD TV-k <em>local dimming<\/em> technol\u00f3gi\u00e1j\u00e1nak.<\/p>\n\n\n\n<p>Ez a technol\u00f3gia el\u0151sz\u00f6r a 9-es sorozat SUHD kijelz\u0151in jelent meg, amelyek kvantumpontokra \u00e9p\u00fclnek. 2018-ban ezt a technol\u00f3gi\u00e1t a 7-es sorozat modelljein\u00e9l is alkalmazt\u00e1k. 2024-re a Supreme UHD Dimming az EDGE h\u00e1tt\u00e9rvil\u00e1g\u00edt\u00e1ssal \u00e9s Mini Direct LED h\u00e1tt\u00e9rvil\u00e1g\u00edt\u00e1ssal ell\u00e1tott telev\u00edzi\u00f3kn\u00e1l \u00e9rhet\u0151 el. L\u00e9nyeg\u00e9ben, ha ez az elnevez\u00e9s megjelenik a telev\u00edzi\u00f3d specifik\u00e1ci\u00f3iban, az azt jelenti, hogy a h\u00e1tt\u00e9rvil\u00e1g\u00edt\u00e1s szab\u00e1lyoz\u00e1si rendszere alapvet\u0151 szint\u0171, korl\u00e1tozott f\u00e9nyer\u0151-szab\u00e1lyoz\u00e1si k\u00e9pess\u00e9gekkel.<\/p>\n\n\n\n<h2 class=\"wp-block-heading has-text-align-center\"><strong>Mit jelent az UHD Dimming?<\/strong><\/h2>\n\n\n\n<p>Amikor az UHD telev\u00edzi\u00f3k el\u0151sz\u00f6r megjelentek, az \u201eUHD Dimming\u201d kifejez\u00e9st egyszer\u0171en a dimming technol\u00f3gia \u00e1ltal\u00e1nos megnevez\u00e9sek\u00e9nt haszn\u00e1lt\u00e1k. Mivel a technol\u00f3gia nem rendelkezett k\u00fcl\u00f6nleges jellemz\u0151kkel, ez az elnevez\u00e9s fokozatosan elt\u0171nt. M\u00e9g mindig megtal\u00e1lhat\u00f3 a 2018 \u00e9s 2020 k\u00f6z\u00f6tt gy\u00e1rtott telev\u00edzi\u00f3kn\u00e1l, de \u00fajabb elnevez\u00e9sek v\u00e1ltott\u00e1k fel.<\/p>\n\n\n\n<h2 class=\"wp-block-heading has-text-align-center\"><strong>Ultimate UHD Dimming, Ultimate UHD Dimming Pro, Ultimate 8K Dimming, Ultimate 8K Dimming Pro<\/strong><\/h2>\n\n\n\n<p>Ezek az elnevez\u00e9sek a Samsung marketingstrat\u00e9gi\u00e1j\u00e1nak r\u00e9sz\u00e9t k\u00e9pezik. A dr\u00e1g\u00e1bb modellek eset\u00e9ben kifinomultabb elnevez\u00e9seket vezettek be, mint p\u00e9ld\u00e1ul az \u201eUltimate Dimming\u201d, majd k\u00e9s\u0151bb a \u201ePro\u201d el\u0151taggal tov\u00e1bbi fejleszt\u00e9seket sugalltak. Gyakorlatilag azonban ezek a technol\u00f3gi\u00e1k ugyanazon alapelvek szerint m\u0171k\u00f6dnek.<\/p>\n\n\n\n<h2 class=\"wp-block-heading has-text-align-center\"><strong>Figyelembe kell venni a dimming technol\u00f3gi\u00e1k neveit telev\u00edzi\u00f3 v\u00e1laszt\u00e1sakor?<\/strong><\/h2>\n\n\n\n<p>A legt\u00f6bb v\u00e1s\u00e1rl\u00f3 sz\u00e1m\u00e1ra a dimming technol\u00f3gia konkr\u00e9t elnevez\u00e9se kev\u00e9ss\u00e9 jelent\u0151s. Ezeknek a rendszereknek k\u00fcl\u00f6nf\u00e9le v\u00e1ltozatai szinte minden modern telev\u00edzi\u00f3ban megtal\u00e1lhat\u00f3k, teh\u00e1t a funkci\u00f3 nem k\u00fcl\u00f6nleges. Sokkal fontosabb a telev\u00edzi\u00f3 \u00e1ltal\u00e1nos teljes\u00edtm\u00e9ny\u00e9re \u00e9s specifik\u00e1ci\u00f3ira \u00f6sszpontos\u00edtani, mint a marketing \u00e1ltal dikt\u00e1lt elnevez\u00e9sekre.<\/p>\n","protected":false},"excerpt":{"rendered":"<p>A Samsung telev\u00edzi\u00f3k m\u0171szaki specifik\u00e1ci\u00f3it b\u00f6ng\u00e9szve egy gyakran szembe\u00f6tl\u0151 param\u00e9ter a local dimming (helyi f\u00e9nyer\u0151-szab\u00e1lyoz\u00e1s). Nemcsak maga a funkci\u00f3 figyelemfelkelt\u0151, hanem a gy\u00e1rt\u00f3k \u00e1ltal haszn\u00e1lt vonz\u00f3 elnevez\u00e9sek is, mint p\u00e9ld\u00e1ul a Supreme UHD Dimming, Ultimate UHD Dimming, Ultimate UHD Dimming Pro, UHD Dimming, Ultimate 8K Dimming, Ultimate 8K Dimming Pro, \u00e9s \u00edgy tov\u00e1bb. Ezek az [&hellip;]<\/p>\n","protected":false},"author":1,"featured_media":12330,"comment_status":"open","ping_status":"open","sticky":false,"template":"","format":"standard","meta":{"_monsterinsights_skip_tracking":false,"_monsterinsights_sitenote_active":false,"_monsterinsights_sitenote_note":"","_monsterinsights_sitenote_category":0,"footnotes":""},"categories":[26],"tags":[79],"class_list":{"0":"post-12162","1":"post","2":"type-post","3":"status-publish","4":"format-standard","5":"has-post-thumbnail","7":"category-tv","8":"tag-samsung-tv"},"_links":{"self":[{"href":"https:\/\/global.tab-tv.com\/hu\/wp-json\/wp\/v2\/posts\/12162","targetHints":{"allow":["GET"]}}],"collection":[{"href":"https:\/\/global.tab-tv.com\/hu\/wp-json\/wp\/v2\/posts"}],"about":[{"href":"https:\/\/global.tab-tv.com\/hu\/wp-json\/wp\/v2\/types\/post"}],"author":[{"embeddable":true,"href":"https:\/\/global.tab-tv.com\/hu\/wp-json\/wp\/v2\/users\/1"}],"replies":[{"embeddable":true,"href":"https:\/\/global.tab-tv.com\/hu\/wp-json\/wp\/v2\/comments?post=12162"}],"version-history":[{"count":2,"href":"https:\/\/global.tab-tv.com\/hu\/wp-json\/wp\/v2\/posts\/12162\/revisions"}],"predecessor-version":[{"id":12331,"href":"https:\/\/global.tab-tv.com\/hu\/wp-json\/wp\/v2\/posts\/12162\/revisions\/12331"}],"wp:featuredmedia":[{"embeddable":true,"href":"https:\/\/global.tab-tv.com\/hu\/wp-json\/wp\/v2\/media\/12330"}],"wp:attachment":[{"href":"https:\/\/global.tab-tv.com\/hu\/wp-json\/wp\/v2\/media?parent=12162"}],"wp:term":[{"taxonomy":"category","embeddable":true,"href":"https:\/\/global.tab-tv.com\/hu\/wp-json\/wp\/v2\/categories?post=12162"},{"taxonomy":"post_tag","embeddable":true,"href":"https:\/\/global.tab-tv.com\/hu\/wp-json\/wp\/v2\/tags?post=12162"}],"curies":[{"name":"wp","href":"https:\/\/api.w.org\/{rel}","templated":true}]}}