{"id":13118,"date":"2026-09-02T00:29:27","date_gmt":"2026-09-01T21:29:27","guid":{"rendered":"https:\/\/global.tab-tv.com\/hu\/?p=13118"},"modified":"2026-09-02T00:33:56","modified_gmt":"2026-09-01T21:33:56","slug":"a-disney-szolgaltatast-tamogato-tv-k-es-platformok-listaja","status":"publish","type":"post","link":"https:\/\/global.tab-tv.com\/hu\/a-disney-szolgaltatast-tamogato-tv-k-es-platformok-listaja\/","title":{"rendered":"A Disney+ szolg\u00e1ltat\u00e1st t\u00e1mogat\u00f3 TV-k \u00e9s platformok list\u00e1ja"},"content":{"rendered":"\n<p class=\"wp-block-paragraph\">A Disney+ sz\u00e1mos okost\u00e9v\u00e9n \u00e9s TV-hez csatlakoztathat\u00f3 eszk\u00f6z\u00f6n \u00e9rhet\u0151 el. Azonban nem minden okost\u00e9v\u00e9 t\u00e1mogatja a szolg\u00e1ltat\u00e1st. A kompatibilit\u00e1s a TV modellj\u00e9t\u0151l, az oper\u00e1ci\u00f3s rendszert\u0151l, a szoftververzi\u00f3t\u00f3l \u00e9s a r\u00e9gi\u00f3t\u00f3l f\u00fcgg.<\/p>\n\n\n\n<p class=\"wp-block-paragraph\">A legmegb\u00edzhat\u00f3bb m\u00f3dja annak ellen\u0151rz\u00e9s\u00e9re, hogy TV-je t\u00e1mogatja-e a Disney+ szolg\u00e1ltat\u00e1st, ha megnyitja a TV alkalmaz\u00e1s\u00e1ruh\u00e1z\u00e1t, \u00e9s r\u00e1keres a hivatalos Disney+ alkalmaz\u00e1sra. Ha az alkalmaz\u00e1s telep\u00edthet\u0151, akkor a TV t\u00e1mogatja a szolg\u00e1ltat\u00e1st.<\/p>\n\n\n\n<p class=\"wp-block-paragraph\">A Disney+ bizonyos TV-platformokat \u00e9s modelleket t\u00e1mogat, nem pedig egy adott gy\u00e1rt\u00f3 \u00e1ltal kiadott \u00f6sszes TV-t. Emiatt ugyanazon m\u00e1rka k\u00e9t TV-je elt\u00e9r\u0151 kompatibilit\u00e1ssal rendelkezhet az oper\u00e1ci\u00f3s rendszert\u0151l, a modell\u00e9v\u00e9t\u0151l \u00e9s a piact\u00f3l f\u00fcgg\u0151en. Ez k\u00fcl\u00f6n\u00f6sen fontos a nagy OEM-gy\u00e1rt\u00f3k eset\u00e9ben, amelyek term\u00e9kk\u00edn\u00e1latukon bel\u00fcl k\u00fcl\u00f6nb\u00f6z\u0151 platformokat \u00e9s hardverkonfigur\u00e1ci\u00f3kat haszn\u00e1lhatnak.<\/p>\n\n\n\n<h2 class=\"wp-block-heading has-text-align-center\"><strong>A Disney+ kompatibilit\u00e1sa a TV oper\u00e1ci\u00f3s rendszere \u00e9s platformja szerint<\/strong><\/h2>\n\n\n\n<figure class=\"wp-block-image size-full\"><img loading=\"lazy\" decoding=\"async\" width=\"1024\" height=\"512\" src=\"https:\/\/global.tab-tv.com\/hu\/wp-content\/uploads\/sites\/3\/2026\/09\/Disney-plus-compatibility-by-TV-Operating-System-and-platform.webp\" alt=\"\" class=\"wp-image-13119\" srcset=\"https:\/\/global.tab-tv.com\/hu\/wp-content\/uploads\/sites\/3\/2026\/09\/Disney-plus-compatibility-by-TV-Operating-System-and-platform.webp 1024w, https:\/\/global.tab-tv.com\/hu\/wp-content\/uploads\/sites\/3\/2026\/09\/Disney-plus-compatibility-by-TV-Operating-System-and-platform-300x150.webp 300w, https:\/\/global.tab-tv.com\/hu\/wp-content\/uploads\/sites\/3\/2026\/09\/Disney-plus-compatibility-by-TV-Operating-System-and-platform-768x384.webp 768w, https:\/\/global.tab-tv.com\/hu\/wp-content\/uploads\/sites\/3\/2026\/09\/Disney-plus-compatibility-by-TV-Operating-System-and-platform-320x160.webp 320w\" sizes=\"auto, (max-width: 1024px) 100vw, 1024px\" \/><\/figure>\n\n\n\n<p class=\"wp-block-paragraph\">Egy adott streaming szolg\u00e1ltat\u00e1s t\u00e1mogat\u00e1sa att\u00f3l az oper\u00e1ci\u00f3s rendszert\u0151l f\u00fcgg, amelyhez a szolg\u00e1ltat\u00e1s alkalmaz\u00e1s\u00e1t fejlesztett\u00e9k. A kompatibilit\u00e1s alapvet\u0151en az oper\u00e1ci\u00f3s rendszer \u00e1ltal t\u00e1mogatott videostreaming-protokollokt\u00f3l f\u00fcgg, mik\u00f6zben a streaming szolg\u00e1ltat\u00e1s szervereinek is t\u00e1mogatniuk kell a megfelel\u0151 protokollokat.<\/p>\n\n\n\n<p class=\"wp-block-paragraph\">Egyes gy\u00e1rt\u00f3k, p\u00e9ld\u00e1ul az LG \u00e9s a Samsung, saj\u00e1t oper\u00e1ci\u00f3s rendszereiket haszn\u00e1lj\u00e1k, m\u00edg m\u00e1sok harmadik f\u00e9lt\u0151l sz\u00e1rmaz\u00f3 platformokat alkalmaznak. Ez\u00e9rt c\u00e9lszer\u0171bb az oper\u00e1ci\u00f3s rendszert az azt haszn\u00e1l\u00f3 TV-m\u00e1rk\u00e1kkal egy\u00fctt vizsg\u00e1lni.<\/p>\n\n\n\n<p class=\"wp-block-paragraph\"><strong>LG webOS:<\/strong> A Disney+ t\u00e1mogatott a webOS 3.0 vagy \u00fajabb rendszert futtat\u00f3 kompatibilis LG TV-ken. Ez a 2016-t\u00f3l kiadott LG TV-kre vonatkozik.<\/p>\n\n\n\n<p class=\"wp-block-paragraph\"><strong>Samsung Tizen:<\/strong> A Disney+ t\u00e1mogatott a 2016-t\u00f3l kiadott kompatibilis Samsung Smart TV-ken, a Tizen 2.4 rendszert futtat\u00f3 modellekt\u0151l kezdve.<\/p>\n\n\n\n<p class=\"wp-block-paragraph\"><strong>Android TV \/ Google TV:<\/strong> A Disney+ t\u00e1mogatja az Android TV 6.0 vagy \u00fajabb rendszert futtat\u00f3 kompatibilis eszk\u00f6z\u00f6ket. A Google TV az Android TV platformj\u00e1ra \u00e9p\u00fcl, ez\u00e9rt ugyanabba a kateg\u00f3ri\u00e1ba tartozik. Sz\u00e1mos TV-gy\u00e1rt\u00f3 haszn\u00e1lja ezt a platformot. Az Android TV 6.0 2016-ban jelent meg, de ez nem jelenti azt, hogy minden 2016-os Android TV t\u00e1mogatja a Disney+ szolg\u00e1ltat\u00e1st. Android TV eset\u00e9n ez\u00e9rt \u00e9rdemes ellen\u0151rizni az oper\u00e1ci\u00f3s rendszer verzi\u00f3j\u00e1t \u00e9s a TV pontos modellj\u00e9t.<\/p>\n\n\n\n<p class=\"wp-block-paragraph\"><strong>Roku OS:<\/strong> A Disney+ 2019-ben v\u00e1lt el\u00e9rhet\u0151v\u00e9 a Roku eszk\u00f6z\u00f6k\u00f6n. A kompatibilis Roku TV-khez Roku OS 9.2 vagy \u00fajabb sz\u00fcks\u00e9ges.<\/p>\n\n\n\n<p class=\"wp-block-paragraph\"><strong>Fire OS:<\/strong> A Disney+ t\u00e1mogatott a Fire OS 6.0 vagy \u00fajabb rendszert futtat\u00f3 kompatibilis Fire TV eszk\u00f6z\u00f6k\u00f6n. A Fire OS 6.0 2017-ben jelent meg.<\/p>\n\n\n\n<p class=\"wp-block-paragraph\"><strong>VIDAA:<\/strong> A Disney+ t\u00e1mogatott a VIDAA U2.5, VIDAA U3 \u00e9s VIDAA 4.0 vagy \u00fajabb rendszert futtat\u00f3 egyes Hisense TV-ken. A t\u00e1mogat\u00e1s a 2017-t\u0151l kiadott kompatibilis Hisense modellekre vonatkozik.<\/p>\n\n\n\n<p class=\"wp-block-paragraph\"><strong>My Home Screen:<\/strong> A Disney+ t\u00e1mogatott a My Home Screen 2.0 rendszert \u00e9s az azt k\u00f6vet\u0151 kompatibilis verzi\u00f3kat futtat\u00f3 egyes Panasonic TV-ken. A t\u00e1mogat\u00e1s a 2017-ben \u00e9s k\u00e9s\u0151bb kiadott kompatibilis Panasonic modellekkel kezd\u0151d\u00f6tt.<\/p>\n\n\n\n<p class=\"wp-block-paragraph\"><strong>Titan OS:<\/strong> A Disney+ el\u00e9rhet\u0151 a Titan OS rendszert futtat\u00f3 kompatibilis TV-ken. A platformot egyes Philips \u00e9s JVC TV-modellek haszn\u00e1lj\u00e1k, \u00e9s a kompatibilit\u00e1st a TV platformja, nem pedig egy adott oper\u00e1ci\u00f3srendszer-verzi\u00f3 hat\u00e1rozza meg. A Titan OS-t el\u0151sz\u00f6r 2023-ban vezett\u00e9k be a Philips TV-ken, k\u00e9s\u0151bb pedig kor\u00e1bbi modell\u00e9vek TV-k\u00e9sz\u00fcl\u00e9keire is telep\u00edtett\u00e9k, bele\u00e9rtve a 2020-as modelleket is.<\/p>\n\n\n\n<p class=\"wp-block-paragraph\"><strong>SmartCast:<\/strong> A Disney+ t\u00e1mogatott a SmartCast platformot haszn\u00e1l\u00f3 kompatibilis VIZIO TV-ken. A t\u00e1mogat\u00e1s 2019-ben kezd\u0151d\u00f6tt, amikor a Disney+ szolg\u00e1ltat\u00e1s elindult.<\/p>\n\n\n\n<p class=\"wp-block-paragraph\">Az al\u00e1bbi t\u00e1bl\u00e1zat \u00e1ttekint\u00e9st ny\u00fajt a Disney+ el\u00e9rhet\u0151s\u00e9g\u00e9r\u0151l az oper\u00e1ci\u00f3s rendszer \u00e9s a TV-platform alapj\u00e1n.<\/p>\n\n\n\n<figure style=\"font-size:13px\" class=\"wp-block-table\"><table><thead><tr><th>OS \/ Platform<\/th><th>OS-verzi\u00f3<\/th><th>TV-m\u00e1rk\u00e1k<\/th><th>Disney+ t\u00e1mogat\u00e1s ett\u0151l az \u00e9vt\u0151l<\/th><\/tr><\/thead><tbody><tr><td>LG webOS<\/td><td>3.0 \u00e9s \u00fajabb<\/td><td>LG<\/td><td>2016<\/td><\/tr><tr><td>Samsung Tizen<\/td><td>2.4 \u00e9s \u00fajabb<\/td><td>Samsung<\/td><td>2016<\/td><\/tr><tr><td>Android TV \/ Google TV<\/td><td>Android TV 6.0 \u00e9s \u00fajabb<\/td><td>Sony, Hisense, Philips, Sharp, TCL \u00e9s m\u00e1sok<\/td><td>2016<\/td><\/tr><tr><td>Roku OS<\/td><td>Roku OS 9.2 vagy \u00fajabb<\/td><td>TCL, Hisense, Sharp \u00e9s m\u00e1sok<\/td><td>2019<\/td><\/tr><tr><td>Fire OS<\/td><td>6.0 \u00e9s \u00fajabb<\/td><td>Amazon, Toshiba, Hisense \u00e9s m\u00e1sok<\/td><td>2017<\/td><\/tr><tr><td>VIDAA<\/td><td>VIDAA U2.5, U3 \u00e9s 4.0 vagy \u00fajabb<\/td><td>Hisense<\/td><td>2017<\/td><\/tr><tr><td>My Home Screen<\/td><td>My Home Screen 2.0<\/td><td>Panasonic<\/td><td>2017<\/td><\/tr><tr><td>Titan OS<\/td><td>Az OS-verzi\u00f3 nem alkalmazhat\u00f3; a TV platformj\u00e1hoz k\u00f6t\u0151dik.<\/td><td>Philips 2026Philips 2025JVC 2025Philips 2024Philips 2023Philips 2022Philips 2021Philips 2020Sharp 2026<\/td><td>2023<\/td><\/tr><tr><td>SmartCast<\/td><td>Vizio<\/td><td>VIZIO<\/td><td>2019<\/td><\/tr><\/tbody><\/table><\/figure>\n\n\n\n<h2 class=\"wp-block-heading has-text-align-center\"><strong>Mit tegyen, ha a TV-je nem t\u00e1mogatja a Disney+ szolg\u00e1ltat\u00e1st?<\/strong><\/h2>\n\n\n\n<p class=\"wp-block-paragraph\">Ha a TV-je nem t\u00e1mogatja a Disney+ szolg\u00e1ltat\u00e1st, haszn\u00e1lhat olyan k\u00fcls\u0151 streamingeszk\u00f6zt, amely t\u00e1mogatja a szolg\u00e1ltat\u00e1st. Csatlakoztassa az eszk\u00f6zt HDMI-n kereszt\u00fcl a TV-hez, majd telep\u00edtse a Disney+ alkalmaz\u00e1st az eszk\u00f6zre.<\/p>\n\n\n\n<p class=\"wp-block-paragraph\">A streamingeszk\u00f6z futtatja a Disney+ alkalmaz\u00e1st \u00e9s csatlakozik az internethez, m\u00edg a TV csak a vide\u00f3 megjelen\u00edt\u00e9s\u00e9re szolg\u00e1l.<\/p>\n\n\n\n<p class=\"wp-block-paragraph\">A t\u00e1mogatott lehet\u0151s\u00e9gek k\u00f6z\u00e9 tartozik a <strong>Roku, az Amazon Fire TV, a Google TV \u00e9s az Apple TV<\/strong>. Ez egyszer\u0171 m\u00f3dja annak, hogy Disney+ szolg\u00e1ltat\u00e1st haszn\u00e1ljon egy r\u00e9gebbi vagy nem t\u00e1mogatott okost\u00e9v\u00e9n an\u00e9lk\u00fcl, hogy le kellene cser\u00e9lnie a telev\u00edzi\u00f3t.<\/p>\n\n\n\n<p class=\"wp-block-paragraph\">A 4K UHD vagy HDR lej\u00e1tsz\u00e1shoz mind a streamingeszk\u00f6znek, mind a TV-nek t\u00e1mogatnia kell a sz\u00fcks\u00e9ges videoform\u00e1tumot.<\/p>\n","protected":false},"excerpt":{"rendered":"<p>A Disney+ sz\u00e1mos okost\u00e9v\u00e9n \u00e9s TV-hez csatlakoztathat\u00f3 eszk\u00f6z\u00f6n \u00e9rhet\u0151 el. Azonban nem minden okost\u00e9v\u00e9 t\u00e1mogatja a szolg\u00e1ltat\u00e1st. A kompatibilit\u00e1s a TV modellj\u00e9t\u0151l, az oper\u00e1ci\u00f3s rendszert\u0151l, a szoftververzi\u00f3t\u00f3l \u00e9s a r\u00e9gi\u00f3t\u00f3l f\u00fcgg. A legmegb\u00edzhat\u00f3bb m\u00f3dja annak ellen\u0151rz\u00e9s\u00e9re, hogy TV-je t\u00e1mogatja-e a Disney+ szolg\u00e1ltat\u00e1st, ha megnyitja a TV alkalmaz\u00e1s\u00e1ruh\u00e1z\u00e1t, \u00e9s r\u00e1keres a hivatalos Disney+ alkalmaz\u00e1sra. Ha az [&hellip;]<\/p>\n","protected":false},"author":1,"featured_media":13120,"comment_status":"open","ping_status":"open","sticky":false,"template":"","format":"standard","meta":{"_monsterinsights_skip_tracking":false,"footnotes":""},"categories":[14],"tags":[578],"class_list":["post-13118","post","type-post","status-publish","format-standard","has-post-thumbnail","category-streaming","tag-disney-plus"],"_links":{"self":[{"href":"https:\/\/global.tab-tv.com\/hu\/wp-json\/wp\/v2\/posts\/13118","targetHints":{"allow":["GET"]}}],"collection":[{"href":"https:\/\/global.tab-tv.com\/hu\/wp-json\/wp\/v2\/posts"}],"about":[{"href":"https:\/\/global.tab-tv.com\/hu\/wp-json\/wp\/v2\/types\/post"}],"author":[{"embeddable":true,"href":"https:\/\/global.tab-tv.com\/hu\/wp-json\/wp\/v2\/users\/1"}],"replies":[{"embeddable":true,"href":"https:\/\/global.tab-tv.com\/hu\/wp-json\/wp\/v2\/comments?post=13118"}],"version-history":[{"count":1,"href":"https:\/\/global.tab-tv.com\/hu\/wp-json\/wp\/v2\/posts\/13118\/revisions"}],"predecessor-version":[{"id":13121,"href":"https:\/\/global.tab-tv.com\/hu\/wp-json\/wp\/v2\/posts\/13118\/revisions\/13121"}],"wp:featuredmedia":[{"embeddable":true,"href":"https:\/\/global.tab-tv.com\/hu\/wp-json\/wp\/v2\/media\/13120"}],"wp:attachment":[{"href":"https:\/\/global.tab-tv.com\/hu\/wp-json\/wp\/v2\/media?parent=13118"}],"wp:term":[{"taxonomy":"category","embeddable":true,"href":"https:\/\/global.tab-tv.com\/hu\/wp-json\/wp\/v2\/categories?post=13118"},{"taxonomy":"post_tag","embeddable":true,"href":"https:\/\/global.tab-tv.com\/hu\/wp-json\/wp\/v2\/tags?post=13118"}],"curies":[{"name":"wp","href":"https:\/\/api.w.org\/{rel}","templated":true}]}}