{"id":13129,"date":"2026-09-05T16:14:20","date_gmt":"2026-09-05T13:14:20","guid":{"rendered":"https:\/\/global.tab-tv.com\/hu\/?p=13129"},"modified":"2026-09-05T16:14:22","modified_gmt":"2026-09-05T13:14:22","slug":"ki-gyartja-az-iphone-es-ipad-processzorait","status":"publish","type":"post","link":"https:\/\/global.tab-tv.com\/hu\/ki-gyartja-az-iphone-es-ipad-processzorait\/","title":{"rendered":"Ki gy\u00e1rtja az iPhone \u00e9s iPad processzorait?"},"content":{"rendered":"\n<p class=\"wp-block-paragraph\">Az Apple tervezi az iPhone-okban \u00e9s iPadekben haszn\u00e1lt processzorokat, de ezeket a chipeket nem maga gy\u00e1rtja. Az Apple felel a processzorarchitekt\u00fara fejleszt\u00e9s\u00e9\u00e9rt \u00e9s mag\u00e1nak a chipnek a megtervez\u00e9s\u00e9\u00e9rt, m\u00edg a k\u00e9sz chipeket erre szakosodott f\u00e9lvezet\u0151gy\u00e1rt\u00f3k \u00e1ll\u00edtj\u00e1k el\u0151.<\/p>\n\n\n\n<p class=\"wp-block-paragraph\">A modern iPhone-ok \u00e9s iPadek eset\u00e9ben az Apple legfontosabb gy\u00e1rt\u00e1si partnere a <strong>TSMC (Taiwan Semiconductor Manufacturing Company)<\/strong>.<\/p>\n\n\n\n<p class=\"wp-block-paragraph\">Az Apple mobilprocesszorai az <strong>A-sorozatba<\/strong> tartoznak, t\u00f6bbek k\u00f6z\u00f6tt az A15 Bionic, A16 Bionic, A17 Pro, A18, A18 Pro \u00e9s A19 Pro. Egyes iPad-modellek szint\u00e9n az A-sorozat\u00fa chipeket haszn\u00e1lj\u00e1k, m\u00edg a fejlettebb iPadek az M-sorozat processzoraival vannak felszerelve.<\/p>\n\n\n\n<h2 class=\"wp-block-heading has-text-align-center\"><strong>Samsung \u00e9s TSMC<\/strong><\/h2>\n\n\n\n<p class=\"wp-block-paragraph\">Az Apple nem mindig t\u00e1maszkodott a TSMC-re. A Samsung sz\u00e1mos korai Apple-processzort gy\u00e1rtott, \u00e9s a k\u00e9t v\u00e1llalat t\u00f6bb iPhone- \u00e9s iPad-gener\u00e1ci\u00f3n kereszt\u00fcl m\u0171k\u00f6d\u00f6tt egy\u00fctt.<\/p>\n\n\n\n<p class=\"wp-block-paragraph\">Az Apple fokozatosan a TSMC-hez helyezte \u00e1t az A-sorozat\u00fa processzorok gy\u00e1rt\u00e1s\u00e1t. Az A8 fontos l\u00e9p\u00e9s volt ebben az \u00e1tmenetben, m\u00edg az A9 k\u00fcl\u00f6nleges esetnek sz\u00e1m\u00edtott: az Apple a Samsungot \u00e9s a TSMC-t is haszn\u00e1lta ennek a processzornak a gy\u00e1rt\u00e1s\u00e1hoz. Ez\u00e9rt egyes iPhone 6s \u00e9s iPhone 6s Plus k\u00e9sz\u00fcl\u00e9kekben Samsung \u00e1ltal gy\u00e1rtott A9 processzor tal\u00e1lhat\u00f3, m\u00edg m\u00e1sokban TSMC \u00e1ltal gy\u00e1rtott A9.<\/p>\n\n\n\n<p class=\"wp-block-paragraph\">Az A9 ut\u00e1n a TSMC v\u00e1lt az Apple A-sorozat\u00fa processzorainak f\u0151 gy\u00e1rt\u00f3j\u00e1v\u00e1.<\/p>\n\n\n\n<h2 class=\"wp-block-heading has-text-align-center\"><strong>Az Apple processzorainak gy\u00e1rt\u00f3i gener\u00e1ci\u00f3nk\u00e9nt<\/strong><\/h2>\n\n\n\n<figure style=\"font-size:13px\" class=\"wp-block-table\"><table><thead><tr><th>Processzor<\/th><th>Gy\u00e1rt\u00f3<\/th><\/tr><\/thead><tbody><tr><td>A4<\/td><td>Samsung<\/td><\/tr><tr><td>A5<\/td><td>Samsung<\/td><\/tr><tr><td>A6<\/td><td>Samsung<\/td><\/tr><tr><td>A7<\/td><td>Samsung<\/td><\/tr><tr><td>A8<\/td><td>TSMC<\/td><\/tr><tr><td>A9<\/td><td>Samsung \/ TSMC<\/td><\/tr><tr><td>A10 Fusion<\/td><td>TSMC<\/td><\/tr><tr><td>A11 Bionic<\/td><td>TSMC<\/td><\/tr><tr><td>A12 Bionic<\/td><td>TSMC<\/td><\/tr><tr><td>A13 Bionic<\/td><td>TSMC<\/td><\/tr><tr><td>A14 Bionic<\/td><td>TSMC<\/td><\/tr><tr><td>A15 Bionic<\/td><td>TSMC<\/td><\/tr><tr><td>A16<\/td><td>TSMC<\/td><\/tr><tr><td>A17 Pro<\/td><td>TSMC<\/td><\/tr><tr><td>A18 \/ A18 Pro<\/td><td>TSMC<\/td><\/tr><tr><td>A19 \/ A19 Pro<\/td><td>TSMC<\/td><\/tr><\/tbody><\/table><\/figure>\n\n\n\n<h2 class=\"wp-block-heading has-text-align-center\"><strong>Mi\u00e9rt haszn\u00e1lja az Apple a TSMC-t?<\/strong><\/h2>\n\n\n\n<figure class=\"wp-block-image size-full\"><img loading=\"lazy\" decoding=\"async\" width=\"1024\" height=\"512\" src=\"https:\/\/global.tab-tv.com\/hu\/wp-content\/uploads\/sites\/3\/2026\/09\/Apple-processor-manufacturers-by-generation.webp\" alt=\"\" class=\"wp-image-13130\" srcset=\"https:\/\/global.tab-tv.com\/hu\/wp-content\/uploads\/sites\/3\/2026\/09\/Apple-processor-manufacturers-by-generation.webp 1024w, https:\/\/global.tab-tv.com\/hu\/wp-content\/uploads\/sites\/3\/2026\/09\/Apple-processor-manufacturers-by-generation-300x150.webp 300w, https:\/\/global.tab-tv.com\/hu\/wp-content\/uploads\/sites\/3\/2026\/09\/Apple-processor-manufacturers-by-generation-768x384.webp 768w, https:\/\/global.tab-tv.com\/hu\/wp-content\/uploads\/sites\/3\/2026\/09\/Apple-processor-manufacturers-by-generation-320x160.webp 320w\" sizes=\"auto, (max-width: 1024px) 100vw, 1024px\" \/><\/figure>\n\n\n\n<p class=\"wp-block-paragraph\">Egy processzor megtervez\u00e9se \u00e9s gy\u00e1rt\u00e1sa k\u00e9t teljesen k\u00fcl\u00f6nb\u00f6z\u0151 tev\u00e9kenys\u00e9g. A modern f\u00e9lvezet\u0151gy\u00e1rak fel\u00e9p\u00edt\u00e9se hatalmas beruh\u00e1z\u00e1sokat ig\u00e9nyel a berendez\u00e9sekbe, gy\u00e1rt\u00e1stechnol\u00f3gi\u00e1kba \u00e9s kutat\u00e1sba.<\/p>\n\n\n\n<p class=\"wp-block-paragraph\">Az Apple ez\u00e9rt saj\u00e1t chipjeinek fejleszt\u00e9s\u00e9re \u00f6sszpontos\u00edt ahelyett, hogy saj\u00e1t nagy gy\u00e1rt\u00f3\u00fczemeket m\u0171k\u00f6dtetne a processzorok el\u0151\u00e1ll\u00edt\u00e1s\u00e1ra. A TSMC f\u00e9lvezet\u0151gy\u00e1rt\u00e1sra szakosodott v\u00e1llalat, amely olyan v\u00e1llalatok \u00e1ltal tervezett chipeket gy\u00e1rt, mint az Apple.<\/p>\n\n\n\n<p class=\"wp-block-paragraph\">Ez a modell azt is lehet\u0151v\u00e9 teszi az Apple sz\u00e1m\u00e1ra, hogy hozz\u00e1f\u00e9rjen a TSMC legfejlettebb gy\u00e1rt\u00e1stechnol\u00f3gi\u00e1ihoz az \u00faj processzorgener\u00e1ci\u00f3k fejleszt\u00e9se sor\u00e1n.<\/p>\n\n\n\n<h2 class=\"wp-block-heading has-text-align-center\"><strong>Hol gy\u00e1rtj\u00e1k az Apple processzorait?<\/strong><\/h2>\n\n\n\n<p class=\"wp-block-paragraph\">A TSMC az Apple chipjeit saj\u00e1t f\u00e9lvezet\u0151gy\u00e1raiban gy\u00e1rtja. T\u00f6rt\u00e9nelmileg a TSMC fejlett gy\u00e1rt\u00e1s\u00e1nak jelent\u0151s r\u00e9sze Tajvanon koncentr\u00e1l\u00f3dott, de a v\u00e1llalat m\u00e1s orsz\u00e1gokban, k\u00f6zt\u00fck az Egyes\u00fclt \u00c1llamokban is b\u0151v\u00edtette gy\u00e1rt\u00f3kapacit\u00e1s\u00e1t.<\/p>\n\n\n\n<p class=\"wp-block-paragraph\">A pontos gy\u00e1rt\u00e1si hely a processzorgener\u00e1ci\u00f3t\u00f3l \u00e9s az alkalmazott gy\u00e1rt\u00e1stechnol\u00f3gi\u00e1t\u00f3l f\u00fcgg\u0151en v\u00e1ltozhat. Ez\u00e9rt nem helyes azt felt\u00e9telezni, hogy az Apple \u00f6sszes jelenlegi processzor\u00e1t az Egyes\u00fclt \u00c1llamokban gy\u00e1rtj\u00e1k csak az\u00e9rt, mert a TSMC-nek ott is vannak gy\u00e1rt\u00f3\u00fczemei.<\/p>\n\n\n\n<h2 class=\"wp-block-heading has-text-align-center\"><strong>Gy\u00e1rt m\u00e9g a Samsung processzorokat az iPhone sz\u00e1m\u00e1ra?<\/strong><\/h2>\n\n\n\n<p class=\"wp-block-paragraph\">A Samsung kor\u00e1bban az Apple processzorainak fontos gy\u00e1rt\u00f3ja volt, de <strong>jelenleg a TSMC az Apple A-sorozat\u00fa processzorainak f\u0151 gy\u00e1rt\u00f3ja<\/strong>.<\/p>\n\n\n\n<p class=\"wp-block-paragraph\">A k\u00e9t v\u00e1llalat k\u00f6z\u00f6tti kapcsolat ez\u00e9rt jelent\u0151sen megv\u00e1ltozott. A Samsung tov\u00e1bbra is fontos f\u00e9lvezet\u0151gy\u00e1rt\u00f3, de m\u00e1r nem az iPhone processzorainak els\u0151dleges besz\u00e1ll\u00edt\u00f3ja.<\/p>\n","protected":false},"excerpt":{"rendered":"<p>Az Apple tervezi az iPhone-okban \u00e9s iPadekben haszn\u00e1lt processzorokat, de ezeket a chipeket nem maga gy\u00e1rtja. Az Apple felel a processzorarchitekt\u00fara fejleszt\u00e9s\u00e9\u00e9rt \u00e9s mag\u00e1nak a chipnek a megtervez\u00e9s\u00e9\u00e9rt, m\u00edg a k\u00e9sz chipeket erre szakosodott f\u00e9lvezet\u0151gy\u00e1rt\u00f3k \u00e1ll\u00edtj\u00e1k el\u0151. A modern iPhone-ok \u00e9s iPadek eset\u00e9ben az Apple legfontosabb gy\u00e1rt\u00e1si partnere a TSMC (Taiwan Semiconductor Manufacturing Company). Az [&hellip;]<\/p>\n","protected":false},"author":1,"featured_media":13131,"comment_status":"open","ping_status":"open","sticky":false,"template":"","format":"standard","meta":{"_monsterinsights_skip_tracking":false,"footnotes":""},"categories":[4],"tags":[13,12],"class_list":["post-13129","post","type-post","status-publish","format-standard","has-post-thumbnail","category-apple","tag-ipad","tag-iphone"],"_links":{"self":[{"href":"https:\/\/global.tab-tv.com\/hu\/wp-json\/wp\/v2\/posts\/13129","targetHints":{"allow":["GET"]}}],"collection":[{"href":"https:\/\/global.tab-tv.com\/hu\/wp-json\/wp\/v2\/posts"}],"about":[{"href":"https:\/\/global.tab-tv.com\/hu\/wp-json\/wp\/v2\/types\/post"}],"author":[{"embeddable":true,"href":"https:\/\/global.tab-tv.com\/hu\/wp-json\/wp\/v2\/users\/1"}],"replies":[{"embeddable":true,"href":"https:\/\/global.tab-tv.com\/hu\/wp-json\/wp\/v2\/comments?post=13129"}],"version-history":[{"count":1,"href":"https:\/\/global.tab-tv.com\/hu\/wp-json\/wp\/v2\/posts\/13129\/revisions"}],"predecessor-version":[{"id":13132,"href":"https:\/\/global.tab-tv.com\/hu\/wp-json\/wp\/v2\/posts\/13129\/revisions\/13132"}],"wp:featuredmedia":[{"embeddable":true,"href":"https:\/\/global.tab-tv.com\/hu\/wp-json\/wp\/v2\/media\/13131"}],"wp:attachment":[{"href":"https:\/\/global.tab-tv.com\/hu\/wp-json\/wp\/v2\/media?parent=13129"}],"wp:term":[{"taxonomy":"category","embeddable":true,"href":"https:\/\/global.tab-tv.com\/hu\/wp-json\/wp\/v2\/categories?post=13129"},{"taxonomy":"post_tag","embeddable":true,"href":"https:\/\/global.tab-tv.com\/hu\/wp-json\/wp\/v2\/tags?post=13129"}],"curies":[{"name":"wp","href":"https:\/\/api.w.org\/{rel}","templated":true}]}}