{"id":13139,"date":"2026-09-07T00:18:47","date_gmt":"2026-09-06T21:18:47","guid":{"rendered":"https:\/\/global.tab-tv.com\/hu\/?p=13139"},"modified":"2026-09-07T00:18:48","modified_gmt":"2026-09-06T21:18:48","slug":"hol-keszulnek-a-hitachi-televiziok-es-ki-gyartja-oket","status":"publish","type":"post","link":"https:\/\/global.tab-tv.com\/hu\/hol-keszulnek-a-hitachi-televiziok-es-ki-gyartja-oket\/","title":{"rendered":"Hol k\u00e9sz\u00fclnek a Hitachi telev\u00edzi\u00f3k, \u00e9s ki gy\u00e1rtja \u0151ket?"},"content":{"rendered":"\n<p class=\"wp-block-paragraph\">A Hitachi egy hossz\u00fa m\u00faltra visszatekint\u0151 jap\u00e1n elektronikai m\u00e1rka, amely kor\u00e1bban telev\u00edzi\u00f3k gy\u00e1rt\u00e1s\u00e1val is foglalkozott. A Hitachi azonban m\u00e1r nem rendelkezik saj\u00e1t fogyaszt\u00f3i telev\u00edzi\u00f3gy\u00e1rt\u00e1ssal. Napjainkban a Hitachi m\u00e1rk\u00e1j\u00fa telev\u00edzi\u00f3kat m\u00e1s v\u00e1llalatok gy\u00e1rtj\u00e1k licenc- \u00e9s gy\u00e1rt\u00e1si meg\u00e1llapod\u00e1sok alapj\u00e1n.<\/p>\n\n\n\n<p class=\"wp-block-paragraph\">A gy\u00e1rt\u00f3 \u00e9s a gy\u00e1rt\u00e1s orsz\u00e1ga a piact\u00f3l \u00e9s az adott modellt\u0151l f\u00fcgg.<\/p>\n\n\n\n<h2 class=\"wp-block-heading has-text-align-center\"><strong>Ki gy\u00e1rtja a Hitachi telev\u00edzi\u00f3kat?<\/strong><\/h2>\n\n\n\n<p class=\"wp-block-paragraph\">A Hitachi megsz\u00fcntette a fogyaszt\u00f3i telev\u00edzi\u00f3k saj\u00e1t gy\u00e1rt\u00e1s\u00e1t, \u00e9s kiszervez\u00e9si modellre t\u00e9rt \u00e1t. Ez azt jelenti, hogy a telev\u00edzi\u00f3t egy m\u00e1sik elektronikai v\u00e1llalat gy\u00e1rtja, mik\u00f6zben a term\u00e9ket Hitachi m\u00e1rkan\u00e9v alatt \u00e9rt\u00e9kes\u00edtik.<\/p>\n\n\n\n<p class=\"wp-block-paragraph\">Eur\u00f3p\u00e1ban a Hitachi telev\u00edzi\u00f3k szorosan kapcsol\u00f3dtak a Vestelhez, amely Eur\u00f3pa egyik legnagyobb telev\u00edzi\u00f3gy\u00e1rt\u00f3ja. A Vestel telev\u00edzi\u00f3gy\u00e1rt\u00f3 \u00fczemeket m\u0171k\u00f6dtet T\u00f6r\u00f6korsz\u00e1gban, \u00e9s sz\u00e1mos nemzetk\u00f6zi m\u00e1rka sz\u00e1m\u00e1ra sz\u00e1ll\u00edt telev\u00edzi\u00f3kat.<\/p>\n\n\n\n<p class=\"wp-block-paragraph\">Az eur\u00f3pai term\u00e9kregisztr\u00e1ci\u00f3k azt is mutatj\u00e1k, hogy a Vestel v\u00e1llalatai bizonyos Hitachi telev\u00edzi\u00f3modellekhez kapcsol\u00f3dnak. P\u00e9ld\u00e1ul a Hitachi 43HAK5350 \u00e9s 42HAK5353 modellek regisztr\u00e1ci\u00f3s dokument\u00e1ci\u00f3j\u00e1ban Vestel v\u00e1llalatok szerepelnek.<\/p>\n\n\n\n<p class=\"wp-block-paragraph\">Ez\u00e9rt az eur\u00f3pai piacra sz\u00e1nt sz\u00e1mos Hitachi telev\u00edzi\u00f3 t\u00e9nyleges gy\u00e1rt\u00e1sa a Vestel gy\u00e1rt\u00e1si h\u00e1l\u00f3zat\u00e1n bel\u00fcl t\u00f6rt\u00e9nik, nem pedig k\u00f6zvetlen\u00fcl a Hitachin\u00e1l.<\/p>\n\n\n\n<h2 class=\"wp-block-heading has-text-align-center\"><strong>Hol k\u00e9sz\u00fclnek a Hitachi telev\u00edzi\u00f3k?<\/strong><\/h2>\n\n\n\n<p class=\"wp-block-paragraph\">Nincs egyetlen olyan orsz\u00e1g, ahol az \u00f6sszes Hitachi telev\u00edzi\u00f3t gy\u00e1rtj\u00e1k.<\/p>\n\n\n\n<p class=\"wp-block-paragraph\">Az eur\u00f3pai piacra sz\u00e1nt Hitachi telev\u00edzi\u00f3kat a Vestel gy\u00e1rt\u00e1si h\u00e1l\u00f3zat\u00e1n kereszt\u00fcl gy\u00e1rtott\u00e1k, t\u00f6bbek k\u00f6z\u00f6tt a T\u00f6r\u00f6korsz\u00e1gban tal\u00e1lhat\u00f3 \u00fczemekben. A pontos gy\u00e1rt\u00e1si hely a modellt\u0151l \u00e9s az adott sz\u00e1ll\u00edt\u00e1si meg\u00e1llapod\u00e1st\u00f3l f\u00fcgg\u0151en v\u00e1ltozhat.<\/p>\n\n\n\n<p class=\"wp-block-paragraph\">Ez\u00e9rt egy adott Hitachi telev\u00edzi\u00f3 sz\u00e1rmaz\u00e1si orsz\u00e1g\u00e1nak meghat\u00e1roz\u00e1s\u00e1ra a legjobb m\u00f3dszer a telev\u00edzi\u00f3n vagy annak csomagol\u00e1s\u00e1n tal\u00e1lhat\u00f3, sz\u00e1rmaz\u00e1si orsz\u00e1got felt\u00fcntet\u0151 c\u00edmke ellen\u0151rz\u00e9se.<\/p>\n\n\n\n<p class=\"wp-block-paragraph\">A Hitachi m\u00e1rkan\u00e9v \u00f6nmag\u00e1ban nem jelenti azt, hogy a telev\u00edzi\u00f3 Jap\u00e1nban k\u00e9sz\u00fclt.<\/p>\n\n\n\n<figure style=\"font-size:13px\" class=\"wp-block-table\"><table><thead><tr><th>Piac<\/th><th>Helyzet<\/th><\/tr><\/thead><tbody><tr><td>Eur\u00f3pa<\/td><td>A Hitachi telev\u00edzi\u00f3kat a Vestel gy\u00e1rt\u00e1si h\u00e1l\u00f3zat\u00e1n kereszt\u00fcl gy\u00e1rtott\u00e1k<\/td><\/tr><tr><td>Jap\u00e1n<\/td><td>A Hitachi m\u00e1r nem m\u0171k\u00f6dteti kor\u00e1bbi fogyaszt\u00f3i telev\u00edzi\u00f3gy\u00e1rt\u00e1s\u00e1t<\/td><\/tr><tr><td>Egyes\u00fclt \u00c1llamok \u00e9s Kanada<\/td><td>A Hitachi 2020-ban megsz\u00fcntette a fogyaszt\u00f3i term\u00e9kek \u00e9rt\u00e9kes\u00edt\u00e9s\u00e9t \u00e9s forgalmaz\u00e1s\u00e1t<\/td><\/tr><tr><td>Egy\u00e9b piacok<\/td><td>Az el\u00e9rhet\u0151s\u00e9g \u00e9s a gy\u00e1rt\u00e1si meg\u00e1llapod\u00e1sok a helyi piact\u00f3l f\u00fcggnek<\/td><\/tr><\/tbody><\/table><\/figure>\n\n\n\n<h2 class=\"wp-block-heading has-text-align-center\"><strong>Mi\u00e9rt nem gy\u00e1rt a Hitachi saj\u00e1t telev\u00edzi\u00f3kat?<\/strong><\/h2>\n\n\n\n<p class=\"wp-block-paragraph\">A telev\u00edzi\u00f3piac az elm\u00falt \u00e9vtizedekben jelent\u0151sen megv\u00e1ltozott. A modern telev\u00edzi\u00f3k gy\u00e1rt\u00e1s\u00e1hoz nagy gy\u00e1rt\u00e1si volumenre, valamint jelent\u0151s beruh\u00e1z\u00e1sokra van sz\u00fcks\u00e9g a gy\u00e1rak, az alkatr\u00e9szek \u00e9s az ell\u00e1t\u00e1si l\u00e1ncok ter\u00fclet\u00e9n.<\/p>\n\n\n\n<p class=\"wp-block-paragraph\">A Hitachi sz\u00e1m\u00e1ra a fogyaszt\u00f3i telev\u00edzi\u00f3k saj\u00e1t gy\u00e1rt\u00e1s\u00e1nak folytat\u00e1sa m\u00e1r nem volt el\u0151ny\u00f6s strat\u00e9gia. A v\u00e1llalat ez\u00e9rt visszal\u00e9pett a k\u00f6zvetlen telev\u00edzi\u00f3gy\u00e1rt\u00e1st\u00f3l, \u00e9s m\u00e1s gy\u00e1rt\u00f3k szolg\u00e1ltat\u00e1sait kezdte ig\u00e9nybe venni.<\/p>\n\n\n\n<p class=\"wp-block-paragraph\">Ez a megk\u00f6zel\u00edt\u00e9s lehet\u0151v\u00e9 teszi egy m\u00e1rka sz\u00e1m\u00e1ra, hogy tov\u00e1bbra is \u00e9rt\u00e9kes\u00edtsen term\u00e9keket an\u00e9lk\u00fcl, hogy saj\u00e1t telev\u00edzi\u00f3gy\u00e1rakat kellene birtokolnia \u00e9s m\u0171k\u00f6dtetnie.<\/p>\n\n\n\n<p class=\"wp-block-paragraph\">Ez a telev\u00edzi\u00f3iparban is elterjedt \u00fczleti modell. Egy gy\u00e1rt\u00f3 t\u00f6bb k\u00fcl\u00f6nb\u00f6z\u0151 m\u00e1rka sz\u00e1m\u00e1ra is gy\u00e1rthat telev\u00edzi\u00f3kat, mik\u00f6zben minden m\u00e1rka saj\u00e1t nev\u00e9t, term\u00e9kk\u00edn\u00e1lat\u00e1t \u00e9s \u00e9rt\u00e9kes\u00edt\u00e9si h\u00e1l\u00f3zat\u00e1t haszn\u00e1lja.<\/p>\n\n\n\n<h2 class=\"wp-block-heading has-text-align-center\"><strong>Mi t\u00f6rt\u00e9nt a Hitachi telev\u00edzi\u00f3kkal az Egyes\u00fclt \u00c1llamokban \u00e9s Kanad\u00e1ban?<\/strong><\/h2>\n\n\n\n<p class=\"wp-block-paragraph\">A Hitachi \u00e9szak-amerikai fogyaszt\u00f3i elektronikai \u00fczlet\u00e1ga m\u00e1s ir\u00e1nyt k\u00f6vetett.<\/p>\n\n\n\n<p class=\"wp-block-paragraph\">A Hitachi America szerint a v\u00e1llalat 2020-ban v\u00e9glegesen megsz\u00fcntette a Hitachi m\u00e1rk\u00e1j\u00fa fogyaszt\u00f3i term\u00e9kek \u00e9rt\u00e9kes\u00edt\u00e9s\u00e9t \u00e9s forgalmaz\u00e1s\u00e1t az Egyes\u00fclt \u00c1llamokban \u00e9s Kanad\u00e1ban.<\/p>\n\n\n\n<p class=\"wp-block-paragraph\">Ennek k\u00f6vetkezt\u00e9ben az ezeken a piacokon ma megtal\u00e1lhat\u00f3 Hitachi telev\u00edzi\u00f3k \u00e1ltal\u00e1ban r\u00e9gebbi term\u00e9kek, \u00e9s m\u00e1r nem r\u00e9szei a Hitachi akt\u00edv fogyaszt\u00f3i telev\u00edzi\u00f3s \u00fczlet\u00e1g\u00e1nak.<\/p>\n\n\n\n<p class=\"wp-block-paragraph\">Ezt fontos figyelembe venni a Hitachi telev\u00edzi\u00f3kr\u00f3l sz\u00f3l\u00f3 r\u00e9gebbi inform\u00e1ci\u00f3k olvas\u00e1sakor. A n\u00e9h\u00e1ny \u00e9vvel ezel\u0151tt megjelent cikkek olyan gy\u00e1rt\u00f3kat, forgalmaz\u00f3kat vagy term\u00e9ksorozatokat mutathatnak be, amelyek m\u00e1r nem relev\u00e1nsak a jelenlegi piacon.<\/p>\n","protected":false},"excerpt":{"rendered":"<p>A Hitachi egy hossz\u00fa m\u00faltra visszatekint\u0151 jap\u00e1n elektronikai m\u00e1rka, amely kor\u00e1bban telev\u00edzi\u00f3k gy\u00e1rt\u00e1s\u00e1val is foglalkozott. A Hitachi azonban m\u00e1r nem rendelkezik saj\u00e1t fogyaszt\u00f3i telev\u00edzi\u00f3gy\u00e1rt\u00e1ssal. Napjainkban a Hitachi m\u00e1rk\u00e1j\u00fa telev\u00edzi\u00f3kat m\u00e1s v\u00e1llalatok gy\u00e1rtj\u00e1k licenc- \u00e9s gy\u00e1rt\u00e1si meg\u00e1llapod\u00e1sok alapj\u00e1n. A gy\u00e1rt\u00f3 \u00e9s a gy\u00e1rt\u00e1s orsz\u00e1ga a piact\u00f3l \u00e9s az adott modellt\u0151l f\u00fcgg. Ki gy\u00e1rtja a Hitachi telev\u00edzi\u00f3kat? [&hellip;]<\/p>\n","protected":false},"author":1,"featured_media":13140,"comment_status":"open","ping_status":"open","sticky":false,"template":"","format":"standard","meta":{"_monsterinsights_skip_tracking":false,"footnotes":""},"categories":[26],"tags":[],"class_list":["post-13139","post","type-post","status-publish","format-standard","has-post-thumbnail","category-tv"],"_links":{"self":[{"href":"https:\/\/global.tab-tv.com\/hu\/wp-json\/wp\/v2\/posts\/13139","targetHints":{"allow":["GET"]}}],"collection":[{"href":"https:\/\/global.tab-tv.com\/hu\/wp-json\/wp\/v2\/posts"}],"about":[{"href":"https:\/\/global.tab-tv.com\/hu\/wp-json\/wp\/v2\/types\/post"}],"author":[{"embeddable":true,"href":"https:\/\/global.tab-tv.com\/hu\/wp-json\/wp\/v2\/users\/1"}],"replies":[{"embeddable":true,"href":"https:\/\/global.tab-tv.com\/hu\/wp-json\/wp\/v2\/comments?post=13139"}],"version-history":[{"count":1,"href":"https:\/\/global.tab-tv.com\/hu\/wp-json\/wp\/v2\/posts\/13139\/revisions"}],"predecessor-version":[{"id":13141,"href":"https:\/\/global.tab-tv.com\/hu\/wp-json\/wp\/v2\/posts\/13139\/revisions\/13141"}],"wp:featuredmedia":[{"embeddable":true,"href":"https:\/\/global.tab-tv.com\/hu\/wp-json\/wp\/v2\/media\/13140"}],"wp:attachment":[{"href":"https:\/\/global.tab-tv.com\/hu\/wp-json\/wp\/v2\/media?parent=13139"}],"wp:term":[{"taxonomy":"category","embeddable":true,"href":"https:\/\/global.tab-tv.com\/hu\/wp-json\/wp\/v2\/categories?post=13139"},{"taxonomy":"post_tag","embeddable":true,"href":"https:\/\/global.tab-tv.com\/hu\/wp-json\/wp\/v2\/tags?post=13139"}],"curies":[{"name":"wp","href":"https:\/\/api.w.org\/{rel}","templated":true}]}}