{"id":1693,"date":"2023-10-22T09:20:00","date_gmt":"2023-10-22T06:20:00","guid":{"rendered":"https:\/\/global.tab-tv.com\/hu\/?p=1693"},"modified":"2023-10-22T21:48:53","modified_gmt":"2023-10-22T18:48:53","slug":"hogyan-utemezzen-be-egy-e-mailt-az-outlookban","status":"publish","type":"post","link":"https:\/\/global.tab-tv.com\/hu\/hogyan-utemezzen-be-egy-e-mailt-az-outlookban\/","title":{"rendered":"E-mail \u00fctemez\u00e9se az Outlookban"},"content":{"rendered":"\n<p>K\u00e9pzelje el ezt: az \u00edr\u00f3asztal\u00e1n\u00e1l \u00fcl, kortyolgatja a reggeli k\u00e1v\u00e9j\u00e1t, \u00e9s hirtelen esz\u00e9be jut egy fontos e-mail, amelyet el kell k\u00fcldenie a nap folyam\u00e1n. De v\u00e1rjon, nem akarja megkock\u00e1ztatni, hogy elfelejti vagy t\u00fal kor\u00e1n elk\u00fcldi. Itt j\u00f6n a seg\u00edts\u00e9g az e-mailek \u00fctemez\u00e9se az Outlookban.<\/p>\n\n\n\n<p>Legyen sz\u00f3 Outlook-felhaszn\u00e1l\u00f3r\u00f3l Windows-on, Mac-en, webes vagy mobilalkalmaz\u00e1sban, mi megtal\u00e1ljuk \u00d6nt. Tiszt\u00e1ban vagyunk vele, hogy minden platform egyedi fel\u00fclettel \u00e9s funkci\u00f3kkal rendelkezhet, ez\u00e9rt l\u00e9p\u00e9sr\u0151l l\u00e9p\u00e9sre v\u00e9gigvezetj\u00fck az eszk\u00f6z\u00e9re szabott utas\u00edt\u00e1sokon.<\/p>\n\n\n\n<h2 class=\"wp-block-heading\"><a><\/a><strong>Az e-mailek k\u00e9sleltet\u00e9se a Windows Outlookban<\/strong><\/h2>\n\n\n\n<p>Az Outlook a Windowson egy k\u00e9nyelmes funkci\u00f3t k\u00edn\u00e1l, amely lehet\u0151v\u00e9 teszi az e-mailek k\u00e9zbes\u00edt\u00e9s\u00e9nek k\u00e9sleltet\u00e9s\u00e9t. Ez k\u00fcl\u00f6n\u00f6sen akkor lehet hasznos, ha egyszerre szeretne e-mailt \u00edrni, de egy k\u00e9s\u0151bbi, megfelel\u0151bb id\u0151pontban szeretn\u00e9 elk\u00fcldeni. A k\u00f6vetkez\u0151k\u00e9ppen teheti meg:<\/p>\n\n\n\n<ul class=\"wp-block-list\">\n<li>Nyissa meg az Outlookot Windows sz\u00e1m\u00edt\u00f3g\u00e9p\u00e9n, \u00e9s <strong>kattintson az \u201e\u00daj e-mail\u201d gombra <\/strong>\u00faj \u00fczenet \u00edr\u00e1s\u00e1hoz.<\/li>\n<\/ul>\n\n\n\n<figure class=\"wp-block-image size-full\"><img loading=\"lazy\" decoding=\"async\" width=\"1024\" height=\"671\" src=\"https:\/\/global.tab-tv.com\/hu\/wp-content\/uploads\/sites\/3\/2023\/10\/How-to-delay-an-email-in-Outlook-on-Windows-1.webp\" alt=\"\" class=\"wp-image-8852\" srcset=\"https:\/\/global.tab-tv.com\/hu\/wp-content\/uploads\/sites\/3\/2023\/10\/How-to-delay-an-email-in-Outlook-on-Windows-1.webp 1024w, https:\/\/global.tab-tv.com\/hu\/wp-content\/uploads\/sites\/3\/2023\/10\/How-to-delay-an-email-in-Outlook-on-Windows-1-300x197.webp 300w, https:\/\/global.tab-tv.com\/hu\/wp-content\/uploads\/sites\/3\/2023\/10\/How-to-delay-an-email-in-Outlook-on-Windows-1-768x503.webp 768w\" sizes=\"auto, (max-width: 1024px) 100vw, 1024px\" \/><\/figure>\n\n\n\n<ul class=\"wp-block-list\">\n<li><strong>\u00cdrja meg az e-mailt a szok\u00e1sos m\u00f3don <\/strong>, bele\u00e9rtve a c\u00edmzett e-mail c\u00edm\u00e9t, t\u00e1rgy\u00e1t \u00e9s t\u00f6rzs\u00e9t.<\/li>\n\n\n\n<li>Miut\u00e1n befejezte az e-mail \u00edr\u00e1s\u00e1t, <strong>kattintson az \u201eOpci\u00f3k\u201d f\u00fclre <\/strong>a fels\u0151 szalagon.<\/li>\n\n\n\n<li><strong>Kattintson a h\u00e1rompontos gombra <\/strong>a \u201eTov\u00e1bbi be\u00e1ll\u00edt\u00e1sok\u201d csoport megnyit\u00e1s\u00e1hoz.<\/li>\n\n\n\n<li>A \u201eTov\u00e1bbi be\u00e1ll\u00edt\u00e1sok\u201d csoportban <strong>kattintson a \u201eK\u00e9zbes\u00edt\u00e9s k\u00e9sleltet\u00e9se\u201d gombra <\/strong>.<\/li>\n<\/ul>\n\n\n\n<figure class=\"wp-block-image size-full\"><img loading=\"lazy\" decoding=\"async\" width=\"852\" height=\"547\" src=\"https:\/\/global.tab-tv.com\/hu\/wp-content\/uploads\/sites\/3\/2023\/10\/How-to-delay-an-email-in-Outlook-on-Windows-2.webp\" alt=\"\" class=\"wp-image-8851\" srcset=\"https:\/\/global.tab-tv.com\/hu\/wp-content\/uploads\/sites\/3\/2023\/10\/How-to-delay-an-email-in-Outlook-on-Windows-2.webp 852w, https:\/\/global.tab-tv.com\/hu\/wp-content\/uploads\/sites\/3\/2023\/10\/How-to-delay-an-email-in-Outlook-on-Windows-2-300x193.webp 300w, https:\/\/global.tab-tv.com\/hu\/wp-content\/uploads\/sites\/3\/2023\/10\/How-to-delay-an-email-in-Outlook-on-Windows-2-768x493.webp 768w\" sizes=\"auto, (max-width: 852px) 100vw, 852px\" \/><\/figure>\n\n\n\n<ul class=\"wp-block-list\">\n<li>A \u201eTulajdons\u00e1gok\u201d p\u00e1rbesz\u00e9dpanelen <strong>jel\u00f6lje be a \u201eNe sz\u00e1ll\u00edtson kor\u00e1bban\u201d melletti n\u00e9gyzetet <\/strong>, \u00e9s <strong>v\u00e1lassza ki a k\u00edv\u00e1nt d\u00e1tumot \u00e9s id\u0151pontot <\/strong>.<\/li>\n\n\n\n<li><strong>Kattintson a \u201eBez\u00e1r\u00e1s\u201d <\/strong>gombra a be\u00e1ll\u00edt\u00e1sok ment\u00e9s\u00e9hez.<\/li>\n<\/ul>\n\n\n\n<figure class=\"wp-block-image size-full\"><img loading=\"lazy\" decoding=\"async\" width=\"607\" height=\"469\" src=\"https:\/\/global.tab-tv.com\/hu\/wp-content\/uploads\/sites\/3\/2023\/10\/How-to-delay-an-email-in-Outlook-on-Windows-3.webp\" alt=\"\" class=\"wp-image-8850\" srcset=\"https:\/\/global.tab-tv.com\/hu\/wp-content\/uploads\/sites\/3\/2023\/10\/How-to-delay-an-email-in-Outlook-on-Windows-3.webp 607w, https:\/\/global.tab-tv.com\/hu\/wp-content\/uploads\/sites\/3\/2023\/10\/How-to-delay-an-email-in-Outlook-on-Windows-3-300x232.webp 300w\" sizes=\"auto, (max-width: 607px) 100vw, 607px\" \/><\/figure>\n\n\n\n<ul class=\"wp-block-list\">\n<li>V\u00e9g\u00fcl <strong>kattintson a \u201eK\u00fcld\u00e9s\u201d gombra <\/strong>az e-mail k\u00e9zbes\u00edt\u00e9s\u00e9nek \u00fctemez\u00e9s\u00e9hez a megadott id\u0151pontban.<\/li>\n<\/ul>\n\n\n\n<figure class=\"wp-block-image size-full\"><img loading=\"lazy\" decoding=\"async\" width=\"852\" height=\"547\" src=\"https:\/\/global.tab-tv.com\/hu\/wp-content\/uploads\/sites\/3\/2023\/10\/How-to-delay-an-email-in-Outlook-on-Windows-4.webp\" alt=\"\" class=\"wp-image-8849\" srcset=\"https:\/\/global.tab-tv.com\/hu\/wp-content\/uploads\/sites\/3\/2023\/10\/How-to-delay-an-email-in-Outlook-on-Windows-4.webp 852w, https:\/\/global.tab-tv.com\/hu\/wp-content\/uploads\/sites\/3\/2023\/10\/How-to-delay-an-email-in-Outlook-on-Windows-4-300x193.webp 300w, https:\/\/global.tab-tv.com\/hu\/wp-content\/uploads\/sites\/3\/2023\/10\/How-to-delay-an-email-in-Outlook-on-Windows-4-768x493.webp 768w\" sizes=\"auto, (max-width: 852px) 100vw, 852px\" \/><\/figure>\n\n\n\n<p>Az al\u00e1bbi l\u00e9p\u00e9sek k\u00f6vet\u00e9s\u00e9vel k\u00f6nnyed\u00e9n k\u00e9sleltetheti az e-mailek k\u00e9zbes\u00edt\u00e9s\u00e9t a Windows Outlookban, \u00edgy biztos\u00edtva, hogy \u00fczenetei a legmegfelel\u0151bb id\u0151pontban \u00e9rjenek el a c\u00edmzettekhez.<\/p>\n\n\n\n<h2 class=\"wp-block-heading\"><a><\/a><strong>E-mail \u00fctemez\u00e9se a Mac Outlookban<\/strong><\/h2>\n\n\n\n<p>Az e-mailek \u00fctemez\u00e9se a Mac sz\u00e1m\u00edt\u00f3g\u00e9pen az Outlook seg\u00edts\u00e9g\u00e9vel, ak\u00e1r a klasszikus, ak\u00e1r az \u00faj alkalmaz\u00e1sverzi\u00f3t haszn\u00e1lja, gyerekj\u00e1t\u00e9k. N\u00e9h\u00e1ny egyszer\u0171 l\u00e9p\u00e9ssel be\u00fctemezheti e-mailjeit egy k\u00e9s\u0151bbi, k\u00e9nyelmesebb id\u0151pontban t\u00f6rt\u00e9n\u0151 elk\u00fcld\u00e9sre. Mer\u00fclj\u00fcnk el a folyamatban:<\/p>\n\n\n\n<ul class=\"wp-block-list\">\n<li>Ind\u00edtsa el az Outlook programot Mac sz\u00e1m\u00edt\u00f3g\u00e9p\u00e9n, \u00e9s kattintson az <strong>\u201e\u00daj e-mail\u201d <\/strong>vagy <strong>az \u201e\u00daj \u00fczenet\u201d <\/strong>gombra a verzi\u00f3t\u00f3l f\u00fcgg\u0151en.<\/li>\n<\/ul>\n\n\n\n<figure class=\"wp-block-image size-large\"><img loading=\"lazy\" decoding=\"async\" width=\"1024\" height=\"701\" src=\"https:\/\/global.tab-tv.com\/hu\/wp-content\/uploads\/sites\/3\/2023\/10\/How-to-schedule-an-email-in-Outlook-on-Mac-1-1024x701.webp\" alt=\"\" class=\"wp-image-8848\" srcset=\"https:\/\/global.tab-tv.com\/hu\/wp-content\/uploads\/sites\/3\/2023\/10\/How-to-schedule-an-email-in-Outlook-on-Mac-1-1024x701.webp 1024w, https:\/\/global.tab-tv.com\/hu\/wp-content\/uploads\/sites\/3\/2023\/10\/How-to-schedule-an-email-in-Outlook-on-Mac-1-300x205.webp 300w, https:\/\/global.tab-tv.com\/hu\/wp-content\/uploads\/sites\/3\/2023\/10\/How-to-schedule-an-email-in-Outlook-on-Mac-1-768x526.webp 768w, https:\/\/global.tab-tv.com\/hu\/wp-content\/uploads\/sites\/3\/2023\/10\/How-to-schedule-an-email-in-Outlook-on-Mac-1-218x150.webp 218w, https:\/\/global.tab-tv.com\/hu\/wp-content\/uploads\/sites\/3\/2023\/10\/How-to-schedule-an-email-in-Outlook-on-Mac-1.webp 1280w\" sizes=\"auto, (max-width: 1024px) 100vw, 1024px\" \/><\/figure>\n\n\n\n<ul class=\"wp-block-list\">\n<li><strong>\u00cdrja \u00f6ssze e-mailj\u00e9t a szok\u00e1sos m\u00f3don: <\/strong>adja hozz\u00e1 a c\u00edmzett e-mail c\u00edm\u00e9t, \u00e9s \u00edrja be a t\u00e1rgysort.<\/li>\n\n\n\n<li>Ha k\u00e9szen \u00e1ll az e-mail k\u00e9s\u0151bbi k\u00e9zbes\u00edt\u00e9s\u00e9nek \u00fctemez\u00e9s\u00e9re, tekintse meg az e-mail-\u00f6ssze\u00e1ll\u00edt\u00e1s ablak\u00e1nak tetej\u00e9t. L\u00e1tni fog egy ny\u00edl ikont a \u201eK\u00fcld\u00e9s\u201d gomb jobb oldal\u00e1n. <strong>Kattintson erre a ny\u00edlra <\/strong>egy leg\u00f6rd\u00fcl\u0151 men\u00fc megjelen\u00edt\u00e9s\u00e9hez, \u00e9s <strong>v\u00e1lassza a \u201eK\u00fcld\u00e9s \u00fctemez\u00e9se\u201d <\/strong>lehet\u0151s\u00e9get.<\/li>\n<\/ul>\n\n\n\n<figure class=\"wp-block-image size-large\"><img loading=\"lazy\" decoding=\"async\" width=\"1024\" height=\"674\" src=\"https:\/\/global.tab-tv.com\/hu\/wp-content\/uploads\/sites\/3\/2023\/10\/How-to-schedule-an-email-in-Outlook-on-Mac-2-1024x674.webp\" alt=\"\" class=\"wp-image-8847\" srcset=\"https:\/\/global.tab-tv.com\/hu\/wp-content\/uploads\/sites\/3\/2023\/10\/How-to-schedule-an-email-in-Outlook-on-Mac-2-1024x674.webp 1024w, https:\/\/global.tab-tv.com\/hu\/wp-content\/uploads\/sites\/3\/2023\/10\/How-to-schedule-an-email-in-Outlook-on-Mac-2-300x198.webp 300w, https:\/\/global.tab-tv.com\/hu\/wp-content\/uploads\/sites\/3\/2023\/10\/How-to-schedule-an-email-in-Outlook-on-Mac-2-768x506.webp 768w, https:\/\/global.tab-tv.com\/hu\/wp-content\/uploads\/sites\/3\/2023\/10\/How-to-schedule-an-email-in-Outlook-on-Mac-2.webp 1280w\" sizes=\"auto, (max-width: 1024px) 100vw, 1024px\" \/><\/figure>\n\n\n\n<ul class=\"wp-block-list\">\n<li>Megjelenik egy p\u00e1rbesz\u00e9dpanel, amelyben kiv\u00e1laszthatja az e-mail k\u00fcld\u00e9s\u00e9nek <strong>k\u00edv\u00e1nt d\u00e1tum\u00e1t \u00e9s id\u0151pontj\u00e1t. <\/strong>V\u00e1lassza ki a megfelel\u0151 d\u00e1tumot \u00e9s id\u0151t, majd <strong>kattintson az \u201eOK\u201d gombra <\/strong>.<\/li>\n<\/ul>\n\n\n\n<figure class=\"wp-block-image size-large\"><img loading=\"lazy\" decoding=\"async\" width=\"1024\" height=\"674\" src=\"https:\/\/global.tab-tv.com\/hu\/wp-content\/uploads\/sites\/3\/2023\/10\/How-to-schedule-an-email-in-Outlook-on-Mac-3-1024x674.webp\" alt=\"\" class=\"wp-image-8846\" srcset=\"https:\/\/global.tab-tv.com\/hu\/wp-content\/uploads\/sites\/3\/2023\/10\/How-to-schedule-an-email-in-Outlook-on-Mac-3-1024x674.webp 1024w, https:\/\/global.tab-tv.com\/hu\/wp-content\/uploads\/sites\/3\/2023\/10\/How-to-schedule-an-email-in-Outlook-on-Mac-3-300x198.webp 300w, https:\/\/global.tab-tv.com\/hu\/wp-content\/uploads\/sites\/3\/2023\/10\/How-to-schedule-an-email-in-Outlook-on-Mac-3-768x506.webp 768w, https:\/\/global.tab-tv.com\/hu\/wp-content\/uploads\/sites\/3\/2023\/10\/How-to-schedule-an-email-in-Outlook-on-Mac-3.webp 1280w\" sizes=\"auto, (max-width: 1024px) 100vw, 1024px\" \/><\/figure>\n\n\n\n<p>\u00c9rdemes megjegyezni, hogy b\u00e1r az e-mailek \u00fctemez\u00e9s\u00e9nek \u00e1ltal\u00e1nos folyamata v\u00e1ltozatlan marad a Mac Outlook k\u00fcl\u00f6nb\u00f6z\u0151 verzi\u00f3iban, el\u0151fordulhatnak kisebb elt\u00e9r\u00e9sek a felhaszn\u00e1l\u00f3i fel\u00fclet \u00e9s a lehet\u0151s\u00e9gek k\u00f6z\u00f6tt a klasszikus \u00e9s az \u00faj verzi\u00f3 k\u00f6z\u00f6tt. Ezek a k\u00fcl\u00f6nbs\u00e9gek \u00e1ltal\u00e1ban csek\u00e9lyek \u00e9s kozmetikai jelleg\u0171ek, biztos\u00edtva a konzisztens \u00e9lm\u00e9nyt a k\u00fcl\u00f6nb\u00f6z\u0151 platformokon.<\/p>\n\n\n\n<p>Azt is \u00e9rdemes megeml\u00edteni, hogy \u00fctemezett \u00fczenetek k\u00fcld\u00e9se Macen csak Outlook-fi\u00f3k haszn\u00e1lata eset\u00e9n lehets\u00e9ges. Ha m\u00e1sik e-mail fi\u00f3kkal jelentkezett be az alkalmaz\u00e1sba, az \u00fctemezett \u00fczenet funkci\u00f3 nem lesz el\u00e9rhet\u0151.<\/p>\n\n\n\n<h2 class=\"wp-block-heading\"><a><\/a><strong>E-mail \u00fctemez\u00e9se az Outlook on Web alkalmaz\u00e1sban<\/strong><\/h2>\n\n\n\n<p>Az Outlook egyik nagy el\u0151nye, hogy k\u00fcl\u00f6nb\u00f6z\u0151 platformokon, \u00edgy a weben is el\u00e9rhet\u0151. Oper\u00e1ci\u00f3s rendszer\u00e9t\u0151l vagy b\u00f6ng\u00e9sz\u0151j\u00e9t\u0151l f\u00fcggetlen\u00fcl az Outlook on the Web konzisztens \u00e9lm\u00e9nyt biztos\u00edt az e-mailek \u00fctemez\u00e9s\u00e9hez. F\u00fcggetlen\u00fcl att\u00f3l, hogy Windowsr\u00f3l, Macr\u0151l vagy ak\u00e1r mobileszk\u00f6zr\u0151l \u00e9ri el, az e-mail \u00fctemez\u00e9s\u00e9nek l\u00e9p\u00e9sei ugyanazok maradnak.<\/p>\n\n\n\n<ul class=\"wp-block-list\">\n<li><strong>Kattintson az \u201e\u00daj e-mail\u201d <\/strong>elemre a k\u00e9perny\u0151 bal fels\u0151 sark\u00e1ban.<\/li>\n<\/ul>\n\n\n\n<figure class=\"wp-block-image size-full\"><img loading=\"lazy\" decoding=\"async\" width=\"989\" height=\"639\" src=\"https:\/\/global.tab-tv.com\/hu\/wp-content\/uploads\/sites\/3\/2023\/10\/How-to-schedule-an-email-in-Outlook-on-Web-1.webp\" alt=\"\" class=\"wp-image-8845\" srcset=\"https:\/\/global.tab-tv.com\/hu\/wp-content\/uploads\/sites\/3\/2023\/10\/How-to-schedule-an-email-in-Outlook-on-Web-1.webp 989w, https:\/\/global.tab-tv.com\/hu\/wp-content\/uploads\/sites\/3\/2023\/10\/How-to-schedule-an-email-in-Outlook-on-Web-1-300x194.webp 300w, https:\/\/global.tab-tv.com\/hu\/wp-content\/uploads\/sites\/3\/2023\/10\/How-to-schedule-an-email-in-Outlook-on-Web-1-768x496.webp 768w\" sizes=\"auto, (max-width: 989px) 100vw, 989px\" \/><\/figure>\n\n\n\n<ul class=\"wp-block-list\">\n<li><strong>\u00cdrja \u00f6ssze az e-mailt <\/strong>a c\u00edmzett e-mail c\u00edm\u00e9nek hozz\u00e1ad\u00e1s\u00e1val, a t\u00e1rgysor be\u00edr\u00e1s\u00e1val, \u00e9s az \u00fczenet t\u00f6rzs\u00e9nek kialak\u00edt\u00e1s\u00e1val, ak\u00e1rcsak egy hagyom\u00e1nyos e-mailben.<\/li>\n\n\n\n<li>Ha k\u00e9szen \u00e1ll az e-mail k\u00e9s\u0151bbi k\u00e9zbes\u00edt\u00e9s\u00e9nek \u00fctemez\u00e9s\u00e9re, tekintse meg az e-mail-\u00f6ssze\u00e1ll\u00edt\u00e1s ablak\u00e1nak tetej\u00e9t. L\u00e1tni fog egy ny\u00edl ikont a \u201eK\u00fcld\u00e9s\u201d gomb jobb oldal\u00e1n. <strong>Kattintson erre a ny\u00edlra <\/strong>egy leg\u00f6rd\u00fcl\u0151 men\u00fc megjelen\u00edt\u00e9s\u00e9hez, \u00e9s <strong>v\u00e1lassza a \u201eK\u00fcld\u00e9s \u00fctemez\u00e9se\u201d <\/strong>lehet\u0151s\u00e9get.<\/li>\n<\/ul>\n\n\n\n<figure class=\"wp-block-image size-full\"><img loading=\"lazy\" decoding=\"async\" width=\"989\" height=\"639\" src=\"https:\/\/global.tab-tv.com\/hu\/wp-content\/uploads\/sites\/3\/2023\/10\/How-to-schedule-an-email-in-Outlook-on-Web-2.webp\" alt=\"\" class=\"wp-image-8844\" srcset=\"https:\/\/global.tab-tv.com\/hu\/wp-content\/uploads\/sites\/3\/2023\/10\/How-to-schedule-an-email-in-Outlook-on-Web-2.webp 989w, https:\/\/global.tab-tv.com\/hu\/wp-content\/uploads\/sites\/3\/2023\/10\/How-to-schedule-an-email-in-Outlook-on-Web-2-300x194.webp 300w, https:\/\/global.tab-tv.com\/hu\/wp-content\/uploads\/sites\/3\/2023\/10\/How-to-schedule-an-email-in-Outlook-on-Web-2-768x496.webp 768w\" sizes=\"auto, (max-width: 989px) 100vw, 989px\" \/><\/figure>\n\n\n\n<ul class=\"wp-block-list\">\n<li><strong>Megjelenik a javasolt d\u00e1tum- \u00e9s id\u0151be\u00e1ll\u00edt\u00e1sok list\u00e1ja <\/strong>. Ezen el\u0151re be\u00e1ll\u00edtott lehet\u0151s\u00e9gek k\u00f6z\u00fcl kiv\u00e1laszthatja az ig\u00e9nyeinek legink\u00e1bb megfelel\u0151t. <strong>V\u00e1lassza az \u201eEgy\u00e9ni id\u0151\u201d opci\u00f3t, <\/strong>ha nincs megfelel\u0151 javaslat, \u00e9s manu\u00e1lisan adja meg a k\u00edv\u00e1nt d\u00e1tumot \u00e9s id\u0151t.<\/li>\n\n\n\n<li><strong>Kattintson a \u201eK\u00fcld\u00e9s\u201d gombra, <\/strong>miut\u00e1n kiv\u00e1lasztotta a k\u00edv\u00e1nt sz\u00e1ll\u00edt\u00e1si id\u0151t.<\/li>\n<\/ul>\n\n\n\n<figure class=\"wp-block-image size-full\"><img loading=\"lazy\" decoding=\"async\" width=\"989\" height=\"639\" src=\"https:\/\/global.tab-tv.com\/hu\/wp-content\/uploads\/sites\/3\/2023\/10\/How-to-schedule-an-email-in-Outlook-on-Web-3.webp\" alt=\"\" class=\"wp-image-8843\" srcset=\"https:\/\/global.tab-tv.com\/hu\/wp-content\/uploads\/sites\/3\/2023\/10\/How-to-schedule-an-email-in-Outlook-on-Web-3.webp 989w, https:\/\/global.tab-tv.com\/hu\/wp-content\/uploads\/sites\/3\/2023\/10\/How-to-schedule-an-email-in-Outlook-on-Web-3-300x194.webp 300w, https:\/\/global.tab-tv.com\/hu\/wp-content\/uploads\/sites\/3\/2023\/10\/How-to-schedule-an-email-in-Outlook-on-Web-3-768x496.webp 768w\" sizes=\"auto, (max-width: 989px) 100vw, 989px\" \/><\/figure>\n\n\n\n<p>Ezen egyszer\u0171 utas\u00edt\u00e1sok k\u00f6vet\u00e9s\u00e9vel k\u00f6nnyed\u00e9n \u00fctemezheti az e-maileket k\u00e9s\u0151bbi k\u00e9zbes\u00edt\u00e9sre, \u00edgy hat\u00e9konyan kezelheti kommunik\u00e1ci\u00f3j\u00e1t, \u00e9s rendszerezett maradhat, b\u00e1rhol is legyen.<\/p>\n\n\n\n<h2 class=\"wp-block-heading\"><a><\/a><strong>E-mail \u00fctemez\u00e9se az Outlook mobilalkalmaz\u00e1sban<\/strong><\/h2>\n\n\n\n<p>Az Outlook mobilalkalmaz\u00e1sa lehet\u0151v\u00e9 teszi az e-mailek \u00fctemez\u00e9s\u00e9t \u00fatk\u00f6zben, \u00edgy rendszerezett maradhat, \u00e9s k\u00e9zben tarthatja kommunik\u00e1ci\u00f3j\u00e1t. Az iOS \u00e9s az Android alkalmaz\u00e1s hasonl\u00f3, \u00edgy a l\u00e9p\u00e9sek nem k\u00fcl\u00f6nb\u00f6znek egym\u00e1st\u00f3l f\u00fcggetlen\u00fcl a mobilrendszert\u0151l. A k\u00f6vetkez\u0151k\u00e9ppen \u00fctemezhet e-mailt az Outlook mobilalkalmaz\u00e1ssal:<\/p>\n\n\n\n<ul class=\"wp-block-list\">\n<li><strong>\u00c9rintse meg a \u201ePlusz\u201d gombot, <\/strong>hogy \u00faj \u00fczenetet \u00edrjon a jobb als\u00f3 sarokban. \u00cdrja \u00f6ssze az e-mailt, bele\u00e9rtve a c\u00edmzett c\u00edm\u00e9t, t\u00e1rgy\u00e1t \u00e9s t\u00f6rzs\u00e9t.<\/li>\n\n\n\n<li>Miut\u00e1n befejezte az e-mail \u00edr\u00e1s\u00e1t, <strong>\u00e9rintse meg a h\u00e1rompontos men\u00fc ikont <\/strong>(Tov\u00e1bbi lehet\u0151s\u00e9gek) az e-mail-\u00f6ssze\u00e1ll\u00edt\u00e1s eszk\u00f6zt\u00e1r\u00e1ban.<\/li>\n<\/ul>\n\n\n\n<figure class=\"wp-block-image size-large\"><img loading=\"lazy\" decoding=\"async\" width=\"1024\" height=\"994\" src=\"https:\/\/global.tab-tv.com\/hu\/wp-content\/uploads\/sites\/3\/2023\/10\/How-to-schedule-an-email-in-Outlook-mobile-app-1-1024x994.webp\" alt=\"\" class=\"wp-image-8842\" srcset=\"https:\/\/global.tab-tv.com\/hu\/wp-content\/uploads\/sites\/3\/2023\/10\/How-to-schedule-an-email-in-Outlook-mobile-app-1-1024x994.webp 1024w, https:\/\/global.tab-tv.com\/hu\/wp-content\/uploads\/sites\/3\/2023\/10\/How-to-schedule-an-email-in-Outlook-mobile-app-1-300x291.webp 300w, https:\/\/global.tab-tv.com\/hu\/wp-content\/uploads\/sites\/3\/2023\/10\/How-to-schedule-an-email-in-Outlook-mobile-app-1-768x746.webp 768w, https:\/\/global.tab-tv.com\/hu\/wp-content\/uploads\/sites\/3\/2023\/10\/How-to-schedule-an-email-in-Outlook-mobile-app-1.webp 1280w\" sizes=\"auto, (max-width: 1024px) 100vw, 1024px\" \/><\/figure>\n\n\n\n<ul class=\"wp-block-list\">\n<li>A men\u00fcopci\u00f3k k\u00f6z\u00fcl <strong>v\u00e1lassza a \u201eK\u00fcld\u00e9s \u00fctemez\u00e9se\u201d lehet\u0151s\u00e9get.<\/strong><\/li>\n\n\n\n<li>A \u201eK\u00fcld\u00e9s \u00fctemez\u00e9se\u201d p\u00e1rbesz\u00e9dpanelen <strong>v\u00e1lassza ki a k\u00fcld\u00e9si id\u0151t.<\/strong><\/li>\n<\/ul>\n\n\n\n<figure class=\"wp-block-image size-large\"><img loading=\"lazy\" decoding=\"async\" width=\"1024\" height=\"994\" src=\"https:\/\/global.tab-tv.com\/hu\/wp-content\/uploads\/sites\/3\/2023\/10\/How-to-schedule-an-email-in-Outlook-mobile-app-2-1024x994.webp\" alt=\"\" class=\"wp-image-8841\" srcset=\"https:\/\/global.tab-tv.com\/hu\/wp-content\/uploads\/sites\/3\/2023\/10\/How-to-schedule-an-email-in-Outlook-mobile-app-2-1024x994.webp 1024w, https:\/\/global.tab-tv.com\/hu\/wp-content\/uploads\/sites\/3\/2023\/10\/How-to-schedule-an-email-in-Outlook-mobile-app-2-300x291.webp 300w, https:\/\/global.tab-tv.com\/hu\/wp-content\/uploads\/sites\/3\/2023\/10\/How-to-schedule-an-email-in-Outlook-mobile-app-2-768x746.webp 768w, https:\/\/global.tab-tv.com\/hu\/wp-content\/uploads\/sites\/3\/2023\/10\/How-to-schedule-an-email-in-Outlook-mobile-app-2.webp 1280w\" sizes=\"auto, (max-width: 1024px) 100vw, 1024px\" \/><\/figure>\n\n\n\n<ul class=\"wp-block-list\">\n<li>V\u00e9g\u00fcl <strong>\u00e9rintse meg a \u201eK\u00fcld\u00e9s\u201d gombot <\/strong>az e-mail k\u00e9zbes\u00edt\u00e9s\u00e9nek \u00fctemez\u00e9s\u00e9hez a megadott id\u0151pontban.<\/li>\n<\/ul>\n\n\n\n<p>K\u00f6vetkeztet\u00e9s: Ezeket a l\u00e9p\u00e9seket k\u00f6vetve k\u00e9nyelmesen \u00fctemezheti az e-maileket az Outlook mobilalkalmaz\u00e1ssal, \u00edgy kezelheti a kommunik\u00e1ci\u00f3t mozg\u00e1s k\u00f6zben.<\/p>\n\n\n\n<h2 class=\"wp-block-heading\"><a><\/a><strong>Amit szem el\u0151tt kell tartania az e-mailek \u00fctemez\u00e9sekor az Outlookban<\/strong><\/h2>\n\n\n\n<p>Az e-mailek \u00fctemez\u00e9se az Outlookban k\u00e9nyelmet \u00e9s rugalmass\u00e1got k\u00edn\u00e1l, lehet\u0151v\u00e9 t\u00e9ve az \u00fczenetek meghat\u00e1rozott id\u0151pontokban t\u00f6rt\u00e9n\u0151 k\u00fcld\u00e9s\u00e9t. Fontos azonban figyelembe venni n\u00e9h\u00e1ny kulcsfontoss\u00e1g\u00fa t\u00e9nyez\u0151t a sikeres sz\u00e1ll\u00edt\u00e1s \u00e9s a hat\u00e9kony kommunik\u00e1ci\u00f3 biztos\u00edt\u00e1s\u00e1hoz. N\u00e9zz\u00fcnk meg n\u00e9h\u00e1ny fontos dolgot, amelyet szem el\u0151tt kell tartani, amikor e-maileket \u00fctemez az Outlookban:<\/p>\n\n\n\n<ul class=\"wp-block-list\">\n<li><strong>Id\u0151z\u00f3n\u00e1k <\/strong>: Az e-mailek \u00fctemez\u00e9sekor nagyon fontos figyelembe venni a c\u00edmzettek id\u0151z\u00f3n\u00e1it. Gy\u0151z\u0151dj\u00f6n meg arr\u00f3l, hogy az \u00fctemezett k\u00e9zbes\u00edt\u00e9si id\u0151 igazodik a munkaid\u0151h\u00f6z, hogy maximaliz\u00e1lja annak es\u00e9ly\u00e9t, hogy e-mailjeit azonnal l\u00e1tj\u00e1k. Ha k\u00fcl\u00f6nb\u00f6z\u0151 id\u0151z\u00f3n\u00e1ban l\u00e9v\u0151 c\u00edmzetteknek k\u00fcld e-mailt, \u00fcgyeljen az id\u0151eltol\u00f3d\u00e1sra, \u00e9s ennek megfelel\u0151en \u00e1ll\u00edtsa be a k\u00e9zbes\u00edt\u00e9si id\u0151t.<\/li>\n\n\n\n<li><strong>Kapcsol\u00f3d\u00e1s \u00e9s offline \u00e1llapot <\/strong>: Az \u00fctemezett e-mailek sikeres k\u00e9zbes\u00edt\u00e9s\u00e9hez fontos a stabil internetkapcsolat. Ha az eszk\u00f6z offline \u00e1llapotban van, vagy nem csatlakozik az internethez az \u00fctemezett k\u00e9zbes\u00edt\u00e9si id\u0151pontban, el\u0151fordulhat, hogy az e-mailt nem k\u00fcldi el, am\u00edg vissza nem \u00e1ll a kapcsolat. Gy\u0151z\u0151dj\u00f6n meg arr\u00f3l, hogy eszk\u00f6ze be van kapcsolva, \u00e9s csatlakozik az internethez, hogy elker\u00fclje az \u00fctemezett e-mailek k\u00fcld\u00e9s\u00e9nek k\u00e9sedelm\u00e9t.<\/li>\n\n\n\n<li><strong>\u00dctemezett e-mailek szerkeszt\u00e9se vagy t\u00f6rl\u00e9se <\/strong>: Az Outlook lehet\u0151v\u00e9 teszi az \u00fctemezett e-mailek szerkeszt\u00e9s\u00e9t vagy t\u00f6rl\u00e9s\u00e9t az elk\u00fcld\u00e9s el\u0151tt. Ha m\u00f3dos\u00edtania kell vagy t\u00f6r\u00f6lnie kell egy \u00fctemezett e-mailt, keresse meg az e-mailt a \u201ePiszkozatok\u201d vagy az \u201e\u00dctemezett\u201d mapp\u00e1ban. Innen megnyithatja az e-mailt, elv\u00e9gezheti a sz\u00fcks\u00e9ges m\u00f3dos\u00edt\u00e1sokat, \u00e1t\u00fctemezheti vagy t\u00f6r\u00f6lheti az \u00fctemezett k\u00e9zbes\u00edt\u00e9st. Ez a funkci\u00f3 lehet\u0151v\u00e9 teszi az esetleges hib\u00e1k kijav\u00edt\u00e1s\u00e1t vagy az e-mailek tartalm\u00e1nak friss\u00edt\u00e9s\u00e9t az \u00fctemez\u00e9s ut\u00e1n is.<\/li>\n\n\n\n<li><strong>Eml\u00e9keztet\u0151 a nyomon k\u00f6vet\u00e9shez <\/strong>: Az e-mailek \u00fctemez\u00e9se az Outlookban nem korl\u00e1toz\u00f3dik a kezdeti kommunik\u00e1ci\u00f3ra. Az \u00fctemez\u00e9si funkci\u00f3val eml\u00e9keztet\u0151ket is be\u00e1ll\u00edthat a k\u00f6vet\u0151 e-mailekhez. Fontolja meg egy eml\u00e9keztet\u0151 be\u00fctemez\u00e9s\u00e9t, ha olyan fontos e-mailt k\u00fcld, amelyre v\u00e1laszt vagy nyomon k\u00f6vet\u00e9st ig\u00e9nyel. \u00cdgy biztos\u00edthatja, hogy ne felejtse el a megfelel\u0151 id\u0151ben k\u00f6vetni a c\u00edmzettet, n\u00f6velve az id\u0151ben t\u00f6rt\u00e9n\u0151 v\u00e1laszad\u00e1s es\u00e9ly\u00e9t \u00e9s a hat\u00e9kony kommunik\u00e1ci\u00f3t.<\/li>\n\n\n\n<li><strong>Vegye figyelembe a s\u00fcrg\u0151ss\u00e9get \u00e9s a relevanci\u00e1t <\/strong>: B\u00e1r az e-mailek \u00fctemez\u00e9se k\u00e9nyelmes lehet, elengedhetetlen, hogy figyelembe vegy\u00fck az \u00fczenet s\u00fcrg\u0151ss\u00e9g\u00e9t \u00e9s relevanci\u00e1j\u00e1t. M\u00e9rje fel, hogy sz\u00fcks\u00e9ges-e \u00fctemezni egy e-mailt, vagy azonnal elk\u00fcldhet\u0151. Egyes \u00fczenetek azonnali figyelmet ig\u00e9nyelnek, vagy k\u00e9s\u00e9s eset\u00e9n elvesz\u00edthetik jelent\u0151s\u00e9g\u00e9t. Haszn\u00e1lja m\u00e9rleg\u00e9t annak meghat\u00e1roz\u00e1s\u00e1hoz, hogy mikor megfelel\u0151 az \u00fctemez\u00e9s, \u00e9s mikor kell azonnal elk\u00fcldeni az e-mailt.<\/li>\n<\/ul>\n\n\n\n<p>Az e-mailek \u00fctemez\u00e9se az Outlookban jelent\u0151sen n\u00f6velheti a termel\u00e9kenys\u00e9get \u00e9s a szervezetts\u00e9get. Ne felejtse el felhaszn\u00e1lni ezeket a tippeket, hogy a legt\u00f6bbet hozza ki az Outlook e-mail \u00fctemez\u00e9si funkci\u00f3j\u00e1b\u00f3l, \u00e9s egyszer\u0171s\u00edtse a kommunik\u00e1ci\u00f3s munkafolyamatot.<\/p>\n\n\n\n<p><\/p>\n","protected":false},"excerpt":{"rendered":"<p>K\u00e9pzelje el ezt: az \u00edr\u00f3asztal\u00e1n\u00e1l \u00fcl, kortyolgatja a reggeli k\u00e1v\u00e9j\u00e1t, \u00e9s hirtelen esz\u00e9be jut egy fontos e-mail, amelyet el kell k\u00fcldenie a nap folyam\u00e1n. De v\u00e1rjon, nem akarja megkock\u00e1ztatni, hogy elfelejti vagy t\u00fal kor\u00e1n elk\u00fcldi. Itt j\u00f6n a seg\u00edts\u00e9g az e-mailek \u00fctemez\u00e9se az Outlookban. Legyen sz\u00f3 Outlook-felhaszn\u00e1l\u00f3r\u00f3l Windows-on, Mac-en, webes vagy mobilalkalmaz\u00e1sban, mi megtal\u00e1ljuk \u00d6nt. [&hellip;]<\/p>\n","protected":false},"author":1,"featured_media":8854,"comment_status":"open","ping_status":"open","sticky":false,"template":"","format":"standard","meta":{"_monsterinsights_skip_tracking":false,"_monsterinsights_sitenote_active":false,"_monsterinsights_sitenote_note":"","_monsterinsights_sitenote_category":0,"footnotes":""},"categories":[2],"tags":[212],"class_list":{"0":"post-1693","1":"post","2":"type-post","3":"status-publish","4":"format-standard","5":"has-post-thumbnail","7":"category-utmutatok","8":"tag-outlook"},"_links":{"self":[{"href":"https:\/\/global.tab-tv.com\/hu\/wp-json\/wp\/v2\/posts\/1693","targetHints":{"allow":["GET"]}}],"collection":[{"href":"https:\/\/global.tab-tv.com\/hu\/wp-json\/wp\/v2\/posts"}],"about":[{"href":"https:\/\/global.tab-tv.com\/hu\/wp-json\/wp\/v2\/types\/post"}],"author":[{"embeddable":true,"href":"https:\/\/global.tab-tv.com\/hu\/wp-json\/wp\/v2\/users\/1"}],"replies":[{"embeddable":true,"href":"https:\/\/global.tab-tv.com\/hu\/wp-json\/wp\/v2\/comments?post=1693"}],"version-history":[{"count":3,"href":"https:\/\/global.tab-tv.com\/hu\/wp-json\/wp\/v2\/posts\/1693\/revisions"}],"predecessor-version":[{"id":8853,"href":"https:\/\/global.tab-tv.com\/hu\/wp-json\/wp\/v2\/posts\/1693\/revisions\/8853"}],"wp:featuredmedia":[{"embeddable":true,"href":"https:\/\/global.tab-tv.com\/hu\/wp-json\/wp\/v2\/media\/8854"}],"wp:attachment":[{"href":"https:\/\/global.tab-tv.com\/hu\/wp-json\/wp\/v2\/media?parent=1693"}],"wp:term":[{"taxonomy":"category","embeddable":true,"href":"https:\/\/global.tab-tv.com\/hu\/wp-json\/wp\/v2\/categories?post=1693"},{"taxonomy":"post_tag","embeddable":true,"href":"https:\/\/global.tab-tv.com\/hu\/wp-json\/wp\/v2\/tags?post=1693"}],"curies":[{"name":"wp","href":"https:\/\/api.w.org\/{rel}","templated":true}]}}