{"id":1859,"date":"2024-02-21T19:48:00","date_gmt":"2024-02-21T16:48:00","guid":{"rendered":"https:\/\/global.tab-tv.com\/hu\/?p=1859"},"modified":"2024-02-22T02:14:20","modified_gmt":"2024-02-21T23:14:20","slug":"apple-ipad-lista-ipad-modellek-evenkent-2010-2022-magyarazat","status":"publish","type":"post","link":"https:\/\/global.tab-tv.com\/hu\/apple-ipad-lista-ipad-modellek-evenkent-2010-2022-magyarazat\/","title":{"rendered":"Apple t\u00e1blag\u00e9pek gener\u00e1ci\u00f3 \u00e9s \u00e9v szerint 2010-2024"},"content":{"rendered":"\n<p>Az iPad 2010-es piacra dob\u00e1sa sarkalatos pillanat volt az elektronikus eszk\u00f6z\u00f6k fejl\u0151d\u00e9s\u00e9ben, \u00e9s egy \u00faj t\u00e1blag\u00e9pet mutatott be, amelynek sikere kezdetben k\u00e9ts\u00e9ges volt. Az iPad azonban v\u00e9g\u00fcl meger\u0151s\u00edtette poz\u00edci\u00f3j\u00e1t \u00e1tt\u00f6r\u00e9st jelent\u0151 term\u00e9kk\u00e9nt, ami 14 \u00e9ven bel\u00fcl n\u00e9gy k\u00fcl\u00f6n\u00e1ll\u00f3 term\u00e9kcsal\u00e1dhoz vezetett: <strong>iPad, iPad Pro, iPad Air \u00e9s iPad Mini <\/strong>. Az Apple egyedi elnevez\u00e9si koncepci\u00f3t alkalmazott, elhagyva az \u00e9ves modellneveket a gener\u00e1ci\u00f3s azonos\u00edt\u00f3k jav\u00e1ra. A v\u00e1llalat 2020-ban mutatta be a nyolcadik gener\u00e1ci\u00f3s iPadet, 2021-ben a kilencedik gener\u00e1ci\u00f3s iPadet, 2022-ben pedig a tizedik gener\u00e1ci\u00f3s iPadet. A term\u00e9k elnevez\u00e9s\u00e9nek ez a megk\u00f6zel\u00edt\u00e9se sok potenci\u00e1lis v\u00e1s\u00e1rl\u00f3 \u00e9rdekl\u0151d\u00e9s\u00e9t felkeltette, k\u00fcl\u00f6n\u00f6sen az ut\u00f3piacon, ahol meg\u00e9rtett\u00e9k a Az egyes sorozatok \u00e9s gener\u00e1ci\u00f3k \u00e1rnyalatai kritikusak. Fontos megjegyezni, hogy az egyes sorokon bel\u00fcl k\u00fcl\u00f6nbs\u00e9gek vannak a RAM \u00e9s a t\u00e1rhely mennyis\u00e9g\u00e9ben, ami k\u00f6r\u00fcltekint\u0151 megk\u00f6zel\u00edt\u00e9st ig\u00e9nyel egy adott modell kiv\u00e1laszt\u00e1sakor.<\/p>\n\n\n\n<h2 class=\"wp-block-heading\"><a><\/a><strong>iPad tablet fel\u00e1ll\u00e1s<\/strong><strong><\/strong><\/h2>\n\n\n\n<p>Minden Apple iPad term\u00e9kcsal\u00e1d a k\u00fcl\u00f6nb\u00f6z\u0151 felhaszn\u00e1l\u00f3i ig\u00e9nyekhez szabott funkci\u00f3kat k\u00edn\u00e1l:<\/p>\n\n\n\n<ul class=\"wp-block-list\">\n<li><strong>iPad (Standard): <\/strong>A szabv\u00e1nyos iPad sorozat bel\u00e9p\u0151 szint\u0171 opci\u00f3k\u00e9nt szolg\u00e1l, amely egyens\u00falyt k\u00edn\u00e1l a teljes\u00edtm\u00e9ny \u00e9s a megfizethet\u0151s\u00e9g k\u00f6z\u00f6tt. Robusztus A-sorozat\u00fa chippel rendelkezik, t\u00e1mogatja az Apple Pencilt (1. gener\u00e1ci\u00f3), \u00e9s 10,2 h\u00fcvelykes Retina kijelz\u0151vel rendelkezik a leg\u00fajabb gener\u00e1ci\u00f3kban. Alkalmas mindennapi feladatokra, oktat\u00e1sra \u00e9s sz\u00f3rakoz\u00e1sra.<\/li>\n\n\n\n<li><strong>iPad Mini: <\/strong>A kompakt \u00e9s hordozhat\u00f3 iPad Mini kisebb k\u00e9perny\u0151m\u00e9rettel b\u00fcszk\u00e9lkedhet, jelenleg 8,3 h\u00fcvelykes, \u00edgy ide\u00e1lis olvas\u00e1shoz, b\u00f6ng\u00e9sz\u00e9shez \u00e9s \u00fatk\u00f6zbeni haszn\u00e1latra. M\u00e9rete ellen\u00e9re er\u0151s A-sorozat\u00fa chipet tartalmaz, \u00e9s t\u00e1mogatja a 2. gener\u00e1ci\u00f3s Apple Pencilt, \u00edgy kiszolg\u00e1lja azokat, akiknek nagy teljes\u00edtm\u00e9nyre van sz\u00fcks\u00e9g\u00fck.<\/li>\n\n\n\n<li><strong>iPad Air: <\/strong>A szabv\u00e1nyos iPad \u00e9s az iPad Pro k\u00f6z\u00f6tt elhelyezett iPad Air v\u00e9konyabb kialak\u00edt\u00e1st, er\u0151teljes lapkak\u00e9szleteket k\u00edn\u00e1l, mint az 5. gener\u00e1ci\u00f3s leg\u00fajabb M-sorozat, \u00e9s 10,9 h\u00fcvelykes Liquid Retina kijelz\u0151t. T\u00e1mogatja a 2. gener\u00e1ci\u00f3s Apple Pencilt, \u00edgy a kreat\u00edv szakemberek \u00e9s a teljes\u00edtm\u00e9ny \u00e9s a hordozhat\u00f3s\u00e1g k\u00f6z\u00f6tti egyens\u00falyt keres\u0151 felhaszn\u00e1l\u00f3k v\u00e1laszt\u00e1sa lehet.<\/li>\n\n\n\n<li><strong>iPad Pro: <\/strong>A term\u00e9kcsal\u00e1d pr\u00e9mium aj\u00e1nlat\u00e1t, az iPad Pro-t nagyfelhaszn\u00e1l\u00f3knak \u00e9s szakembereknek tervezt\u00e9k. A legfejlettebb technol\u00f3gi\u00e1val rendelkezik, bele\u00e9rtve az M-sorozat\u00fa chipeket, a ProMotion technol\u00f3gi\u00e1t a sim\u00e1bb megjelen\u00edt\u00e9s \u00e9rdek\u00e9ben, valamint t\u00e1mogatja az Apple Pencil (2. gener\u00e1ci\u00f3s) \u00e9s a Magic Keyboard alkalmaz\u00e1st. A k\u00e9t m\u00e9retben, 11 h\u00fcvelykes \u00e9s 12,9 h\u00fcvelykes v\u00e1ltozatban el\u00e9rhet\u0151 iPad Pro a nagy teljes\u00edtm\u00e9nyt ig\u00e9nyl\u0151 felhaszn\u00e1l\u00f3kat szolg\u00e1lja ki.<\/li>\n<\/ul>\n\n\n\n<h2 class=\"wp-block-heading\"><a><\/a><strong>iPad gener\u00e1ci\u00f3k list\u00e1ja 2010-t\u0151l napjainkig (iPad, iPad mini. iPad pro, iPad Air)<\/strong><strong><\/strong><\/h2>\n\n\n\n<p>Az iPad-gener\u00e1ci\u00f3 felder\u00edt\u00e9se egyszer\u0171: az Apple megmondja, melyik iPadet tartja a kez\u00e9ben; l\u00e9pjen a Be\u00e1ll\u00edt\u00e1sokba, \u00e9s kattintson az A k\u00e9sz\u00fcl\u00e9k n\u00e9vjegye elemre. L\u00e1tni fogja az iPad nev\u00e9t, gener\u00e1ci\u00f3j\u00e1t, modellsz\u00e1m\u00e1t \u00e9s cikksz\u00e1m\u00e1t. Egy t\u00e1bl\u00e1zatba gy\u0171jt\u00f6ttem az \u00f6sszes iPad-vonalat \u00e9s gener\u00e1ci\u00f3t; \u00f6sszehasonl\u00edthatja az eszk\u00f6z kiad\u00e1s\u00e1nak \u00e9v\u00e9vel. Ez nagyon praktikus; P\u00e9ld\u00e1ul 2022-ben jelent meg a 10,9 h\u00fcvelykes k\u00e9perny\u0151vel ell\u00e1tott iPad 10 gener\u00e1ci\u00f3, ugyanebben az \u00e9vben az iPad Air 5 \/ 10,9 h\u00fcvelykes iPad Pro 6 \/ 12,9 h\u00fcvelykes iPad Pro 4 \/ 11 h\u00fcvelykes. Teh\u00e1t b\u0151ven van mib\u0151l v\u00e1logatni: a legelterjedtebb iPad 10 gener\u00e1ci\u00f3 vagy a nagyobb \u00e9s er\u0151sebb iPad Pro 6, 13 h\u00fcvelykes k\u00e9perny\u0151vel.<\/p>\n\n\n\n<table id=\"tablepress-144\" class=\"tablepress tablepress-id-144\">\n<thead>\n<tr class=\"row-1 odd\">\n\t<th class=\"column-1\">\u00e9v\/modell<\/th><th class=\"column-2\">iPad\/m\u00e9ret inch<\/th><th class=\"column-3\">iPad mini\/m\u00e9ret inch<\/th><th class=\"column-4\">iPad Air\/m\u00e9ret inch<\/th><th class=\"column-5\">iPad Pro 12.9\"<\/th><th class=\"column-6\">iPad Pro\/m\u00e9ret inch<\/th>\n<\/tr>\n<\/thead>\n<tbody class=\"row-hover\">\n<tr class=\"row-2 even\">\n\t<td class=\"column-1\">2010<\/td><td class=\"column-2\">iPad \/ 9.7\"<\/td><td class=\"column-3\"><\/td><td class=\"column-4\"><\/td><td class=\"column-5\"><\/td><td class=\"column-6\"><\/td>\n<\/tr>\n<tr class=\"row-3 odd\">\n\t<td class=\"column-1\">2011<\/td><td class=\"column-2\">iPad 2 \/ 9.7\"<\/td><td class=\"column-3\"><\/td><td class=\"column-4\"><\/td><td class=\"column-5\"><\/td><td class=\"column-6\"><\/td>\n<\/tr>\n<tr class=\"row-4 even\">\n\t<td class=\"column-1\">2012<\/td><td class=\"column-2\">iPad 3 \/ 9.7\": iPad 4 \/ 9.7\" <\/td><td class=\"column-3\">iPad mini \/ 7.9\"<\/td><td class=\"column-4\"><\/td><td class=\"column-5\"><\/td><td class=\"column-6\"><\/td>\n<\/tr>\n<tr class=\"row-5 odd\">\n\t<td class=\"column-1\">2013<\/td><td class=\"column-2\"> <\/td><td class=\"column-3\">iPad mini 2 \/ 7.9\"<\/td><td class=\"column-4\">iPad Air\/ 9.7\"<\/td><td class=\"column-5\"><\/td><td class=\"column-6\"><\/td>\n<\/tr>\n<tr class=\"row-6 even\">\n\t<td class=\"column-1\">2014<\/td><td class=\"column-2\"><\/td><td class=\"column-3\">iPad mini 3 \/ 7.9\"<\/td><td class=\"column-4\">iPad Air 2 \/ 9.7\"<\/td><td class=\"column-5\"><\/td><td class=\"column-6\"><\/td>\n<\/tr>\n<tr class=\"row-7 odd\">\n\t<td class=\"column-1\">2015<\/td><td class=\"column-2\"><\/td><td class=\"column-3\">iPad mini 4 \/ 7.9\"<\/td><td class=\"column-4\"><\/td><td class=\"column-5\">iPad Pro  \/ 12.9\"<\/td><td class=\"column-6\"><\/td>\n<\/tr>\n<tr class=\"row-8 even\">\n\t<td class=\"column-1\">2016<\/td><td class=\"column-2\"><\/td><td class=\"column-3\"><\/td><td class=\"column-4\"><\/td><td class=\"column-5\"><\/td><td class=\"column-6\">iPad Pro \/ 9.7\"<\/td>\n<\/tr>\n<tr class=\"row-9 odd\">\n\t<td class=\"column-1\">2017<\/td><td class=\"column-2\">iPad 5 \/ 9.7\" <\/td><td class=\"column-3\"><\/td><td class=\"column-4\"><\/td><td class=\"column-5\">iPad Pro 2 \/ 12.9\"<\/td><td class=\"column-6\">iPad Pro \/ 10.5\"<\/td>\n<\/tr>\n<tr class=\"row-10 even\">\n\t<td class=\"column-1\">2018<\/td><td class=\"column-2\">iPad 6 \/ 9.7\" <\/td><td class=\"column-3\"><\/td><td class=\"column-4\"><\/td><td class=\"column-5\">iPad Pro 3 \/ 12.9\"<\/td><td class=\"column-6\">iPad Pro \/ 11\"<\/td>\n<\/tr>\n<tr class=\"row-11 odd\">\n\t<td class=\"column-1\">2019<\/td><td class=\"column-2\">iPad 7 \/ 10.2\" <\/td><td class=\"column-3\">iPad mini 5 \/ 7.9\"<\/td><td class=\"column-4\">iPad Air 3 \/ 10.5\"<\/td><td class=\"column-5\"><\/td><td class=\"column-6\"><\/td>\n<\/tr>\n<tr class=\"row-12 even\">\n\t<td class=\"column-1\">2020<\/td><td class=\"column-2\">iPad 8 \/ 10.2\" <\/td><td class=\"column-3\"><\/td><td class=\"column-4\">iPad Air 4 \/ 10.9\"<\/td><td class=\"column-5\">iPad Pro 4 \/ 12.9\"<\/td><td class=\"column-6\">iPad Pro 2 \/ 11\"<\/td>\n<\/tr>\n<tr class=\"row-13 odd\">\n\t<td class=\"column-1\">2021<\/td><td class=\"column-2\">iPad 9 \/ 10.2\" <\/td><td class=\"column-3\">iPad mini 6 \/ 8.3\"<\/td><td class=\"column-4\"><\/td><td class=\"column-5\">iPad Pro 5 \/ 12.9\"<\/td><td class=\"column-6\">iPad Pro 3 \/ 11\"<\/td>\n<\/tr>\n<tr class=\"row-14 even\">\n\t<td class=\"column-1\">2022<\/td><td class=\"column-2\">iPad 10 \/ 10.9\"<\/td><td class=\"column-3\"><\/td><td class=\"column-4\">iPad Air 5 \/ 10.9\"<\/td><td class=\"column-5\">iPad Pro 6 \/ 12.9\"<\/td><td class=\"column-6\">iPad Pro 4 \/ 11\"<\/td>\n<\/tr>\n<\/tbody>\n<\/table>\n<!-- #tablepress-144 from cache -->\n\n\n\n<p>Ha nem csak a megjelen\u00e9s d\u00e1tum\u00e1t, hanem a modell gy\u00e1rt\u00e1s\u00e1nak befejez\u00e9s\u00e9nek d\u00e1tum\u00e1t is tudnia kell, akkor lentebb olyan t\u00e1bl\u00e1zatok l\u00e1that\u00f3k, amelyekben az \u00f6sszes iPad, Air, Pro, Mini tablet soronk\u00e9nt \u00e9s soronk\u00e9nt kategoriz\u00e1lva van. gener\u00e1ci\u00f3k \u00e9s \u00e9vsz\u00e1mok szerint modellezi, ami megk\u00f6nny\u00edti az inform\u00e1ci\u00f3k tanulm\u00e1nyoz\u00e1s\u00e1t.<\/p>\n\n\n\n<p><strong>H\u00e1ny gener\u00e1ci\u00f3s iPad jelent meg <\/strong>:<\/p>\n\n\n\n<p>Tudnia kell, hogy manaps\u00e1g mind a n\u00e9gy sorban 33 k\u00fcl\u00f6nb\u00f6z\u0151 gener\u00e1ci\u00f3s iPad l\u00e9tezik. Ha k\u00f6zelebbr\u0151l megn\u00e9zz\u00fck, \u00edme, h\u00e1ny gener\u00e1ci\u00f3s iPad l\u00e9tezik ma az \u00f6sszes t\u00e1blag\u00e9p-vonalon.<\/p>\n\n\n\n<ul class=\"wp-block-list\">\n<li><strong>iPad <\/strong>\u2013 az iPadnek ma t\u00edz gener\u00e1ci\u00f3ja l\u00e9tezik<\/li>\n\n\n\n<li><strong>iPad mini <\/strong>\u2013 hat gener\u00e1ci\u00f3s iPad l\u00e9tezik<\/li>\n\n\n\n<li><strong>iPad Air <\/strong>\u2013 az Air t\u00e1blag\u00e9peknek \u00f6t gener\u00e1ci\u00f3ja l\u00e9tezik.<\/li>\n\n\n\n<li><strong>iPad Pro <\/strong>\u2013 az iPad Pro t\u00e1blag\u00e9pcsal\u00e1d 12 gener\u00e1ci\u00f3s, de tov\u00e1bbi k\u00e9t fejleszt\u00e9si \u00e1gra oszthat\u00f3. A 12,9 h\u00fcvelykes <strong>iPad Pro <\/strong>term\u00e9kcsal\u00e1dnak hat gener\u00e1ci\u00f3ja van, a t\u00f6bbi k\u00e9perny\u0151m\u00e9rethez k\u00e9sz\u00fclt Pro term\u00e9kcsal\u00e1dnak pedig hat gener\u00e1ci\u00f3ja van.<\/li>\n<\/ul>\n\n\n\n<h2 class=\"wp-block-heading\"><a><\/a><strong>A 2010-2024 k\u00f6z\u00f6tti iPad modellek list\u00e1ja<\/strong><strong><\/strong><\/h2>\n\n\n\n<figure class=\"wp-block-image size-large\"><img loading=\"lazy\" decoding=\"async\" width=\"1024\" height=\"559\" src=\"https:\/\/global.tab-tv.com\/hu\/wp-content\/uploads\/sites\/3\/2024\/02\/ipad-gen-1-10-1024x559.webp\" alt=\"\" class=\"wp-image-10658\" srcset=\"https:\/\/global.tab-tv.com\/hu\/wp-content\/uploads\/sites\/3\/2024\/02\/ipad-gen-1-10-1024x559.webp 1024w, https:\/\/global.tab-tv.com\/hu\/wp-content\/uploads\/sites\/3\/2024\/02\/ipad-gen-1-10-300x164.webp 300w, https:\/\/global.tab-tv.com\/hu\/wp-content\/uploads\/sites\/3\/2024\/02\/ipad-gen-1-10-768x419.webp 768w, https:\/\/global.tab-tv.com\/hu\/wp-content\/uploads\/sites\/3\/2024\/02\/ipad-gen-1-10-1536x838.webp 1536w, https:\/\/global.tab-tv.com\/hu\/wp-content\/uploads\/sites\/3\/2024\/02\/ipad-gen-1-10.webp 1980w\" sizes=\"auto, (max-width: 1024px) 100vw, 1024px\" \/><\/figure>\n\n\n\n<p>Az iPad t\u00e1blag\u00e9pek els\u0151 sor\u00e1t 2010-ben adt\u00e1k ki. 2013-ban az Apple az \u00f6sszes t\u00e1blag\u00e9p\u00e9t nagy neveknek nevezte, hogy vonz\u00f3bb\u00e1 tegye \u0151ket az \u00fcgyfelek sz\u00e1m\u00e1ra, hozz\u00e1adva az iPad Air, iPad mini \u00e9s iPad Pro neveket. \u00cdgy 2012-ben az Apple bemutatta az iPad Airt, \u00e9s le\u00e1ll\u00edtotta a szabv\u00e1nyos iPad modelleket. 2017-ben azonban, \u00f6t \u00e9v ut\u00e1n, az Apple \u00fagy d\u00f6nt\u00f6tt, hogy \u00fajraind\u00edtja a t\u00e1blag\u00e9pek gy\u00e1rt\u00e1s\u00e1t szabv\u00e1nyos iPad n\u00e9ven. Lehets\u00e9ges ok a m\u00e1rka eml\u00e9kezetess\u00e9ge, mert a legt\u00f6bben azt mondj\u00e1k, hogy \u201eiPad van\u201d, kihagyva a tablet sorozat\u00e1t \u00e9s sz\u00e1m\u00e1t.<\/p>\n\n\n\n<table id=\"tablepress-145\" class=\"tablepress tablepress-id-145\">\n<thead>\n<tr class=\"row-1 odd\">\n\t<th class=\"column-1\">modell iPad (gener\u00e1ci\u00f3)<\/th><th class=\"column-2\">modell<\/th><th class=\"column-3\">Megjelen\u00e9si d\u00e1tum<\/th><th class=\"column-4\">m\u00e9ret k\u00e9perny\u0151 inch <\/th><th class=\"column-5\">Processzor<\/th><th class=\"column-6\">gy\u00e1rt\u00e1si st\u00e1tusz<\/th>\n<\/tr>\n<\/thead>\n<tbody class=\"row-hover\">\n<tr class=\"row-2 even\">\n\t<td class=\"column-1\">iPad \/ 9.7\"<\/td><td class=\"column-2\">A1219 on the iPad (Wi-Fi)<br \/>\nA1337 on the iPad (Wi-Fi + 3G)<\/td><td class=\"column-3\">2010<\/td><td class=\"column-4\">9.7<\/td><td class=\"column-5\">A4<\/td><td class=\"column-6\">Discontinued 03\/2011<\/td>\n<\/tr>\n<tr class=\"row-3 odd\">\n\t<td class=\"column-1\">iPad 2 \/ 9.7\"<\/td><td class=\"column-2\">A1395 on the iPad 2 (Wi-Fi)<br \/>\nA1396 on the iPad 2 (GSM model)<br \/>\nA1397 on the iPad 2 (CDMA model)<\/td><td class=\"column-3\">2011<\/td><td class=\"column-4\">9.7<\/td><td class=\"column-5\">A5<\/td><td class=\"column-6\">Discontinued 03\/2014<\/td>\n<\/tr>\n<tr class=\"row-4 even\">\n\t<td class=\"column-1\">iPad 3 \/ 9.7\"<\/td><td class=\"column-2\">A1416 on the iPad (3rd generation) Wi-Fi<br \/>\nA1430 on the iPad (3rd generation) Wi-Fi + Cellular<br \/>\nA1403 on the iPad (3rd generation) Wi-Fi + Cellular (VZ)<\/td><td class=\"column-3\">2012<\/td><td class=\"column-4\">9.7<\/td><td class=\"column-5\">A5x<\/td><td class=\"column-6\">Discontinued 10\/2012<\/td>\n<\/tr>\n<tr class=\"row-5 odd\">\n\t<td class=\"column-1\">iPad 4 \/ 9.7\" <\/td><td class=\"column-2\">A1458 on the iPad (4th generation) Wi-Fi<br \/>\nA1459 on the iPad (4th generation) Wi-Fi + Cellular<br \/>\nA1460 on the iPad (4th generation) Wi-Fi + Cellular (MM)<\/td><td class=\"column-3\">2012<\/td><td class=\"column-4\">9.7<\/td><td class=\"column-5\">A6x<\/td><td class=\"column-6\">Discontinued 10\/2014<\/td>\n<\/tr>\n<tr class=\"row-6 even\">\n\t<td class=\"column-1\">iPad 5 \/ 9.7\" <\/td><td class=\"column-2\">A1822 on the iPad (5th generation) Wi-Fi<br \/>\nA1823 on the iPad (5th generation) Wi-Fi + Cellular<\/td><td class=\"column-3\">2017<\/td><td class=\"column-4\">9.7<\/td><td class=\"column-5\">A9<\/td><td class=\"column-6\">Discontinued 03\/2018<\/td>\n<\/tr>\n<tr class=\"row-7 odd\">\n\t<td class=\"column-1\">iPad 6 \/ 9.7\" <\/td><td class=\"column-2\">A1893 on the iPad (6th generation) Wi-Fi<br \/>\nA1954 on the iPad (6th generation) Wi-Fi + Cellular<\/td><td class=\"column-3\">2018<\/td><td class=\"column-4\">9.7<\/td><td class=\"column-5\">A10<\/td><td class=\"column-6\">Discontinued 09\/2019<\/td>\n<\/tr>\n<tr class=\"row-8 even\">\n\t<td class=\"column-1\">iPad 7 \/ 10.2\" <\/td><td class=\"column-2\">A2197 on the iPad (7th generation) Wi-Fi<br \/>\nA2200, A2198 on the iPad (7th generation) Wi-Fi + Cellular<\/td><td class=\"column-3\">2019<\/td><td class=\"column-4\">10.2<\/td><td class=\"column-5\">A10<\/td><td class=\"column-6\">Discontinued 09\/2020<\/td>\n<\/tr>\n<tr class=\"row-9 odd\">\n\t<td class=\"column-1\">iPad 8 \/ 10.2\" <\/td><td class=\"column-2\">A2270 on iPad (8th generation)<br \/>\nA2428, A2429, A2430 on iPad (8th generation) Wi-Fi + Cellular<\/td><td class=\"column-3\">2020<\/td><td class=\"column-4\">10.2<\/td><td class=\"column-5\">A12<\/td><td class=\"column-6\">Discontinued 09\/2021<\/td>\n<\/tr>\n<tr class=\"row-10 even\">\n\t<td class=\"column-1\">iPad 9 \/ 10.2\" <\/td><td class=\"column-2\">A2602 on iPad (9th generation)<br \/>\nA2604 on iPad (9th generation) Wi-Fi + Cellular<br \/>\nA2603 on iPad (9th generation) Wi-Fi + Cellular (North America only)<br \/>\nA2605 on iPad (9th generation) Wi-Fi + Cellular (China mainland only)<\/td><td class=\"column-3\">2021<\/td><td class=\"column-4\">10.2<\/td><td class=\"column-5\">A13<\/td><td class=\"column-6\">In production<\/td>\n<\/tr>\n<tr class=\"row-11 odd\">\n\t<td class=\"column-1\">iPad 10 \/ 10.9\" <\/td><td class=\"column-2\">A2696 on iPad (10th generation)<br \/>\nA2757 on iPad (10th generation) Wi-Fi + Cellular<br \/>\nA2777 on iPad (10th generation) Wi-Fi + Cellular (China mainland only)<br \/>\nA3162 on iPad (10th generation) Wi-Fi + Cellular (China mainland only)<\/td><td class=\"column-3\">2022<\/td><td class=\"column-4\">10.9<\/td><td class=\"column-5\">A14<\/td><td class=\"column-6\">In production<\/td>\n<\/tr>\n<\/tbody>\n<\/table>\n<!-- #tablepress-145 from cache -->\n\n\n\n<ul class=\"wp-block-list\">\n<li><strong>iPad (1. gener\u00e1ci\u00f3, 2010) <\/strong>: Bevezette a 9,7 h\u00fcvelykes kijelz\u0151vel \u00e9s Apple A4-es lapk\u00e1val rendelkez\u0151 t\u00e1blag\u00e9pek koncepci\u00f3j\u00e1t.<\/li>\n\n\n\n<li><strong>iPad 2 (2011) <\/strong>: Karcs\u00fabb kialak\u00edt\u00e1ssal, k\u00e9tmagos A5-\u00f6s processzorral, valamint el\u00fcls\u0151 \u00e9s h\u00e1ts\u00f3 kamer\u00e1kkal.<\/li>\n\n\n\n<li><strong>iPad (3. gener\u00e1ci\u00f3, 2012) <\/strong>: Meghozta a Retina kijelz\u0151t, az A5X chipet tov\u00e1bbfejlesztett grafik\u00e1val \u00e9s egy 5 MP-es kamer\u00e1t.<\/li>\n\n\n\n<li><strong>iPad (4. gener\u00e1ci\u00f3, 2012) <\/strong>: Friss\u00edtve gyorsabb A6X processzorral \u00e9s a Lightning csatlakoz\u00f3 bevezet\u00e9s\u00e9vel.<\/li>\n\n\n\n<li><strong>iPad (5. gener\u00e1ci\u00f3, 2017) <\/strong>: A9-es chippel \u00e9s 9,7 h\u00fcvelykes kijelz\u0151vel val\u00f3 visszat\u00e9r\u00e9s a nem Air m\u00e1rk\u00e1hoz, amely az oktat\u00e1si \u00e9s bel\u00e9p\u0151 szint\u0171 piacokra \u00f6sszpontos\u00edt.<\/li>\n\n\n\n<li><strong>iPad (6. gener\u00e1ci\u00f3, 2018) <\/strong>: Hozz\u00e1adott t\u00e1mogat\u00e1s az 1. gener\u00e1ci\u00f3s Apple Pencilhez, \u00e9s egy A10 Fusion chipet kapott.<\/li>\n\n\n\n<li><strong>iPad (7. gener\u00e1ci\u00f3, 2019) <\/strong>: Bemutatt\u00e1k a nagyobb, 10,2 h\u00fcvelykes Retina kijelz\u0151t, a Smart Connectort a billenty\u0171zetkieg\u00e9sz\u00edt\u0151kh\u00f6z \u00e9s az A10 Fusion chipet.<\/li>\n\n\n\n<li><strong>iPad (8. gener\u00e1ci\u00f3, 2020) <\/strong>: Friss\u00edtve az A12 Bionic chippel, jav\u00edtva a teljes\u00edtm\u00e9nyt \u00e9s a grafikus k\u00e9pess\u00e9geket.<\/li>\n\n\n\n<li><strong>iPad (9. gener\u00e1ci\u00f3, 2021) <\/strong>: A13 Bionic chippel, True Tone kijelz\u0151vel \u00e9s tov\u00e1bbfejlesztett el\u0151lapi kamer\u00e1val a Center Stage funkci\u00f3val.<\/li>\n<\/ul>\n\n\n\n<h2 class=\"wp-block-heading\"><a><\/a><strong>A 2012-2021 k\u00f6z\u00f6tti iPad mini modellek list\u00e1ja<\/strong><strong><\/strong><\/h2>\n\n\n\n<figure class=\"wp-block-image size-large\"><img loading=\"lazy\" decoding=\"async\" width=\"1024\" height=\"559\" src=\"https:\/\/global.tab-tv.com\/hu\/wp-content\/uploads\/sites\/3\/2024\/02\/iPad-mini-models-2012-2024-1024x559.webp\" alt=\"\" class=\"wp-image-10659\" srcset=\"https:\/\/global.tab-tv.com\/hu\/wp-content\/uploads\/sites\/3\/2024\/02\/iPad-mini-models-2012-2024-1024x559.webp 1024w, https:\/\/global.tab-tv.com\/hu\/wp-content\/uploads\/sites\/3\/2024\/02\/iPad-mini-models-2012-2024-300x164.webp 300w, https:\/\/global.tab-tv.com\/hu\/wp-content\/uploads\/sites\/3\/2024\/02\/iPad-mini-models-2012-2024-768x419.webp 768w, https:\/\/global.tab-tv.com\/hu\/wp-content\/uploads\/sites\/3\/2024\/02\/iPad-mini-models-2012-2024-1536x838.webp 1536w, https:\/\/global.tab-tv.com\/hu\/wp-content\/uploads\/sites\/3\/2024\/02\/iPad-mini-models-2012-2024.webp 1980w\" sizes=\"auto, (max-width: 1024px) 100vw, 1024px\" \/><\/figure>\n\n\n\n<p>A kis k\u00e9perny\u0151kkel rendelkez\u0151 iPad mini sorozatot 2015-ig akt\u00edvan gy\u00e1rtott\u00e1k. Egy ilyen t\u00e1blag\u00e9p valamivel nagyobb, mint egy telefon; 2015-ben az Apple le\u00e1ll\u00edtotta az \u00faj iPad mini gy\u00e1rt\u00e1s\u00e1t. 2019-ben \u00fagy d\u00f6nt\u00f6ttek, hogy \u00fajra\u00e9lesztik ezt a fel\u00e1ll\u00e1st. 2021-ben, 2024 elej\u00e9re az utols\u00f3, az iPad mini hatodik sora jelent meg, nem tudni, hogy lesz-e folytat\u00e1sa, minden az ilyen eszk\u00f6z\u00f6k ir\u00e1nti kereslett\u0151l f\u00fcgg, \u00fagy t\u0171nik, nincs r\u00e1juk nagy kereslet.<\/p>\n\n\n\n<table id=\"tablepress-146\" class=\"tablepress tablepress-id-146\">\n<thead>\n<tr class=\"row-1 odd\">\n\t<th class=\"column-1\">modell iPad mini (gener\u00e1ci\u00f3)<\/th><th class=\"column-2\">modell<\/th><th class=\"column-3\">Megjelen\u00e9si d\u00e1tum<\/th><th class=\"column-4\">m\u00e9ret k\u00e9perny\u0151 inch <\/th><th class=\"column-5\">Processzor<\/th><th class=\"column-6\">gy\u00e1rt\u00e1si st\u00e1tusz<\/th>\n<\/tr>\n<\/thead>\n<tbody class=\"row-hover\">\n<tr class=\"row-2 even\">\n\t<td class=\"column-1\">iPad mini \/ 7.9\"<\/td><td class=\"column-2\">A1432 on the iPad mini Wi-Fi<br \/>\nA1454 on the iPad mini Wi-Fi + Cellular<br \/>\nA1455 on the iPad mini Wi-Fi + Cellular (MM)<\/td><td class=\"column-3\">2012<\/td><td class=\"column-4\">7.9<\/td><td class=\"column-5\">A5<\/td><td class=\"column-6\">Discontinued 06\/2015<\/td>\n<\/tr>\n<tr class=\"row-3 odd\">\n\t<td class=\"column-1\">iPad mini 2 \/ 7.9\"<\/td><td class=\"column-2\">A1489 on the iPad mini 2 Wi-Fi<br \/>\nA1490 on the iPad mini 2 Wi-Fi + Cellular<br \/>\nA1491 on the iPad mini 2 Wi-Fi + Cellular (TD-LTE)\u2013released early 2014<\/td><td class=\"column-3\">2013<\/td><td class=\"column-4\">7.9<\/td><td class=\"column-5\">A7<\/td><td class=\"column-6\">Discontinued 03\/2017<\/td>\n<\/tr>\n<tr class=\"row-4 even\">\n\t<td class=\"column-1\">iPad mini 3 \/ 7.9\"<\/td><td class=\"column-2\">A1599 on the iPad mini 3<br \/>\nA1600 on the iPad mini 3 Wi-Fi + Cellular<\/td><td class=\"column-3\">2014<\/td><td class=\"column-4\">7.9<\/td><td class=\"column-5\">A7<\/td><td class=\"column-6\">Discontinued 09\/2015<\/td>\n<\/tr>\n<tr class=\"row-5 odd\">\n\t<td class=\"column-1\">iPad mini 4 \/ 7.9\"<\/td><td class=\"column-2\">A1538 on the iPad mini 4<br \/>\nA1550 on the iPad mini 4 Wi-Fi + Cellular<\/td><td class=\"column-3\">2015<\/td><td class=\"column-4\">7.9<\/td><td class=\"column-5\">A8<\/td><td class=\"column-6\">Discontinued 03\/2019<\/td>\n<\/tr>\n<tr class=\"row-6 even\">\n\t<td class=\"column-1\">iPad mini 5 \/ 7.9\"<\/td><td class=\"column-2\">A2133 on iPad mini (5th generation)<br \/>\nA2124, A2126 on iPad mini (5th generation) Wi-Fi + Cellular<br \/>\nA2125 on iPad mini (5th generation) Wi-Fi + Cellular (China mainland only)<br \/>\n<br \/>\n<\/td><td class=\"column-3\">2019<\/td><td class=\"column-4\">7.9<\/td><td class=\"column-5\">A9<\/td><td class=\"column-6\">Discontinued 09\/2021<\/td>\n<\/tr>\n<tr class=\"row-7 odd\">\n\t<td class=\"column-1\">iPad mini 6 \/ 8.3\"<\/td><td class=\"column-2\">A2567 on iPad mini (6th generation)<br \/>\nA2568 on iPad mini (6th generation) Wi-Fi + Cellular<br \/>\nA2569 on iPad mini (6th generation) Wi-Fi + Cellular (China mainland only)<\/td><td class=\"column-3\">2021<\/td><td class=\"column-4\">8.3<\/td><td class=\"column-5\">A15<\/td><td class=\"column-6\">In production<\/td>\n<\/tr>\n<\/tbody>\n<\/table>\n<!-- #tablepress-146 from cache -->\n\n\n\n<ol class=\"wp-block-list\">\n<li><strong>2012 <\/strong>: iPad Mini (1. gener\u00e1ci\u00f3) \u2013 Az els\u0151 7,9 h\u00fcvelykes iPadk\u00e9nt piacra dobt\u00e1k, Apple A5 chippel, \u00edgy a leghordozhat\u00f3bb iPad lett akkoriban.<\/li>\n\n\n\n<li><strong>2013 <\/strong>: iPad Mini 2 \u2013 Bemutatt\u00e1k a Retina kijelz\u0151t \u00e9s az Apple A7 chipet, jelent\u0151sen jav\u00edtva a k\u00e9perny\u0151 felbont\u00e1s\u00e1t \u00e9s teljes\u00edtm\u00e9ny\u00e9t.<\/li>\n\n\n\n<li><strong>2014 <\/strong>: iPad Mini 3 \u2013 Hozz\u00e1adtuk a Touch ID ujjlenyomat-\u00e9rz\u00e9kel\u0151t, kisebb friss\u00edt\u00e9sekkel az el\u0151dh\u00f6z k\u00e9pest.<\/li>\n\n\n\n<li><strong>2015 <\/strong>: iPad Mini 4 \u2013 V\u00e9konyabb \u00e9s k\u00f6nnyebb diz\u00e1jnt, jobb teljes\u00edtm\u00e9nyt az Apple A8 chippel \u00e9s jobb kamerak\u00e9pess\u00e9geket hozott.<\/li>\n\n\n\n<li><strong>2019 <\/strong>: iPad Mini (5. gener\u00e1ci\u00f3) \u2013 Jelent\u0151s kihagy\u00e1s ut\u00e1n friss\u00edtve, Apple A12 Bionic chippel, az 1. gener\u00e1ci\u00f3s Apple Pencil t\u00e1mogat\u00e1s\u00e1val \u00e9s tov\u00e1bbfejlesztett kijelz\u0151technol\u00f3gi\u00e1val.<\/li>\n\n\n\n<li><strong>2021 <\/strong>: iPad Mini (6. gener\u00e1ci\u00f3) \u2013 Jelent\u0151s \u00fajratervez\u00e9st k\u00e9pvisel a 8,3 h\u00fcvelykes Liquid Retina kijelz\u0151vel, az Apple A15 Bionic chippel, az USB-C csatlakoz\u00e1ssal \u00e9s a 2. gener\u00e1ci\u00f3s Apple Pencil t\u00e1mogat\u00e1s\u00e1val, ami jelent\u0151s ugr\u00e1st jelent a teljes\u00edtm\u00e9nyben \u00e9s a funkcionalit\u00e1sban .<\/li>\n<\/ol>\n\n\n\n<h2 class=\"wp-block-heading\"><a><\/a><strong>A 2013-2022 k\u00f6z\u00f6tti iPad Air modellek list\u00e1ja<\/strong><strong><\/strong><\/h2>\n\n\n\n<figure class=\"wp-block-image size-large\"><img loading=\"lazy\" decoding=\"async\" width=\"1024\" height=\"559\" src=\"https:\/\/global.tab-tv.com\/hu\/wp-content\/uploads\/sites\/3\/2024\/02\/iPad-Air-models-2013-2024-1024x559.webp\" alt=\"\" class=\"wp-image-10660\" srcset=\"https:\/\/global.tab-tv.com\/hu\/wp-content\/uploads\/sites\/3\/2024\/02\/iPad-Air-models-2013-2024-1024x559.webp 1024w, https:\/\/global.tab-tv.com\/hu\/wp-content\/uploads\/sites\/3\/2024\/02\/iPad-Air-models-2013-2024-300x164.webp 300w, https:\/\/global.tab-tv.com\/hu\/wp-content\/uploads\/sites\/3\/2024\/02\/iPad-Air-models-2013-2024-768x419.webp 768w, https:\/\/global.tab-tv.com\/hu\/wp-content\/uploads\/sites\/3\/2024\/02\/iPad-Air-models-2013-2024-1536x838.webp 1536w, https:\/\/global.tab-tv.com\/hu\/wp-content\/uploads\/sites\/3\/2024\/02\/iPad-Air-models-2013-2024.webp 1980w\" sizes=\"auto, (max-width: 1024px) 100vw, 1024px\" \/><\/figure>\n\n\n\n<p>Az iPad Air az iPad Mini marketingstrat\u00e9gi\u00e1j\u00e1t visszhangozza, \u00e9s jelent\u0151s \u00f6t\u00e9ves sz\u00fcnetet mutat be a sorozat modelljei k\u00f6z\u00f6tt. Ez a strat\u00e9giai sz\u00fcnet val\u00f3sz\u00edn\u0171leg azt t\u00fckr\u00f6zi, hogy az Apple az iPad Pro term\u00e9kcsal\u00e1dra helyezte a hangs\u00falyt a sz\u00e9lesebb piaci kereslet k\u00f6zepette, amikor az iPhone-elad\u00e1sok emelkedtek, az iPad-elad\u00e1sok pedig visszaestek \u2013 ez a tendencia az Apple \u00e9s a teljes okostelefon- \u00e9s t\u00e1blag\u00e9pipar sz\u00e1m\u00e1ra. Annak ellen\u00e9re, hogy a t\u00e1blag\u00e9pek csup\u00e1n 3-5%-\u00e1t teszik ki az internethez haszn\u00e1lt eszk\u00f6z\u00f6knek, piacuk tov\u00e1bbra is \u00e9letk\u00e9pes, b\u00e1r az okostelefonok ir\u00e1nti els\u00f6pr\u0151 kereslet be\u00e1rny\u00e9kolja. A fogyaszt\u00f3k v\u00e1ltozatos ig\u00e9nyeire reag\u00e1lva az Apple kib\u0151v\u00edtette iPad-k\u00edn\u00e1lat\u00e1t. A Pro sorozat az otthoni \u00e9s \u00fczleti felhaszn\u00e1l\u00f3kat c\u00e9lz\u00f3 pr\u00e9mium aj\u00e1nlatt\u00e1 v\u00e1lt fejlett funkci\u00f3ival \u00e9s magasabb \u00e1rfekv\u00e9s\u00e9vel. Az Air Series, amely a szabv\u00e1nyos iPad \u00e9s iPad Pro k\u00f6z\u00f6tti helyet foglalja el, egyens\u00falyt k\u00edn\u00e1l a teljes\u00edtm\u00e9ny \u00e9s a megfizethet\u0151s\u00e9g k\u00f6z\u00f6tt, \u00e9s a sebess\u00e9g \u00e9s a k\u00f6lts\u00e9gek k\u00f6z\u00f6tti egyens\u00falyt keres\u0151 fogyaszt\u00f3kat k\u00edv\u00e1nja megsz\u00f3l\u00edtani.<\/p>\n\n\n\n<table id=\"tablepress-147\" class=\"tablepress tablepress-id-147\">\n<thead>\n<tr class=\"row-1 odd\">\n\t<th class=\"column-1\">modell iPad Air (gener\u00e1ci\u00f3)<\/th><th class=\"column-2\">modell<\/th><th class=\"column-3\">Megjelen\u00e9si d\u00e1tum<\/th><th class=\"column-4\">m\u00e9ret k\u00e9perny\u0151 inch <\/th><th class=\"column-5\">Processzor<\/th><th class=\"column-6\">gy\u00e1rt\u00e1si st\u00e1tusz<\/th>\n<\/tr>\n<\/thead>\n<tbody class=\"row-hover\">\n<tr class=\"row-2 even\">\n\t<td class=\"column-1\">iPad Air\/ 9.7\"<\/td><td class=\"column-2\">A1474 on the iPad Air Wi-Fi<br \/>\nA1475 on the iPad Air Wi-Fi + Cellular<br \/>\nA1476 on the iPad Air Wi-Fi + Cellular (TD-LTE)\u2014released early 2014<\/td><td class=\"column-3\">2013<\/td><td class=\"column-4\">9.7<\/td><td class=\"column-5\">A7<\/td><td class=\"column-6\">Discontinued 03\/2016<\/td>\n<\/tr>\n<tr class=\"row-3 odd\">\n\t<td class=\"column-1\">iPad Air 2 \/ 9.7\"<\/td><td class=\"column-2\">A1566 on the iPad Air 2<br \/>\nA1567 on the iPad Air 2 Wi-Fi + Cellular<\/td><td class=\"column-3\">2014<\/td><td class=\"column-4\">9.7<\/td><td class=\"column-5\">A8x<\/td><td class=\"column-6\">Discontinued 03\/2017<\/td>\n<\/tr>\n<tr class=\"row-4 even\">\n\t<td class=\"column-1\">iPad Air 3 \/ 10.5\"<\/td><td class=\"column-2\">A2152 on iPad Air (3rd generation)<br \/>\nA2123, A2153 on iPad Air (3rd generation) Wi-Fi + Cellular<br \/>\n<br \/>\nA2154 on iPad Air (3rd generation) Wi-Fi + Cellular (China mainland only)<\/td><td class=\"column-3\">2019<\/td><td class=\"column-4\">10.5<\/td><td class=\"column-5\">A12<\/td><td class=\"column-6\">Discontinued 09\/2020<\/td>\n<\/tr>\n<tr class=\"row-5 odd\">\n\t<td class=\"column-1\">iPad Air 4 \/ 10.9\"<\/td><td class=\"column-2\">A2316 on iPad Air (4th generation)<br \/>\nA2324, A2325, A2072 on iPad Air (4th generation) Wi-Fi + Cellular<\/td><td class=\"column-3\">2020<\/td><td class=\"column-4\">10.9<\/td><td class=\"column-5\">A14<\/td><td class=\"column-6\">Discontinued 03\/2022<\/td>\n<\/tr>\n<tr class=\"row-6 even\">\n\t<td class=\"column-1\">iPad Air 5 \/ 10.9\"<\/td><td class=\"column-2\">A2588 on iPad Air (5th generation)<br \/>\nA2589, A2591 on iPad Air (5th generation) Wi-Fi + Cellular<\/td><td class=\"column-3\">2022<\/td><td class=\"column-4\">10.9<\/td><td class=\"column-5\">M1<\/td><td class=\"column-6\">In production<\/td>\n<\/tr>\n<\/tbody>\n<\/table>\n<!-- #tablepress-147 from cache -->\n\n\n\n<ol class=\"wp-block-list\">\n<li><strong>2013 <\/strong>: iPad Air (1. gener\u00e1ci\u00f3) \u2013 Az iPad k\u00f6nnyebb, v\u00e9konyabb v\u00e1ltozatak\u00e9nt mutatt\u00e1k be, 9,7 h\u00fcvelykes kijelz\u0151vel \u00e9s Apple A7 chippel.<\/li>\n\n\n\n<li><strong>2014 <\/strong>: iPad Air 2 \u2013 Lamin\u00e1lt kijelz\u0151vel, Apple A8X chippel \u00e9s tov\u00e1bbfejlesztett kamer\u00e1kkal tov\u00e1bbfejlesztve, ez az els\u0151 iPad, amely Touch ID funkci\u00f3val rendelkezik.<\/li>\n\n\n\n<li><strong>2019 <\/strong>: iPad Air (3. gener\u00e1ci\u00f3) \u2013 Az Air sorozat \u00fajj\u00e1\u00e9led\u00e9s\u00e9t jelentette 10,5 h\u00fcvelykes kijelz\u0151vel, az Apple A12 Bionic chippel \u00e9s az 1. gener\u00e1ci\u00f3s Apple Pencil t\u00e1mogat\u00e1s\u00e1val.<\/li>\n\n\n\n<li><strong>2020 <\/strong>: iPad Air (4. gener\u00e1ci\u00f3) \u2013 Az iPad Pro eszt\u00e9tik\u00e1j\u00e1hoz igazod\u00f3, jelent\u0151s \u00e1tdolgoz\u00e1s, 10,9 h\u00fcvelykes Liquid Retina kijelz\u0151, Apple A14 Bionic chip, USB-C csatlakoz\u00e1s, valamint a 2. gener\u00e1ci\u00f3s Apple Pencil t\u00e1mogat\u00e1sa.<\/li>\n\n\n\n<li><strong>2022 <\/strong>: iPad Air (5. gener\u00e1ci\u00f3) \u2013 Friss\u00edtve az Apple M1 chippel, tov\u00e1bb hidalva az Air \u00e9s a Pro vonalak k\u00f6z\u00f6tti szakad\u00e9kot a teljes\u00edtm\u00e9ny tekintet\u00e9ben, mik\u00f6zben megtartja az olyan funkci\u00f3kat, mint a 10,9 h\u00fcvelykes Liquid Retina kijelz\u0151 \u00e9s az USB-C port.<\/li>\n<\/ol>\n\n\n\n<h2 class=\"wp-block-heading\"><a><\/a><strong>A 2015-2022 k\u00f6z\u00f6tti iPad Pro modellek list\u00e1ja<\/strong><strong><\/strong><\/h2>\n\n\n\n<figure class=\"wp-block-image size-large\"><img loading=\"lazy\" decoding=\"async\" width=\"1024\" height=\"559\" src=\"https:\/\/global.tab-tv.com\/hu\/wp-content\/uploads\/sites\/3\/2024\/02\/iPad-Pro-models-2013-2022-1024x559.webp\" alt=\"\" class=\"wp-image-10661\" srcset=\"https:\/\/global.tab-tv.com\/hu\/wp-content\/uploads\/sites\/3\/2024\/02\/iPad-Pro-models-2013-2022-1024x559.webp 1024w, https:\/\/global.tab-tv.com\/hu\/wp-content\/uploads\/sites\/3\/2024\/02\/iPad-Pro-models-2013-2022-300x164.webp 300w, https:\/\/global.tab-tv.com\/hu\/wp-content\/uploads\/sites\/3\/2024\/02\/iPad-Pro-models-2013-2022-768x419.webp 768w, https:\/\/global.tab-tv.com\/hu\/wp-content\/uploads\/sites\/3\/2024\/02\/iPad-Pro-models-2013-2022-1536x838.webp 1536w, https:\/\/global.tab-tv.com\/hu\/wp-content\/uploads\/sites\/3\/2024\/02\/iPad-Pro-models-2013-2022.webp 1980w\" sizes=\"auto, (max-width: 1024px) 100vw, 1024px\" \/><\/figure>\n\n\n\n<p>A 2015-\u00f6s bevezet\u00e9s\u00e9t\u0151l eg\u00e9szen 2022-ig az Apple nem hagyta abba az iPad Pro term\u00e9kcsal\u00e1d k\u00fcl\u00f6nb\u00f6z\u0151 modellekkel val\u00f3 friss\u00edt\u00e9s\u00e9t. Az al\u00e1bbiakban felsoroljuk az ebben az id\u0151szakban megjelent iPad Pro modelleket.<\/p>\n\n\n\n<table id=\"tablepress-148\" class=\"tablepress tablepress-id-148\">\n<thead>\n<tr class=\"row-1 odd\">\n\t<th class=\"column-1\">model iPad Pro (gener\u00e1ci\u00f3)<\/th><th class=\"column-2\">modell<\/th><th class=\"column-3\">Megjelen\u00e9si d\u00e1tum<\/th><th class=\"column-4\">m\u00e9ret k\u00e9perny\u0151 inch <\/th><th class=\"column-5\">Processzor<\/th><th class=\"column-6\">gy\u00e1rt\u00e1si st\u00e1tusz<\/th>\n<\/tr>\n<\/thead>\n<tbody class=\"row-hover\">\n<tr class=\"row-2 even\">\n\t<td class=\"column-1\">iPad Pro  \/ 12.9\"<\/td><td class=\"column-2\">A1584 on the iPad Pro<br \/>\nA1652 on the iPad Pro Wi-Fi + Cellular<\/td><td class=\"column-3\">2015<\/td><td class=\"column-4\">12.9<\/td><td class=\"column-5\">A9x<\/td><td class=\"column-6\">Discontinued 06.2017<\/td>\n<\/tr>\n<tr class=\"row-3 odd\">\n\t<td class=\"column-1\">iPad Pro \/ 9.7\"<\/td><td class=\"column-2\">A1673 on the iPad Pro<br \/>\nA1674 or A1675 on the iPad Pro Wi-Fi + Cellular<\/td><td class=\"column-3\">2016<\/td><td class=\"column-4\">9.7<\/td><td class=\"column-5\">A9x<\/td><td class=\"column-6\">Discontinued 06.2017<\/td>\n<\/tr>\n<tr class=\"row-4 even\">\n\t<td class=\"column-1\">iPad Pro 2 \/ 12.9\"<\/td><td class=\"column-2\">A1670 on the iPad Pro<br \/>\nA1671 on the iPad Pro Wi-Fi + Cellular<br \/>\nA1821 on the iPad Pro Wi-Fi + Cellular (China mainland only)<\/td><td class=\"column-3\">2017<\/td><td class=\"column-4\">12.9<\/td><td class=\"column-5\">A10x<\/td><td class=\"column-6\">Discontinued 10.2018<\/td>\n<\/tr>\n<tr class=\"row-5 odd\">\n\t<td class=\"column-1\">iPad Pro \/ 10.5\"<\/td><td class=\"column-2\">A1701 on the iPad Pro<br \/>\nA1709 on the iPad Pro Wi-Fi + Cellular<br \/>\nA1852 on the iPad Pro Wi-Fi + Cellular (China mainland only)<\/td><td class=\"column-3\">2017<\/td><td class=\"column-4\">10.5<\/td><td class=\"column-5\">A10x<\/td><td class=\"column-6\">Discontinued 10.2018<\/td>\n<\/tr>\n<tr class=\"row-6 even\">\n\t<td class=\"column-1\">iPad Pro 3 \/ 12.9\"<\/td><td class=\"column-2\">A1876 on the iPad Pro<br \/>\nA2014, A1895 on the iPad Pro Wi-Fi + Cellular<br \/>\nA1983 on the iPad Pro Wi-Fi + Cellular (China mainland only)<\/td><td class=\"column-3\">2018<\/td><td class=\"column-4\">12.9<\/td><td class=\"column-5\">A12x<\/td><td class=\"column-6\">Discontinued 03.2020<\/td>\n<\/tr>\n<tr class=\"row-7 odd\">\n\t<td class=\"column-1\">iPad Pro \/ 11\"<\/td><td class=\"column-2\">A1980 on the iPad Pro<br \/>\nA2013, A1934 on the iPad Pro Wi-Fi + Cellular<br \/>\nA1979 on the iPad Pro Wi-Fi + Cellular (China mainland only)<\/td><td class=\"column-3\">2018<\/td><td class=\"column-4\">11<\/td><td class=\"column-5\">A12x<\/td><td class=\"column-6\">Discontinued 03.2020<\/td>\n<\/tr>\n<tr class=\"row-8 even\">\n\t<td class=\"column-1\">iPad Pro 4 \/ 12.9\"<\/td><td class=\"column-2\">A2229 on the iPad Pro<br \/>\nA2069, A2232 on the iPad Pro Wi-Fi + Cellular<br \/>\nA2233 on the iPad Pro Wi-Fi + Cellular (China mainland only)<\/td><td class=\"column-3\">2020<\/td><td class=\"column-4\">12.9<\/td><td class=\"column-5\">A12z<\/td><td class=\"column-6\">Discontinued 04.2021<\/td>\n<\/tr>\n<tr class=\"row-9 odd\">\n\t<td class=\"column-1\">iPad Pro 2 \/ 11\"<\/td><td class=\"column-2\">A2228 on the iPad Pro<br \/>\nA2068, A2230 on the iPad Pro Wi-Fi + Cellular<br \/>\nA2231 on the iPad Pro Wi-Fi + Cellular (China mainland only)<br \/>\n<br \/>\n<\/td><td class=\"column-3\">2020<\/td><td class=\"column-4\">11<\/td><td class=\"column-5\">A12z<\/td><td class=\"column-6\">Discontinued 04.2021<\/td>\n<\/tr>\n<tr class=\"row-10 even\">\n\t<td class=\"column-1\">iPad Pro 5 \/ 12.9\"<\/td><td class=\"column-2\">A2378 on the iPad Pro<br \/>\nA2461 on the iPad Pro Wi-Fi + Cellular<br \/>\nA2379 on the iPad Pro Wi-Fi + Cellular with mmWave<\/td><td class=\"column-3\">2021<\/td><td class=\"column-4\">12.9<\/td><td class=\"column-5\">M1<\/td><td class=\"column-6\">Discontinued 10.2022<\/td>\n<\/tr>\n<tr class=\"row-11 odd\">\n\t<td class=\"column-1\">iPad Pro 3 \/ 11\"<\/td><td class=\"column-2\">A2377 on the iPad Pro<br \/>\nA2459 on the iPad Pro Wi-Fi + Cellular<br \/>\nA2301 on the iPad Pro Wi-Fi + Cellular with mmWave<br \/>\nA2460 on the iPad Pro Wi-Fi + Cellular (China mainland only)<\/td><td class=\"column-3\">2021<\/td><td class=\"column-4\">11<\/td><td class=\"column-5\">M1<\/td><td class=\"column-6\">Discontinued 10.2022<\/td>\n<\/tr>\n<tr class=\"row-12 even\">\n\t<td class=\"column-1\">iPad Pro 6 \/ 12.9\"<\/td><td class=\"column-2\">A2436 on iPad Pro 12.9-inch (6th generation)<br \/>\nA2437 on iPad Pro 12.9-inch (6th generation) Wi-Fi + Cellular<br \/>\nA2764 on iPad Pro 12.9-inch (6th generation) Wi-Fi + Cellular with mmWave<br \/>\nA2766 on iPad Pro 12.9-inch (6th generation) Wi-Fi + Cellular (China mainland only)<\/td><td class=\"column-3\">2022<\/td><td class=\"column-4\">12.9<\/td><td class=\"column-5\">M2<\/td><td class=\"column-6\">In production<\/td>\n<\/tr>\n<tr class=\"row-13 odd\">\n\t<td class=\"column-1\">iPad Pro 4 \/ 11\"<\/td><td class=\"column-2\">A2759 on iPad Pro 11-inch (4th generation)<br \/>\nA2761 on iPad Pro 11-inch (4th generation) Wi-Fi + Cellular<br \/>\nA2435 on iPad Pro 11-inch (4th generation) Wi-Fi + Cellular with mmWave<br \/>\nA2762 on iPad Pro 11-inch (4th generation) Wi-Fi + Cellular (China mainland only)<\/td><td class=\"column-3\">2022<\/td><td class=\"column-4\">11<\/td><td class=\"column-5\">M2<\/td><td class=\"column-6\">In production<\/td>\n<\/tr>\n<\/tbody>\n<\/table>\n<!-- #tablepress-148 from cache -->\n\n\n\n<ul class=\"wp-block-list\">\n<li><strong>iPad Pro 12,9 h\u00fcvelykes (1. gener\u00e1ci\u00f3, 2015) <\/strong>\u2013 Az eredeti iPad Pro, amely nagy kijelz\u0151t \u00e9s nagy teljes\u00edtm\u00e9ny\u0171 sz\u00e1m\u00edt\u00e1si lehet\u0151s\u00e9geket mutatott be a szakemberek \u00e9s a nagy teljes\u00edtm\u00e9ny\u0171 felhaszn\u00e1l\u00f3k sz\u00e1m\u00e1ra.<\/li>\n\n\n\n<li><strong>iPad Pro 9,7 h\u00fcvelykes (2016) <\/strong>\u2013 az iPad Pro kisebb \u00e9s hordozhat\u00f3bb verzi\u00f3ja, amely hasonl\u00f3 fejlett funkci\u00f3kat k\u00edn\u00e1l kisebb csomagban.<\/li>\n\n\n\n<li><strong>iPad Pro 12,9 h\u00fcvelykes (2. gener\u00e1ci\u00f3s, 2017) \u00e9s iPad Pro 10,5 h\u00fcvelykes (2017) <\/strong>\u2013 ezek a modellek tov\u00e1bbfejlesztett megjelen\u00edt\u00e9si technol\u00f3gi\u00e1t, megn\u00f6velt feldolgoz\u00e1si teljes\u00edtm\u00e9nyt \u00e9s ProMotion technol\u00f3gi\u00e1t tartalmaznak a sim\u00e1bb g\u00f6rget\u00e9s \u00e9s tartalom mozgat\u00e1sa \u00e9rdek\u00e9ben.<\/li>\n\n\n\n<li><strong>iPad Pro 11\u2033 (1. gener\u00e1ci\u00f3, 2018) \u00e9s iPad Pro 12.9\u2033 (3. gener\u00e1ci\u00f3, 2018) <\/strong>\u2013 az iPad Pro term\u00e9kcsal\u00e1d friss\u00edt\u00e9se Liquid Retina \u00e9lt\u0151l sz\u00e9lig kijelz\u0151kkel, Face ID-vel \u00e9s az A12X Bionic chip bevezet\u00e9s\u00e9vel .<\/li>\n\n\n\n<li><strong>iPad Pro 11\u2033 (2. gener\u00e1ci\u00f3, 2020) \u00e9s iPad Pro 12,9\u2033 (4. gener\u00e1ci\u00f3, 2020) <\/strong>\u2013 tov\u00e1bbfejlesztett A12Z Bionic chip, jobb kamer\u00e1k \u00e9s \u00faj LiDAR szkenner a kiterjesztett val\u00f3s\u00e1g alkalmaz\u00e1sokhoz.<\/li>\n\n\n\n<li><strong>Az iPad Pro 11 h\u00fcvelykes (3. gener\u00e1ci\u00f3s, 2021) \u00e9s iPad Pro 12,9 h\u00fcvelykes (5. gener\u00e1ci\u00f3s, 2021) <\/strong>az els\u0151 iPadek, amelyek M1 chipet tartalmaznak a p\u00e9ld\u00e1tlan teljes\u00edtm\u00e9ny \u00e9rdek\u00e9ben az iPad k\u00edn\u00e1lat\u00e1ban, valamint mini-LED kijelz\u0151t a 12.9-es verzi\u00f3ban \u2033 modell a jobb f\u00e9nyer\u0151 \u00e9s kontraszt \u00e9rdek\u00e9ben.<\/li>\n<\/ul>\n\n\n\n<h2 class=\"wp-block-heading\"><a><\/a><strong>Az \u00faj iPad 2024 megjelen\u00e9si d\u00e1tuma<\/strong><strong><\/strong><\/h2>\n\n\n\n<p>Az iPadek k\u00f6vetkez\u0151 gener\u00e1ci\u00f3j\u00e1val kapcsolatos v\u00e1rakoz\u00e1sok egyre n\u00f6vekszik, az \u00faj eszk\u00f6z\u00f6k megjelen\u00e9s\u00e9t 2024 tavasz\u00e1ra tervezik. Ez az iPad friss\u00edt\u00e9seinek jelent\u0151s hi\u00e1nya ut\u00e1n k\u00f6vetkezik be 2023-ban, ami az iPad 2010-es bemutat\u00e1sa \u00f3ta az els\u0151 \u00e9v \u00faj modellek n\u00e9lk\u00fcl. Mark Gurmannek, a Bloombergt\u0151l az Apple 2024 m\u00e1rcius\u00e1nak v\u00e9g\u00e9ig \u00faj iPad-eket, k\u00f6zt\u00fck az M3 MacBook Airt tervez bemutatni, \u00e9s a h\u00edrek szerint az \u00faj iPadek gy\u00e1rt\u00e1sa m\u00e1r a m\u00e1rciusi bevezet\u00e9s el\u0151tt folyamatban van. Ming-Chi Kuo elemz\u0151 tov\u00e1bb fokozza a tal\u00e1lgat\u00e1sokat azzal, hogy arra sz\u00e1m\u00edt, hogy 2024-ben mind a n\u00e9gy iPad-sorozat \u2013 a standard, a mini, az Air \u00e9s a Pro \u2013 felfriss\u00fcl, \u00e9s az \u00faj iPad Pro is a m\u00e1rciusi esem\u00e9nyen deb\u00fct\u00e1l. A kijelz\u0151ipari elemz\u0151, Ross Young tavaszi kiad\u00e1sra utal, megjegyezve, hogy az \u00faj 12,9 h\u00fcvelykes Air modell kijelz\u0151paneleinek sz\u00e1ll\u00edt\u00e1sa decemberben kezd\u0151d\u00f6tt.<\/p>\n","protected":false},"excerpt":{"rendered":"<p>Az iPad 2010-es piacra dob\u00e1sa sarkalatos pillanat volt az elektronikus eszk\u00f6z\u00f6k fejl\u0151d\u00e9s\u00e9ben, \u00e9s egy \u00faj t\u00e1blag\u00e9pet mutatott be, amelynek sikere kezdetben k\u00e9ts\u00e9ges volt. Az iPad azonban v\u00e9g\u00fcl meger\u0151s\u00edtette poz\u00edci\u00f3j\u00e1t \u00e1tt\u00f6r\u00e9st jelent\u0151 term\u00e9kk\u00e9nt, ami 14 \u00e9ven bel\u00fcl n\u00e9gy k\u00fcl\u00f6n\u00e1ll\u00f3 term\u00e9kcsal\u00e1dhoz vezetett: iPad, iPad Pro, iPad Air \u00e9s iPad Mini . Az Apple egyedi elnevez\u00e9si koncepci\u00f3t alkalmazott, [&hellip;]<\/p>\n","protected":false},"author":1,"featured_media":10663,"comment_status":"open","ping_status":"open","sticky":false,"template":"","format":"standard","meta":{"_monsterinsights_skip_tracking":false,"_monsterinsights_sitenote_active":false,"_monsterinsights_sitenote_note":"","_monsterinsights_sitenote_category":0,"footnotes":""},"categories":[1,4],"tags":[13],"class_list":{"0":"post-1859","1":"post","2":"type-post","3":"status-publish","4":"format-standard","5":"has-post-thumbnail","7":"category-analitika","8":"category-apple","9":"tag-ipad"},"_links":{"self":[{"href":"https:\/\/global.tab-tv.com\/hu\/wp-json\/wp\/v2\/posts\/1859","targetHints":{"allow":["GET"]}}],"collection":[{"href":"https:\/\/global.tab-tv.com\/hu\/wp-json\/wp\/v2\/posts"}],"about":[{"href":"https:\/\/global.tab-tv.com\/hu\/wp-json\/wp\/v2\/types\/post"}],"author":[{"embeddable":true,"href":"https:\/\/global.tab-tv.com\/hu\/wp-json\/wp\/v2\/users\/1"}],"replies":[{"embeddable":true,"href":"https:\/\/global.tab-tv.com\/hu\/wp-json\/wp\/v2\/comments?post=1859"}],"version-history":[{"count":14,"href":"https:\/\/global.tab-tv.com\/hu\/wp-json\/wp\/v2\/posts\/1859\/revisions"}],"predecessor-version":[{"id":10666,"href":"https:\/\/global.tab-tv.com\/hu\/wp-json\/wp\/v2\/posts\/1859\/revisions\/10666"}],"wp:featuredmedia":[{"embeddable":true,"href":"https:\/\/global.tab-tv.com\/hu\/wp-json\/wp\/v2\/media\/10663"}],"wp:attachment":[{"href":"https:\/\/global.tab-tv.com\/hu\/wp-json\/wp\/v2\/media?parent=1859"}],"wp:term":[{"taxonomy":"category","embeddable":true,"href":"https:\/\/global.tab-tv.com\/hu\/wp-json\/wp\/v2\/categories?post=1859"},{"taxonomy":"post_tag","embeddable":true,"href":"https:\/\/global.tab-tv.com\/hu\/wp-json\/wp\/v2\/tags?post=1859"}],"curies":[{"name":"wp","href":"https:\/\/api.w.org\/{rel}","templated":true}]}}