{"id":2137,"date":"2023-10-14T11:20:00","date_gmt":"2023-10-14T08:20:00","guid":{"rendered":"https:\/\/global.tab-tv.com\/hu\/?p=2137"},"modified":"2023-10-15T16:32:11","modified_gmt":"2023-10-15T13:32:11","slug":"hogyan-adhat-hozza-egy-oldalt-a-notionhoz","status":"publish","type":"post","link":"https:\/\/global.tab-tv.com\/hu\/hogyan-adhat-hozza-egy-oldalt-a-notionhoz\/","title":{"rendered":"Hogyan adhat hozz\u00e1 egy oldalt a Notionhoz"},"content":{"rendered":"\n<p>Mint tudjuk, az emberek jobban eml\u00e9keznek arra, amit le\u00edrnak. Ez\u00e9rt sokan k\u00f6z\u00fcl\u00fcnk jegyzetf\u00fczeteket haszn\u00e1lnak. Sokkal egyszer\u0171bb, mint mindig fejben tartani az \u00f6sszes tervedet, a sz\u00fclet\u00e9snapok \u00e9s \u00e9vfordul\u00f3k d\u00e1tumait, a megn\u00e9zni k\u00edv\u00e1nt filmek \u00e9s t\u00e9v\u00e9m\u0171sorok list\u00e1j\u00e1t \u00e9s \u00edgy tov\u00e1bb. Mindazon\u00e1ltal nem lehet k\u00f6nny\u0171 mindezt struktur\u00e1lni a jegyzetf\u00fczetekben.<\/p>\n\n\n\n<p>Szerencs\u00e9re ma m\u00e1r mindannyiunknak van okostelefonja vagy PC-je, \u00e9s ott van a Notion. Egyszer\u0171en fogalmazva, ez egy virtu\u00e1lis jegyzetf\u00fczet, tervez\u0151 \u00e9s egy\u00fcttm\u0171k\u00f6d\u00e9si k\u00f6zpont egy helyen. \u00c9s \u00e9ppen ezzel nagyon egyszer\u0171en struktur\u00e1lhatod az \u00f6sszes inform\u00e1ci\u00f3t az egyes oldalakon. V\u00e1ltogathat k\u00f6z\u00f6tt\u00fck, \u00e9s k\u00fcl\u00f6nb\u00f6z\u0151 blokkokat, ellen\u0151rz\u0151list\u00e1kat \u00e9s egyebeket adhat hozz\u00e1.<\/p>\n\n\n\n<p>N\u00e9zz\u00fck meg teh\u00e1t r\u00e9szletesebben, hogyan adhatunk hozz\u00e1 oldalakat a Notionhoz.<\/p>\n\n\n\n<h2 class=\"wp-block-heading\"><a><\/a><strong>\u00daj oldal hozz\u00e1ad\u00e1sa a Notionhoz<\/strong><\/h2>\n\n\n\n<p>Ha csak most regisztr\u00e1lt a Notionra, akkor m\u00e1r alap\u00e9rtelmez\u00e9s szerint l\u00e9tre fog hozni n\u00e9h\u00e1ny oldalt. Ezek k\u00f6z\u00e9 tartozhat a Gyors jegyzet, a Feladatlista, az Olvas\u00e1si lista stb. De ez csak az, amit a Notion kezdetben k\u00edn\u00e1l \u00d6nnek. Ezen t\u00fal is l\u00e9phet, \u00e9s l\u00e9trehozhatja \u00e9s testre szabhatja saj\u00e1t oldalait.<\/p>\n\n\n\n<p>Teh\u00e1t itt van, hogyan:<\/p>\n\n\n\n<ul class=\"wp-block-list\">\n<li>A k\u00edv\u00e1nt Notion munkater\u00fcleten bel\u00fcl kattintson az oldalmen\u00fcben az <strong>\u00daj oldal <\/strong>vagy az <strong>Oldal hozz\u00e1ad\u00e1sa <\/strong>gombra.<\/li>\n<\/ul>\n\n\n\n<figure class=\"wp-block-image size-large\"><img loading=\"lazy\" decoding=\"async\" width=\"1024\" height=\"748\" src=\"https:\/\/global.tab-tv.com\/hu\/wp-content\/uploads\/sites\/3\/2023\/10\/How-to-add-a-new-page-to-Notion-1-1024x748.webp\" alt=\"\" class=\"wp-image-8669\" srcset=\"https:\/\/global.tab-tv.com\/hu\/wp-content\/uploads\/sites\/3\/2023\/10\/How-to-add-a-new-page-to-Notion-1-1024x748.webp 1024w, https:\/\/global.tab-tv.com\/hu\/wp-content\/uploads\/sites\/3\/2023\/10\/How-to-add-a-new-page-to-Notion-1-300x219.webp 300w, https:\/\/global.tab-tv.com\/hu\/wp-content\/uploads\/sites\/3\/2023\/10\/How-to-add-a-new-page-to-Notion-1-768x561.webp 768w, https:\/\/global.tab-tv.com\/hu\/wp-content\/uploads\/sites\/3\/2023\/10\/How-to-add-a-new-page-to-Notion-1.webp 1153w\" sizes=\"auto, (max-width: 1024px) 100vw, 1024px\" \/><\/figure>\n\n\n\n<ul class=\"wp-block-list\">\n<li>Ezut\u00e1n a Notion automatikusan l\u00e9trehoz \u00e9s megnyit egy \u00faj \u00fcres oldalt.<\/li>\n\n\n\n<li>Kattintson az alap\u00e9rtelmezett c\u00edmre, amely \u00e1ltal\u00e1ban valami olyasmi, mint &#8222;C\u00edm n\u00e9lk\u00fcl&#8221;, \u00e9s \u00edrja be az oldal k\u00edv\u00e1nt c\u00edm\u00e9t.<\/li>\n<\/ul>\n\n\n\n<figure class=\"wp-block-image size-large\"><img loading=\"lazy\" decoding=\"async\" width=\"1024\" height=\"748\" src=\"https:\/\/global.tab-tv.com\/hu\/wp-content\/uploads\/sites\/3\/2023\/10\/How-to-add-a-new-page-to-Notion-2-1024x748.webp\" alt=\"\" class=\"wp-image-8668\" srcset=\"https:\/\/global.tab-tv.com\/hu\/wp-content\/uploads\/sites\/3\/2023\/10\/How-to-add-a-new-page-to-Notion-2-1024x748.webp 1024w, https:\/\/global.tab-tv.com\/hu\/wp-content\/uploads\/sites\/3\/2023\/10\/How-to-add-a-new-page-to-Notion-2-300x219.webp 300w, https:\/\/global.tab-tv.com\/hu\/wp-content\/uploads\/sites\/3\/2023\/10\/How-to-add-a-new-page-to-Notion-2-768x561.webp 768w, https:\/\/global.tab-tv.com\/hu\/wp-content\/uploads\/sites\/3\/2023\/10\/How-to-add-a-new-page-to-Notion-2.webp 1153w\" sizes=\"auto, (max-width: 1024px) 100vw, 1024px\" \/><\/figure>\n\n\n\n<p>Ez az! L\u00e9trehozta \u00faj oldal\u00e1t a Notionon. Most m\u00e1r elkezdheted hozz\u00e1adni a sz\u00fcks\u00e9ges inform\u00e1ci\u00f3kat \u00e9s testreszabni.<\/p>\n\n\n\n<h3 class=\"wp-block-heading\"><a><\/a><strong>A Notion oldal testreszab\u00e1sa<\/strong><\/h3>\n\n\n\n<p>A Notion sz\u00e1mos eszk\u00f6zt \u00e9s funkci\u00f3t k\u00edn\u00e1l az oldal hat\u00e9kony struktur\u00e1l\u00e1s\u00e1hoz. Sz\u00f6veget, c\u00edmsorokat, list\u00e1kat, k\u00e9peket, t\u00e1bl\u00e1zatokat \u00e9s m\u00e9g sok m\u00e1st is hozz\u00e1adhat.<\/p>\n\n\n\n<p>S\u0151t, ha nem akarsz bajl\u00f3dni, haszn\u00e1lhatsz k\u00e9sz Notion sablonokat is az oldaladhoz. Ezek k\u00fcl\u00f6nb\u00f6z\u0151 kateg\u00f3ri\u00e1kba vannak sorolva, mint p\u00e9ld\u00e1ul \u00c9let, Di\u00e1k, Design, Marketing \u00e9s m\u00e1sok. Ez\u00e9rt biztosan tal\u00e1lsz k\u00f6z\u00f6tt\u00fck olyat, amelyik megfelel neked. Alkalmaz\u00e1sa ut\u00e1n pedig szerkesztheted is.<\/p>\n\n\n\n<figure class=\"wp-block-image size-large\"><img loading=\"lazy\" decoding=\"async\" width=\"1024\" height=\"733\" src=\"https:\/\/global.tab-tv.com\/hu\/wp-content\/uploads\/sites\/3\/2023\/10\/How-to-customize-your-Notion-page-1-1024x733.webp\" alt=\"\" class=\"wp-image-8667\" srcset=\"https:\/\/global.tab-tv.com\/hu\/wp-content\/uploads\/sites\/3\/2023\/10\/How-to-customize-your-Notion-page-1-1024x733.webp 1024w, https:\/\/global.tab-tv.com\/hu\/wp-content\/uploads\/sites\/3\/2023\/10\/How-to-customize-your-Notion-page-1-300x215.webp 300w, https:\/\/global.tab-tv.com\/hu\/wp-content\/uploads\/sites\/3\/2023\/10\/How-to-customize-your-Notion-page-1-768x550.webp 768w, https:\/\/global.tab-tv.com\/hu\/wp-content\/uploads\/sites\/3\/2023\/10\/How-to-customize-your-Notion-page-1.webp 1176w\" sizes=\"auto, (max-width: 1024px) 100vw, 1024px\" \/><\/figure>\n\n\n\n<p>Egy m\u00e1sik \u00e9rdekes dolog, amit \u00e9szrevettem, a be\u00e9p\u00edtett mesters\u00e9ges intelligencia. Vagyis nagyj\u00e1b\u00f3l megk\u00e9rheted, hogy \u00edrjon le\u00edr\u00e1st az oldaladhoz, vagy k\u00e9sz\u00edtsen p\u00e9ld\u00e1ul egy napi edz\u00e9stervet.<\/p>\n\n\n\n<figure class=\"wp-block-image size-large\"><img loading=\"lazy\" decoding=\"async\" width=\"1024\" height=\"733\" src=\"https:\/\/global.tab-tv.com\/hu\/wp-content\/uploads\/sites\/3\/2023\/10\/How-to-customize-your-Notion-page-3-1024x733.webp\" alt=\"\" class=\"wp-image-8666\" srcset=\"https:\/\/global.tab-tv.com\/hu\/wp-content\/uploads\/sites\/3\/2023\/10\/How-to-customize-your-Notion-page-3-1024x733.webp 1024w, https:\/\/global.tab-tv.com\/hu\/wp-content\/uploads\/sites\/3\/2023\/10\/How-to-customize-your-Notion-page-3-300x215.webp 300w, https:\/\/global.tab-tv.com\/hu\/wp-content\/uploads\/sites\/3\/2023\/10\/How-to-customize-your-Notion-page-3-768x550.webp 768w, https:\/\/global.tab-tv.com\/hu\/wp-content\/uploads\/sites\/3\/2023\/10\/How-to-customize-your-Notion-page-3.webp 1176w\" sizes=\"auto, (max-width: 1024px) 100vw, 1024px\" \/><\/figure>\n\n\n\n<p>L\u00e1ssuk, hogyan m\u0171k\u00f6dik. Megk\u00e9rtem, hogy \u00edrjak egy tervet egy reggeli edz\u00e9shez, \u00e9s \u00edme az eredm\u00e9ny.<\/p>\n\n\n\n<figure class=\"wp-block-image size-large\"><img loading=\"lazy\" decoding=\"async\" width=\"1024\" height=\"733\" src=\"https:\/\/global.tab-tv.com\/hu\/wp-content\/uploads\/sites\/3\/2023\/10\/How-to-customize-your-Notion-page-2-1024x733.webp\" alt=\"\" class=\"wp-image-8665\" srcset=\"https:\/\/global.tab-tv.com\/hu\/wp-content\/uploads\/sites\/3\/2023\/10\/How-to-customize-your-Notion-page-2-1024x733.webp 1024w, https:\/\/global.tab-tv.com\/hu\/wp-content\/uploads\/sites\/3\/2023\/10\/How-to-customize-your-Notion-page-2-300x215.webp 300w, https:\/\/global.tab-tv.com\/hu\/wp-content\/uploads\/sites\/3\/2023\/10\/How-to-customize-your-Notion-page-2-768x550.webp 768w, https:\/\/global.tab-tv.com\/hu\/wp-content\/uploads\/sites\/3\/2023\/10\/How-to-customize-your-Notion-page-2.webp 1176w\" sizes=\"auto, (max-width: 1024px) 100vw, 1024px\" \/><\/figure>\n\n\n\n<p>Amint l\u00e1thatod, a mesters\u00e9ges intelligencia nagyszer\u0171 munk\u00e1t v\u00e9gzett. Ugyanakkor megk\u00f6nny\u00edtette az \u00e9letemet. V\u00e9g\u00fcl is nem kellett egyed\u00fcl keresg\u00e9lnem egy ilyen edz\u00e9stervet az interneten. A Notion AI sz\u00e1mos m\u00e1s kieg\u00e9sz\u00edt\u0151 funkci\u00f3val is rendelkezik. Megk\u00e9rheti, hogy \u00edrjon egy essz\u00e9t, vagy blogbejegyz\u00e9st, majd \u00f6sszefoglalja, r\u00f6videbb\u00e9, hosszabb\u00e1 stb. tegye. Egysz\u00f3val nagyon klassz, \u00e9s lehet vele j\u00e1tszani.<\/p>\n\n\n\n<p>Most pedig d\u00edsz\u00edts\u00fck ki egy kicsit ezt az oldalt, hogy ne t\u0171nj\u00f6n olyan egyszer\u0171nek. El\u0151sz\u00f6r is, \u00fagy t\u0171nik, hogy az AI n\u00e9h\u00e1ny le\u00edr\u00e1s\u00e1t itt el kellene t\u00e1vol\u00edtani. Nincs r\u00e1juk t\u00f6bb\u00e9 sz\u00fcks\u00e9gem. Azt\u00e1n szeretn\u00e9m megv\u00e1ltoztatni az egyes gyakorlatok sz\u00edn\u00e9t.<\/p>\n\n\n\n<ul class=\"wp-block-list\">\n<li>L\u00e9pjen a mondat f\u00f6l\u00e9, \u00e9s kattintson a <strong>B\u0151vebben<\/strong> ikonra.<\/li>\n\n\n\n<li>V\u00e1lassza ki a <strong>Color (Sz\u00edn) <\/strong>men\u00fcpontot, \u00e9s v\u00e1lassza ki a sz\u00f6veghez vagy a h\u00e1tt\u00e9rhez val\u00f3t.<\/li>\n<\/ul>\n\n\n\n<figure class=\"wp-block-image size-large\"><img loading=\"lazy\" decoding=\"async\" width=\"1024\" height=\"733\" src=\"https:\/\/global.tab-tv.com\/hu\/wp-content\/uploads\/sites\/3\/2023\/10\/How-to-customize-your-Notion-page-5-1024x733.webp\" alt=\"\" class=\"wp-image-8664\" srcset=\"https:\/\/global.tab-tv.com\/hu\/wp-content\/uploads\/sites\/3\/2023\/10\/How-to-customize-your-Notion-page-5-1024x733.webp 1024w, https:\/\/global.tab-tv.com\/hu\/wp-content\/uploads\/sites\/3\/2023\/10\/How-to-customize-your-Notion-page-5-300x215.webp 300w, https:\/\/global.tab-tv.com\/hu\/wp-content\/uploads\/sites\/3\/2023\/10\/How-to-customize-your-Notion-page-5-768x550.webp 768w, https:\/\/global.tab-tv.com\/hu\/wp-content\/uploads\/sites\/3\/2023\/10\/How-to-customize-your-Notion-page-5.webp 1176w\" sizes=\"auto, (max-width: 1024px) 100vw, 1024px\" \/><\/figure>\n\n\n\n<p>Ezut\u00e1n adjunk hozz\u00e1 egy ikont \u00e9s egy bor\u00edt\u00f3t az oldalhoz:<\/p>\n\n\n\n<ul class=\"wp-block-list\">\n<li>L\u00e9pjen a fejl\u00e9c f\u00f6l\u00e9, \u00e9s kattintson a <strong>Hozz\u00e1ad\u00e1s ikonra<\/strong>.<\/li>\n<\/ul>\n\n\n\n<figure class=\"wp-block-image size-large\"><img loading=\"lazy\" decoding=\"async\" width=\"1024\" height=\"733\" src=\"https:\/\/global.tab-tv.com\/hu\/wp-content\/uploads\/sites\/3\/2023\/10\/How-to-customize-your-Notion-page-6-1024x733.webp\" alt=\"\" class=\"wp-image-8663\" srcset=\"https:\/\/global.tab-tv.com\/hu\/wp-content\/uploads\/sites\/3\/2023\/10\/How-to-customize-your-Notion-page-6-1024x733.webp 1024w, https:\/\/global.tab-tv.com\/hu\/wp-content\/uploads\/sites\/3\/2023\/10\/How-to-customize-your-Notion-page-6-300x215.webp 300w, https:\/\/global.tab-tv.com\/hu\/wp-content\/uploads\/sites\/3\/2023\/10\/How-to-customize-your-Notion-page-6-768x550.webp 768w, https:\/\/global.tab-tv.com\/hu\/wp-content\/uploads\/sites\/3\/2023\/10\/How-to-customize-your-Notion-page-6.webp 1176w\" sizes=\"auto, (max-width: 1024px) 100vw, 1024px\" \/><\/figure>\n\n\n\n<ul class=\"wp-block-list\">\n<li>V\u00e1lasszunk egyet az emojik vagy m\u00e1s ikonok k\u00f6z\u00fcl. Lehet\u0151s\u00e9g van arra is, hogy felt\u00f6lts\u00fck az egy\u00e9ni ikonunkat.<\/li>\n<\/ul>\n\n\n\n<figure class=\"wp-block-image size-large\"><img loading=\"lazy\" decoding=\"async\" width=\"1024\" height=\"733\" src=\"https:\/\/global.tab-tv.com\/hu\/wp-content\/uploads\/sites\/3\/2023\/10\/How-to-customize-your-Notion-page-7-1024x733.webp\" alt=\"\" class=\"wp-image-8662\" srcset=\"https:\/\/global.tab-tv.com\/hu\/wp-content\/uploads\/sites\/3\/2023\/10\/How-to-customize-your-Notion-page-7-1024x733.webp 1024w, https:\/\/global.tab-tv.com\/hu\/wp-content\/uploads\/sites\/3\/2023\/10\/How-to-customize-your-Notion-page-7-300x215.webp 300w, https:\/\/global.tab-tv.com\/hu\/wp-content\/uploads\/sites\/3\/2023\/10\/How-to-customize-your-Notion-page-7-768x550.webp 768w, https:\/\/global.tab-tv.com\/hu\/wp-content\/uploads\/sites\/3\/2023\/10\/How-to-customize-your-Notion-page-7.webp 1176w\" sizes=\"auto, (max-width: 1024px) 100vw, 1024px\" \/><\/figure>\n\n\n\n<ul class=\"wp-block-list\">\n<li>Most kattintson a <strong>Bor\u00edt\u00f3 hozz\u00e1ad\u00e1sa <\/strong>gombra.<\/li>\n<\/ul>\n\n\n\n<figure class=\"wp-block-image size-large\"><img loading=\"lazy\" decoding=\"async\" width=\"1024\" height=\"733\" src=\"https:\/\/global.tab-tv.com\/hu\/wp-content\/uploads\/sites\/3\/2023\/10\/How-to-customize-your-Notion-page-8-1024x733.webp\" alt=\"\" class=\"wp-image-8661\" srcset=\"https:\/\/global.tab-tv.com\/hu\/wp-content\/uploads\/sites\/3\/2023\/10\/How-to-customize-your-Notion-page-8-1024x733.webp 1024w, https:\/\/global.tab-tv.com\/hu\/wp-content\/uploads\/sites\/3\/2023\/10\/How-to-customize-your-Notion-page-8-300x215.webp 300w, https:\/\/global.tab-tv.com\/hu\/wp-content\/uploads\/sites\/3\/2023\/10\/How-to-customize-your-Notion-page-8-768x550.webp 768w, https:\/\/global.tab-tv.com\/hu\/wp-content\/uploads\/sites\/3\/2023\/10\/How-to-customize-your-Notion-page-8.webp 1176w\" sizes=\"auto, (max-width: 1024px) 100vw, 1024px\" \/><\/figure>\n\n\n\n<ul class=\"wp-block-list\">\n<li>Alap\u00e9rtelmez\u00e9s szerint a Notion egy v\u00e9letlenszer\u0171 bor\u00edt\u00f3t tesz fel. De a <strong>bor\u00edt\u00f3 <\/strong>megv\u00e1ltoztat\u00e1s\u00e1hoz kattinthatunk a <strong>Change cover <\/strong>(<strong>Bor\u00edt\u00f3 m\u00f3dos\u00edt\u00e1sa) <\/strong>gombra.<\/li>\n<\/ul>\n\n\n\n<figure class=\"wp-block-image size-large\"><img loading=\"lazy\" decoding=\"async\" width=\"1024\" height=\"733\" src=\"https:\/\/global.tab-tv.com\/hu\/wp-content\/uploads\/sites\/3\/2023\/10\/How-to-customize-your-Notion-page-10-1024x733.webp\" alt=\"\" class=\"wp-image-8660\" srcset=\"https:\/\/global.tab-tv.com\/hu\/wp-content\/uploads\/sites\/3\/2023\/10\/How-to-customize-your-Notion-page-10-1024x733.webp 1024w, https:\/\/global.tab-tv.com\/hu\/wp-content\/uploads\/sites\/3\/2023\/10\/How-to-customize-your-Notion-page-10-300x215.webp 300w, https:\/\/global.tab-tv.com\/hu\/wp-content\/uploads\/sites\/3\/2023\/10\/How-to-customize-your-Notion-page-10-768x550.webp 768w, https:\/\/global.tab-tv.com\/hu\/wp-content\/uploads\/sites\/3\/2023\/10\/How-to-customize-your-Notion-page-10.webp 1176w\" sizes=\"auto, (max-width: 1024px) 100vw, 1024px\" \/><\/figure>\n\n\n\n<p>Ugyan\u00edgy v\u00e1laszthatsz bor\u00edt\u00f3t egy megl\u00e9v\u0151 bor\u00edt\u00f3b\u00f3l, felt\u00f6ltheted a saj\u00e1todat, vagy tal\u00e1lhatsz egyet az Unsplash kieg\u00e9sz\u00edt\u0151 seg\u00edts\u00e9g\u00e9vel.<\/p>\n\n\n\n<p>\u00cdgy n\u00e9z ki most az oldalam.<\/p>\n\n\n\n<figure class=\"wp-block-image size-large\"><img loading=\"lazy\" decoding=\"async\" width=\"1024\" height=\"733\" src=\"https:\/\/global.tab-tv.com\/hu\/wp-content\/uploads\/sites\/3\/2023\/10\/My-Daily-Morning-Workout-1024x733.webp\" alt=\"\" class=\"wp-image-8658\" srcset=\"https:\/\/global.tab-tv.com\/hu\/wp-content\/uploads\/sites\/3\/2023\/10\/My-Daily-Morning-Workout-1024x733.webp 1024w, https:\/\/global.tab-tv.com\/hu\/wp-content\/uploads\/sites\/3\/2023\/10\/My-Daily-Morning-Workout-300x215.webp 300w, https:\/\/global.tab-tv.com\/hu\/wp-content\/uploads\/sites\/3\/2023\/10\/My-Daily-Morning-Workout-768x550.webp 768w, https:\/\/global.tab-tv.com\/hu\/wp-content\/uploads\/sites\/3\/2023\/10\/My-Daily-Morning-Workout.webp 1176w\" sizes=\"auto, (max-width: 1024px) 100vw, 1024px\" \/><\/figure>\n\n\n\n<p>Persze ez nem ide\u00e1lis, mert m\u00e9g mindig sokf\u00e9le dolgot hozz\u00e1adhatsz. De ahogy mondani szokt\u00e1k, az egyszer\u0171s\u00e9gben rejlik a sz\u00e9ps\u00e9g.<\/p>\n\n\n\n<h3 class=\"wp-block-heading\"><a><\/a><strong>Hogyan adjunk hozz\u00e1 egy oldalt egy oldalon bel\u00fcl a Notionban?<\/strong><\/h3>\n\n\n\n<p>Igen, hozz\u00e1adhatsz egy oldalt egy oldalon bel\u00fcl egy oldalon bel\u00fcl egy oldalon bel\u00fcl, majd egy m\u00e1sik oldalon bel\u00fcl&#8230; \u00c9s nem viccelek. A Notion struktur\u00e1l\u00e1s\u00e1nak nincs hat\u00e1ra. Egy eg\u00e9sz oldalf\u00e1t hozhatsz l\u00e9tre.<\/p>\n\n\n\n<p>Teh\u00e1t itt van, hogyan kell hozz\u00e1adni egy aloldalt:<\/p>\n\n\n\n<ul class=\"wp-block-list\">\n<li>L\u00e9pjen az oldalmen\u00fcben az oldal\u00e1ra, \u00e9s kattintson a <strong>+<\/strong> ikonra.<\/li>\n<\/ul>\n\n\n\n<figure class=\"wp-block-image size-large\"><img loading=\"lazy\" decoding=\"async\" width=\"1024\" height=\"733\" src=\"https:\/\/global.tab-tv.com\/hu\/wp-content\/uploads\/sites\/3\/2023\/10\/How-to-add-a-page-inside-a-page-in-Notion-1-1024x733.webp\" alt=\"\" class=\"wp-image-8657\" srcset=\"https:\/\/global.tab-tv.com\/hu\/wp-content\/uploads\/sites\/3\/2023\/10\/How-to-add-a-page-inside-a-page-in-Notion-1-1024x733.webp 1024w, https:\/\/global.tab-tv.com\/hu\/wp-content\/uploads\/sites\/3\/2023\/10\/How-to-add-a-page-inside-a-page-in-Notion-1-300x215.webp 300w, https:\/\/global.tab-tv.com\/hu\/wp-content\/uploads\/sites\/3\/2023\/10\/How-to-add-a-page-inside-a-page-in-Notion-1-768x550.webp 768w, https:\/\/global.tab-tv.com\/hu\/wp-content\/uploads\/sites\/3\/2023\/10\/How-to-add-a-page-inside-a-page-in-Notion-1.webp 1176w\" sizes=\"auto, (max-width: 1024px) 100vw, 1024px\" \/><\/figure>\n\n\n\n<ul class=\"wp-block-list\">\n<li>Ezut\u00e1n adjon hozz\u00e1 egy c\u00edmet, \u00e9s k\u00e9sz.<\/li>\n<\/ul>\n\n\n\n<p>Az oldal l\u00e9trej\u00f6n. Most m\u00e1r testreszabhatja is.<\/p>\n\n\n\n<h3 class=\"wp-block-heading\"><a><\/a><strong>Hogyan t\u00f6r\u00f6lhet oldalakat a Notionban<\/strong><\/h3>\n\n\n\n<p>Az oldalt elt\u00e1vol\u00edthatja, ha m\u00e1r nincs r\u00e1 sz\u00fcks\u00e9ge. Csak tegye a k\u00f6vetkez\u0151ket:<\/p>\n\n\n\n<ul class=\"wp-block-list\">\n<li>Vigye az oldals\u00f3 men\u00fcben az oldal f\u00f6l\u00e9 a pendrive-ot, \u00e9s kattintson a <strong>h\u00e1rom pont<\/strong> ikonra.<\/li>\n\n\n\n<li>Ezut\u00e1n v\u00e1lassza a <strong>T\u00f6rl\u00e9s lehet\u0151s\u00e9get<\/strong>.<\/li>\n<\/ul>\n\n\n\n<figure class=\"wp-block-image size-large\"><img loading=\"lazy\" decoding=\"async\" width=\"1024\" height=\"733\" src=\"https:\/\/global.tab-tv.com\/hu\/wp-content\/uploads\/sites\/3\/2023\/10\/How-to-delete-pages-in-Notion-1-1024x733.webp\" alt=\"\" class=\"wp-image-8656\" srcset=\"https:\/\/global.tab-tv.com\/hu\/wp-content\/uploads\/sites\/3\/2023\/10\/How-to-delete-pages-in-Notion-1-1024x733.webp 1024w, https:\/\/global.tab-tv.com\/hu\/wp-content\/uploads\/sites\/3\/2023\/10\/How-to-delete-pages-in-Notion-1-300x215.webp 300w, https:\/\/global.tab-tv.com\/hu\/wp-content\/uploads\/sites\/3\/2023\/10\/How-to-delete-pages-in-Notion-1-768x550.webp 768w, https:\/\/global.tab-tv.com\/hu\/wp-content\/uploads\/sites\/3\/2023\/10\/How-to-delete-pages-in-Notion-1.webp 1176w\" sizes=\"auto, (max-width: 1024px) 100vw, 1024px\" \/><\/figure>\n\n\n\n<p>A t\u00f6r\u00f6lt oldalak a Kuk\u00e1ba ker\u00fclnek. Onnan vissza\u00e1ll\u00edthatja vagy teljesen t\u00f6r\u00f6lheti \u0151ket.<\/p>\n\n\n\n<h2 class=\"wp-block-heading\"><a><\/a><strong>Hogyan adhat hozz\u00e1 oldalakat a Notionhoz a mobilalkalmaz\u00e1sban?<\/strong><\/h2>\n\n\n\n<p>Egy oldal hozz\u00e1ad\u00e1sa a Notionhoz iOS-en vagy Androidon nem k\u00fcl\u00f6nb\u00f6zik a PC-n t\u00f6rt\u00e9n\u0151 hozz\u00e1ad\u00e1st\u00f3l. S\u0151t, egyes felhaszn\u00e1l\u00f3k sz\u00e1m\u00e1ra tal\u00e1n m\u00e9g k\u00f6nnyebb is. K\u00f6vesse teh\u00e1t az al\u00e1bbi l\u00e9p\u00e9seket:<\/p>\n\n\n\n<ul class=\"wp-block-list\">\n<li>Nyissa meg a Notiont mobileszk\u00f6z\u00e9n.<\/li>\n\n\n\n<li>Koppintson a jobb als\u00f3 sarokban l\u00e9v\u0151 <strong>+<\/strong> ikonra.<\/li>\n<\/ul>\n\n\n\n<figure class=\"wp-block-image size-large\"><img loading=\"lazy\" decoding=\"async\" width=\"549\" height=\"1024\" src=\"https:\/\/global.tab-tv.com\/hu\/wp-content\/uploads\/sites\/3\/2023\/10\/How-to-add-pages-to-Notion-on-the-mobile-app-1-549x1024.webp\" alt=\"\" class=\"wp-image-8655\" srcset=\"https:\/\/global.tab-tv.com\/hu\/wp-content\/uploads\/sites\/3\/2023\/10\/How-to-add-pages-to-Notion-on-the-mobile-app-1-549x1024.webp 549w, https:\/\/global.tab-tv.com\/hu\/wp-content\/uploads\/sites\/3\/2023\/10\/How-to-add-pages-to-Notion-on-the-mobile-app-1-161x300.webp 161w, https:\/\/global.tab-tv.com\/hu\/wp-content\/uploads\/sites\/3\/2023\/10\/How-to-add-pages-to-Notion-on-the-mobile-app-1.webp 696w\" sizes=\"auto, (max-width: 549px) 100vw, 549px\" \/><\/figure>\n\n\n\n<ul class=\"wp-block-list\">\n<li>\u00cdrja be a c\u00edmet.<\/li>\n\n\n\n<li>Az oldal testreszab\u00e1sa a rendelkez\u00e9sre \u00e1ll\u00f3 eszk\u00f6z\u00f6kkel, bele\u00e9rtve a Notion AI-t is.<\/li>\n<\/ul>\n\n\n\n<figure class=\"wp-block-image size-large\"><img loading=\"lazy\" decoding=\"async\" width=\"549\" height=\"1024\" src=\"https:\/\/global.tab-tv.com\/hu\/wp-content\/uploads\/sites\/3\/2023\/10\/How-to-add-pages-to-Notion-on-the-mobile-app-2-549x1024.webp\" alt=\"\" class=\"wp-image-8654\" srcset=\"https:\/\/global.tab-tv.com\/hu\/wp-content\/uploads\/sites\/3\/2023\/10\/How-to-add-pages-to-Notion-on-the-mobile-app-2-549x1024.webp 549w, https:\/\/global.tab-tv.com\/hu\/wp-content\/uploads\/sites\/3\/2023\/10\/How-to-add-pages-to-Notion-on-the-mobile-app-2-161x300.webp 161w, https:\/\/global.tab-tv.com\/hu\/wp-content\/uploads\/sites\/3\/2023\/10\/How-to-add-pages-to-Notion-on-the-mobile-app-2.webp 696w\" sizes=\"auto, (max-width: 549px) 100vw, 549px\" \/><\/figure>\n\n\n\n<p>A Notion alkalmaz\u00e1s fel\u00fclete intuit\u00edv, \u00edgy nem lesz neh\u00e9z eligazodni benne.<\/p>\n\n\n\n<p>A Notion seg\u00edt szervezetten maradni, n\u00f6velni a termel\u00e9kenys\u00e9get \u00e9s egyszer\u0171s\u00edteni a munkafolyamatokat az\u00e1ltal, hogy minden fontos inform\u00e1ci\u00f3t \u00e9s feladatot egyetlen k\u00f6zponti helyen egyes\u00edt. K\u00eds\u00e9rletezzen a k\u00fcl\u00f6nb\u00f6z\u0151 form\u00e1z\u00e1si lehet\u0151s\u00e9gekkel, \u00e9s fedezze fel a fejlett funkci\u00f3kat a termel\u00e9kenys\u00e9g \u00e9s a munkafolyamatok optimaliz\u00e1l\u00e1sa \u00e9rdek\u00e9ben.<\/p>\n\n\n\n<p><\/p>\n","protected":false},"excerpt":{"rendered":"<p>Mint tudjuk, az emberek jobban eml\u00e9keznek arra, amit le\u00edrnak. Ez\u00e9rt sokan k\u00f6z\u00fcl\u00fcnk jegyzetf\u00fczeteket haszn\u00e1lnak. Sokkal egyszer\u0171bb, mint mindig fejben tartani az \u00f6sszes tervedet, a sz\u00fclet\u00e9snapok \u00e9s \u00e9vfordul\u00f3k d\u00e1tumait, a megn\u00e9zni k\u00edv\u00e1nt filmek \u00e9s t\u00e9v\u00e9m\u0171sorok list\u00e1j\u00e1t \u00e9s \u00edgy tov\u00e1bb. Mindazon\u00e1ltal nem lehet k\u00f6nny\u0171 mindezt struktur\u00e1lni a jegyzetf\u00fczetekben. Szerencs\u00e9re ma m\u00e1r mindannyiunknak van okostelefonja vagy PC-je, \u00e9s [&hellip;]<\/p>\n","protected":false},"author":1,"featured_media":8671,"comment_status":"open","ping_status":"open","sticky":false,"template":"","format":"standard","meta":{"_monsterinsights_skip_tracking":false,"_monsterinsights_sitenote_active":false,"_monsterinsights_sitenote_note":"","_monsterinsights_sitenote_category":0,"footnotes":""},"categories":[2],"tags":[],"class_list":{"0":"post-2137","1":"post","2":"type-post","3":"status-publish","4":"format-standard","5":"has-post-thumbnail","7":"category-utmutatok"},"_links":{"self":[{"href":"https:\/\/global.tab-tv.com\/hu\/wp-json\/wp\/v2\/posts\/2137","targetHints":{"allow":["GET"]}}],"collection":[{"href":"https:\/\/global.tab-tv.com\/hu\/wp-json\/wp\/v2\/posts"}],"about":[{"href":"https:\/\/global.tab-tv.com\/hu\/wp-json\/wp\/v2\/types\/post"}],"author":[{"embeddable":true,"href":"https:\/\/global.tab-tv.com\/hu\/wp-json\/wp\/v2\/users\/1"}],"replies":[{"embeddable":true,"href":"https:\/\/global.tab-tv.com\/hu\/wp-json\/wp\/v2\/comments?post=2137"}],"version-history":[{"count":4,"href":"https:\/\/global.tab-tv.com\/hu\/wp-json\/wp\/v2\/posts\/2137\/revisions"}],"predecessor-version":[{"id":8673,"href":"https:\/\/global.tab-tv.com\/hu\/wp-json\/wp\/v2\/posts\/2137\/revisions\/8673"}],"wp:featuredmedia":[{"embeddable":true,"href":"https:\/\/global.tab-tv.com\/hu\/wp-json\/wp\/v2\/media\/8671"}],"wp:attachment":[{"href":"https:\/\/global.tab-tv.com\/hu\/wp-json\/wp\/v2\/media?parent=2137"}],"wp:term":[{"taxonomy":"category","embeddable":true,"href":"https:\/\/global.tab-tv.com\/hu\/wp-json\/wp\/v2\/categories?post=2137"},{"taxonomy":"post_tag","embeddable":true,"href":"https:\/\/global.tab-tv.com\/hu\/wp-json\/wp\/v2\/tags?post=2137"}],"curies":[{"name":"wp","href":"https:\/\/api.w.org\/{rel}","templated":true}]}}