{"id":2217,"date":"2023-10-22T18:46:00","date_gmt":"2023-10-22T15:46:00","guid":{"rendered":"https:\/\/global.tab-tv.com\/hu\/?p=2217"},"modified":"2023-10-23T01:21:42","modified_gmt":"2023-10-22T22:21:42","slug":"hogyan-torolheti-a-helyadatokat-a-fenykepekrol","status":"publish","type":"post","link":"https:\/\/global.tab-tv.com\/hu\/hogyan-torolheti-a-helyadatokat-a-fenykepekrol\/","title":{"rendered":"Hogyan t\u00e1vol\u00edtsuk el a geoc\u00edmk\u00e9t a f\u00e9nyk\u00e9pekr\u0151l"},"content":{"rendered":"\n<p>A mai digit\u00e1lis korban a f\u00e9nyk\u00e9pek okostelefonon val\u00f3 r\u00f6gz\u00edt\u00e9s\u00e9nek \u00e9s megoszt\u00e1s\u00e1nak k\u00e9nyelme egy rejtett kock\u00e1zattal is j\u00e1r: a geotagging. A f\u00f6ldrajzi c\u00edmk\u00e9z\u00e9s helyadatokat ad hozz\u00e1 a f\u00e9nyk\u00e9pek metaadataihoz, \u00e9s \u00e9rz\u00e9keny r\u00e9szleteket fedhet fel tart\u00f3zkod\u00e1si hely\u00e9r\u0151l. B\u00e1r ez a funkci\u00f3 hasznos lehet utaz\u00e1sai megszervez\u00e9s\u00e9hez \u00e9s visszaeml\u00e9kez\u00e9s\u00e9hez, vesz\u00e9lyezteti az \u00d6n mag\u00e1n\u00e9let\u00e9t \u00e9s biztons\u00e1g\u00e1t is. A f\u00f6ldrajzi c\u00edmk\u00e9k elt\u00e1vol\u00edt\u00e1s\u00e1nak ismerete alapvet\u0151 fontoss\u00e1g\u00fa szem\u00e9lyes adatainak v\u00e9delme \u00e9rdek\u00e9ben.<\/p>\n\n\n\n<h2 class=\"wp-block-heading\"><a><\/a><strong>Hogyan t\u00e1vol\u00edtsuk el a f\u00f6ldrajzi c\u00edmk\u00e9t a f\u00e9nyk\u00e9pekr\u0151l a Windows rendszeren<\/strong><\/h2>\n\n\n\n<p>A f\u00f6ldrajzi c\u00edmke t\u00f6rl\u00e9se nagyon egyszer\u0171 lesz, ha Windows sz\u00e1m\u00edt\u00f3g\u00e9pet haszn\u00e1l. Ezt megteheti k\u00f6zvetlen\u00fcl a f\u00e9nyk\u00e9p tulajdons\u00e1gaib\u00f3l. Ehhez a k\u00f6vetkez\u0151kre lesz sz\u00fcks\u00e9ge:<\/p>\n\n\n\n<ul class=\"wp-block-list\">\n<li><strong>Kattintson a jobb gombbal a <\/strong>szerkeszteni k\u00edv\u00e1nt f\u00f6ldrajzi c\u00edmk\u00e9vel ell\u00e1tott f\u00e9nyk\u00e9pre, \u00e9s <strong>v\u00e1lassza a \u201eTulajdons\u00e1gok\u201d lehet\u0151s\u00e9get <\/strong>a helyi men\u00fcb\u0151l.<\/li>\n<\/ul>\n\n\n\n<figure class=\"wp-block-image size-full\"><img loading=\"lazy\" decoding=\"async\" width=\"326\" height=\"654\" src=\"https:\/\/global.tab-tv.com\/hu\/wp-content\/uploads\/sites\/3\/2023\/10\/How-to-remove-geotag-from-photos-on-Windows-1.webp\" alt=\"\" class=\"wp-image-8862\" srcset=\"https:\/\/global.tab-tv.com\/hu\/wp-content\/uploads\/sites\/3\/2023\/10\/How-to-remove-geotag-from-photos-on-Windows-1.webp 326w, https:\/\/global.tab-tv.com\/hu\/wp-content\/uploads\/sites\/3\/2023\/10\/How-to-remove-geotag-from-photos-on-Windows-1-150x300.webp 150w\" sizes=\"auto, (max-width: 326px) 100vw, 326px\" \/><\/figure>\n\n\n\n<ul class=\"wp-block-list\">\n<li>A Tulajdons\u00e1gok ablakban <strong>l\u00e9pjen a \u201eR\u00e9szletek\u201d f\u00fclre <\/strong>.<\/li>\n\n\n\n<li>Keresse meg a GPS vagy a Hely szakaszt a R\u00e9szletek lapon. <strong>Kattintson a \u201eTulajdons\u00e1gok \u00e9s szem\u00e9lyes adatok elt\u00e1vol\u00edt\u00e1sa\u201d <\/strong>hivatkoz\u00e1sra a szakasz alj\u00e1n.<\/li>\n<\/ul>\n\n\n\n<figure class=\"wp-block-image size-full\"><img loading=\"lazy\" decoding=\"async\" width=\"391\" height=\"537\" src=\"https:\/\/global.tab-tv.com\/hu\/wp-content\/uploads\/sites\/3\/2023\/10\/How-to-remove-geotag-from-photos-on-Windows-2.webp\" alt=\"\" class=\"wp-image-8861\" srcset=\"https:\/\/global.tab-tv.com\/hu\/wp-content\/uploads\/sites\/3\/2023\/10\/How-to-remove-geotag-from-photos-on-Windows-2.webp 391w, https:\/\/global.tab-tv.com\/hu\/wp-content\/uploads\/sites\/3\/2023\/10\/How-to-remove-geotag-from-photos-on-Windows-2-218x300.webp 218w\" sizes=\"auto, (max-width: 391px) 100vw, 391px\" \/><\/figure>\n\n\n\n<ul class=\"wp-block-list\">\n<li>A Tulajdons\u00e1gok elt\u00e1vol\u00edt\u00e1sa ablakban <strong>gy\u0151z\u0151dj\u00f6n meg arr\u00f3l, hogy be van jel\u00f6lve \u201eA k\u00f6vetkez\u0151 tulajdons\u00e1gok elt\u00e1vol\u00edt\u00e1sa ebb\u0151l a f\u00e1jlb\u00f3l\u201d lehet\u0151s\u00e9g <\/strong>. <strong>Jel\u00f6lje be a \u201eGPS\u201d vagy a \u201eHely\u201d melletti n\u00e9gyzetet <\/strong>a f\u00f6ldrajzi c\u00edmke inform\u00e1ci\u00f3inak elt\u00e1vol\u00edt\u00e1s\u00e1hoz. K\u00edv\u00e1ns\u00e1g szerint m\u00e1s tulajdons\u00e1gokat is kiv\u00e1laszthat.<\/li>\n\n\n\n<li><strong>Kattintson az \u201eOK\u201d gombra <\/strong>a kiv\u00e1lasztott tulajdons\u00e1gok elt\u00e1vol\u00edt\u00e1s\u00e1hoz. A Windows alkalmazza a m\u00f3dos\u00edt\u00e1sokat, \u00e9s elt\u00e1vol\u00edtja a f\u00f6ldrajzi c\u00edmke inform\u00e1ci\u00f3kat a f\u00e9nyk\u00e9pr\u0151l.<\/li>\n<\/ul>\n\n\n\n<figure class=\"wp-block-image size-full\"><img loading=\"lazy\" decoding=\"async\" width=\"369\" height=\"487\" src=\"https:\/\/global.tab-tv.com\/hu\/wp-content\/uploads\/sites\/3\/2023\/10\/How-to-remove-geotag-from-photos-on-Windows-3.webp\" alt=\"\" class=\"wp-image-8860\" srcset=\"https:\/\/global.tab-tv.com\/hu\/wp-content\/uploads\/sites\/3\/2023\/10\/How-to-remove-geotag-from-photos-on-Windows-3.webp 369w, https:\/\/global.tab-tv.com\/hu\/wp-content\/uploads\/sites\/3\/2023\/10\/How-to-remove-geotag-from-photos-on-Windows-3-227x300.webp 227w\" sizes=\"auto, (max-width: 369px) 100vw, 369px\" \/><\/figure>\n\n\n\n<p>A f\u00f6ldrajzi c\u00edmke sikeres elt\u00e1vol\u00edt\u00e1s\u00e1nak ellen\u0151rz\u00e9s\u00e9hez kattintson ism\u00e9t a jobb gombbal a f\u00e9nyk\u00e9pre, v\u00e1lassza a \u201eTulajdons\u00e1gok\u201d lehet\u0151s\u00e9get, \u00e9s l\u00e9pjen a \u201eR\u00e9szletek\u201d f\u00fclre. Gy\u0151z\u0151dj\u00f6n meg arr\u00f3l, hogy a GPS vagy a Hely r\u00e9sz most \u00fcres. Ne feledje, hogy a f\u00f6ldrajzi c\u00edmk\u00e9t m\u00e1r nem tudja visszak\u00fcldeni, ez\u00e9rt \u00fcgyeljen arra, hogy v\u00e9letlen\u00fcl se t\u00e1vol\u00edtsa el onnan, ahol sz\u00fcks\u00e9ge van r\u00e1.<\/p>\n\n\n\n<h2 class=\"wp-block-heading\"><a><\/a><strong>Hogyan t\u00e1vol\u00edtsuk el a f\u00f6ldrajzi c\u00edmk\u00e9t a f\u00e9nyk\u00e9pekr\u0151l Androidon<\/strong><\/h2>\n\n\n\n<p>A f\u00f6ldrajzi c\u00edmk\u00e9k elt\u00e1vol\u00edt\u00e1sa a f\u00e9nyk\u00e9pekr\u0151l Androidon egy be\u00e9p\u00edtett funkci\u00f3 seg\u00edts\u00e9g\u00e9vel val\u00f3s\u00edthat\u00f3 meg. Itt tal\u00e1lhat\u00f3 egy r\u00e9szletes l\u00e9p\u00e9s arr\u00f3l, hogyan t\u00e1vol\u00edthatja el a f\u00f6ldrajzi c\u00edmk\u00e9ket a f\u00e9nyk\u00e9pekr\u0151l Androidon:<\/p>\n\n\n\n<ul class=\"wp-block-list\">\n<li><strong>Ind\u00edtsa el a Gal\u00e9ria alkalmaz\u00e1st <\/strong>Android-eszk\u00f6z\u00e9n. Az eszk\u00f6zt\u0151l \u00e9s a telep\u00edtett alkalmaz\u00e1sokt\u00f3l f\u00fcgg\u0151en ennek az alkalmaz\u00e1snak a neve is lehet Photos vagy hasonl\u00f3 n\u00e9v.<\/li>\n\n\n\n<li>B\u00f6ng\u00e9sszen fot\u00f3gy\u0171jtem\u00e9ny\u00e9ben, \u00e9s keresse meg a szerkeszteni k\u00edv\u00e1nt <strong>f\u00f6ldrajzi c\u00edmk\u00e9vel ell\u00e1tott f\u00e9nyk\u00e9pet . <\/strong>\u00c9rintse meg a kiv\u00e1lasztott f\u00e9nyk\u00e9pet a megnyit\u00e1s\u00e1hoz. <strong>Keresse az \u201ei\u201d ikont vagy a h\u00e1rompontos men\u00fc ikont <\/strong>, \u00e1ltal\u00e1ban a k\u00e9perny\u0151 jobb fels\u0151 vagy jobb als\u00f3 sark\u00e1ban. Koppintson r\u00e1 a f\u00e9nyk\u00e9p r\u00e9szleteinek vagy opci\u00f3inak el\u00e9r\u00e9s\u00e9hez.<\/li>\n\n\n\n<li>A f\u00e9nyk\u00e9p r\u00e9szleteiben vagy be\u00e1ll\u00edt\u00e1saiban <strong>keressen egy, a helyhez vagy a f\u00f6ldrajzi c\u00edmk\u00e9hez kapcsol\u00f3d\u00f3 lehet\u0151s\u00e9get <\/strong>, p\u00e9ld\u00e1ul <strong>a \u201eR\u00e9szletek\u201d, \u201eInform\u00e1ci\u00f3\u201d vagy \u201eSzerkeszt\u00e9s\u201d. <\/strong>A folytat\u00e1shoz \u00e9rintse meg ezt az opci\u00f3t.<\/li>\n\n\n\n<li><strong>A helyadatok szerkeszt\u00e9s\u00e9re vagy elt\u00e1vol\u00edt\u00e1s\u00e1ra <\/strong>a hely vagy a f\u00f6ldrajzi c\u00edmke szerkeszt\u0151 k\u00e9perny\u0151j\u00e9n tal\u00e1lhat lehet\u0151s\u00e9get. \u00c9rintse meg a megfelel\u0151 gombot, vagy szerkessze a mez\u0151t a f\u00f6ldrajzi c\u00edmke adatok elt\u00e1vol\u00edt\u00e1s\u00e1hoz a f\u00e9nyk\u00e9pr\u0151l.<\/li>\n\n\n\n<li>A f\u00f6ldrajzi c\u00edmke inform\u00e1ci\u00f3inak elt\u00e1vol\u00edt\u00e1sa ut\u00e1n <strong>keresse meg a \u201eMent\u00e9s\u201d vagy az \u201eAlkalmaz\u201d gombot <\/strong>a f\u00e9nyk\u00e9pen v\u00e9gzett m\u00f3dos\u00edt\u00e1sok meger\u0151s\u00edt\u00e9s\u00e9hez \u00e9s ment\u00e9s\u00e9hez.<\/li>\n<\/ul>\n\n\n\n<p>Ezeket a l\u00e9p\u00e9seket k\u00f6vetve elt\u00e1vol\u00edthatja a f\u00f6ldrajzi c\u00edmk\u00e9ket Android-eszk\u00f6z\u00e9n l\u00e9v\u0151 f\u00e9nyk\u00e9pekr\u0151l, \u00edgy biztos\u00edtva az adatv\u00e9delmet \u00e9s megv\u00e9dve szem\u00e9lyes adatait. Ne felejtsen el biztons\u00e1gi m\u00e1solatot k\u00e9sz\u00edteni az eredeti f\u00e9nyk\u00e9pekr\u0151l, miel\u0151tt b\u00e1rmilyen v\u00e1ltoztat\u00e1st v\u00e9grehajtana.<\/p>\n\n\n\n<h2 class=\"wp-block-heading\"><a><\/a><strong>Hogyan t\u00e1vol\u00edtsuk el a geoc\u00edmk\u00e9t az iPhone-on l\u00e9v\u0151 f\u00e9nyk\u00e9pekr\u0151l<\/strong><\/h2>\n\n\n\n<p>A be\u00e9p\u00edtett Fot\u00f3k alkalmaz\u00e1s k\u00e9pes elt\u00e1vol\u00edtani a f\u00f6ldrajzi c\u00edmk\u00e9ket az iPhone-on l\u00e9v\u0151 f\u00e9nyk\u00e9pekr\u0151l. Itt tal\u00e1lhat\u00f3 egy r\u00e9szletes \u00fatmutat\u00f3 arr\u00f3l, hogyan t\u00e1vol\u00edthatja el a f\u00f6ldrajzi c\u00edmk\u00e9ket a f\u00e9nyk\u00e9pekr\u0151l iPhone-on:<\/p>\n\n\n\n<ul class=\"wp-block-list\">\n<li><strong>Keresse meg \u00e9s nyissa meg a Fot\u00f3k <\/strong>alkalmaz\u00e1st iPhone-j\u00e1n. Navig\u00e1ljon ahhoz az albumhoz vagy szakaszhoz, ahol a f\u00f6ldrajzi c\u00edmk\u00e9vel ell\u00e1tott f\u00e9nyk\u00e9p tal\u00e1lhat\u00f3. <strong>\u00c9rintse meg a <\/strong>szerkeszteni k\u00edv\u00e1nt f\u00e9nyk\u00e9pet a teljes n\u00e9zetben val\u00f3 megnyit\u00e1s\u00e1hoz.<\/li>\n\n\n\n<li><strong>\u00c9rintse meg az \u201ei\u201d ikont <\/strong>a k\u00e9perny\u0151 jobb fels\u0151 sark\u00e1ban. Ezzel megny\u00edlik a kiv\u00e1lasztott f\u00e9nyk\u00e9p inform\u00e1ci\u00f3s k\u00e9perny\u0151je.<\/li>\n\n\n\n<li>G\u00f6rgessen az Info k\u00e9perny\u0151n <strong>a \u201eHely m\u00f3dos\u00edt\u00e1sa\u201d lehet\u0151s\u00e9g kiv\u00e1laszt\u00e1s\u00e1hoz <\/strong>. Koppintson r\u00e1 a f\u00e9nyk\u00e9p f\u00f6ldrajzi c\u00edmke inform\u00e1ci\u00f3inak szerkeszt\u00e9s\u00e9hez.\n<ul class=\"wp-block-list\">\n<li><strong>\u00c9rintse meg a \u201eNincs hely\u201d lehet\u0151s\u00e9get <\/strong>a list\u00e1ban.<\/li>\n<\/ul>\n<\/li>\n<\/ul>\n\n\n\n<figure class=\"wp-block-image size-large\"><img loading=\"lazy\" decoding=\"async\" width=\"1024\" height=\"994\" src=\"https:\/\/global.tab-tv.com\/hu\/wp-content\/uploads\/sites\/3\/2023\/10\/How-to-remove-geotag-from-photos-on-iPhone-1-1024x994.webp\" alt=\"\" class=\"wp-image-8859\" srcset=\"https:\/\/global.tab-tv.com\/hu\/wp-content\/uploads\/sites\/3\/2023\/10\/How-to-remove-geotag-from-photos-on-iPhone-1-1024x994.webp 1024w, https:\/\/global.tab-tv.com\/hu\/wp-content\/uploads\/sites\/3\/2023\/10\/How-to-remove-geotag-from-photos-on-iPhone-1-300x291.webp 300w, https:\/\/global.tab-tv.com\/hu\/wp-content\/uploads\/sites\/3\/2023\/10\/How-to-remove-geotag-from-photos-on-iPhone-1-768x746.webp 768w, https:\/\/global.tab-tv.com\/hu\/wp-content\/uploads\/sites\/3\/2023\/10\/How-to-remove-geotag-from-photos-on-iPhone-1.webp 1280w\" sizes=\"auto, (max-width: 1024px) 100vw, 1024px\" \/><\/figure>\n\n\n\n<ul class=\"wp-block-list\">\n<li>A f\u00f6ldrajzi c\u00edmke elt\u00e1vol\u00edt\u00e1sa ut\u00e1n <strong>\u00e9rintse meg a \u201eK\u00e9sz\u201d gombot <\/strong>a k\u00e9perny\u0151 jobb fels\u0151 sark\u00e1ban a m\u00f3dos\u00edt\u00e1sok ment\u00e9s\u00e9hez.<\/li>\n<\/ul>\n\n\n\n<p>A f\u00f6ldrajzi c\u00edmke sikeres elt\u00e1vol\u00edt\u00e1s\u00e1nak ellen\u0151rz\u00e9s\u00e9hez nyissa meg \u00fajra a f\u00e9nyk\u00e9p Info k\u00e9perny\u0151j\u00e9t (mint a 3. l\u00e9p\u00e9sben), \u00e9s gy\u0151z\u0151dj\u00f6n meg arr\u00f3l, hogy a hely r\u00e9szletei \u00e9s a t\u00e9rk\u00e9p m\u00e1r nem jelennek meg.<\/p>\n\n\n\n<p>Ha k\u00f6veti ezeket a l\u00e9p\u00e9seket, elt\u00e1vol\u00edthatja a f\u00f6ldrajzi c\u00edmk\u00e9ket az iPhone-on l\u00e9v\u0151 f\u00e9nyk\u00e9pekr\u0151l, \u00edgy megv\u00e9dheti mag\u00e1n\u00e9let\u00e9t, \u00e9s megakad\u00e1lyozhatja, hogy a fot\u00f3k megoszt\u00e1sa sor\u00e1n megjelenjenek a helyadatok.<\/p>\n\n\n\n<h2 class=\"wp-block-heading\"><a><\/a><strong>Hogyan t\u00e1vol\u00edtsuk el a f\u00f6ldrajzi c\u00edmk\u00e9t a f\u00e9nyk\u00e9pekr\u0151l Mac sz\u00e1m\u00edt\u00f3g\u00e9pen<\/strong><\/h2>\n\n\n\n<p>A Mac-felhaszn\u00e1l\u00f3k a be\u00e9p\u00edtett Fot\u00f3k alkalmaz\u00e1sban elt\u00e1vol\u00edthatj\u00e1k a f\u00f6ldrajzi c\u00edmk\u00e9ket, \u00e9s meg\u00f3vhatj\u00e1k szem\u00e9lyes adataikat. Ehhez a k\u00f6vetkez\u0151kre lesz sz\u00fcks\u00e9ge:<\/p>\n\n\n\n<ul class=\"wp-block-list\">\n<li>Kezdje a Fot\u00f3k alkalmaz\u00e1s megnyit\u00e1s\u00e1val a Mac sz\u00e1m\u00edt\u00f3g\u00e9pen. Ezut\u00e1n kattintson r\u00e1 <strong>a f\u00e9nyk\u00e9pre .<\/strong><\/li>\n\n\n\n<li>A megnyitott f\u00e9nyk\u00e9p-el\u0151n\u00e9zetben <strong>l\u00e9pjen az \u201eEszk\u00f6z\u00f6k\u201d men\u00fcbe <\/strong>a k\u00e9perny\u0151 tetej\u00e9n, \u00e9s <strong>v\u00e1lassza a \u201eShow Inspector\u201d lehet\u0151s\u00e9get <\/strong>a leg\u00f6rd\u00fcl\u0151 men\u00fcb\u0151l.<\/li>\n<\/ul>\n\n\n\n<figure class=\"wp-block-image size-large\"><img loading=\"lazy\" decoding=\"async\" width=\"546\" height=\"1024\" src=\"https:\/\/global.tab-tv.com\/hu\/wp-content\/uploads\/sites\/3\/2023\/10\/How-to-remove-geotag-from-photos-on-Mac-1-546x1024.webp\" alt=\"\" class=\"wp-image-8858\" srcset=\"https:\/\/global.tab-tv.com\/hu\/wp-content\/uploads\/sites\/3\/2023\/10\/How-to-remove-geotag-from-photos-on-Mac-1-546x1024.webp 546w, https:\/\/global.tab-tv.com\/hu\/wp-content\/uploads\/sites\/3\/2023\/10\/How-to-remove-geotag-from-photos-on-Mac-1-160x300.webp 160w, https:\/\/global.tab-tv.com\/hu\/wp-content\/uploads\/sites\/3\/2023\/10\/How-to-remove-geotag-from-photos-on-Mac-1.webp 552w\" sizes=\"auto, (max-width: 546px) 100vw, 546px\" \/><\/figure>\n\n\n\n<ul class=\"wp-block-list\">\n<li>A megjelen\u0151 Fel\u00fcgyel\u0151 megjelen\u00edt\u00e9se ablakban <strong>kattintson az inform\u00e1ci\u00f3s gombra <\/strong>, majd <strong>v\u00e1lassza ki a GPS f\u00fclet <\/strong>.<\/li>\n\n\n\n<li>Itt tal\u00e1l egy t\u00e9rk\u00e9pet, amelyen a f\u00e9nyk\u00e9p k\u00e9sz\u00edt\u00e9s\u00e9nek pontos helye l\u00e1that\u00f3. A f\u00f6ldrajzi c\u00edmke elt\u00e1vol\u00edt\u00e1s\u00e1hoz kattintson a <strong>\u201eHelyinform\u00e1ci\u00f3 elt\u00e1vol\u00edt\u00e1sa\u201d <\/strong>gombra.<\/li>\n<\/ul>\n\n\n\n<figure class=\"wp-block-image size-full\"><img loading=\"lazy\" decoding=\"async\" width=\"732\" height=\"944\" src=\"https:\/\/global.tab-tv.com\/hu\/wp-content\/uploads\/sites\/3\/2023\/10\/How-to-remove-geotag-from-photos-on-Mac-2.webp\" alt=\"\" class=\"wp-image-8857\" srcset=\"https:\/\/global.tab-tv.com\/hu\/wp-content\/uploads\/sites\/3\/2023\/10\/How-to-remove-geotag-from-photos-on-Mac-2.webp 732w, https:\/\/global.tab-tv.com\/hu\/wp-content\/uploads\/sites\/3\/2023\/10\/How-to-remove-geotag-from-photos-on-Mac-2-233x300.webp 233w\" sizes=\"auto, (max-width: 732px) 100vw, 732px\" \/><\/figure>\n\n\n\n<p>A f\u00f6ldrajzi c\u00edmke sikeres elt\u00e1vol\u00edt\u00e1s\u00e1nak meger\u0151s\u00edt\u00e9s\u00e9hez ism\u00e9telje meg a 2. \u00e9s 3. l\u00e9p\u00e9st, hogy ism\u00e9t hozz\u00e1f\u00e9rjen a f\u00e9nyk\u00e9p inform\u00e1ci\u00f3ihoz. Gy\u0151z\u0151dj\u00f6n meg arr\u00f3l, hogy a hely adatai \u00e9s a t\u00e9rk\u00e9p t\u00f6bb\u00e9 nem jelennek meg.<\/p>\n\n\n\n<p>Ha k\u00f6veti ezeket a l\u00e9p\u00e9seket, k\u00f6nnyed\u00e9n elt\u00e1vol\u00edthatja fot\u00f3ir\u00f3l a f\u00f6ldrajzi c\u00edmk\u00e9ket, \u00e9s nyugodt sz\u00edvvel megoszthatja azokat. Vegye \u00e1t az ir\u00e1ny\u00edt\u00e1st mag\u00e1n\u00e9lete felett, \u00e9s \u00e9lvezze a szabads\u00e1got, hogy megossza d\u00e9delgetett eml\u00e9keit an\u00e9lk\u00fcl, hogy vesz\u00e9lyeztetn\u00e9 szem\u00e9lyes adatait.<\/p>\n\n\n\n<h2 class=\"wp-block-heading\"><a><\/a><strong>A f\u00f6ldrajzi c\u00edmke elt\u00e1vol\u00edt\u00e1sa a f\u00e9nyk\u00e9pekr\u0151l harmadik f\u00e9lt\u0151l sz\u00e1rmaz\u00f3 alkalmaz\u00e1sok seg\u00edts\u00e9g\u00e9vel<\/strong><\/h2>\n\n\n\n<p>Ha harmadik f\u00e9lt\u0151l sz\u00e1rmaz\u00f3 alkalmaz\u00e1sok seg\u00edts\u00e9g\u00e9vel t\u00e1vol\u00edthatja el a f\u00f6ldrajzi c\u00edmk\u00e9ket a f\u00e9nyk\u00e9pekr\u0151l, sz\u00e1mos lehet\u0151s\u00e9g \u00e1ll rendelkez\u00e9sre. Itt tal\u00e1lhat\u00f3 a n\u00e9pszer\u0171 harmadik f\u00e9lt\u0151l sz\u00e1rmaz\u00f3 szolg\u00e1ltat\u00e1sok list\u00e1ja, valamint mindegyik r\u00f6vid le\u00edr\u00e1sa:<\/p>\n\n\n\n<ul class=\"wp-block-list\">\n<li><a href=\"https:\/\/www.colorpilot.com\/exif.html\"><strong>Exif Pilot <\/strong><\/a>: Az Exif Pilot egy Windows rendszerhez el\u00e9rhet\u0151 szoftvermegold\u00e1s, amellyel megtekintheti, szerkesztheti \u00e9s elt\u00e1vol\u00edthatja a f\u00f6ldrajzi c\u00edmk\u00e9ket a f\u00e9nyk\u00e9pekr\u0151l. T\u00f6bb k\u00e9pform\u00e1tumot t\u00e1mogat, \u00e9s felhaszn\u00e1l\u00f3bar\u00e1t fel\u00fcletet biztos\u00edt.<\/li>\n\n\n\n<li><a href=\"https:\/\/www.geotagsecurity.com\/\"><strong>Geotag Security <\/strong><\/a>: A Geotag Security egy sokoldal\u00fa alkalmaz\u00e1s Windows \u00e9s macOS sz\u00e1m\u00e1ra egyar\u00e1nt. Egyszer\u0171 \u00e9s intuit\u00edv kezel\u0151fel\u00fcletet k\u00edn\u00e1l, amely lehet\u0151v\u00e9 teszi a f\u00f6ldrajzi c\u00edmk\u00e9z\u00e9si adatok k\u00f6nny\u0171 elt\u00e1vol\u00edt\u00e1s\u00e1t a k\u00e9pekr\u0151l, mik\u00f6zben lehet\u0151s\u00e9get biztos\u00edt az egy\u00e9b metaadatok elt\u00e1vol\u00edt\u00e1s\u00e1ra a fokozott adatv\u00e9delem \u00e9rdek\u00e9ben.<\/li>\n\n\n\n<li><a href=\"https:\/\/play.google.com\/store\/apps\/details?id=net.xnano.android.photoexifeditor&amp;hl=en&amp;gl=US\"><strong>Photo Exif Editor <\/strong><\/a>: A Photo Exif Editor egy n\u00e9pszer\u0171 alkalmaz\u00e1s, amely Android-eszk\u00f6z\u00f6k\u00f6n \u00e9rhet\u0151 el. \u00c1tfog\u00f3 Exif adatszerkeszt\u00e9si lehet\u0151s\u00e9geket biztos\u00edt, bele\u00e9rtve a f\u00f6ldrajzi c\u00edmk\u00e9k elt\u00e1vol\u00edt\u00e1s\u00e1t, a metaadatok m\u00f3dos\u00edt\u00e1s\u00e1t \u00e9s a f\u00e9nyk\u00e9pekbe \u00e1gyazott egy\u00e9b inform\u00e1ci\u00f3k kezel\u00e9s\u00e9t.<\/li>\n\n\n\n<li><a href=\"https:\/\/apps.apple.com\/us\/app\/metapho\/id914457352\"><strong>Metafo <\/strong><\/a>: A Metapho egy iOS-alkalmaz\u00e1s, amelyet a geoc\u00edmk\u00e9k elt\u00e1vol\u00edt\u00e1s\u00e1ra \u00e9s a metaadatok kezel\u00e9s\u00e9re terveztek iPhone-on \u00e9s iPaden. Felhaszn\u00e1l\u00f3bar\u00e1t fel\u00fcletet k\u00edn\u00e1l, \u00e9s lehet\u0151v\u00e9 teszi k\u00fcl\u00f6nf\u00e9le Exif adatok megtekint\u00e9s\u00e9t \u00e9s szerkeszt\u00e9s\u00e9t, bele\u00e9rtve a f\u00f6ldrajzi helyadatokat is.<\/li>\n\n\n\n<li><a href=\"https:\/\/apps.apple.com\/us\/app\/the-photo-investigator\/id571574618\"><strong>Photo Investigator <\/strong><\/a>: A Photo Investigator egy iOS-alkalmaz\u00e1s, amely r\u00e9szletes Exif-adatokat \u00e9s f\u00f6ldrajzi c\u00edmk\u00e9ket t\u00e1vol\u00edt el. Lehet\u0151v\u00e9 teszi a metaadatok megtekint\u00e9s\u00e9t \u00e9s szerkeszt\u00e9s\u00e9t, bele\u00e9rtve a helyadatok elt\u00e1vol\u00edt\u00e1s\u00e1t a f\u00e9nyk\u00e9pekr\u0151l.<\/li>\n\n\n\n<li><a href=\"https:\/\/play.google.com\/store\/apps\/details?id=net.xnano.android.photoexifeditor.pro&amp;hl=en&amp;gl=US\"><strong>Photo Exif Editor Pro <\/strong><\/a>: A Photo Exif Editor Pro egy Android-alkalmaz\u00e1s, amely fejlett Exif-adatszerkeszt\u00e9si funkci\u00f3kat k\u00edn\u00e1l, bele\u00e9rtve a f\u00f6ldrajzi c\u00edmk\u00e9k elt\u00e1vol\u00edt\u00e1s\u00e1t a f\u00e9nyk\u00e9pekr\u0151l. Felhaszn\u00e1l\u00f3bar\u00e1t fel\u00fcletet biztos\u00edt, \u00e9s t\u00e1mogatja a k\u00f6tegelt feldolgoz\u00e1st a hat\u00e9kony geotag elt\u00e1vol\u00edt\u00e1s \u00e9rdek\u00e9ben.<\/li>\n<\/ul>\n\n\n\n<p>Ne felejtse el tanulm\u00e1nyozni \u00e9s \u00e1tn\u00e9zni az alkalmaz\u00e1sokat a telep\u00edt\u00e9s el\u0151tt, \u00e9s gy\u0151z\u0151dj\u00f6n meg arr\u00f3l, hogy kompatibilisek az adott oper\u00e1ci\u00f3s rendszerrel \u00e9s verzi\u00f3val. Ezenk\u00edv\u00fcl vegye figyelembe a felhaszn\u00e1l\u00f3i v\u00e9lem\u00e9nyeket, a funkci\u00f3kat \u00e9s a k\u00f6nny\u0171 haszn\u00e1lhat\u00f3s\u00e1got, hogy megtal\u00e1lja az ig\u00e9nyeinek legink\u00e1bb megfelel\u0151 alkalmaz\u00e1st.<\/p>\n\n\n\n<h2 class=\"wp-block-heading\"><a><\/a><strong>Mi\u00e9rt fontos elt\u00e1vol\u00edtani a f\u00f6ldrajzi c\u00edmk\u00e9ket a f\u00e9nyk\u00e9pekr\u0151l?<\/strong><\/h2>\n\n\n\n<p>Napjaink digit\u00e1lis vil\u00e1g\u00e1ban a geoc\u00edmk\u00e9k gyakori jellemz\u0151v\u00e9 v\u00e1ltak fot\u00f3inkon. A f\u00f6ldrajzi c\u00edmk\u00e9z\u00e9s mag\u00e1ban foglalja a helyadatok, p\u00e9ld\u00e1ul a GPS-koordin\u00e1t\u00e1k be\u00e1gyaz\u00e1s\u00e1t a k\u00e9p metaadataiba. M\u00edg a f\u00f6ldrajzi c\u00edmk\u00e9z\u00e9s k\u00e9nyelmes lehet az eml\u00e9kek rendszerez\u00e9s\u00e9hez \u00e9s felid\u00e9z\u00e9s\u00e9hez, elengedhetetlen, hogy meg\u00e9rts\u00fck a f\u00f6ldrajzi c\u00edmk\u00e9k elt\u00e1vol\u00edt\u00e1s\u00e1nak fontoss\u00e1g\u00e1t a f\u00e9nyk\u00e9pekr\u0151l a k\u00f6vetkez\u0151 okok miatt:<\/p>\n\n\n\n<ul class=\"wp-block-list\">\n<li><strong>Adatv\u00e9delem <\/strong>: A geoc\u00edmk\u00e9k felfedhetik a f\u00e9nyk\u00e9p k\u00e9sz\u00edt\u00e9s\u00e9nek pontos hely\u00e9t, ami adatv\u00e9delmi kock\u00e1zatot jelenthet a k\u00e9pek online megoszt\u00e1sa sor\u00e1n. A f\u00f6ldrajzi c\u00edmk\u00e9k elt\u00e1vol\u00edt\u00e1sa megakad\u00e1lyozza, hogy potenci\u00e1lis idegenek vagy online platformok hozz\u00e1f\u00e9rjenek az \u00d6n holl\u00e9t\u00e9re vonatkoz\u00f3 r\u00e9szletes inform\u00e1ci\u00f3khoz.<\/li>\n\n\n\n<li><strong>Otthon biztons\u00e1ga <\/strong>: A geoc\u00edmk\u00e9k v\u00e9letlen\u00fcl felfedhetik otthoni c\u00edm\u00e9t vagy m\u00e1s \u00e9rz\u00e9keny helyeket. A fot\u00f3k k\u00f6zz\u00e9t\u00e9tele nem k\u00edv\u00e1nt betekint\u00e9st ny\u00fajthat a potenci\u00e1lis bet\u00f6r\u0151k vagy rosszindulat\u00fa szem\u00e9lyek sz\u00e1m\u00e1ra. A f\u00f6ldrajzi c\u00edmk\u00e9k elt\u00e1vol\u00edt\u00e1sa tov\u00e1bbi biztons\u00e1gi r\u00e9teget jelent az\u00e1ltal, hogy nem fedi fel otthon\u00e1t vagy szem\u00e9lyes hely\u00e9t.<\/li>\n\n\n\n<li><strong>Szem\u00e9lyes biztons\u00e1g <\/strong>: A f\u00f6ldrajzi c\u00edmk\u00e9vel ell\u00e1tott fot\u00f3k megoszt\u00e1sa vesz\u00e9lyeztetheti a szem\u00e9lyes biztons\u00e1got, k\u00fcl\u00f6n\u00f6sen utaz\u00e1skor vagy esem\u00e9nyeken val\u00f3 r\u00e9szv\u00e9telkor. A f\u00f6ldrajzi c\u00edmk\u00e9k felfedik jelenlegi vagy m\u00faltbeli tart\u00f3zkod\u00e1si hely\u00e9t, amelyet a leselked\u0151k vagy k\u00e1ros sz\u00e1nd\u00e9kkal rendelkez\u0151 szem\u00e9lyek kihaszn\u00e1lhatnak. A geoc\u00edmk\u00e9k elt\u00e1vol\u00edt\u00e1sa seg\u00edt meg\u00f3vni szem\u00e9lyes \u00e9s szerettei biztons\u00e1g\u00e1t.<\/li>\n\n\n\n<li><strong>Szem\u00e9lyazonoss\u00e1g-lop\u00e1s megel\u0151z\u00e9se <\/strong>: A geoc\u00edmk\u00e9k felfedhetik az \u00d6n rutinjait, utaz\u00e1si mint\u00e1it \u00e9s kedvenc helyeit, \u00edgy \u00e9rt\u00e9kes inform\u00e1ci\u00f3kat ny\u00fajtanak a szem\u00e9lyazonoss\u00e1g-tolvajok sz\u00e1m\u00e1ra. A f\u00f6ldrajzi c\u00edmk\u00e9k elt\u00e1vol\u00edt\u00e1s\u00e1val cs\u00f6kkenti annak kock\u00e1zat\u00e1t, hogy felfedjen szem\u00e9lyes adatokat, amelyek felhaszn\u00e1lhat\u00f3k tev\u00e9kenys\u00e9gei nyomon k\u00f6vet\u00e9s\u00e9re vagy szem\u00e9lyazonoss\u00e1g\u00e1nak vesz\u00e9lyeztet\u00e9s\u00e9re.<\/li>\n\n\n\n<li><strong>Szoci\u00e1lis<\/strong> <strong>m\u00e9dia vonatkoz\u00e1sai <\/strong>: Amikor fot\u00f3kat teszel k\u00f6zz\u00e9 a k\u00f6z\u00f6ss\u00e9gi m\u00e9dia platformokon, a geoc\u00edmk\u00e9k v\u00e9letlen\u00fcl sz\u00e9les k\u00f6z\u00f6ns\u00e9g sz\u00e1m\u00e1ra felfedhetik tart\u00f3zkod\u00e1si hely\u00e9t. Ez az inform\u00e1ci\u00f3 vissza\u00e9lhet\u0151 vagy kihaszn\u00e1lhat\u00f3. A f\u00f6ldrajzi c\u00edmk\u00e9k elt\u00e1vol\u00edt\u00e1s\u00e1val jobban k\u00e9zben tarthatja, hogy milyen inform\u00e1ci\u00f3kat osztanak meg nyilv\u00e1nosan, ezzel v\u00e9dve adatait.<\/li>\n\n\n\n<li><strong>Szakmai okok <\/strong>: A szakemberek, p\u00e9ld\u00e1ul \u00fajs\u00e1g\u00edr\u00f3k, kutat\u00f3k vagy nyomoz\u00f3k \u00e1ltal megosztott f\u00e9nyk\u00e9peken tal\u00e1lhat\u00f3 geoc\u00edmk\u00e9k vesz\u00e9lyeztethetik munk\u00e1juk titkoss\u00e1g\u00e1t. A geoc\u00edmk\u00e9k elt\u00e1vol\u00edt\u00e1sa biztos\u00edtja, hogy az \u00e9rz\u00e9keny helyek vagy a folyamatban l\u00e9v\u0151 projektek v\u00e9letlen\u00fcl ne ker\u00fcljenek nyilv\u00e1noss\u00e1gra.<\/li>\n<\/ul>\n\n\n\n<p>A f\u00f6ldrajzi c\u00edmk\u00e9k elt\u00e1vol\u00edt\u00e1sa a f\u00e9nyk\u00e9pekr\u0151l kulcsfontoss\u00e1g\u00fa a mag\u00e1n\u00e9let v\u00e9delme, a szem\u00e9lyes biztons\u00e1g \u00e9s az \u00e9rz\u00e9keny adatok v\u00e9delme szempontj\u00e1b\u00f3l. Ha tudat\u00e1ban van a f\u00f6ldrajzi c\u00edmk\u00e9z\u00e9ssel j\u00e1r\u00f3 lehets\u00e9ges kock\u00e1zatoknak, \u00e9s megteszi a sz\u00fcks\u00e9ges l\u00e9p\u00e9seket a f\u00f6ldrajzi c\u00edmk\u00e9k elt\u00e1vol\u00edt\u00e1s\u00e1hoz, \u00e9lvezheti a f\u00e9nyk\u00e9pek megoszt\u00e1s\u00e1t, mik\u00f6zben tov\u00e1bbra is k\u00e9zben tarthatja szem\u00e9lyes adatait.<\/p>\n\n\n\n<p><\/p>\n","protected":false},"excerpt":{"rendered":"<p>A mai digit\u00e1lis korban a f\u00e9nyk\u00e9pek okostelefonon val\u00f3 r\u00f6gz\u00edt\u00e9s\u00e9nek \u00e9s megoszt\u00e1s\u00e1nak k\u00e9nyelme egy rejtett kock\u00e1zattal is j\u00e1r: a geotagging. A f\u00f6ldrajzi c\u00edmk\u00e9z\u00e9s helyadatokat ad hozz\u00e1 a f\u00e9nyk\u00e9pek metaadataihoz, \u00e9s \u00e9rz\u00e9keny r\u00e9szleteket fedhet fel tart\u00f3zkod\u00e1si hely\u00e9r\u0151l. B\u00e1r ez a funkci\u00f3 hasznos lehet utaz\u00e1sai megszervez\u00e9s\u00e9hez \u00e9s visszaeml\u00e9kez\u00e9s\u00e9hez, vesz\u00e9lyezteti az \u00d6n mag\u00e1n\u00e9let\u00e9t \u00e9s biztons\u00e1g\u00e1t is. A f\u00f6ldrajzi c\u00edmk\u00e9k [&hellip;]<\/p>\n","protected":false},"author":1,"featured_media":8865,"comment_status":"open","ping_status":"open","sticky":false,"template":"","format":"standard","meta":{"_monsterinsights_skip_tracking":false,"_monsterinsights_sitenote_active":false,"_monsterinsights_sitenote_note":"","_monsterinsights_sitenote_category":0,"footnotes":""},"categories":[2],"tags":[],"class_list":{"0":"post-2217","1":"post","2":"type-post","3":"status-publish","4":"format-standard","5":"has-post-thumbnail","7":"category-utmutatok"},"_links":{"self":[{"href":"https:\/\/global.tab-tv.com\/hu\/wp-json\/wp\/v2\/posts\/2217","targetHints":{"allow":["GET"]}}],"collection":[{"href":"https:\/\/global.tab-tv.com\/hu\/wp-json\/wp\/v2\/posts"}],"about":[{"href":"https:\/\/global.tab-tv.com\/hu\/wp-json\/wp\/v2\/types\/post"}],"author":[{"embeddable":true,"href":"https:\/\/global.tab-tv.com\/hu\/wp-json\/wp\/v2\/users\/1"}],"replies":[{"embeddable":true,"href":"https:\/\/global.tab-tv.com\/hu\/wp-json\/wp\/v2\/comments?post=2217"}],"version-history":[{"count":3,"href":"https:\/\/global.tab-tv.com\/hu\/wp-json\/wp\/v2\/posts\/2217\/revisions"}],"predecessor-version":[{"id":8864,"href":"https:\/\/global.tab-tv.com\/hu\/wp-json\/wp\/v2\/posts\/2217\/revisions\/8864"}],"wp:featuredmedia":[{"embeddable":true,"href":"https:\/\/global.tab-tv.com\/hu\/wp-json\/wp\/v2\/media\/8865"}],"wp:attachment":[{"href":"https:\/\/global.tab-tv.com\/hu\/wp-json\/wp\/v2\/media?parent=2217"}],"wp:term":[{"taxonomy":"category","embeddable":true,"href":"https:\/\/global.tab-tv.com\/hu\/wp-json\/wp\/v2\/categories?post=2217"},{"taxonomy":"post_tag","embeddable":true,"href":"https:\/\/global.tab-tv.com\/hu\/wp-json\/wp\/v2\/tags?post=2217"}],"curies":[{"name":"wp","href":"https:\/\/api.w.org\/{rel}","templated":true}]}}