{"id":2681,"date":"2025-10-25T21:15:00","date_gmt":"2025-10-25T18:15:00","guid":{"rendered":"https:\/\/global.tab-tv.com\/hu\/?p=2681"},"modified":"2025-10-26T15:17:53","modified_gmt":"2025-10-26T12:17:53","slug":"automatikusan-forgathato-tarto-samsung-smart-tv-hez","status":"publish","type":"post","link":"https:\/\/global.tab-tv.com\/hu\/automatikusan-forgathato-tarto-samsung-smart-tv-hez\/","title":{"rendered":"Automatikus forgathat\u00f3 tart\u00f3 Samsung Smart TV-khez"},"content":{"rendered":"\n<p>2022-ben a Samsung bemutatott egy \u00faj kieg\u00e9sz\u00edt\u0151t \u2013 egy automatikusan forgathat\u00f3 tart\u00f3t a t\u00e9v\u00e9ihez. L\u00e9tezett bel\u0151le padl\u00f3ra \u00e1ll\u00edthat\u00f3 v\u00e1ltozat is. Az \u00f6tlet az volt, hogy a <em>The Sero<\/em> TV egyedi forg\u00e1si \u00e9lm\u00e9ny\u00e9t m\u00e1s Samsung modellekre is \u00e1t\u00fcltess\u00e9k. \u00c9rdekess\u00e9g, hogy egy \u00e9vvel kor\u00e1bban, 2021-ben a Samsung egy egyszer\u0171 padl\u00f3tart\u00f3t is kiadott, amely lehet\u0151v\u00e9 tette a t\u00e9v\u00e9 elhelyez\u00e9s\u00e9t a padl\u00f3n, a falra szerel\u00e9s helyett. Azonban sem a padl\u00f3tart\u00f3, sem az automatikus forgathat\u00f3 tart\u00f3 nem v\u00e1lt n\u00e9pszer\u0171v\u00e9 a fogyaszt\u00f3k k\u00f6r\u00e9ben. Mindk\u00e9t term\u00e9ket ink\u00e1bb \u00e9rdekess\u00e9gnek, mint sz\u00fcks\u00e9gszer\u0171s\u00e9gnek tekintett\u00e9k, \u00e9s r\u00f6viddel a bevezet\u00e9s ut\u00e1n csendben kivont\u00e1k a forgalomb\u00f3l.<\/p>\n\n\n\n<h2 class=\"wp-block-heading has-text-align-center\"><strong>Az Auto Rotating Wall Mount \u00e9s Auto Rotating Studio Stand kompatibilit\u00e1si list\u00e1ja Samsung t\u00e9v\u00e9kkel<\/strong><\/h2>\n\n\n\n<p>A Samsung automatikus falitart\u00f3i kompatibilisek a <em>Neo QLED<\/em> \u00e9s <em>The Frame<\/em> sorozatokkal, 43\u201365 h\u00fcvelykes k\u00e9perny\u0151m\u00e9rettel. K\u00e9tf\u00e9le tart\u00f3m\u00e9ret l\u00e9tezik, amelyeket a t\u00e9v\u00e9 m\u00e9rete alapj\u00e1n kell kiv\u00e1lasztani. Az al\u00e1bbi t\u00e1bl\u00e1zatb\u00f3l l\u00e1that\u00f3, melyik tart\u00f3 melyik TV-hez illik.<\/p>\n\n\n\n<figure style=\"font-size:12px\" class=\"wp-block-table\"><table><thead><tr><th>Falitart\u00f3 t\u00edpusa<\/th><th>22 The Frame<\/th><th>22 Neo QLED 4K<\/th><th>22 Neo QLED 4K<\/th><th>22 Neo QLED 4K<\/th><th>22 Neo QLED 8K<\/th><th>22 Neo QLED 8K<\/th><th>22 Neo QLED 8K<\/th><\/tr><\/thead><tbody><tr><td><strong>VG-ARAB22WMT<\/strong><\/td><td>LS03B 43\u201355\u201d<\/td><td>QN85B 55\u201d<\/td><td>QN90B 43\u201355\u201d<\/td><td>\u2013<\/td><td>\u2013<\/td><td>\u2013<\/td><td>\u2013<\/td><\/tr><tr><td><strong>VG-ARAB43WMT<\/strong><\/td><td>LS03B 65\u201d<\/td><td>\u2013<\/td><td>\u2013<\/td><td>QN95B 55\u201365\u201d<\/td><td>QN900B 65\u201d<\/td><td>QN800B 65\u201d<\/td><td>QN700B 55\u201365\u201d<\/td><\/tr><\/tbody><\/table><\/figure>\n\n\n\n<figure style=\"font-size:12px\" class=\"wp-block-table\"><table><thead><tr><th>\u00c1llv\u00e1ny t\u00edpusa<\/th><th>22 The Frame<\/th><th>22 Neo QLED 4K<\/th><th>22 Neo QLED 4K<\/th><th>22 Neo QLED 4K<\/th><th>22 Neo QLED 8K<\/th><th>22 Neo QLED 8K<\/th><th>22 Neo QLED 8K<\/th><\/tr><\/thead><tbody><tr><td><strong>VG-ARAB22STD<\/strong><\/td><td>LS03B 43\u201355\u201d<\/td><td>QN85B 55\u201d<\/td><td>QN90B 43\u201355\u201d<\/td><td>\u2013<\/td><td>\u2013<\/td><td>\u2013<\/td><td>\u2013<\/td><\/tr><tr><td><strong>VG-ARAB43STD<\/strong><\/td><td>\u2013<\/td><td>\u2013<\/td><td>\u2013<\/td><td>QN95B 55\u201d<\/td><td>\u2013<\/td><td>\u2013<\/td><td>QN700B 55\u201d<\/td><\/tr><\/tbody><\/table><\/figure>\n\n\n\n<h2 class=\"wp-block-heading has-text-align-center\"><strong>Mi\u00e9rt tal\u00e1lt\u00e1k ki az automatikus forgathat\u00f3 tart\u00f3t \u00e9s hogyan m\u0171k\u00f6dik?<\/strong><\/h2>\n\n\n\n<p>Tegy\u00fck fel, hogy szereted a f\u00fcgg\u0151legesen felvett vide\u00f3kat \u2013 ezzel a tart\u00f3val ezt sokkal k\u00e9nyelmesebben n\u00e9zheted. Term\u00e9szetesen l\u00e9teznek manu\u00e1lisan forgathat\u00f3 tart\u00f3k is, de sokkal k\u00e9nyelmesebb, ha a t\u00e9v\u00e9 mag\u00e1t\u00f3l forog. A tart\u00f3t rekl\u00e1mok megjelen\u00edt\u00e9s\u00e9re vagy kisebb prezent\u00e1ci\u00f3khoz is haszn\u00e1lhatod. A tart\u00f3 ak\u00e1r 65 h\u00fcvelykes k\u00e9perny\u0151ket is t\u00e1mogat, \u00edgy ide\u00e1lis kisebb szob\u00e1khoz, ahol a k\u00f6z\u00f6ns\u00e9g kb. 10\u201320 f\u0151b\u0151l \u00e1ll.<\/p>\n\n\n\n<p>Az automatikus tart\u00f3t \u00fagy tervezt\u00e9k, hogy a Samsung t\u00e9v\u00e9ddel \u00e9s okostelefonoddal egy\u00fcttm\u0171k\u00f6dj\u00f6n. \u00cdgy a k\u00e9sz\u00fcl\u00e9kb\u0151l a lehet\u0151 legt\u00f6bbet hozhatod ki. Amikor a telefonod k\u00e9perny\u0151j\u00e9t t\u00fckr\u00f6z\u00f6d a t\u00e9v\u00e9re, a tart\u00f3 automatikusan be\u00e1ll\u00edtja a megfelel\u0151 poz\u00edci\u00f3t \u00e9s elforgatja a k\u00e9perny\u0151t. A tart\u00f3t \u00e1ramforr\u00e1shoz kell csatlakoztatni, mivel van benne egy elektromotor, amely a forgat\u00e1st v\u00e9gzi.<\/p>\n\n\n\n<h2 class=\"wp-block-heading has-text-align-center\"><strong>Az Auto-Rotate tart\u00f3 csatlakoztat\u00e1sa a t\u00e9v\u00e9hez<\/strong><\/h2>\n\n\n\n<p>Az Auto-Rotate kieg\u00e9sz\u00edt\u0151 haszn\u00e1lat\u00e1hoz a tart\u00f3t a telep\u00edt\u00e9s ut\u00e1n p\u00e1ros\u00edtani kell a t\u00e9v\u00e9vel. A tart\u00f3 be\u00e9p\u00edtett Bluetooth modullal rendelkezik, amely lehet\u0151v\u00e9 teszi a kommunik\u00e1ci\u00f3t \u00e9s az ir\u00e1ny\u00edt\u00e1st.<\/p>\n\n\n\n<p>K\u00f6vesd az al\u00e1bbi l\u00e9p\u00e9seket:<\/p>\n\n\n\n<ol class=\"wp-block-list\">\n<li><strong>A tart\u00f3 p\u00e1ros\u00edt\u00e1sa:<\/strong><br>A Samsung Smart TV t\u00e1vir\u00e1ny\u00edt\u00f3j\u00e1n egyszerre nyomd meg \u00e9s tartsd lenyomva a <strong>Be\u00e1ll\u00edt\u00e1sok\/Sz\u00e1m\/Sz\u00edn<\/strong> \u00e9s a <strong>Multi-Window<\/strong> gombokat legal\u00e1bb 3 m\u00e1sodpercig. Ezzel befejez\u0151dik a p\u00e1ros\u00edt\u00e1si folyamat.<\/li>\n\n\n\n<li><strong>A telep\u00edt\u00e9s ellen\u0151rz\u00e9se:<\/strong><br>A p\u00e1ros\u00edt\u00e1s csak akkor lehets\u00e9ges, ha az Auto-Rotate tart\u00f3t helyesen telep\u00edtett\u00e9k \u00e9s a t\u00e9v\u00e9 be van \u00e1ll\u00edtva. \u00dcgyelj r\u00e1, hogy a k\u00e1belek ne akad\u00e1lyozz\u00e1k a k\u00e9perny\u0151 forg\u00e1s\u00e1t.<\/li>\n\n\n\n<li><strong>M\u00f3dok v\u00e1lt\u00e1sa:<\/strong><br>A p\u00e1ros\u00edt\u00e1s ut\u00e1n a t\u00e1vir\u00e1ny\u00edt\u00f3 <strong>Multi-View<\/strong> gombj\u00e1t n\u00e9h\u00e1ny m\u00e1sodpercig lenyomva tartva v\u00e1lthatsz a fekv\u0151 \u00e9s \u00e1ll\u00f3 m\u00f3d k\u00f6z\u00f6tt.<\/li>\n<\/ol>\n\n\n\n<p>Ha a tart\u00f3t kor\u00e1bban egy m\u00e1sik t\u00e9v\u00e9hez p\u00e1ros\u00edtott\u00e1k, el\u0151fordulhat, hogy a t\u00e1vir\u00e1ny\u00edt\u00f3n kereszt\u00fcli kapcsolat nem m\u0171k\u00f6dik azonnal. Ilyen esetben haszn\u00e1lj alternat\u00edv csatlakoz\u00e1si m\u00f3dot, vagy \u00e1ll\u00edtsd vissza a tart\u00f3t a p\u00e1ros\u00edt\u00e1s el\u0151tt.<\/p>\n\n\n<div class=\"wp-block-image\">\n<figure class=\"aligncenter size-full\"><img loading=\"lazy\" decoding=\"async\" width=\"297\" height=\"468\" src=\"https:\/\/global.tab-tv.com\/hu\/wp-content\/uploads\/sites\/3\/2022\/10\/Setting-Samsung-Auto-rotation-mount.webp\" alt=\"\" class=\"wp-image-2682\" srcset=\"https:\/\/global.tab-tv.com\/hu\/wp-content\/uploads\/sites\/3\/2022\/10\/Setting-Samsung-Auto-rotation-mount.webp 297w, https:\/\/global.tab-tv.com\/hu\/wp-content\/uploads\/sites\/3\/2022\/10\/Setting-Samsung-Auto-rotation-mount-190x300.webp 190w\" sizes=\"auto, (max-width: 297px) 100vw, 297px\" \/><\/figure>\n<\/div>\n\n\n<h2 class=\"wp-block-heading has-text-align-center\"><strong>Kor\u00e1bban haszn\u00e1lt Auto-Rotate tart\u00f3 \u00fajracsatlakoztat\u00e1sa<\/strong><\/h2>\n\n\n\n<p>Ha az Auto-Rotate tart\u00f3dat kor\u00e1bban m\u00e1s t\u00e9v\u00e9hez p\u00e1ros\u00edtott\u00e1k, \u00fajra csatlakoztat\u00e1s el\u0151tt vissza kell \u00e1ll\u00edtani. Ezt k\u00e9t m\u00f3don lehet megtenni.<\/p>\n\n\n\n<h4 class=\"wp-block-heading\"><strong>1. m\u00f3dszer: A Reset gomb haszn\u00e1lata<\/strong><\/h4>\n\n\n\n<p>Ez a m\u00f3dszer vissza\u00e1ll\u00edtja a Bluetooth kapcsolatot \u00e9s lehet\u0151v\u00e9 teszi az \u00faj p\u00e1ros\u00edt\u00e1s l\u00e9trehoz\u00e1s\u00e1t.<\/p>\n\n\n\n<ol class=\"wp-block-list\">\n<li>Csatlakoztasd az Auto-Rotate tart\u00f3t \u00e1ramforr\u00e1shoz.<\/li>\n\n\n\n<li>Nyomd meg \u00e9s tartsd lenyomva a <strong>Reset<\/strong> gombot az eszk\u00f6z h\u00e1toldal\u00e1n k\u00f6r\u00fclbel\u00fcl 3 m\u00e1sodpercig.<\/li>\n<\/ol>\n\n\n\n<p>Ez inicializ\u00e1lja a tart\u00f3t, t\u00f6rli a kor\u00e1bbi p\u00e1ros\u00edt\u00e1si inform\u00e1ci\u00f3kat, \u00e9s el\u0151k\u00e9sz\u00edti az \u00faj csatlakoz\u00e1shoz.<\/p>\n\n\n<div class=\"wp-block-image\">\n<figure class=\"aligncenter size-full\"><img loading=\"lazy\" decoding=\"async\" width=\"517\" height=\"440\" src=\"https:\/\/global.tab-tv.com\/hu\/wp-content\/uploads\/sites\/3\/2022\/10\/connect-One-remote-Samsung-to-TV-button-reset.webp\" alt=\"\" class=\"wp-image-2683\" srcset=\"https:\/\/global.tab-tv.com\/hu\/wp-content\/uploads\/sites\/3\/2022\/10\/connect-One-remote-Samsung-to-TV-button-reset.webp 517w, https:\/\/global.tab-tv.com\/hu\/wp-content\/uploads\/sites\/3\/2022\/10\/connect-One-remote-Samsung-to-TV-button-reset-300x255.webp 300w\" sizes=\"auto, (max-width: 517px) 100vw, 517px\" \/><\/figure>\n<\/div>\n\n\n<h4 class=\"wp-block-heading\"><strong>2. m\u00f3dszer: \u00c1ramt\u00f6rl\u00e9s (ha nem \u00e9red el a Reset gombot)<\/strong><\/h4>\n\n\n\n<ol class=\"wp-block-list\">\n<li>H\u00fazd ki az Auto-Rotate tart\u00f3 t\u00e1pk\u00e1bel\u00e9t a konnektorb\u00f3l, \u00e9s v\u00e1rj legal\u00e1bb 15 m\u00e1sodpercet.<\/li>\n\n\n\n<li>Dugd vissza a k\u00e1belt, \u00e9s v\u00e1rj 5\u201310 m\u00e1sodpercet.<\/li>\n\n\n\n<li>Ism\u00e9teld meg az 1. \u00e9s 2. l\u00e9p\u00e9st (kih\u00faz\u00e1s \u2192 bedug\u00e1s) h\u00e1romszor az inicializ\u00e1l\u00e1si m\u00f3d aktiv\u00e1l\u00e1s\u00e1hoz.<\/li>\n<\/ol>\n\n\n<div class=\"wp-block-image\">\n<figure class=\"aligncenter size-large\"><img loading=\"lazy\" decoding=\"async\" width=\"1024\" height=\"268\" src=\"https:\/\/global.tab-tv.com\/hu\/wp-content\/uploads\/sites\/3\/2022\/10\/Setting-Samsung-Auto-rotation-mount-by-using-the-power-cord-all-step-1024x268.jpg\" alt=\"\" class=\"wp-image-2684\" srcset=\"https:\/\/global.tab-tv.com\/hu\/wp-content\/uploads\/sites\/3\/2022\/10\/Setting-Samsung-Auto-rotation-mount-by-using-the-power-cord-all-step-1024x268.jpg 1024w, https:\/\/global.tab-tv.com\/hu\/wp-content\/uploads\/sites\/3\/2022\/10\/Setting-Samsung-Auto-rotation-mount-by-using-the-power-cord-all-step-300x79.jpg 300w, https:\/\/global.tab-tv.com\/hu\/wp-content\/uploads\/sites\/3\/2022\/10\/Setting-Samsung-Auto-rotation-mount-by-using-the-power-cord-all-step-768x201.jpg 768w, https:\/\/global.tab-tv.com\/hu\/wp-content\/uploads\/sites\/3\/2022\/10\/Setting-Samsung-Auto-rotation-mount-by-using-the-power-cord-all-step.jpg 1100w\" sizes=\"auto, (max-width: 1024px) 100vw, 1024px\" \/><\/figure>\n<\/div>\n\n\n<p>Ha a tart\u00f3t h\u00e1romszor egym\u00e1s ut\u00e1n megszak\u00edtj\u00e1k az \u00e1ramell\u00e1t\u00e1sb\u00f3l, automatikusan inicializ\u00e1l\u00e1si m\u00f3dba l\u00e9p.<br>Ezut\u00e1n \u00fajra csatlakoztathatod \u2013 p\u00e9ld\u00e1ul lej\u00e1tszva egy vide\u00f3t a telefonodon \u00e9s bekapcsolva a <strong>k\u00e9perny\u0151t\u00fckr\u00f6z\u00e9st<\/strong>. Amikor a telefonodon megnyitod a Bluetooth-ot, a tart\u00f3 megjelenik az el\u00e9rhet\u0151 eszk\u00f6z\u00f6k list\u00e1j\u00e1ban, \u00e9s k\u00e9szen \u00e1ll a p\u00e1ros\u00edt\u00e1sra.<\/p>\n\n\n<div class=\"wp-block-image\">\n<figure class=\"aligncenter size-full\"><img loading=\"lazy\" decoding=\"async\" width=\"425\" height=\"742\" src=\"https:\/\/global.tab-tv.com\/hu\/wp-content\/uploads\/sites\/3\/2022\/10\/initialisation-Samsung-auto-rotatio-mount.jpg\" alt=\"\" class=\"wp-image-2685\" srcset=\"https:\/\/global.tab-tv.com\/hu\/wp-content\/uploads\/sites\/3\/2022\/10\/initialisation-Samsung-auto-rotatio-mount.jpg 425w, https:\/\/global.tab-tv.com\/hu\/wp-content\/uploads\/sites\/3\/2022\/10\/initialisation-Samsung-auto-rotatio-mount-172x300.jpg 172w\" sizes=\"auto, (max-width: 425px) 100vw, 425px\" \/><\/figure>\n<\/div>","protected":false},"excerpt":{"rendered":"<p>2022-ben a Samsung bemutatott egy \u00faj kieg\u00e9sz\u00edt\u0151t \u2013 egy automatikusan forgathat\u00f3 tart\u00f3t a t\u00e9v\u00e9ihez. L\u00e9tezett bel\u0151le padl\u00f3ra \u00e1ll\u00edthat\u00f3 v\u00e1ltozat is. Az \u00f6tlet az volt, hogy a The Sero TV egyedi forg\u00e1si \u00e9lm\u00e9ny\u00e9t m\u00e1s Samsung modellekre is \u00e1t\u00fcltess\u00e9k. \u00c9rdekess\u00e9g, hogy egy \u00e9vvel kor\u00e1bban, 2021-ben a Samsung egy egyszer\u0171 padl\u00f3tart\u00f3t is kiadott, amely lehet\u0151v\u00e9 tette a t\u00e9v\u00e9 [&hellip;]<\/p>\n","protected":false},"author":1,"featured_media":2686,"comment_status":"open","ping_status":"open","sticky":false,"template":"","format":"standard","meta":{"_monsterinsights_skip_tracking":false,"_monsterinsights_sitenote_active":false,"_monsterinsights_sitenote_note":"","_monsterinsights_sitenote_category":0,"footnotes":""},"categories":[26],"tags":[79,21],"class_list":{"0":"post-2681","1":"post","2":"type-post","3":"status-publish","4":"format-standard","5":"has-post-thumbnail","7":"category-tv","8":"tag-samsung-tv","9":"tag-tv"},"_links":{"self":[{"href":"https:\/\/global.tab-tv.com\/hu\/wp-json\/wp\/v2\/posts\/2681","targetHints":{"allow":["GET"]}}],"collection":[{"href":"https:\/\/global.tab-tv.com\/hu\/wp-json\/wp\/v2\/posts"}],"about":[{"href":"https:\/\/global.tab-tv.com\/hu\/wp-json\/wp\/v2\/types\/post"}],"author":[{"embeddable":true,"href":"https:\/\/global.tab-tv.com\/hu\/wp-json\/wp\/v2\/users\/1"}],"replies":[{"embeddable":true,"href":"https:\/\/global.tab-tv.com\/hu\/wp-json\/wp\/v2\/comments?post=2681"}],"version-history":[{"count":2,"href":"https:\/\/global.tab-tv.com\/hu\/wp-json\/wp\/v2\/posts\/2681\/revisions"}],"predecessor-version":[{"id":12682,"href":"https:\/\/global.tab-tv.com\/hu\/wp-json\/wp\/v2\/posts\/2681\/revisions\/12682"}],"wp:featuredmedia":[{"embeddable":true,"href":"https:\/\/global.tab-tv.com\/hu\/wp-json\/wp\/v2\/media\/2686"}],"wp:attachment":[{"href":"https:\/\/global.tab-tv.com\/hu\/wp-json\/wp\/v2\/media?parent=2681"}],"wp:term":[{"taxonomy":"category","embeddable":true,"href":"https:\/\/global.tab-tv.com\/hu\/wp-json\/wp\/v2\/categories?post=2681"},{"taxonomy":"post_tag","embeddable":true,"href":"https:\/\/global.tab-tv.com\/hu\/wp-json\/wp\/v2\/tags?post=2681"}],"curies":[{"name":"wp","href":"https:\/\/api.w.org\/{rel}","templated":true}]}}