{"id":2757,"date":"2023-04-27T12:13:00","date_gmt":"2023-04-27T12:13:00","guid":{"rendered":"https:\/\/global.tab-tv.com\/hu\/?p=2757"},"modified":"2023-04-27T23:10:06","modified_gmt":"2023-04-27T23:10:06","slug":"hogyan-utasithatja-vissza-a-megosztott-naptari-esemenyeket-iphone-keszuleken","status":"publish","type":"post","link":"https:\/\/global.tab-tv.com\/hu\/hogyan-utasithatja-vissza-a-megosztott-naptari-esemenyeket-iphone-keszuleken\/","title":{"rendered":"Megosztott napt\u00e1r t\u00f6rl\u00e9se iPhone-on"},"content":{"rendered":"\n<p>Ha iPhone-felhaszn\u00e1l\u00f3 vagy, val\u00f3sz\u00edn\u0171leg haszn\u00e1ltad m\u00e1r valamikor a megosztott napt\u00e1r funkci\u00f3t, hogy nyomon k\u00f6vethesd a fontos esem\u00e9nyeket a bar\u00e1taiddal \u00e9s csal\u00e1dtagjaiddal. Elj\u00f6het azonban az az id\u0151, amikor m\u00e1r nincs sz\u00fcks\u00e9ge egy adott megosztott napt\u00e1rra, \u00e9s t\u00f6r\u00f6lni szeretn\u00e9 azt a k\u00e9sz\u00fcl\u00e9k\u00e9r\u0151l. A j\u00f3 h\u00edr az, hogy a megosztott napt\u00e1r t\u00f6rl\u00e9se az iPhone-r\u00f3l egyszer\u0171 folyamat, \u00e9s mind\u00f6ssze n\u00e9h\u00e1ny l\u00e9p\u00e9st ig\u00e9nyel.<\/p>\n\n\n\n<h2 class=\"wp-block-heading\"><a><\/a><strong>Hogyan t\u00f6r\u00f6lheti vagy t\u00f6r\u00f6lheti a megosztott napt\u00e1rat az iPhone-on<\/strong><\/h2>\n\n\n\n<p>A megosztott napt\u00e1rak k\u00e9nyelmes m\u00f3dja lehetnek annak, hogy nyomon k\u00f6vesse az esem\u00e9nyeket \u00e9s tal\u00e1lkoz\u00f3kat a bar\u00e1tokkal, csal\u00e1dtagokkal vagy koll\u00e9g\u00e1kkal. Ha azonban m\u00e1r nincs sz\u00fcks\u00e9ge a megosztott napt\u00e1rhoz val\u00f3 hozz\u00e1f\u00e9r\u00e9sre, \u00e9rdemes t\u00f6r\u00f6lni azt az iPhone-r\u00f3l. Ha t\u00f6r\u00f6lni szeretne egy megosztott napt\u00e1rat iPhone k\u00e9sz\u00fcl\u00e9k\u00e9n, k\u00f6vesse az al\u00e1bbi l\u00e9p\u00e9seket:<\/p>\n\n\n\n<ul class=\"wp-block-list\">\n<li>Nyissa meg a <strong>Napt\u00e1r alkalmaz\u00e1st <\/strong>az iPhone k\u00e9sz\u00fcl\u00e9k\u00e9n.<\/li>\n\n\n\n<li>Koppintson a k\u00e9perny\u0151 alj\u00e1n l\u00e9v\u0151 &#8222;<strong>Napt\u00e1rak&#8221;<\/strong> ikonra.<\/li>\n\n\n\n<li>Keresse meg a t\u00f6r\u00f6lni k\u00edv\u00e1nt megosztott napt\u00e1rat, \u00e9s koppintson a mellette l\u00e9v\u0151 <strong>&#8222;i&#8221; ikonra.<\/strong><\/li>\n<\/ul>\n\n\n\n<figure class=\"wp-block-image size-large\"><img loading=\"lazy\" decoding=\"async\" width=\"1024\" height=\"994\" src=\"https:\/\/global.tab-tv.com\/hu\/wp-content\/uploads\/sites\/3\/2023\/04\/How-to-delete-or-unsubscribe-shared-calendar-on-iPhone-1-1024x994.webp\" alt=\"\" class=\"wp-image-6352\" srcset=\"https:\/\/global.tab-tv.com\/hu\/wp-content\/uploads\/sites\/3\/2023\/04\/How-to-delete-or-unsubscribe-shared-calendar-on-iPhone-1-1024x994.webp 1024w, https:\/\/global.tab-tv.com\/hu\/wp-content\/uploads\/sites\/3\/2023\/04\/How-to-delete-or-unsubscribe-shared-calendar-on-iPhone-1-300x291.webp 300w, https:\/\/global.tab-tv.com\/hu\/wp-content\/uploads\/sites\/3\/2023\/04\/How-to-delete-or-unsubscribe-shared-calendar-on-iPhone-1-768x746.webp 768w, https:\/\/global.tab-tv.com\/hu\/wp-content\/uploads\/sites\/3\/2023\/04\/How-to-delete-or-unsubscribe-shared-calendar-on-iPhone-1.webp 1280w\" sizes=\"auto, (max-width: 1024px) 100vw, 1024px\" \/><\/figure>\n\n\n\n<ul class=\"wp-block-list\">\n<li>G\u00f6rgessen le a k\u00e9perny\u0151 alj\u00e1ra, \u00e9s koppintson a &#8222;<strong>Napt\u00e1r t\u00f6rl\u00e9se<\/strong>&#8221; vagy a &#8222;<strong>Leiratkoz\u00e1s<\/strong>&#8221; lehet\u0151s\u00e9gre.<\/li>\n\n\n\n<li>Er\u0151s\u00edtse meg, hogy t\u00f6r\u00f6lni k\u00edv\u00e1nja a napt\u00e1rat, a felugr\u00f3 ablakban ism\u00e9t a &#8222;<strong>T\u00f6rl\u00e9s<\/strong>&#8221; vagy a &#8222;<strong>Leiratkoz\u00e1s&#8221; <\/strong>gombra koppintva.<\/li>\n<\/ul>\n\n\n\n<figure class=\"wp-block-image size-large\"><img loading=\"lazy\" decoding=\"async\" width=\"1024\" height=\"994\" src=\"https:\/\/global.tab-tv.com\/hu\/wp-content\/uploads\/sites\/3\/2023\/04\/How-to-delete-or-unsubscribe-shared-calendar-on-iPhone-2-1024x994.webp\" alt=\"\" class=\"wp-image-6351\" srcset=\"https:\/\/global.tab-tv.com\/hu\/wp-content\/uploads\/sites\/3\/2023\/04\/How-to-delete-or-unsubscribe-shared-calendar-on-iPhone-2-1024x994.webp 1024w, https:\/\/global.tab-tv.com\/hu\/wp-content\/uploads\/sites\/3\/2023\/04\/How-to-delete-or-unsubscribe-shared-calendar-on-iPhone-2-300x291.webp 300w, https:\/\/global.tab-tv.com\/hu\/wp-content\/uploads\/sites\/3\/2023\/04\/How-to-delete-or-unsubscribe-shared-calendar-on-iPhone-2-768x746.webp 768w, https:\/\/global.tab-tv.com\/hu\/wp-content\/uploads\/sites\/3\/2023\/04\/How-to-delete-or-unsubscribe-shared-calendar-on-iPhone-2.webp 1280w\" sizes=\"auto, (max-width: 1024px) 100vw, 1024px\" \/><\/figure>\n\n\n\n<p>Fontos megjegyezni, hogy egy megosztott napt\u00e1r t\u00f6rl\u00e9se az iPhone-on csak a k\u00e9sz\u00fcl\u00e9kr\u0151l t\u00e1vol\u00edtja el azt. Ha nem te vagy a megosztott napt\u00e1r tulajdonosa, nem tudod t\u00f6r\u00f6lni azt m\u00e1s felhaszn\u00e1l\u00f3k sz\u00e1m\u00e1ra.<\/p>\n\n\n\n<h2 class=\"wp-block-heading\"><a><\/a><strong>Mi az a megosztott napt\u00e1r az iPhone-on?<\/strong><\/h2>\n\n\n\n<p>A megosztott napt\u00e1r az iPhone-on egy olyan napt\u00e1r, amelyhez t\u00f6bb felhaszn\u00e1l\u00f3 is hozz\u00e1f\u00e9rhet. Ez a funkci\u00f3 k\u00fcl\u00f6n\u00f6sen hasznos csal\u00e1dok, munkat\u00e1rsak vagy b\u00e1rki sz\u00e1m\u00e1ra, akinek egy\u00fctt kell nyomon k\u00f6vetnie az esem\u00e9nyeket vagy tal\u00e1lkoz\u00f3kat. A megosztott napt\u00e1rakkal tal\u00e1lkoz\u00f3kat, \u00e9rtekezleteket vagy esem\u00e9nyeket lehet \u00fctemezni, amelyekr\u0151l mindenkinek tudnia kell.<\/p>\n\n\n\n<p>Ahhoz, hogy megosztott napt\u00e1rat hozhasson l\u00e9tre iPhone k\u00e9sz\u00fcl\u00e9k\u00e9n, rendelkeznie kell iCloud-fi\u00f3kkal. Ezut\u00e1n megoszthatja napt\u00e1r\u00e1t m\u00e1s iCloud-felhaszn\u00e1l\u00f3kkal vagy olyan szem\u00e9lyekkel, akik nem haszn\u00e1lj\u00e1k az iCloudot, ha e-mailben megh\u00edv\u00f3t k\u00fcld nekik.<\/p>\n\n\n\n<p>A megosztott napt\u00e1r be\u00e1ll\u00edt\u00e1sa ut\u00e1n minden felhaszn\u00e1l\u00f3 megtekintheti \u00e9s szerkesztheti a napt\u00e1r esem\u00e9nyeit. Az egyik felhaszn\u00e1l\u00f3 \u00e1ltal v\u00e9grehajtott m\u00f3dos\u00edt\u00e1sok automatikusan friss\u00fclnek a napt\u00e1rhoz hozz\u00e1f\u00e9r\u0151 t\u00f6bbi felhaszn\u00e1l\u00f3 napt\u00e1r\u00e1ban. Ez k\u00e9nyelmes m\u00f3dja lehet annak, hogy mindenki ugyanazon az oldalon maradjon, \u00e9s elker\u00fclje az id\u0151z\u00edt\u00e9si konfliktusokat.<\/p>\n\n\n\n<p>A megosztott napt\u00e1r iPhone-on t\u00f6rt\u00e9n\u0151 el\u00e9r\u00e9s\u00e9hez a felhaszn\u00e1l\u00f3nak hozz\u00e1 kell adnia a napt\u00e1rat a k\u00e9sz\u00fcl\u00e9k\u00e9hez. Ez t\u00f6rt\u00e9nhet a napt\u00e1r megh\u00edv\u00e1s\u00e1nak elfogad\u00e1s\u00e1val vagy a napt\u00e1r k\u00e9zzel t\u00f6rt\u00e9n\u0151 hozz\u00e1ad\u00e1s\u00e1val a k\u00e9sz\u00fcl\u00e9khez.<\/p>\n\n\n\n<h2 class=\"wp-block-heading\"><a><\/a><strong>Mi a teend\u0151, ha nem tudja t\u00f6r\u00f6lni a megosztott napt\u00e1rat az iPhone-on?<\/strong><\/h2>\n\n\n\n<p>Ha probl\u00e9m\u00e1i vannak a megosztott napt\u00e1r t\u00f6rl\u00e9s\u00e9vel iPhone k\u00e9sz\u00fcl\u00e9k\u00e9n, n\u00e9h\u00e1ny dologgal megpr\u00f3b\u00e1lhatja megoldani a probl\u00e9m\u00e1t. \u00cdme n\u00e9h\u00e1ny lehets\u00e9ges megold\u00e1s:<\/p>\n\n\n\n<ul class=\"wp-block-list\">\n<li><strong>Ellen\u0151rizze a jogosults\u00e1gokat<\/strong>: A megosztott napt\u00e1r t\u00f6rl\u00e9se el\u0151tt rendelkeznie kell a sz\u00fcks\u00e9ges jogosults\u00e1gokkal. Ha nincs jogosults\u00e1ga a napt\u00e1r t\u00f6rl\u00e9s\u00e9hez, akkor nem tudja elt\u00e1vol\u00edtani. Az enged\u00e9lyek ellen\u0151rz\u00e9s\u00e9hez nyissa meg a Napt\u00e1r alkalmaz\u00e1st, \u00e9s koppintson a megosztott napt\u00e1rra. Ha nem tudja t\u00f6r\u00f6lni a napt\u00e1rat, val\u00f3sz\u00edn\u0171leg nem rendelkezik a sz\u00fcks\u00e9ges enged\u00e9lyekkel.<\/li>\n\n\n\n<li><strong>K\u00e9rje meg a megosztott napt\u00e1r tulajdonos\u00e1t, hogy t\u00f6r\u00f6lje azt<\/strong>: Ha nem rendelkezik a napt\u00e1r t\u00f6rl\u00e9s\u00e9hez sz\u00fcks\u00e9ges jogosults\u00e1gokkal, vagy technikai neh\u00e9zs\u00e9gekbe \u00fctk\u00f6zik, a legegyszer\u0171bb megold\u00e1s az lehet, ha megk\u00e9ri azt a szem\u00e9lyt, aki megosztotta \u00d6nnel a napt\u00e1rat, hogy a saj\u00e1t r\u00e9sz\u00e9r\u0151l t\u00f6r\u00f6lje azt.<\/li>\n\n\n\n<li><strong>Ellen\u0151rizze az internetkapcsolat\u00e1t<\/strong>: Ha a megosztott napt\u00e1r t\u00f6rl\u00e9s\u00e9vel gondjai vannak, lehets\u00e9ges, hogy az internetkapcsolata nem el\u00e9g er\u0151s. Gy\u0151z\u0151dj\u00f6n meg r\u00f3la, hogy er\u0151s Wi-Fi vagy mobilh\u00e1l\u00f3zathoz csatlakozik, miel\u0151tt megpr\u00f3b\u00e1ln\u00e1 t\u00f6r\u00f6lni a napt\u00e1rat.<\/li>\n\n\n\n<li><strong>Friss\u00edtse k\u00e9sz\u00fcl\u00e9k\u00e9t<\/strong>: Ha az iOS elavult verzi\u00f3j\u00e1t haszn\u00e1lja, probl\u00e9m\u00e1k mer\u00fclhetnek fel a megosztott napt\u00e1rak t\u00f6rl\u00e9s\u00e9vel kapcsolatban. Ellen\u0151rizze, hogy vannak-e friss\u00edt\u00e9sek az eszk\u00f6z\u00e9n, \u00e9s telep\u00edtse a rendelkez\u00e9sre \u00e1ll\u00f3 friss\u00edt\u00e9seket, hogy biztos\u00edtsa, hogy az eszk\u00f6z\u00e9n az iOS leg\u00fajabb verzi\u00f3ja fut.<\/li>\n\n\n\n<li><strong>Jelentkezzen ki az iCloudb\u00f3l, \u00e9s jelentkezzen be \u00fajra<\/strong>: Ha a fenti megold\u00e1sok egyike sem m\u0171k\u00f6dik, megpr\u00f3b\u00e1lhatod kijelentkezni az iCloudb\u00f3l, majd \u00fajra bejelentkezni. Ez n\u00e9ha megoldja az iPhone-on megosztott napt\u00e1rakkal kapcsolatos probl\u00e9m\u00e1kat. Az iCloudb\u00f3l val\u00f3 kijelentkez\u00e9shez l\u00e9pjen a Be\u00e1ll\u00edt\u00e1sok &gt; [A neve] &gt; iCloud, majd koppintson a &#8222;Kijelentkez\u00e9s&#8221; gombra. A kijelentkez\u00e9s ut\u00e1n jelentkezzen be \u00fajra, \u00e9s n\u00e9zze meg, hogy k\u00e9pes-e t\u00f6r\u00f6lni a megosztott napt\u00e1rat.<\/li>\n\n\n\n<li><strong>L\u00e9pjen kapcsolatba az Apple \u00fcgyf\u00e9lszolg\u00e1lattal<\/strong>: Ha a fenti megold\u00e1sok mindegyik\u00e9t kipr\u00f3b\u00e1lta, \u00e9s m\u00e9g mindig nem tudja t\u00f6r\u00f6lni a megosztott napt\u00e1rat, tov\u00e1bbi seg\u00edts\u00e9g\u00e9rt forduljon az Apple \u00fcgyf\u00e9lszolg\u00e1lat\u00e1hoz. \u0150k seg\u00edthetnek a probl\u00e9ma elh\u00e1r\u00edt\u00e1s\u00e1ban, \u00e9s tov\u00e1bbi megold\u00e1sokat tudnak ny\u00fajtani a probl\u00e9ma megold\u00e1s\u00e1hoz.<\/li>\n<\/ul>\n\n\n\n<p>\u00d6sszefoglalva, ha nem tud t\u00f6r\u00f6lni egy megosztott napt\u00e1rat az iPhone k\u00e9sz\u00fcl\u00e9k\u00e9n, t\u00f6bb l\u00e9p\u00e9st is tehet a probl\u00e9ma megold\u00e1s\u00e1ra. A jogosults\u00e1gok ellen\u0151rz\u00e9se, a t\u00f6rl\u00e9s k\u00e9r\u00e9se a napt\u00e1r tulajdonos\u00e1t\u00f3l, az er\u0151s internetkapcsolat biztos\u00edt\u00e1sa, a k\u00e9sz\u00fcl\u00e9k friss\u00edt\u00e9se, a kijelentkez\u00e9s \u00e9s visszal\u00e9p\u00e9s az iCloudba, valamint az Apple \u00fcgyf\u00e9lszolg\u00e1lat\u00e1val val\u00f3 kapcsolatfelv\u00e9tel mind olyan lehets\u00e9ges megold\u00e1sok, amelyeket kipr\u00f3b\u00e1lhat.<\/p>\n\n\n\n<h2 class=\"wp-block-heading\"><a><\/a><strong>Hogyan lehet elrejteni a nem haszn\u00e1lt napt\u00e1rakat az iPhone-on?<\/strong><\/h2>\n\n\n\n<p>Ha t\u00f6bb napt\u00e1r van az iPhone-odon, hasznos lehet, ha elrejted azokat a napt\u00e1rakat, amelyeket \u00e9ppen nem haszn\u00e1lsz. Ez megk\u00f6nny\u00edtheti a sz\u00e1modra legfontosabb napt\u00e1rak megtekint\u00e9s\u00e9t \u00e9s kezel\u00e9s\u00e9t. \u00cdme, hogyan rejtheti el a nem haszn\u00e1lt napt\u00e1rakat iPhone k\u00e9sz\u00fcl\u00e9k\u00e9n:<\/p>\n\n\n\n<ul class=\"wp-block-list\">\n<li>Nyissa meg a <strong>Napt\u00e1r <\/strong>alkalmaz\u00e1st.<\/li>\n\n\n\n<li>Koppintson a k\u00e9perny\u0151 alj\u00e1n a &#8222;<strong>Napt\u00e1rak<\/strong>&#8221; gombra.<\/li>\n\n\n\n<li>A &#8222;Napt\u00e1rak&#8221; n\u00e9zetben megjelenik az \u00f6sszes napt\u00e1r\u00e1nak list\u00e1ja, mindegyik mellett egy-egy jel\u00f6l\u00e9ssel. Ha el szeretne rejteni egy napt\u00e1rat, <strong>koppintson a jel\u00f6l\u00e9sre<\/strong>, \u00e9s kapcsolja ki. A <strong>napt\u00e1r elt\u0171nik <\/strong>a f\u0151k\u00e9perny\u0151r\u0151l, \u00e9s nem lesz l\u00e1that\u00f3, am\u00edg vissza nem kapcsolja.<\/li>\n<\/ul>\n\n\n\n<figure class=\"wp-block-image size-large\"><img loading=\"lazy\" decoding=\"async\" width=\"1024\" height=\"994\" src=\"https:\/\/global.tab-tv.com\/hu\/wp-content\/uploads\/sites\/3\/2023\/04\/How-to-hide-unused-calendars-on-iPhone-1-1024x994.webp\" alt=\"\" class=\"wp-image-6349\" srcset=\"https:\/\/global.tab-tv.com\/hu\/wp-content\/uploads\/sites\/3\/2023\/04\/How-to-hide-unused-calendars-on-iPhone-1-1024x994.webp 1024w, https:\/\/global.tab-tv.com\/hu\/wp-content\/uploads\/sites\/3\/2023\/04\/How-to-hide-unused-calendars-on-iPhone-1-300x291.webp 300w, https:\/\/global.tab-tv.com\/hu\/wp-content\/uploads\/sites\/3\/2023\/04\/How-to-hide-unused-calendars-on-iPhone-1-768x746.webp 768w, https:\/\/global.tab-tv.com\/hu\/wp-content\/uploads\/sites\/3\/2023\/04\/How-to-hide-unused-calendars-on-iPhone-1.webp 1280w\" sizes=\"auto, (max-width: 1024px) 100vw, 1024px\" \/><\/figure>\n\n\n\n<ul class=\"wp-block-list\">\n<li>Ha valaha is sz\u00fcks\u00e9ge van egy rejtett napt\u00e1r megtekint\u00e9s\u00e9re, t\u00e9rjen vissza a &#8222;Napt\u00e1rak&#8221; n\u00e9zetre, \u00e9s <strong>jel\u00f6lje be a <\/strong>k\u00edv\u00e1nt napt\u00e1r melletti <strong>jel\u00f6l\u0151n\u00e9gyzetet.<\/strong> A napt\u00e1r \u00fajra megjelenik a f\u0151k\u00e9perny\u0151n, \u00e9s megtekintheti az \u00f6sszes kapcsol\u00f3d\u00f3 esem\u00e9nyt \u00e9s tal\u00e1lkoz\u00f3t.<\/li>\n<\/ul>\n\n\n\n<p>\u00d6sszefoglalva, a nem haszn\u00e1lt napt\u00e1rak elrejt\u00e9se az iPhone-on egy egyszer\u0171 folyamat, amely seg\u00edthet a napt\u00e1rak jobb kezel\u00e9s\u00e9ben \u00e9s a szervezetts\u00e9g meg\u0151rz\u00e9s\u00e9ben. A fenti l\u00e9p\u00e9seket k\u00f6vetve k\u00f6nnyed\u00e9n kikapcsolhatja az \u00e9ppen nem haszn\u00e1lt napt\u00e1rakat, \u00e9s \u00fajra bekapcsolhatja \u0151ket, ha k\u00e9s\u0151bb sz\u00fcks\u00e9ge van r\u00e1juk.<\/p>\n\n\n\n<p><\/p>\n","protected":false},"excerpt":{"rendered":"<p>Ha iPhone-felhaszn\u00e1l\u00f3 vagy, val\u00f3sz\u00edn\u0171leg haszn\u00e1ltad m\u00e1r valamikor a megosztott napt\u00e1r funkci\u00f3t, hogy nyomon k\u00f6vethesd a fontos esem\u00e9nyeket a bar\u00e1taiddal \u00e9s csal\u00e1dtagjaiddal. Elj\u00f6het azonban az az id\u0151, amikor m\u00e1r nincs sz\u00fcks\u00e9ge egy adott megosztott napt\u00e1rra, \u00e9s t\u00f6r\u00f6lni szeretn\u00e9 azt a k\u00e9sz\u00fcl\u00e9k\u00e9r\u0151l. A j\u00f3 h\u00edr az, hogy a megosztott napt\u00e1r t\u00f6rl\u00e9se az iPhone-r\u00f3l egyszer\u0171 folyamat, \u00e9s mind\u00f6ssze [&hellip;]<\/p>\n","protected":false},"author":1,"featured_media":6353,"comment_status":"open","ping_status":"open","sticky":false,"template":"","format":"standard","meta":{"_monsterinsights_skip_tracking":false,"_monsterinsights_sitenote_active":false,"_monsterinsights_sitenote_note":"","_monsterinsights_sitenote_category":0,"footnotes":""},"categories":[2],"tags":[12],"class_list":{"0":"post-2757","1":"post","2":"type-post","3":"status-publish","4":"format-standard","5":"has-post-thumbnail","7":"category-utmutatok","8":"tag-iphone"},"_links":{"self":[{"href":"https:\/\/global.tab-tv.com\/hu\/wp-json\/wp\/v2\/posts\/2757","targetHints":{"allow":["GET"]}}],"collection":[{"href":"https:\/\/global.tab-tv.com\/hu\/wp-json\/wp\/v2\/posts"}],"about":[{"href":"https:\/\/global.tab-tv.com\/hu\/wp-json\/wp\/v2\/types\/post"}],"author":[{"embeddable":true,"href":"https:\/\/global.tab-tv.com\/hu\/wp-json\/wp\/v2\/users\/1"}],"replies":[{"embeddable":true,"href":"https:\/\/global.tab-tv.com\/hu\/wp-json\/wp\/v2\/comments?post=2757"}],"version-history":[{"count":3,"href":"https:\/\/global.tab-tv.com\/hu\/wp-json\/wp\/v2\/posts\/2757\/revisions"}],"predecessor-version":[{"id":6354,"href":"https:\/\/global.tab-tv.com\/hu\/wp-json\/wp\/v2\/posts\/2757\/revisions\/6354"}],"wp:featuredmedia":[{"embeddable":true,"href":"https:\/\/global.tab-tv.com\/hu\/wp-json\/wp\/v2\/media\/6353"}],"wp:attachment":[{"href":"https:\/\/global.tab-tv.com\/hu\/wp-json\/wp\/v2\/media?parent=2757"}],"wp:term":[{"taxonomy":"category","embeddable":true,"href":"https:\/\/global.tab-tv.com\/hu\/wp-json\/wp\/v2\/categories?post=2757"},{"taxonomy":"post_tag","embeddable":true,"href":"https:\/\/global.tab-tv.com\/hu\/wp-json\/wp\/v2\/tags?post=2757"}],"curies":[{"name":"wp","href":"https:\/\/api.w.org\/{rel}","templated":true}]}}