{"id":3124,"date":"2023-04-28T00:47:00","date_gmt":"2023-04-28T00:47:00","guid":{"rendered":"https:\/\/global.tab-tv.com\/hu\/?p=3124"},"modified":"2023-04-28T21:48:33","modified_gmt":"2023-04-28T21:48:33","slug":"naptari-meghivo-kuldese-a-microsoft-outlookban","status":"publish","type":"post","link":"https:\/\/global.tab-tv.com\/hu\/naptari-meghivo-kuldese-a-microsoft-outlookban\/","title":{"rendered":"Napt\u00e1ri megh\u00edv\u00f3 k\u00fcld\u00e9se az Outlookban"},"content":{"rendered":"\n<h1 class=\"wp-block-heading\"><a><\/a><strong>\u00c9rtekezlet l\u00e9trehoz\u00e1sa az Outlookban<\/strong><\/h1>\n\n\n\n<p>T\u00f6rt\u00e9netesen az Outlook a v\u00e1llalatokn\u00e1l sz\u00e9les k\u00f6rben haszn\u00e1lt munkaalkalmaz\u00e1ss\u00e1 v\u00e1lt. N\u00e9zz\u00fcnk szembe a t\u00e9nyekkel, \u00e9s az Outlook a v\u00e1llalatok sz\u00e1m\u00e1ra k\u00e9sz\u00fclt alkalmaz\u00e1ss\u00e1 v\u00e1lt. Ezenk\u00edv\u00fcl az e-mail kliens lehet\u0151v\u00e9 teszi, hogy megh\u00edv\u00f3kat hozzon l\u00e9tre gy\u0171l\u00e9sekre vagy eml\u00e9keztet\u0151ket hozzon l\u00e9tre a munkav\u00e1llal\u00f3k sz\u00e1m\u00e1ra. Ha egy kis c\u00e9gn\u00e9l dolgozik, ahol mindenki helyben dolgozik, akkor nem fogja haszn\u00e1lni az Outlookot. M\u00e9gis, ha egy nagy c\u00e9gr\u0151l van sz\u00f3, k\u00fcl\u00f6nb\u00f6z\u0151 helysz\u00ednekkel, akkor a program n\u00e9lk\u00fcl\u00f6zhetetlen a v\u00e1llalat \u00f6sszes alkalmazottj\u00e1nak id\u0151beoszt\u00e1s\u00e1nak kezel\u00e9s\u00e9hez.<\/p>\n\n\n\n<p>A napt\u00e1r az Outlook szerves r\u00e9sz\u00e9t k\u00e9pezi; a napt\u00e1r seg\u00edts\u00e9g\u00e9vel alak\u00edthatja ki az \u00fctemterveit. Tegy\u00fck fel p\u00e9ld\u00e1ul, hogy \u00d6n, mint az egyik vezet\u0151, szeretne megh\u00edvni valakit egy m\u00e1sik oszt\u00e1lyr\u00f3l egy megbesz\u00e9l\u00e9sre. Ebben az esetben haszn\u00e1lhatja az \u00dctemez\u00e9si asszisztenst, \u00e9s megn\u00e9zheti a r\u00e9sztvev\u0151k id\u0151beoszt\u00e1s\u00e1t. Ellen\u0151rizheti, hogy az adott szem\u00e9ly el\u00e9rhet\u0151-e az \u00d6n \u00e1ltal kiv\u00e1lasztott id\u0151pontban.<\/p>\n\n\n\n<p>Ha \u00faj az Outlook, vagy fel kell friss\u00edtenie a mem\u00f3ri\u00e1j\u00e1t a tal\u00e1lkoz\u00f3megh\u00edv\u00f3 k\u00fcld\u00e9s\u00e9vel kapcsolatban, egy vezet\u0151 megb\u00edz\u00e1st kapott egy tal\u00e1lkoz\u00f3 l\u00e9trehoz\u00e1s\u00e1ra, \u00e9s ehhez seg\u00edts\u00e9gre van sz\u00fcks\u00e9ge; ebben a cikkben megtal\u00e1lja, hogyan kell ezt megtennie.<\/p>\n\n\n\n<h2 class=\"wp-block-heading\"><a><\/a><strong>Hogyan hozhat l\u00e9tre \u00e9rtekezletet \u00e9s k\u00fcldhet megh\u00edv\u00f3t az Outlook asztali alkalmaz\u00e1sban?<\/strong><\/h2>\n\n\n\n<p>Mivel az Outlook a Microsoft Office alkalmaz\u00e1sok r\u00e9sze, \u00e9s leggyakrabban a sz\u00e1m\u00edt\u00f3g\u00e9pen l\u00e9v\u0151 asztali alkalmaz\u00e1sokban haszn\u00e1lj\u00e1k, el\u0151sz\u00f6r n\u00e9zz\u00fck meg az erre a platformra vonatkoz\u00f3 l\u00e9p\u00e9seket:<\/p>\n\n\n\n<ul class=\"wp-block-list\">\n<li>Nyissa meg az Outlookot, \u00e9s navig\u00e1ljon a <strong>Napt\u00e1r f\u00fclre<\/strong>. Kattintson a Napt\u00e1r ikonra az Outlook ablak bal oldal\u00e1n.<\/li>\n\n\n\n<li>Ha a napt\u00e1rn\u00e9zetben van, kattintson a k\u00e9perny\u0151 tetej\u00e9n tal\u00e1lhat\u00f3 <strong>\u00daj megbesz\u00e9l\u00e9s<\/strong> ikonra. Ez megnyit egy \u00faj \u00e9rtekezlet ablakot.<\/li>\n<\/ul>\n\n\n\n<figure class=\"wp-block-image size-full\"><img loading=\"lazy\" decoding=\"async\" width=\"1024\" height=\"671\" src=\"https:\/\/global.tab-tv.com\/hu\/wp-content\/uploads\/sites\/3\/2023\/04\/How-to-send-a-calendar-invitation-in-the-Outlook-desktop-app-1.webp\" alt=\"\" class=\"wp-image-6389\" srcset=\"https:\/\/global.tab-tv.com\/hu\/wp-content\/uploads\/sites\/3\/2023\/04\/How-to-send-a-calendar-invitation-in-the-Outlook-desktop-app-1.webp 1024w, https:\/\/global.tab-tv.com\/hu\/wp-content\/uploads\/sites\/3\/2023\/04\/How-to-send-a-calendar-invitation-in-the-Outlook-desktop-app-1-300x197.webp 300w, https:\/\/global.tab-tv.com\/hu\/wp-content\/uploads\/sites\/3\/2023\/04\/How-to-send-a-calendar-invitation-in-the-Outlook-desktop-app-1-768x503.webp 768w\" sizes=\"auto, (max-width: 1024px) 100vw, 1024px\" \/><\/figure>\n\n\n\n<ul class=\"wp-block-list\">\n<li>A C\u00edmzett mez\u0151ben <strong>adja meg azoknak az <\/strong>embereknek az <strong>e-mail c\u00edm\u00e9t<\/strong>, akiket meg szeretne h\u00edvni az esem\u00e9nyre. Hozz\u00e1adhatja \u0151ket a n\u00e9vjegyz\u00e9kb\u0151l vagy a c\u00edmjegyz\u00e9kb\u0151l is. T\u00f6bb r\u00e9sztvev\u0151t is hozz\u00e1adhat, ha az e-mail c\u00edmeket pontosvessz\u0151vel v\u00e1lasztja el egym\u00e1st\u00f3l. Nagyon k\u00e9nyelmes, ha el\u0151re list\u00e1kat hoz l\u00e9tre \u00e9s csoportos\u00edtja \u0151ket.<\/li>\n\n\n\n<li>Ezut\u00e1n hozz\u00e1 kell adnia az esem\u00e9nyre vonatkoz\u00f3 r\u00e9szleteket. Ide tartozik a t\u00e9ma, a helysz\u00edn, a kezd\u00e9si \u00e9s befejez\u00e9si id\u0151pont, valamint tov\u00e1bbi megjegyz\u00e9sek vagy napirendi pontok. Eml\u00e9keztet\u0151t is be\u00e1ll\u00edthat az esem\u00e9nyhez.<\/li>\n\n\n\n<li>Ezut\u00e1n <strong>v\u00e1lasszon egy olyan id\u0151pontot<\/strong>, amely mindenkinek megfelel.<\/li>\n\n\n\n<li>Miut\u00e1n minden sz\u00fcks\u00e9ges adatot megadott, kattintson a <strong>K\u00fcld\u00e9s gombra <\/strong>a napt\u00e1rmegh\u00edv\u00f3 elk\u00fcld\u00e9s\u00e9hez a r\u00e9sztvev\u0151knek.<\/li>\n<\/ul>\n\n\n\n<figure class=\"wp-block-image size-full\"><img loading=\"lazy\" decoding=\"async\" width=\"984\" height=\"598\" src=\"https:\/\/global.tab-tv.com\/hu\/wp-content\/uploads\/sites\/3\/2023\/04\/How-to-send-a-calendar-invitation-in-the-Outlook-desktop-app-2.webp\" alt=\"\" class=\"wp-image-6388\" srcset=\"https:\/\/global.tab-tv.com\/hu\/wp-content\/uploads\/sites\/3\/2023\/04\/How-to-send-a-calendar-invitation-in-the-Outlook-desktop-app-2.webp 984w, https:\/\/global.tab-tv.com\/hu\/wp-content\/uploads\/sites\/3\/2023\/04\/How-to-send-a-calendar-invitation-in-the-Outlook-desktop-app-2-300x182.webp 300w, https:\/\/global.tab-tv.com\/hu\/wp-content\/uploads\/sites\/3\/2023\/04\/How-to-send-a-calendar-invitation-in-the-Outlook-desktop-app-2-768x467.webp 768w\" sizes=\"auto, (max-width: 984px) 100vw, 984px\" \/><\/figure>\n\n\n\n<p>A r\u00e9sztvev\u0151k kapnak egy e-mailt az esem\u00e9ny r\u00e9szleteivel, \u00e9s v\u00e1laszthatnak, hogy elfogadj\u00e1k, elutas\u00edtj\u00e1k, vagy \u00faj id\u0151pontot javasolnak az esem\u00e9nyre. A Csatolm\u00e1nyok f\u00fcl alatt megteheti, ha f\u00e1jlokat vagy dokumentumokat kell csatolnia a napt\u00e1rmegh\u00edv\u00f3hoz. Ez hasznos az esem\u00e9nyhez kapcsol\u00f3d\u00f3 fontos inform\u00e1ci\u00f3k vagy dokumentumok megoszt\u00e1s\u00e1hoz.<\/p>\n\n\n\n<h2 class=\"wp-block-heading\"><a><\/a><strong>Hogyan k\u00fcldhet tal\u00e1lkoz\u00f3megh\u00edv\u00f3t az Outlook webes verzi\u00f3j\u00e1ban?<\/strong><\/h2>\n\n\n\n<p>Az Outlook Web a n\u00e9pszer\u0171 e-mail \u00e9s napt\u00e1r alkalmaz\u00e1s webalap\u00fa v\u00e1ltozata, amely lehet\u0151v\u00e9 teszi, hogy b\u00e1rmilyen internetkapcsolattal rendelkez\u0151 eszk\u00f6zr\u0151l hozz\u00e1f\u00e9rjen e-mailjeihez \u00e9s napt\u00e1r\u00e1hoz. \u00c9rdemes azt is megjegyezni, hogy mivel az Outlook webes verzi\u00f3ja b\u00e1rmilyen b\u00f6ng\u00e9sz\u0151vel m\u0171k\u00f6dik, a fel\u00fclete ugyanaz lesz minden olyan oper\u00e1ci\u00f3s rendszeren, ahol az Outlook Webet futtatja. Napt\u00e1ri megh\u00edv\u00f3 k\u00fcld\u00e9s\u00e9hez az Outlook webes alkalmaz\u00e1sban a k\u00f6vetkez\u0151kre lesz sz\u00fcks\u00e9ge:<\/p>\n\n\n\n<ul class=\"wp-block-list\">\n<li>Nyissa meg az Outlook webet b\u00e1rmelyik b\u00f6ng\u00e9sz\u0151ben, \u00e9s navig\u00e1ljon az Outlook webablak bal sark\u00e1ban l\u00e9v\u0151 Napt\u00e1r ikonra.<\/li>\n\n\n\n<li>Ezut\u00e1n kattintson a k\u00e9perny\u0151 bal fels\u0151 sark\u00e1ban tal\u00e1lhat\u00f3 <strong>\u00daj esem\u00e9ny <\/strong>gombra.<\/li>\n<\/ul>\n\n\n\n<figure class=\"wp-block-image size-full\"><img loading=\"lazy\" decoding=\"async\" width=\"1024\" height=\"572\" src=\"https:\/\/global.tab-tv.com\/hu\/wp-content\/uploads\/sites\/3\/2023\/04\/How-to-send-a-calendar-invitation-in-the-Outlook-web-1.webp\" alt=\"\" class=\"wp-image-6387\" srcset=\"https:\/\/global.tab-tv.com\/hu\/wp-content\/uploads\/sites\/3\/2023\/04\/How-to-send-a-calendar-invitation-in-the-Outlook-web-1.webp 1024w, https:\/\/global.tab-tv.com\/hu\/wp-content\/uploads\/sites\/3\/2023\/04\/How-to-send-a-calendar-invitation-in-the-Outlook-web-1-300x168.webp 300w, https:\/\/global.tab-tv.com\/hu\/wp-content\/uploads\/sites\/3\/2023\/04\/How-to-send-a-calendar-invitation-in-the-Outlook-web-1-768x429.webp 768w\" sizes=\"auto, (max-width: 1024px) 100vw, 1024px\" \/><\/figure>\n\n\n\n<ul class=\"wp-block-list\">\n<li>A r\u00e9sztvev\u0151k megh\u00edv\u00e1s\u00e1hoz \u00edrja be az e-mail c\u00edm\u00fcket a &#8222;<strong>Megh\u00edvott r\u00e9sztvev\u0151k<\/strong>&#8221; mez\u0151be. Ki kell nyomtatnia a nev\u00fcket vagy az e-mail c\u00edm\u00fcket, \u00e9s a leg\u00f6rd\u00fcl\u0151 list\u00e1b\u00f3l ki kell v\u00e1lasztania a megfelel\u0151 szem\u00e9lyt.<\/li>\n\n\n\n<li>T\u00f6ltse ki az esem\u00e9ny adatait, p\u00e9ld\u00e1ul az <strong>esem\u00e9ny c\u00edm\u00e9t, helysz\u00edn\u00e9t, kezd\u00e9si \u00e9s befejez\u00e9si id\u0151pontj\u00e1t<\/strong>. Sz\u00fcks\u00e9g eset\u00e9n tov\u00e1bbi jegyzeteket vagy napirendi pontokat is hozz\u00e1adhat.<\/li>\n\n\n\n<li>Miut\u00e1n hozz\u00e1adta a napt\u00e1rmegh\u00edv\u00f3 \u00f6sszes sz\u00fcks\u00e9ges adat\u00e1t, a <strong>Ment\u00e9s gombra <\/strong>kattintva elk\u00fcldheti azt a r\u00e9sztvev\u0151knek. A r\u00e9sztvev\u0151k kapnak egy e-mailt az esem\u00e9ny \u00f6sszes r\u00e9szlet\u00e9vel, bele\u00e9rtve az esem\u00e9ny c\u00edm\u00e9t, d\u00e1tum\u00e1t, id\u0151pontj\u00e1t, helysz\u00edn\u00e9t \u00e9s minden tov\u00e1bbi megjegyz\u00e9st vagy mell\u00e9kletet.<\/li>\n<\/ul>\n\n\n\n<figure class=\"wp-block-image size-full\"><img loading=\"lazy\" decoding=\"async\" width=\"1024\" height=\"572\" src=\"https:\/\/global.tab-tv.com\/hu\/wp-content\/uploads\/sites\/3\/2023\/04\/How-to-send-a-calendar-invitation-in-the-Outlook-web-2.webp\" alt=\"\" class=\"wp-image-6386\" srcset=\"https:\/\/global.tab-tv.com\/hu\/wp-content\/uploads\/sites\/3\/2023\/04\/How-to-send-a-calendar-invitation-in-the-Outlook-web-2.webp 1024w, https:\/\/global.tab-tv.com\/hu\/wp-content\/uploads\/sites\/3\/2023\/04\/How-to-send-a-calendar-invitation-in-the-Outlook-web-2-300x168.webp 300w, https:\/\/global.tab-tv.com\/hu\/wp-content\/uploads\/sites\/3\/2023\/04\/How-to-send-a-calendar-invitation-in-the-Outlook-web-2-768x429.webp 768w\" sizes=\"auto, (max-width: 1024px) 100vw, 1024px\" \/><\/figure>\n\n\n\n<p>Az Outlook webes alkalmaz\u00e1sban napt\u00e1rmegh\u00edv\u00f3 k\u00fcld\u00e9se egyszer\u0171 \u00e9s hat\u00e9kony m\u00f3dja az \u00e9rtekezletek, tal\u00e1lkoz\u00f3k \u00e9s esem\u00e9nyek \u00fctemez\u00e9s\u00e9nek. Ak\u00e1r \u00faj felhaszn\u00e1l\u00f3, ak\u00e1r tapasztalt profi, az Outlook napt\u00e1rmegh\u00edv\u00f3 funkci\u00f3ja \u00e9rt\u00e9kes eszk\u00f6z az id\u0151beoszt\u00e1s kezel\u00e9s\u00e9hez \u00e9s a szakmai \u00e9s szem\u00e9lyes k\u00f6telezetts\u00e9gek betart\u00e1s\u00e1hoz.<\/p>\n\n\n\n<h2 class=\"wp-block-heading\"><a><\/a><strong>Megh\u00edv\u00f3 k\u00fcld\u00e9se egy gy\u0171l\u00e9sre az Outlook mobilalkalmaz\u00e1sban<\/strong><\/h2>\n\n\n\n<p>Ha \u00fatk\u00f6zben van, \u00e9s az Outlook mobilalkalmaz\u00e1s seg\u00edts\u00e9g\u00e9vel kell napt\u00e1rmegh\u00edv\u00f3t k\u00fcldenie, ez egy gyors \u00e9s egyszer\u0171 folyamat. Az al\u00e1bbiakban l\u00e9p\u00e9sr\u0151l l\u00e9p\u00e9sre ismertetj\u00fck, hogyan k\u00fcldhet napt\u00e1rmegh\u00edv\u00f3t az Outlook mobilalkalmaz\u00e1sban:<\/p>\n\n\n\n<ul class=\"wp-block-list\">\n<li>Nyissa meg az Outlook alkalmaz\u00e1st a mobileszk\u00f6z\u00e9n, \u00e9s koppintson a k\u00e9perny\u0151 alj\u00e1n l\u00e9v\u0151 <strong>Napt\u00e1r ikonra.<\/strong><\/li>\n\n\n\n<li>\u00c9rintse meg a k\u00e9perny\u0151 jobb als\u00f3 sark\u00e1ban l\u00e9v\u0151 plusz <strong>(+) <\/strong>ikont egy \u00faj esem\u00e9ny l\u00e9trehoz\u00e1s\u00e1hoz.<\/li>\n<\/ul>\n\n\n\n<figure class=\"wp-block-image size-large\"><img loading=\"lazy\" decoding=\"async\" width=\"1024\" height=\"994\" src=\"https:\/\/global.tab-tv.com\/hu\/wp-content\/uploads\/sites\/3\/2023\/04\/How-to-send-a-calendar-invitation-in-the-Outlook-mobile-app-1-1024x994.webp\" alt=\"\" class=\"wp-image-6385\" srcset=\"https:\/\/global.tab-tv.com\/hu\/wp-content\/uploads\/sites\/3\/2023\/04\/How-to-send-a-calendar-invitation-in-the-Outlook-mobile-app-1-1024x994.webp 1024w, https:\/\/global.tab-tv.com\/hu\/wp-content\/uploads\/sites\/3\/2023\/04\/How-to-send-a-calendar-invitation-in-the-Outlook-mobile-app-1-300x291.webp 300w, https:\/\/global.tab-tv.com\/hu\/wp-content\/uploads\/sites\/3\/2023\/04\/How-to-send-a-calendar-invitation-in-the-Outlook-mobile-app-1-768x746.webp 768w, https:\/\/global.tab-tv.com\/hu\/wp-content\/uploads\/sites\/3\/2023\/04\/How-to-send-a-calendar-invitation-in-the-Outlook-mobile-app-1.webp 1280w\" sizes=\"auto, (max-width: 1024px) 100vw, 1024px\" \/><\/figure>\n\n\n\n<ul class=\"wp-block-list\">\n<li><strong>Adja meg az esem\u00e9ny adatait<\/strong>, bele\u00e9rtve a c\u00edmet, a d\u00e1tumot, az id\u0151pontot, a helysz\u00ednt, valamint az esetleges megjegyz\u00e9seket vagy mell\u00e9kleteket.<\/li>\n\n\n\n<li>Ezut\u00e1n keresse meg \u00e9s koppintson a <strong>People gombra<\/strong>. Ez a r\u00e9sztvev\u0151k list\u00e1j\u00e1ra fog vezetni.<\/li>\n<\/ul>\n\n\n\n<figure class=\"wp-block-image size-large\"><img loading=\"lazy\" decoding=\"async\" width=\"1024\" height=\"994\" src=\"https:\/\/global.tab-tv.com\/hu\/wp-content\/uploads\/sites\/3\/2023\/04\/How-to-send-a-calendar-invitation-in-the-Outlook-mobile-app-2-1024x994.webp\" alt=\"\" class=\"wp-image-6384\" srcset=\"https:\/\/global.tab-tv.com\/hu\/wp-content\/uploads\/sites\/3\/2023\/04\/How-to-send-a-calendar-invitation-in-the-Outlook-mobile-app-2-1024x994.webp 1024w, https:\/\/global.tab-tv.com\/hu\/wp-content\/uploads\/sites\/3\/2023\/04\/How-to-send-a-calendar-invitation-in-the-Outlook-mobile-app-2-300x291.webp 300w, https:\/\/global.tab-tv.com\/hu\/wp-content\/uploads\/sites\/3\/2023\/04\/How-to-send-a-calendar-invitation-in-the-Outlook-mobile-app-2-768x746.webp 768w, https:\/\/global.tab-tv.com\/hu\/wp-content\/uploads\/sites\/3\/2023\/04\/How-to-send-a-calendar-invitation-in-the-Outlook-mobile-app-2.webp 1280w\" sizes=\"auto, (max-width: 1024px) 100vw, 1024px\" \/><\/figure>\n\n\n\n<ul class=\"wp-block-list\">\n<li><strong>\u00daj r\u00e9sztvev\u0151 felv\u00e9tel\u00e9hez <\/strong>\u00edrja be az e-mail c\u00edm\u00e9t, \u00e9s nyomja meg az Entert.<\/li>\n\n\n\n<li>Miut\u00e1n minden sz\u00fcks\u00e9ges adatot megadott, koppintson a k\u00e9perny\u0151 jobb fels\u0151 sark\u00e1ban tal\u00e1lhat\u00f3 <strong>Ment\u00e9s gombra (jel\u00f6l\u0151n\u00e9gyzet).<\/strong> A napt\u00e1rmegh\u00edv\u00f3 mostant\u00f3l minden r\u00e9sztvev\u0151nek elk\u00fcld\u00e9sre ker\u00fcl, \u00e9s az Outlook-napt\u00e1rban az esem\u00e9ny r\u00e9szleteinek ellen\u0151rz\u00e9s\u00e9vel nyomon k\u00f6vetheti a v\u00e1laszukat.<\/li>\n<\/ul>\n\n\n\n<figure class=\"wp-block-image size-large\"><img loading=\"lazy\" decoding=\"async\" width=\"1024\" height=\"994\" src=\"https:\/\/global.tab-tv.com\/hu\/wp-content\/uploads\/sites\/3\/2023\/04\/How-to-send-a-calendar-invitation-in-the-Outlook-mobile-app-3-1024x994.webp\" alt=\"\" class=\"wp-image-6382\" srcset=\"https:\/\/global.tab-tv.com\/hu\/wp-content\/uploads\/sites\/3\/2023\/04\/How-to-send-a-calendar-invitation-in-the-Outlook-mobile-app-3-1024x994.webp 1024w, https:\/\/global.tab-tv.com\/hu\/wp-content\/uploads\/sites\/3\/2023\/04\/How-to-send-a-calendar-invitation-in-the-Outlook-mobile-app-3-300x291.webp 300w, https:\/\/global.tab-tv.com\/hu\/wp-content\/uploads\/sites\/3\/2023\/04\/How-to-send-a-calendar-invitation-in-the-Outlook-mobile-app-3-768x746.webp 768w, https:\/\/global.tab-tv.com\/hu\/wp-content\/uploads\/sites\/3\/2023\/04\/How-to-send-a-calendar-invitation-in-the-Outlook-mobile-app-3.webp 1280w\" sizes=\"auto, (max-width: 1024px) 100vw, 1024px\" \/><\/figure>\n\n\n\n<p>Az Outlook mobilalkalmaz\u00e1ssal t\u00f6rt\u00e9n\u0151 napt\u00e1rmegh\u00edv\u00e1s k\u00fcld\u00e9se k\u00e9nyelmes m\u00f3dja annak, hogy menet k\u00f6zben is kezelhesse id\u0151beoszt\u00e1s\u00e1t. Vegye figyelembe, hogy az Android \u00e9s az iOS alkalmaz\u00e1sok kialak\u00edt\u00e1sa \u00e9s funkci\u00f3i megegyeznek. \u00cdgy ez az \u00fatmutat\u00f3 b\u00e1rmelyik mobil oper\u00e1ci\u00f3s rendszerhez alkalmas lesz.<\/p>\n\n\n\n<h2 class=\"wp-block-heading\"><a><\/a><strong>N\u00e9h\u00e1ny tov\u00e1bbi tipp a napt\u00e1rmegh\u00edv\u00f3k Outlookon kereszt\u00fcli l\u00e9trehoz\u00e1s\u00e1hoz<\/strong><\/h2>\n\n\n\n<p>A napt\u00e1rmegh\u00edv\u00f3k l\u00e9trehoz\u00e1sa az Outlook seg\u00edts\u00e9g\u00e9vel nagyszer\u0171 m\u00f3dja lehet az esem\u00e9nyek, tal\u00e1lkoz\u00f3k \u00e9s tal\u00e1lkoz\u00f3k egyszer\u0171 \u00fctemez\u00e9s\u00e9nek. \u00cdme n\u00e9h\u00e1ny tov\u00e1bbi tipp, amely seg\u00edt hat\u00e9kony \u00e9s professzion\u00e1lis megjelen\u00e9s\u0171 napt\u00e1rmegh\u00edv\u00f3k l\u00e9trehoz\u00e1s\u00e1ban az Outlook haszn\u00e1lat\u00e1val:<\/p>\n\n\n\n<ul class=\"wp-block-list\">\n<li><strong>Haszn\u00e1ljon le\u00edr\u00f3 \u00e9s egy\u00e9rtelm\u0171 esem\u00e9nyc\u00edmeket<\/strong>: Amikor napt\u00e1rmegh\u00edv\u00f3t k\u00e9sz\u00edt, haszn\u00e1ljon le\u00edr\u00f3 \u00e9s egy\u00e9rtelm\u0171 esem\u00e9nyc\u00edmet. Ez seg\u00edt a r\u00e9sztvev\u0151knek gyorsan meg\u00e9rteni az esem\u00e9nyt \u00e9s azt, hogy mire sz\u00e1m\u00edthatnak a r\u00e9szv\u00e9telt\u0151l.<\/li>\n\n\n\n<li><strong>Adja meg az esem\u00e9ny minden l\u00e9nyeges r\u00e9szlet\u00e9t<\/strong>: Felt\u00e9tlen\u00fcl t\u00fcntesse fel az esem\u00e9ny minden l\u00e9nyeges r\u00e9szlet\u00e9t, bele\u00e9rtve a d\u00e1tumot, az id\u0151pontot, a helysz\u00ednt \u00e9s minden tov\u00e1bbi megjegyz\u00e9st vagy mell\u00e9kletet. Ez seg\u00edt a r\u00e9sztvev\u0151knek felk\u00e9sz\u00fclni az esem\u00e9nyre, \u00e9s biztos\u00edtja, hogy minden sz\u00fcks\u00e9ges inform\u00e1ci\u00f3val rendelkezzenek.<\/li>\n\n\n\n<li><strong>Adja hozz\u00e1 a r\u00e9sztvev\u0151ket, \u00e9s tegye lehet\u0151v\u00e9 a v\u00e1laszad\u00e1st<\/strong>: A r\u00e9sztvev\u0151k hozz\u00e1ad\u00e1sa a napt\u00e1rmegh\u00edv\u00f3hoz elengedhetetlen ahhoz, hogy mindenki tudjon az esem\u00e9nyr\u0151l \u00e9s r\u00e9szt tudjon venni rajta. \u00dcgyeljen arra, hogy lehet\u0151v\u00e9 tegye a v\u00e1laszad\u00e1st, p\u00e9ld\u00e1ul az elfogad\u00e1s, elutas\u00edt\u00e1s vagy \u00faj id\u0151pontot javasoljon az esem\u00e9nyre.<\/li>\n\n\n\n<li><strong>Eml\u00e9keztet\u0151k k\u00fcld\u00e9se<\/strong>: Eml\u00e9keztet\u0151k k\u00fcld\u00e9se a r\u00e9sztvev\u0151knek nagyszer\u0171 m\u00f3dja annak, hogy mindenki tiszt\u00e1ban legyen az esem\u00e9nnyel, \u00e9s eml\u00e9keztessenek a r\u00e9szv\u00e9telre. \u00c1ll\u00edtson be eml\u00e9keztet\u0151ket saj\u00e1t mag\u00e1nak, hogy ne feledkezzen meg az esem\u00e9nyr\u0151l.<\/li>\n\n\n\n<li><strong>Testre szabhatja a megh\u00edv\u00f3t<\/strong>: Adjon hozz\u00e1 log\u00f3t, v\u00e1ltoztassa meg a h\u00e1tt\u00e9rsz\u00ednt, vagy adjon hozz\u00e1 egy\u00e9ni \u00fczenetet. Ez seg\u00edt abban, hogy a megh\u00edv\u00f3 kiemelkedjen \u00e9s professzion\u00e1lisabbnak t\u0171nj\u00f6n.<\/li>\n\n\n\n<li><strong>Ellen\u0151rizze az \u00fctk\u00f6z\u00e9seket<\/strong>: Miel\u0151tt elk\u00fcldi a megh\u00edv\u00f3t, ellen\u0151rizze, hogy nem \u00fctk\u00f6zik-e az id\u0151beoszt\u00e1s. Ez biztos\u00edtja, hogy az esem\u00e9ny ne \u00fctk\u00f6zz\u00f6n m\u00e1s tal\u00e1lkoz\u00f3kkal vagy esem\u00e9nyekkel.<\/li>\n\n\n\n<li><strong>Az esem\u00e9ny ut\u00e1ni nyomon k\u00f6vet\u00e9s<\/strong>: K\u00f6vesse nyomon a r\u00e9sztvev\u0151ket, hogy megk\u00f6sz\u00f6nje a r\u00e9szv\u00e9telt, \u00e9s k\u00e9rjen visszajelz\u00e9st. Ez seg\u00edteni fog abban, hogy a j\u00f6v\u0151ben jav\u00edthasson a rendezv\u00e9nyein.<\/li>\n<\/ul>\n\n\n\n<p>Ha k\u00f6veti ezeket a tippeket, hat\u00e9kony \u00e9s professzion\u00e1lis megjelen\u00e9s\u0171 napt\u00e1rmegh\u00edv\u00f3kat hozhat l\u00e9tre az Outlook haszn\u00e1lat\u00e1val. Az Outlook felhaszn\u00e1l\u00f3bar\u00e1t kezel\u0151fel\u00fclet\u00e9vel \u00e9s robusztus funkci\u00f3ival megk\u00f6nny\u00edti az esem\u00e9nyek, tal\u00e1lkoz\u00f3k \u00e9s tal\u00e1lkoz\u00f3k \u00fctemez\u00e9s\u00e9t \u00e9s kezel\u00e9s\u00e9t.<\/p>\n\n\n\n<p><\/p>\n","protected":false},"excerpt":{"rendered":"<p>\u00c9rtekezlet l\u00e9trehoz\u00e1sa az Outlookban T\u00f6rt\u00e9netesen az Outlook a v\u00e1llalatokn\u00e1l sz\u00e9les k\u00f6rben haszn\u00e1lt munkaalkalmaz\u00e1ss\u00e1 v\u00e1lt. N\u00e9zz\u00fcnk szembe a t\u00e9nyekkel, \u00e9s az Outlook a v\u00e1llalatok sz\u00e1m\u00e1ra k\u00e9sz\u00fclt alkalmaz\u00e1ss\u00e1 v\u00e1lt. Ezenk\u00edv\u00fcl az e-mail kliens lehet\u0151v\u00e9 teszi, hogy megh\u00edv\u00f3kat hozzon l\u00e9tre gy\u0171l\u00e9sekre vagy eml\u00e9keztet\u0151ket hozzon l\u00e9tre a munkav\u00e1llal\u00f3k sz\u00e1m\u00e1ra. Ha egy kis c\u00e9gn\u00e9l dolgozik, ahol mindenki helyben dolgozik, akkor [&hellip;]<\/p>\n","protected":false},"author":1,"featured_media":6390,"comment_status":"open","ping_status":"open","sticky":false,"template":"","format":"standard","meta":{"_monsterinsights_skip_tracking":false,"_monsterinsights_sitenote_active":false,"_monsterinsights_sitenote_note":"","_monsterinsights_sitenote_category":0,"footnotes":""},"categories":[1,2],"tags":[212],"class_list":{"0":"post-3124","1":"post","2":"type-post","3":"status-publish","4":"format-standard","5":"has-post-thumbnail","7":"category-analitika","8":"category-utmutatok","9":"tag-outlook"},"_links":{"self":[{"href":"https:\/\/global.tab-tv.com\/hu\/wp-json\/wp\/v2\/posts\/3124","targetHints":{"allow":["GET"]}}],"collection":[{"href":"https:\/\/global.tab-tv.com\/hu\/wp-json\/wp\/v2\/posts"}],"about":[{"href":"https:\/\/global.tab-tv.com\/hu\/wp-json\/wp\/v2\/types\/post"}],"author":[{"embeddable":true,"href":"https:\/\/global.tab-tv.com\/hu\/wp-json\/wp\/v2\/users\/1"}],"replies":[{"embeddable":true,"href":"https:\/\/global.tab-tv.com\/hu\/wp-json\/wp\/v2\/comments?post=3124"}],"version-history":[{"count":3,"href":"https:\/\/global.tab-tv.com\/hu\/wp-json\/wp\/v2\/posts\/3124\/revisions"}],"predecessor-version":[{"id":6391,"href":"https:\/\/global.tab-tv.com\/hu\/wp-json\/wp\/v2\/posts\/3124\/revisions\/6391"}],"wp:featuredmedia":[{"embeddable":true,"href":"https:\/\/global.tab-tv.com\/hu\/wp-json\/wp\/v2\/media\/6390"}],"wp:attachment":[{"href":"https:\/\/global.tab-tv.com\/hu\/wp-json\/wp\/v2\/media?parent=3124"}],"wp:term":[{"taxonomy":"category","embeddable":true,"href":"https:\/\/global.tab-tv.com\/hu\/wp-json\/wp\/v2\/categories?post=3124"},{"taxonomy":"post_tag","embeddable":true,"href":"https:\/\/global.tab-tv.com\/hu\/wp-json\/wp\/v2\/tags?post=3124"}],"curies":[{"name":"wp","href":"https:\/\/api.w.org\/{rel}","templated":true}]}}