{"id":4081,"date":"2023-01-02T20:25:02","date_gmt":"2023-01-02T20:25:02","guid":{"rendered":"https:\/\/global.tab-tv.com\/hu\/?p=4081"},"modified":"2023-01-02T20:25:04","modified_gmt":"2023-01-02T20:25:04","slug":"az-airpods-macbookhoz-valo-csatlakozasanak-javitasa","status":"publish","type":"post","link":"https:\/\/global.tab-tv.com\/hu\/az-airpods-macbookhoz-valo-csatlakozasanak-javitasa\/","title":{"rendered":"Az AirPods MacBookhoz val\u00f3 csatlakoz\u00e1s\u00e1nak jav\u00edt\u00e1sa"},"content":{"rendered":"\n<p>A vezet\u00e9k n\u00e9lk\u00fcli eszk\u00f6z\u00f6k ma m\u00e1r nagyon elterjedtek. Sokkal k\u00e9nyelmesebb, mint az \u00e1lland\u00f3 k\u00e1belkezel\u00e9s.<\/p>\n\n\n\n<p>Vezet\u00e9k n\u00e9lk\u00fcli fejhallgat\u00f3k, hangsz\u00f3r\u00f3k, gamepadek, billenty\u0171zetek, kamer\u00e1k \u00e9s m\u00e9g sok m\u00e1s. A vezet\u00e9k n\u00e9lk\u00fcli piac ma m\u00e1r b\u00e1rmilyen k\u00fcty\u00fct k\u00edn\u00e1l az \u00d6n ig\u00e9nyeinek megfelel\u0151en.<\/p>\n\n\n\n<h1 class=\"wp-block-heading\"><a><\/a><strong>Az AirPods jav\u00edt\u00e1sa, ha nem csatlakozik a MacBookhoz<\/strong><\/h1>\n\n\n\n<p>Ha vezet\u00e9k n\u00e9lk\u00fcli fejhallgat\u00f3kr\u00f3l van sz\u00f3, az Apple az egyik legn\u00e9pszer\u0171bb v\u00e1llalat az AirPods f\u00fclhallgat\u00f3val.<\/p>\n\n\n\n<p>Ezek nagyon intelligens \u00e9s technol\u00f3giailag fejlett eszk\u00f6z\u00f6k, amelyek j\u00f3 hangz\u00e1st, kiv\u00e1l\u00f3 \u00e9p\u00edt\u00e9si min\u0151s\u00e9get \u00e9s k\u00f6nny\u0171 haszn\u00e1latot biztos\u00edtanak.<\/p>\n\n\n\n<p>Az Apple \u00f6kosziszt\u00e9m\u00e1ja \u00fagy \u00e9p\u00fcl fel, hogy a k\u00fcl\u00f6nb\u00f6z\u0151 eszk\u00f6z\u00f6ket a lehet\u0151 legk\u00e9nyelmesebben \u00f6sszekapcsolhassa egym\u00e1ssal. Az AirPods-ot b\u00e1rmely m\u00e1s Apple-eszk\u00f6zh\u00f6z is csatlakoztathatod. P\u00e9ld\u00e1ul haszn\u00e1lhatod a f\u00fclhallgat\u00f3t a MacBookoddal.<\/p>\n\n\n\n<h2 class=\"wp-block-heading\"><a><\/a><strong>Az AirPods \u00e9s a MacBook p\u00e1ros\u00edt\u00e1sa<\/strong><\/h2>\n\n\n\n<p>El\u00e9g k\u00f6nny\u0171 megcsin\u00e1lni. Mivel az Apple \u00f6sszes eszk\u00f6ze k\u00f6z\u00f6s \u00f6kosziszt\u00e9m\u00e1val \u00e9s kompatibilit\u00e1ssal rendelkezik, csak annyit kell tenned, hogy kinyitod az AirPods tokot a MacBookod mellett, \u00e9s egy \u00fczenetet kell l\u00e1tnod rajta, hogy a fejhallgat\u00f3 csatlakoztatva van.<\/p>\n\n\n\n<p>Egyes esetekben azonban ez nem biztos, hogy \u00edgy lesz. Ilyenkor a f\u00fclhallgat\u00f3 k\u00e9zi csatlakoztat\u00e1s\u00e1hoz folyamodhat a laptophoz. Ehhez el\u0151sz\u00f6r is be kell kapcsolnia a Bluetooth funkci\u00f3t a MacBookon. Ehhez :<\/p>\n\n\n\n<ul class=\"wp-block-list\">\n<li><strong>Rendszerbe\u00e1ll\u00edt\u00e1sok <\/strong>megnyit\u00e1sa<\/li>\n<\/ul>\n\n\n\n<figure class=\"wp-block-image size-full\"><img loading=\"lazy\" decoding=\"async\" width=\"504\" height=\"512\" src=\"https:\/\/global.tab-tv.com\/hu\/wp-content\/uploads\/sites\/3\/2023\/01\/How-to-pair-AirPods-to-a-MacBook.webp\" alt=\"\" class=\"wp-image-4082\" srcset=\"https:\/\/global.tab-tv.com\/hu\/wp-content\/uploads\/sites\/3\/2023\/01\/How-to-pair-AirPods-to-a-MacBook.webp 504w, https:\/\/global.tab-tv.com\/hu\/wp-content\/uploads\/sites\/3\/2023\/01\/How-to-pair-AirPods-to-a-MacBook-295x300.webp 295w\" sizes=\"auto, (max-width: 504px) 100vw, 504px\" \/><\/figure>\n\n\n\n<ul class=\"wp-block-list\">\n<li>Kattintson a <strong>Bluetooth <\/strong>gombra<\/li>\n<\/ul>\n\n\n\n<figure class=\"wp-block-image size-full\"><img loading=\"lazy\" decoding=\"async\" width=\"1024\" height=\"607\" src=\"https:\/\/global.tab-tv.com\/hu\/wp-content\/uploads\/sites\/3\/2023\/01\/How-to-pair-AirPods-to-a-MacBook-1.webp\" alt=\"\" class=\"wp-image-4083\" srcset=\"https:\/\/global.tab-tv.com\/hu\/wp-content\/uploads\/sites\/3\/2023\/01\/How-to-pair-AirPods-to-a-MacBook-1.webp 1024w, https:\/\/global.tab-tv.com\/hu\/wp-content\/uploads\/sites\/3\/2023\/01\/How-to-pair-AirPods-to-a-MacBook-1-300x178.webp 300w, https:\/\/global.tab-tv.com\/hu\/wp-content\/uploads\/sites\/3\/2023\/01\/How-to-pair-AirPods-to-a-MacBook-1-768x455.webp 768w\" sizes=\"auto, (max-width: 1024px) 100vw, 1024px\" \/><\/figure>\n\n\n\n<ul class=\"wp-block-list\">\n<li>Kattintson a <strong>Bluetooth enged\u00e9lyez\u00e9se <\/strong>gombra<\/li>\n\n\n\n<li>A Bluetooth be lesz kapcsolva, \u00e9s a k\u00e9perny\u0151n villogni fog a &#8222;<strong>Bluetooth ON<\/strong>&#8221; felirat.<\/li>\n<\/ul>\n\n\n\n<p>Ezut\u00e1n meg kell gy\u0151z\u0151dnie arr\u00f3l, hogy az AirPods p\u00e1ros\u00edt\u00e1si m\u00f3dban van, \u00e9s csatlakoztathat\u00f3 a MacBookhoz. A p\u00e1ros\u00edt\u00e1si m\u00f3dba helyez\u00e9shez a k\u00f6vetkez\u0151kre van sz\u00fcks\u00e9g:<\/p>\n\n\n\n<ul class=\"wp-block-list\">\n<li>Helyezze az <strong>Airpods k\u00e9sz\u00fcl\u00e9ket a t\u00f6lt\u0151tokba<\/strong><\/li>\n\n\n\n<li><strong>Nyissa ki a <\/strong>tok <strong>fedel\u00e9t<\/strong><\/li>\n\n\n\n<li>Nyitott fed\u00e9l mellett <strong>nyomja meg \u00e9s tartsa lenyomva a <\/strong>tok h\u00e1tulj\u00e1n l\u00e9v\u0151 <strong>gombot.<\/strong><\/li>\n\n\n\n<li>Amikor <strong>az \u00e1llapotjelz\u0151 feh\u00e9ren villogni kezd, <\/strong>az AirPods Bluetooth p\u00e1ros\u00edt\u00e1si m\u00f3dban van.<\/li>\n<\/ul>\n\n\n\n<p>Ezut\u00e1n k\u00e9szen \u00e1ll arra, hogy manu\u00e1lisan csatlakoztassa az AirPods k\u00e9sz\u00fcl\u00e9ket a MacBookhoz. Ehhez a k\u00f6vetkez\u0151ket kell tennie :<\/p>\n\n\n\n<ul class=\"wp-block-list\">\n<li><strong>Nyissa ki <\/strong>az AirPods <strong>t\u00f6lt\u0151tokot<\/strong><\/li>\n\n\n\n<li>Ezut\u00e1n a MacBookon nyissa meg a <strong>Rendszerbe\u00e1ll\u00edt\u00e1sok<\/strong><\/li>\n<\/ul>\n\n\n\n<figure class=\"wp-block-image size-full\"><img loading=\"lazy\" decoding=\"async\" width=\"504\" height=\"512\" src=\"https:\/\/global.tab-tv.com\/hu\/wp-content\/uploads\/sites\/3\/2023\/01\/How-to-pair-AirPods-to-a-MacBook-2.webp\" alt=\"\" class=\"wp-image-4084\" srcset=\"https:\/\/global.tab-tv.com\/hu\/wp-content\/uploads\/sites\/3\/2023\/01\/How-to-pair-AirPods-to-a-MacBook-2.webp 504w, https:\/\/global.tab-tv.com\/hu\/wp-content\/uploads\/sites\/3\/2023\/01\/How-to-pair-AirPods-to-a-MacBook-2-295x300.webp 295w\" sizes=\"auto, (max-width: 504px) 100vw, 504px\" \/><\/figure>\n\n\n\n<ul class=\"wp-block-list\">\n<li>Kattintson a <strong>Bluetooth <\/strong>gombra<\/li>\n<\/ul>\n\n\n\n<figure class=\"wp-block-image size-full\"><img loading=\"lazy\" decoding=\"async\" width=\"1024\" height=\"607\" src=\"https:\/\/global.tab-tv.com\/hu\/wp-content\/uploads\/sites\/3\/2023\/01\/How-to-pair-AirPods-to-a-MacBook-3.webp\" alt=\"\" class=\"wp-image-4085\" srcset=\"https:\/\/global.tab-tv.com\/hu\/wp-content\/uploads\/sites\/3\/2023\/01\/How-to-pair-AirPods-to-a-MacBook-3.webp 1024w, https:\/\/global.tab-tv.com\/hu\/wp-content\/uploads\/sites\/3\/2023\/01\/How-to-pair-AirPods-to-a-MacBook-3-300x178.webp 300w, https:\/\/global.tab-tv.com\/hu\/wp-content\/uploads\/sites\/3\/2023\/01\/How-to-pair-AirPods-to-a-MacBook-3-768x455.webp 768w\" sizes=\"auto, (max-width: 1024px) 100vw, 1024px\" \/><\/figure>\n\n\n\n<ul class=\"wp-block-list\">\n<li><strong>Kattintson dupl\u00e1n az AirPods-ra a <\/strong>k\u00f6zeli eszk\u00f6z\u00f6k list\u00e1j\u00e1ban.<\/li>\n<\/ul>\n\n\n\n<figure class=\"wp-block-image size-full\"><img loading=\"lazy\" decoding=\"async\" width=\"870\" height=\"790\" src=\"https:\/\/global.tab-tv.com\/hu\/wp-content\/uploads\/sites\/3\/2023\/01\/How-to-pair-AirPods-to-a-MacBook-4.webp\" alt=\"\" class=\"wp-image-4086\" srcset=\"https:\/\/global.tab-tv.com\/hu\/wp-content\/uploads\/sites\/3\/2023\/01\/How-to-pair-AirPods-to-a-MacBook-4.webp 870w, https:\/\/global.tab-tv.com\/hu\/wp-content\/uploads\/sites\/3\/2023\/01\/How-to-pair-AirPods-to-a-MacBook-4-300x272.webp 300w, https:\/\/global.tab-tv.com\/hu\/wp-content\/uploads\/sites\/3\/2023\/01\/How-to-pair-AirPods-to-a-MacBook-4-768x697.webp 768w\" sizes=\"auto, (max-width: 870px) 100vw, 870px\" \/><\/figure>\n\n\n\n<p>Ezut\u00e1n csak annyit kell tennie, hogy megv\u00e1rja, am\u00edg csatlakoznak, majd kiv\u00e1lasztja az AirPods-t hangkimeneti eszk\u00f6zk\u00e9nt. Ha a laptopja m\u00e1s eszk\u00f6zzel volt \u00f6sszek\u00f6tve, akkor el\u0151fordulhat, hogy manu\u00e1lisan kell megv\u00e1ltoztatnia a hangkimeneti eszk\u00f6zt. Ezt a k\u00f6vetkez\u0151k\u00e9ppen teheti meg:<\/p>\n\n\n\n<ul class=\"wp-block-list\">\n<li><strong>Rendszerbe\u00e1ll\u00edt\u00e1sok <\/strong>megnyit\u00e1sa<\/li>\n<\/ul>\n\n\n\n<figure class=\"wp-block-image size-full\"><img loading=\"lazy\" decoding=\"async\" width=\"504\" height=\"512\" src=\"https:\/\/global.tab-tv.com\/hu\/wp-content\/uploads\/sites\/3\/2023\/01\/How-to-pair-AirPods-to-a-MacBook-5.webp\" alt=\"\" class=\"wp-image-4087\" srcset=\"https:\/\/global.tab-tv.com\/hu\/wp-content\/uploads\/sites\/3\/2023\/01\/How-to-pair-AirPods-to-a-MacBook-5.webp 504w, https:\/\/global.tab-tv.com\/hu\/wp-content\/uploads\/sites\/3\/2023\/01\/How-to-pair-AirPods-to-a-MacBook-5-295x300.webp 295w\" sizes=\"auto, (max-width: 504px) 100vw, 504px\" \/><\/figure>\n\n\n\n<ul class=\"wp-block-list\">\n<li><strong>Hang <\/strong>kiv\u00e1laszt\u00e1sa<\/li>\n<\/ul>\n\n\n\n<figure class=\"wp-block-image size-full\"><img loading=\"lazy\" decoding=\"async\" width=\"870\" height=\"790\" src=\"https:\/\/global.tab-tv.com\/hu\/wp-content\/uploads\/sites\/3\/2023\/01\/How-to-pair-AirPods-to-a-MacBook-6.webp\" alt=\"\" class=\"wp-image-4088\" srcset=\"https:\/\/global.tab-tv.com\/hu\/wp-content\/uploads\/sites\/3\/2023\/01\/How-to-pair-AirPods-to-a-MacBook-6.webp 870w, https:\/\/global.tab-tv.com\/hu\/wp-content\/uploads\/sites\/3\/2023\/01\/How-to-pair-AirPods-to-a-MacBook-6-300x272.webp 300w, https:\/\/global.tab-tv.com\/hu\/wp-content\/uploads\/sites\/3\/2023\/01\/How-to-pair-AirPods-to-a-MacBook-6-768x697.webp 768w\" sizes=\"auto, (max-width: 870px) 100vw, 870px\" \/><\/figure>\n\n\n\n<ul class=\"wp-block-list\">\n<li>Ezut\u00e1n v\u00e1lassza a <strong>Kimenet lapot<\/strong><\/li>\n<\/ul>\n\n\n\n<figure class=\"wp-block-image size-full\"><img loading=\"lazy\" decoding=\"async\" width=\"1024\" height=\"201\" src=\"https:\/\/global.tab-tv.com\/hu\/wp-content\/uploads\/sites\/3\/2023\/01\/How-to-pair-AirPods-to-a-MacBook-7-1.webp\" alt=\"\" class=\"wp-image-4091\" srcset=\"https:\/\/global.tab-tv.com\/hu\/wp-content\/uploads\/sites\/3\/2023\/01\/How-to-pair-AirPods-to-a-MacBook-7-1.webp 1024w, https:\/\/global.tab-tv.com\/hu\/wp-content\/uploads\/sites\/3\/2023\/01\/How-to-pair-AirPods-to-a-MacBook-7-1-300x59.webp 300w, https:\/\/global.tab-tv.com\/hu\/wp-content\/uploads\/sites\/3\/2023\/01\/How-to-pair-AirPods-to-a-MacBook-7-1-768x151.webp 768w\" sizes=\"auto, (max-width: 1024px) 100vw, 1024px\" \/><\/figure>\n\n\n\n<ul class=\"wp-block-list\">\n<li><strong>V\u00e1lassza ki <\/strong>kimeneti eszk\u00f6zk\u00e9nt <strong>az AirPods k\u00e9sz\u00fcl\u00e9ket.<\/strong><\/li>\n<\/ul>\n\n\n\n<h2 class=\"wp-block-heading\"><a><\/a><strong>Mi a teend\u0151, ha az AirPods nem csatlakozik a MacBookhoz<\/strong><\/h2>\n\n\n\n<p>Ha a f\u00fclhallgat\u00f3 semmilyen m\u00f3don nem csatlakozik a laptophoz, t\u00f6bbf\u00e9lek\u00e9ppen is megoldhat\u00f3 a probl\u00e9ma. Nem garant\u00e1lhat\u00f3, hogy melyik m\u00f3dszer seg\u00edt az \u00d6n helyzet\u00e9n. \u00c9ppen ez\u00e9rt \u00e9rdemes egyenk\u00e9nt kipr\u00f3b\u00e1lni az \u00f6sszes rendelkez\u00e9sre \u00e1ll\u00f3 lehet\u0151s\u00e9get.<\/p>\n\n\n\n<p>Van n\u00e9h\u00e1ny a legn\u00e9pszer\u0171bb megold\u00e1sok k\u00f6z\u00fcl, ha az AirPods nem csatlakozik a MacBookhoz:<\/p>\n\n\n\n<h3 class=\"wp-block-heading\"><a><\/a><strong>Ellen\u0151rizze, hogy a MacBookja naprak\u00e9sz-e.<\/strong><\/h3>\n\n\n\n<p>Az Airpods csak olyan sz\u00e1m\u00edt\u00f3g\u00e9pekkel m\u0171k\u00f6dik, amelyeken a macOS Sierra leg\u00fajabb verzi\u00f3ja van. Ha a k\u00e9sz\u00fcl\u00e9ked egy ideje nem friss\u00fclt, ez probl\u00e9m\u00e1t jelenthet.<\/p>\n\n\n\n<ul class=\"wp-block-list\">\n<li>A szoftver ellen\u0151rz\u00e9s\u00e9hez \u00e9s friss\u00edt\u00e9s\u00e9hez kattintson a k\u00e9perny\u0151 bal fels\u0151 sark\u00e1ban l\u00e9v\u0151 Apple-log\u00f3ra, majd v\u00e1lassza a &#8222;<strong>About This Mac<\/strong>&#8221; lehet\u0151s\u00e9get.<\/li>\n<\/ul>\n\n\n\n<figure class=\"wp-block-image size-full\"><img loading=\"lazy\" decoding=\"async\" width=\"502\" height=\"506\" src=\"https:\/\/global.tab-tv.com\/hu\/wp-content\/uploads\/sites\/3\/2023\/01\/What-to-do-if-AirPods-wont-connect-to-your-MacBook.webp\" alt=\"\" class=\"wp-image-4090\" srcset=\"https:\/\/global.tab-tv.com\/hu\/wp-content\/uploads\/sites\/3\/2023\/01\/What-to-do-if-AirPods-wont-connect-to-your-MacBook.webp 502w, https:\/\/global.tab-tv.com\/hu\/wp-content\/uploads\/sites\/3\/2023\/01\/What-to-do-if-AirPods-wont-connect-to-your-MacBook-298x300.webp 298w, https:\/\/global.tab-tv.com\/hu\/wp-content\/uploads\/sites\/3\/2023\/01\/What-to-do-if-AirPods-wont-connect-to-your-MacBook-150x150.webp 150w\" sizes=\"auto, (max-width: 502px) 100vw, 502px\" \/><\/figure>\n\n\n\n<ul class=\"wp-block-list\">\n<li><strong>Egy felugr\u00f3 ablak t\u00e1j\u00e9koztatja <\/strong>\u00d6nt a Mac OS aktu\u00e1lis verzi\u00f3j\u00e1r\u00f3l.<\/li>\n\n\n\n<li>Ha \u00fagy l\u00e1tja, hogy friss\u00edt\u00e9sre van sz\u00fcks\u00e9ge, haszn\u00e1lja a <strong>Szoftverfriss\u00edt\u00e9s gombot<\/strong>. \u00cdgy gyorsan friss\u00edtheti sz\u00e1m\u00edt\u00f3g\u00e9p\u00e9t.<\/li>\n<\/ul>\n\n\n\n<h3 class=\"wp-block-heading\"><a><\/a><strong>Ind\u00edtsa \u00fajra a MacBookot<\/strong><\/h3>\n\n\n\n<p>Sok probl\u00e9m\u00e1t okozhatnak az alkalmaz\u00e1sokban l\u00e9v\u0151 konfliktusok is. Egy egyszer\u0171 \u00fajraind\u00edt\u00e1s gyakran elegend\u0151 a jav\u00edt\u00e1shoz. Ez az \u00f6sszes programot \u00e9s alkalmaz\u00e1st \u00fajraind\u00edtja, \u00e9s megsz\u00fcnteti a konfliktust. Ehhez a k\u00f6vetkez\u0151kre van sz\u00fcks\u00e9g:<\/p>\n\n\n\n<ul class=\"wp-block-list\">\n<li><strong>Kattintson a <\/strong>k\u00e9perny\u0151 bal fels\u0151 sark\u00e1ban l\u00e9v\u0151 <strong>Apple ikonra.<\/strong><\/li>\n\n\n\n<li>Ezut\u00e1n v\u00e1lassza a leg\u00f6rd\u00fcl\u0151 men\u00fcben az <strong>\u00dajraind\u00edt\u00e1s lehet\u0151s\u00e9get<\/strong><\/li>\n<\/ul>\n\n\n\n<figure class=\"wp-block-image size-full\"><img loading=\"lazy\" decoding=\"async\" width=\"502\" height=\"506\" src=\"https:\/\/global.tab-tv.com\/hu\/wp-content\/uploads\/sites\/3\/2023\/01\/What-to-do-if-AirPods-wont-connect-to-your-MacBook-1.webp\" alt=\"\" class=\"wp-image-4092\" srcset=\"https:\/\/global.tab-tv.com\/hu\/wp-content\/uploads\/sites\/3\/2023\/01\/What-to-do-if-AirPods-wont-connect-to-your-MacBook-1.webp 502w, https:\/\/global.tab-tv.com\/hu\/wp-content\/uploads\/sites\/3\/2023\/01\/What-to-do-if-AirPods-wont-connect-to-your-MacBook-1-298x300.webp 298w, https:\/\/global.tab-tv.com\/hu\/wp-content\/uploads\/sites\/3\/2023\/01\/What-to-do-if-AirPods-wont-connect-to-your-MacBook-1-150x150.webp 150w\" sizes=\"auto, (max-width: 502px) 100vw, 502px\" \/><\/figure>\n\n\n\n<ul class=\"wp-block-list\">\n<li>A k\u00e9perny\u0151 k\u00f6zep\u00e9n egy meger\u0151s\u00edt\u0151 \u00fczenet jelenik meg. V\u00e1lassza az \u00dajraind\u00edt\u00e1s gombot<\/li>\n\n\n\n<li>A <strong>laptop mag\u00e1t\u00f3l \u00fajraindul<\/strong>, ez n\u00e9h\u00e1ny percig is eltarthat.<\/li>\n<\/ul>\n\n\n\n<h3 class=\"wp-block-heading\"><a><\/a><strong>Pr\u00f3b\u00e1lja meg elfelejteni az AirPods eszk\u00f6zt a MacBookon<\/strong><\/h3>\n\n\n\n<p>A probl\u00e9ma a sz\u00e1m\u00edt\u00f3g\u00e9p \u00e9s a fejhallgat\u00f3 p\u00e1ros\u00edt\u00e1sakor l\u00e9phetett fel. Ebben az esetben seg\u00edthet, ha elt\u00e1vol\u00edtja a fejhallgat\u00f3t a csatlakoztatott eszk\u00f6z\u00f6k list\u00e1j\u00e1r\u00f3l, \u00e9s a fenti utas\u00edt\u00e1sok alapj\u00e1n manu\u00e1lisan \u00fajra csatlakoztatja. Ehhez a k\u00f6vetkez\u0151kre lesz sz\u00fcks\u00e9ge:<\/p>\n\n\n\n<ul class=\"wp-block-list\">\n<li><strong>Rendszerbe\u00e1ll\u00edt\u00e1sok <\/strong>megnyit\u00e1sa<\/li>\n<\/ul>\n\n\n\n<figure class=\"wp-block-image size-full\"><img loading=\"lazy\" decoding=\"async\" width=\"504\" height=\"512\" src=\"https:\/\/global.tab-tv.com\/hu\/wp-content\/uploads\/sites\/3\/2023\/01\/What-to-do-if-AirPods-wont-connect-to-your-MacBook-2.webp\" alt=\"\" class=\"wp-image-4093\" srcset=\"https:\/\/global.tab-tv.com\/hu\/wp-content\/uploads\/sites\/3\/2023\/01\/What-to-do-if-AirPods-wont-connect-to-your-MacBook-2.webp 504w, https:\/\/global.tab-tv.com\/hu\/wp-content\/uploads\/sites\/3\/2023\/01\/What-to-do-if-AirPods-wont-connect-to-your-MacBook-2-295x300.webp 295w\" sizes=\"auto, (max-width: 504px) 100vw, 504px\" \/><\/figure>\n\n\n\n<ul class=\"wp-block-list\">\n<li>Koppintson a <strong>Bluetooth-ra<\/strong><\/li>\n<\/ul>\n\n\n\n<figure class=\"wp-block-image size-full\"><img loading=\"lazy\" decoding=\"async\" width=\"1024\" height=\"607\" src=\"https:\/\/global.tab-tv.com\/hu\/wp-content\/uploads\/sites\/3\/2023\/01\/What-to-do-if-AirPods-wont-connect-to-your-MacBook-3.webp\" alt=\"\" class=\"wp-image-4094\" srcset=\"https:\/\/global.tab-tv.com\/hu\/wp-content\/uploads\/sites\/3\/2023\/01\/What-to-do-if-AirPods-wont-connect-to-your-MacBook-3.webp 1024w, https:\/\/global.tab-tv.com\/hu\/wp-content\/uploads\/sites\/3\/2023\/01\/What-to-do-if-AirPods-wont-connect-to-your-MacBook-3-300x178.webp 300w, https:\/\/global.tab-tv.com\/hu\/wp-content\/uploads\/sites\/3\/2023\/01\/What-to-do-if-AirPods-wont-connect-to-your-MacBook-3-768x455.webp 768w\" sizes=\"auto, (max-width: 1024px) 100vw, 1024px\" \/><\/figure>\n\n\n\n<ul class=\"wp-block-list\">\n<li><strong>Keresse meg az AirPods-okat a <\/strong>list\u00e1ban, \u00e9s koppintson r\u00e1juk egyszer.<\/li>\n\n\n\n<li>Ezut\u00e1n kattintson a kerek &#8222;<strong>X&#8221; <\/strong>gombra<\/li>\n<\/ul>\n\n\n\n<figure class=\"wp-block-image size-full\"><img loading=\"lazy\" decoding=\"async\" width=\"212\" height=\"126\" src=\"https:\/\/global.tab-tv.com\/hu\/wp-content\/uploads\/sites\/3\/2023\/01\/What-to-do-if-AirPods-wont-connect-to-your-MacBook-4.webp\" alt=\"\" class=\"wp-image-4095\"\/><\/figure>\n\n\n\n<ul class=\"wp-block-list\">\n<li>Er\u0151s\u00edtse meg a m\u0171veletet az <strong>Elt\u00e1vol\u00edt\u00e1s <\/strong>gombra koppint\u00e1ssal<\/li>\n<\/ul>\n\n\n\n<figure class=\"wp-block-image size-full\"><img loading=\"lazy\" decoding=\"async\" width=\"522\" height=\"218\" src=\"https:\/\/global.tab-tv.com\/hu\/wp-content\/uploads\/sites\/3\/2023\/01\/What-to-do-if-AirPods-wont-connect-to-your-MacBook-5.webp\" alt=\"\" class=\"wp-image-4096\" srcset=\"https:\/\/global.tab-tv.com\/hu\/wp-content\/uploads\/sites\/3\/2023\/01\/What-to-do-if-AirPods-wont-connect-to-your-MacBook-5.webp 522w, https:\/\/global.tab-tv.com\/hu\/wp-content\/uploads\/sites\/3\/2023\/01\/What-to-do-if-AirPods-wont-connect-to-your-MacBook-5-300x125.webp 300w\" sizes=\"auto, (max-width: 522px) 100vw, 522px\" \/><\/figure>\n\n\n\n<ul class=\"wp-block-list\">\n<li><strong>V\u00e1rjon n\u00e9h\u00e1ny percet<\/strong>, \u00e9s pr\u00f3b\u00e1lja meg \u00fajra csatlakoztatni a fejhallgat\u00f3t a MacBookhoz.<\/li>\n<\/ul>\n\n\n\n<h3 class=\"wp-block-heading\"><a><\/a><strong>Pr\u00f3b\u00e1lja meg ellen\u0151rizni, hogy az AirPods fel van-e t\u00f6ltve<\/strong><\/h3>\n\n\n\n<p>A probl\u00e9ma oka lehet a t\u00f6lt\u00e9s el\u00e9gtelens\u00e9ge. Pr\u00f3b\u00e1lja meg a fejhallgat\u00f3t a t\u00f6lt\u0151tokba tenni, \u00e9s vezet\u00e9kkel csatlakoztatni a t\u00f6lt\u0151h\u00f6z. V\u00e1rjon egy kicsit, majd pr\u00f3b\u00e1lja meg \u00fajra csatlakoztatni a fejhallgat\u00f3t. N\u00e9ha ez a m\u00f3dszer m\u0171k\u00f6dik.<\/p>\n\n\n\n<h3 class=\"wp-block-heading\"><a><\/a><strong>Pr\u00f3b\u00e1lja meg vissza\u00e1ll\u00edtani az AirPods-t<\/strong><\/h3>\n\n\n\n<p>Ez kijav\u00edthat n\u00e9h\u00e1ny kisebb probl\u00e9m\u00e1t \u00e9s szoftverhib\u00e1t. P\u00e9ld\u00e1ul csatlakoz\u00e1si probl\u00e9m\u00e1k vagy az akkumul\u00e1tor gyors lemer\u00fcl\u00e9s\u00e9vel kapcsolatos probl\u00e9ma.<\/p>\n\n\n\n<p>Ehhez a k\u00f6vetkez\u0151kre lesz sz\u00fcks\u00e9ged:<\/p>\n\n\n\n<ul class=\"wp-block-list\">\n<li><strong>Nyomja meg \u00e9s tartsa lenyomva <\/strong>a t\u00f6lt\u0151t\u00e1ska h\u00e1tulj\u00e1n l\u00e9v\u0151 be\u00e1ll\u00edt\u00e1si gombot.<\/li>\n\n\n\n<li>Engedje el a be\u00e1ll\u00edt\u00e1si gombot, amikor <strong>az \u00e1llapotjelz\u0151 l\u00e1mpa t\u00f6bbsz\u00f6r s\u00e1rg\u00e1n villog<\/strong>, majd feh\u00e9ren villog.<\/li>\n\n\n\n<li>Az <strong>AirPods alaphelyzetbe ker\u00fclt<\/strong><\/li>\n\n\n\n<li><strong>Csatlakoztassa <\/strong>az AirPods-ot a k\u00e9sz\u00fcl\u00e9khez, <strong>ahogyan azt az els\u0151 be\u00e1ll\u00edt\u00e1skor tette.<\/strong><\/li>\n<\/ul>\n\n\n\n<p>Ha k\u00f6veti ezeket az egyszer\u0171 tippeket, nagy val\u00f3sz\u00edn\u0171s\u00e9ggel meg tudja majd oldani a k\u00e9sz\u00fcl\u00e9k \u00e9s a MacBook csatlakoztat\u00e1s\u00e1nak probl\u00e9m\u00e1j\u00e1t.<\/p>\n\n\n\n<h2 class=\"wp-block-heading\"><a><\/a><strong>Hogyan ellen\u0151rizheti az AirPods firmware-verzi\u00f3j\u00e1t?<\/strong><\/h2>\n\n\n\n<p>Ha \u00fagy d\u00f6nt, hogy ellen\u0151riznie kell az iPod-ok firmware-verzi\u00f3j\u00e1t, ez tulajdonk\u00e9ppen nagyon k\u00f6nnyen elv\u00e9gezhet\u0151. Sz\u00f3 szerint n\u00e9h\u00e1ny m\u00e1sodpercet vesz ig\u00e9nybe:<\/p>\n\n\n\n<ul class=\"wp-block-list\">\n<li>Nyissa meg a <strong>Vez\u00e9rl\u0151 men\u00fct <\/strong>az iPhone k\u00e9sz\u00fcl\u00e9k\u00e9n. Ehhez a k\u00f6vetkez\u0151kre van sz\u00fcks\u00e9g:<ul><li><strong>Ha iPhone 10 vagy \u00fajabb iPhone k\u00e9sz\u00fcl\u00e9kkel <\/strong>rendelkezik, h\u00fazza lefel\u00e9 a jobb fels\u0151 sarokban.<\/li><\/ul>\n<ul class=\"wp-block-list\">\n<li><strong>Ha iPhone 8 vagy alacsonyabb iPhone k\u00e9sz\u00fcl\u00e9kkel <\/strong>rendelkezik, h\u00fazza alulr\u00f3l felfel\u00e9.<\/li>\n<\/ul>\n<\/li>\n\n\n\n<li>Ezut\u00e1n koppintson a <strong>Bluetooth gombra a <\/strong>Bluetooth bekapcsol\u00e1s\u00e1hoz a k\u00e9sz\u00fcl\u00e9ken.<\/li>\n<\/ul>\n\n\n\n<figure class=\"wp-block-image size-full\"><img loading=\"lazy\" decoding=\"async\" width=\"235\" height=\"511\" src=\"https:\/\/global.tab-tv.com\/hu\/wp-content\/uploads\/sites\/3\/2023\/01\/How-to-check-the-firmware-version-on-your-AirPods.webp\" alt=\"\" class=\"wp-image-4097\" srcset=\"https:\/\/global.tab-tv.com\/hu\/wp-content\/uploads\/sites\/3\/2023\/01\/How-to-check-the-firmware-version-on-your-AirPods.webp 235w, https:\/\/global.tab-tv.com\/hu\/wp-content\/uploads\/sites\/3\/2023\/01\/How-to-check-the-firmware-version-on-your-AirPods-138x300.webp 138w\" sizes=\"auto, (max-width: 235px) 100vw, 235px\" \/><\/figure>\n\n\n\n<ul class=\"wp-block-list\">\n<li>Ezut\u00e1n vigye a tokban l\u00e9v\u0151 AirPods-t az okostelefonj\u00e1hoz, \u00e9s <strong>nyissa ki a tokot, \u00e9s <\/strong>\u00e9rtes\u00edt\u00e9st kap arr\u00f3l, hogy a f\u00fclhallgat\u00f3 csatlakozik az okostelefonj\u00e1hoz.<\/li>\n\n\n\n<li>Ezut\u00e1n a <strong>Be\u00e1ll\u00edt\u00e1sok <\/strong>men\u00fcpontba kell l\u00e9pnie.<\/li>\n\n\n\n<li>Itt v\u00e1lassza ki a <strong>Bluetooth-t<\/strong>.<\/li>\n<\/ul>\n\n\n\n<figure class=\"wp-block-image size-full\"><img loading=\"lazy\" decoding=\"async\" width=\"235\" height=\"512\" src=\"https:\/\/global.tab-tv.com\/hu\/wp-content\/uploads\/sites\/3\/2023\/01\/How-to-check-the-firmware-version-on-your-AirPods-1.webp\" alt=\"\" class=\"wp-image-4098\" srcset=\"https:\/\/global.tab-tv.com\/hu\/wp-content\/uploads\/sites\/3\/2023\/01\/How-to-check-the-firmware-version-on-your-AirPods-1.webp 235w, https:\/\/global.tab-tv.com\/hu\/wp-content\/uploads\/sites\/3\/2023\/01\/How-to-check-the-firmware-version-on-your-AirPods-1-138x300.webp 138w\" sizes=\"auto, (max-width: 235px) 100vw, 235px\" \/><\/figure>\n\n\n\n<ul class=\"wp-block-list\">\n<li>Ezut\u00e1n meg kell keresnie az AirPods k\u00e9sz\u00fcl\u00e9k\u00e9t az eszk\u00f6z\u00f6k list\u00e1j\u00e1ban, \u00e9s meg kell nyomnia az &#8222;<strong>I<\/strong>&#8221; gombot a jobb sarokban.<\/li>\n<\/ul>\n\n\n\n<figure class=\"wp-block-image size-full\"><img loading=\"lazy\" decoding=\"async\" width=\"235\" height=\"512\" src=\"https:\/\/global.tab-tv.com\/hu\/wp-content\/uploads\/sites\/3\/2023\/01\/How-to-check-the-firmware-version-on-your-AirPods-2.webp\" alt=\"\" class=\"wp-image-4099\" srcset=\"https:\/\/global.tab-tv.com\/hu\/wp-content\/uploads\/sites\/3\/2023\/01\/How-to-check-the-firmware-version-on-your-AirPods-2.webp 235w, https:\/\/global.tab-tv.com\/hu\/wp-content\/uploads\/sites\/3\/2023\/01\/How-to-check-the-firmware-version-on-your-AirPods-2-138x300.webp 138w\" sizes=\"auto, (max-width: 235px) 100vw, 235px\" \/><\/figure>\n\n\n\n<ul class=\"wp-block-list\">\n<li>Ez megnyitja a f\u00fclhallgat\u00f3ra vonatkoz\u00f3 inform\u00e1ci\u00f3kat, \u00e9s itt a V\u00e1ltozat sorban megtal\u00e1lja a firmware sz\u00e1m\u00e1t.<\/li>\n<\/ul>\n\n\n\n<figure class=\"wp-block-image size-full\"><img loading=\"lazy\" decoding=\"async\" width=\"235\" height=\"512\" src=\"https:\/\/global.tab-tv.com\/hu\/wp-content\/uploads\/sites\/3\/2023\/01\/How-to-check-the-firmware-version-on-your-AirPods-3.webp\" alt=\"\" class=\"wp-image-4100\" srcset=\"https:\/\/global.tab-tv.com\/hu\/wp-content\/uploads\/sites\/3\/2023\/01\/How-to-check-the-firmware-version-on-your-AirPods-3.webp 235w, https:\/\/global.tab-tv.com\/hu\/wp-content\/uploads\/sites\/3\/2023\/01\/How-to-check-the-firmware-version-on-your-AirPods-3-138x300.webp 138w\" sizes=\"auto, (max-width: 235px) 100vw, 235px\" \/><\/figure>\n\n\n\n<p>Ezekkel az egyszer\u0171 l\u00e9p\u00e9sekkel gyorsan ellen\u0151rizheti a f\u00fclhallgat\u00f3 aktu\u00e1lis firmware-verzi\u00f3j\u00e1t. Az interneten ellen\u0151rizheti az AirPods firmware aktu\u00e1lis verzi\u00f3j\u00e1t, \u00e9s \u00f6sszehasonl\u00edthatja az iPhone-j\u00e1n l\u00e1that\u00f3 verzi\u00f3val. Ehhez mind\u00f6ssze n\u00e9h\u00e1ny m\u00e1sodpercre lesz sz\u00fcks\u00e9ge.<\/p>\n\n\n\n<h2 class=\"wp-block-heading\"><a><\/a><strong>Az AirPods firmware friss\u00edt\u00e9se<\/strong><\/h2>\n\n\n\n<p>Ha miut\u00e1n ellen\u0151rizte, hogy az AirPods firmware-je naprak\u00e9sz-e, \u00fagy tal\u00e1lja, hogy a szoftver elavult, akkor azon t\u0171n\u0151dhet, hogyan friss\u00edtheti a k\u00e9sz\u00fcl\u00e9k firmware-j\u00e9t.<\/p>\n\n\n\n<p>S\u0151t, ez olyan egyszer\u0171, hogy m\u00e9g csak nem is kell semmit sem tennie. Mivel az AirPods firmware automatikusan friss\u00fcl, miut\u00e1n csatlakoztatod az Apple-eszk\u00f6z\u00f6dh\u00f6z, \u00e9s enged\u00e9lyezed az internet-hozz\u00e1f\u00e9r\u00e9st.<\/p>\n\n\n\n<p>A k\u00e9sz\u00fcl\u00e9k pontos friss\u00edt\u00e9s\u00e9hez a k\u00f6vetkez\u0151kre van sz\u00fcks\u00e9g:<\/p>\n\n\n\n<ul class=\"wp-block-list\">\n<li><strong>T\u00f6ltse fel az <\/strong>AirPods <strong>tokj\u00e1t<\/strong>, \u00e9s helyezze bele a f\u00fclhallgat\u00f3t.<\/li>\n\n\n\n<li>Ezut\u00e1n <strong>nyissa ki a tokot, <\/strong>\u00e9s gy\u0151z\u0151dj\u00f6n meg r\u00f3la, hogy csatlakoztatva van az iPhone k\u00e9sz\u00fcl\u00e9khez.<\/li>\n\n\n\n<li>Ezut\u00e1n <strong>helyezze az iPhone-t t\u00f6lt\u0151re<\/strong>, \u00e9s kapcsolja <strong>be <\/strong>az <strong>LTE <\/strong>vagy <strong>Wi-Fi <\/strong>adatkapcsolatot.<\/li>\n\n\n\n<li><strong>Ellen\u0151rizze azt <\/strong>is, hogy az <strong>Apple-eszk\u00f6z firmware-je naprak\u00e9sz-e<\/strong>.<\/li>\n<\/ul>\n\n\n\n<p>Ezut\u00e1n egy id\u0151re mag\u00e1ra hagyhatja a k\u00e9sz\u00fcl\u00e9keket. A friss\u00edt\u00e9s \u00e1ltal\u00e1ban sz\u00f3 szerint 20-30 percet vesz ig\u00e9nybe.<\/p>\n\n\n\n<p>Ezek az egyszer\u0171 tippek seg\u00edtenek abban, hogy ellen\u0151rizze a firmware-t, \u00e9s mindig id\u0151ben friss\u00edtse k\u00e9sz\u00fcl\u00e9keit, hogy hozz\u00e1f\u00e9rjen az \u00f6sszes \u00faj funkci\u00f3hoz.<\/p>\n","protected":false},"excerpt":{"rendered":"<p>A vezet\u00e9k n\u00e9lk\u00fcli eszk\u00f6z\u00f6k ma m\u00e1r nagyon elterjedtek. Sokkal k\u00e9nyelmesebb, mint az \u00e1lland\u00f3 k\u00e1belkezel\u00e9s. Vezet\u00e9k n\u00e9lk\u00fcli fejhallgat\u00f3k, hangsz\u00f3r\u00f3k, gamepadek, billenty\u0171zetek, kamer\u00e1k \u00e9s m\u00e9g sok m\u00e1s. A vezet\u00e9k n\u00e9lk\u00fcli piac ma m\u00e1r b\u00e1rmilyen k\u00fcty\u00fct k\u00edn\u00e1l az \u00d6n ig\u00e9nyeinek megfelel\u0151en. Az AirPods jav\u00edt\u00e1sa, ha nem csatlakozik a MacBookhoz Ha vezet\u00e9k n\u00e9lk\u00fcli fejhallgat\u00f3kr\u00f3l van sz\u00f3, az Apple az [&hellip;]<\/p>\n","protected":false},"author":1,"featured_media":4101,"comment_status":"open","ping_status":"open","sticky":false,"template":"","format":"standard","meta":{"_monsterinsights_skip_tracking":false,"_monsterinsights_sitenote_active":false,"_monsterinsights_sitenote_note":"","_monsterinsights_sitenote_category":0,"footnotes":""},"categories":[2],"tags":[90],"class_list":{"0":"post-4081","1":"post","2":"type-post","3":"status-publish","4":"format-standard","5":"has-post-thumbnail","7":"category-utmutatok","8":"tag-airpods"},"_links":{"self":[{"href":"https:\/\/global.tab-tv.com\/hu\/wp-json\/wp\/v2\/posts\/4081","targetHints":{"allow":["GET"]}}],"collection":[{"href":"https:\/\/global.tab-tv.com\/hu\/wp-json\/wp\/v2\/posts"}],"about":[{"href":"https:\/\/global.tab-tv.com\/hu\/wp-json\/wp\/v2\/types\/post"}],"author":[{"embeddable":true,"href":"https:\/\/global.tab-tv.com\/hu\/wp-json\/wp\/v2\/users\/1"}],"replies":[{"embeddable":true,"href":"https:\/\/global.tab-tv.com\/hu\/wp-json\/wp\/v2\/comments?post=4081"}],"version-history":[{"count":1,"href":"https:\/\/global.tab-tv.com\/hu\/wp-json\/wp\/v2\/posts\/4081\/revisions"}],"predecessor-version":[{"id":4102,"href":"https:\/\/global.tab-tv.com\/hu\/wp-json\/wp\/v2\/posts\/4081\/revisions\/4102"}],"wp:featuredmedia":[{"embeddable":true,"href":"https:\/\/global.tab-tv.com\/hu\/wp-json\/wp\/v2\/media\/4101"}],"wp:attachment":[{"href":"https:\/\/global.tab-tv.com\/hu\/wp-json\/wp\/v2\/media?parent=4081"}],"wp:term":[{"taxonomy":"category","embeddable":true,"href":"https:\/\/global.tab-tv.com\/hu\/wp-json\/wp\/v2\/categories?post=4081"},{"taxonomy":"post_tag","embeddable":true,"href":"https:\/\/global.tab-tv.com\/hu\/wp-json\/wp\/v2\/tags?post=4081"}],"curies":[{"name":"wp","href":"https:\/\/api.w.org\/{rel}","templated":true}]}}