{"id":4558,"date":"2023-01-29T23:57:29","date_gmt":"2023-01-29T23:57:29","guid":{"rendered":"https:\/\/global.tab-tv.com\/hu\/?p=4558"},"modified":"2023-01-29T23:57:31","modified_gmt":"2023-01-29T23:57:31","slug":"hogyan-javithatja-az-android-keszulek-villodzo-kepernyojet","status":"publish","type":"post","link":"https:\/\/global.tab-tv.com\/hu\/hogyan-javithatja-az-android-keszulek-villodzo-kepernyojet\/","title":{"rendered":"Hogyan jav\u00edthatja az Android k\u00e9sz\u00fcl\u00e9k vill\u00f3dz\u00f3 k\u00e9perny\u0151j\u00e9t?"},"content":{"rendered":"\n<p>Az Android okostelefonok\/tabletek tulajdonosai n\u00e9ha szembes\u00fclnek a villog\u00f3 kijelz\u0151 probl\u00e9m\u00e1j\u00e1val. Ahhoz, hogy elker\u00fclje, hogy a k\u00e9sz\u00fcl\u00e9k\u00e9t szervizbe vigye, ismernie kell a probl\u00e9ma lehets\u00e9ges okait. Valamint az otthoni jav\u00edt\u00e1s m\u00f3djait.<\/p>\n\n\n\n<p>A villog\u00f3 vagy vill\u00f3dz\u00f3 kijelz\u0151nek t\u00f6bb oka is lehet. A hiba lehet szoftveres vagy hardveres. Seg\u00edtene, ha elemezn\u00e9 a telefon m\u0171k\u00f6d\u00e9s\u00e9t \u00e9s viselked\u00e9s\u00e9t, hogy kider\u00edtse a hiba \u00e9s a villog\u00f3 kijelz\u0151 ok\u00e1t. Nem untatom \u00d6nt sok felesleges l\u00e9p\u00e9ssel az ok kider\u00edt\u00e9s\u00e9hez. A gyakorlatb\u00f3l kiindulva a hardveres meghib\u00e1sod\u00e1s diagnosztiz\u00e1l\u00e1sa bonyolult, \u00e9s sok t\u00e9nyez\u0151t\u0151l f\u00fcgghet. Kezd\u0151dik az akkumul\u00e1tor \u00e1llapot\u00e1t\u00f3l, a bels\u0151 hib\u00e1kt\u00f3l \u00e9s a k\u00e9sz\u00fcl\u00e9k h\u0151m\u00e9rs\u00e9klet\u00e9t\u0151l. A k\u00f6vetkez\u0151ket javaslom el\u0151sz\u00f6r. Term\u00e9szetesen nem tudom garant\u00e1lni, hogy gyorsan diagnosztiz\u00e1lni tudja a probl\u00e9m\u00e1t, de kipr\u00f3b\u00e1lhatja, mert ingyenes \u00e9s minim\u00e1lis er\u0151fesz\u00edt\u00e9st ig\u00e9nyel.<\/p>\n\n\n\n<h2 class=\"wp-block-heading\"><a><\/a><strong>Mi okozza a k\u00e9perny\u0151 villog\u00e1s\u00e1t egy Android k\u00e9sz\u00fcl\u00e9ken?<\/strong><\/h2>\n\n\n\n<p>Mint m\u00e1r eml\u00edtettem, a k\u00e9perny\u0151 villog\u00e1s\u00e1t okozhatja szoftverhiba vagy hardverhiba. Kicsit r\u00e9szletesebben is kifejtem, hogy mi\u00e9rt fordulhatnak el\u0151 ezek a probl\u00e9m\u00e1k.<\/p>\n\n\n\n<h2 class=\"wp-block-heading\"><a><\/a><strong>A k\u00e9perny\u0151 villog\u00e1sa szoftverhib\u00e1k miatt.<\/strong><\/h2>\n\n\n\n<p>Szoftverhib\u00e1k, ahogy \u00d6n \u00e9rti, a telefon nem \u00fagy m\u0171k\u00f6dik, ahogy kellene, szoftveres konfliktus. Gyakran az ilyen probl\u00e9m\u00e1kat az alkalmaz\u00e1sok okozz\u00e1k, ha szereted let\u00f6lteni \u0151ket a Google Play-r\u0151l, \u00e9s futtatni \u0151ket a telefonodon. T\u00e9ny, hogy az Android meglehet\u0151sen nyitott rendszer, \u00e9s sokan fejlesztenek k\u00fcl\u00f6nb\u00f6z\u0151 alkalmaz\u00e1sokat. R\u00e1ad\u00e1sul sok telefongy\u00e1rt\u00f3, k\u00fcl\u00f6n\u00f6sen a k\u00ednai m\u00e1rk\u00e1k, szeretik az Androidot \u00fagy megjelen\u00edteni, hogy szoftveres kieg\u00e9sz\u00edt\u0151ket telep\u00edtenek vagy az Androidot olyan m\u00e9rt\u00e9kben friss\u00edtik, hogy az k\u00fcl\u00f6n\u00e1ll\u00f3 oper\u00e1ci\u00f3s rendszerr\u00e9 v\u00e1lik; a Xiaomi p\u00e9ld\u00e1ul az Android-alap\u00fa oper\u00e1ci\u00f3s rendszer\u00e9t, a MIUI-t haszn\u00e1lja. Az alkalmaz\u00e1sok \u00e9s az oper\u00e1ci\u00f3s rendszer k\u00f6z\u00f6tt konfliktusok alakulhatnak ki.<\/p>\n\n\n\n<h2 class=\"wp-block-heading\"><a><\/a><strong>Android k\u00e9perny\u0151 villog\u00e1sa hardverhiba miatt<\/strong><\/h2>\n\n\n\n<p>Egy ilyen meghib\u00e1sod\u00e1ssal b\u00e1rmi megt\u00f6rt\u00e9nhet. Nekem p\u00e9ld\u00e1ul egyszer volt egy Meizu telefonom, amin\u00e9l a k\u00e9perny\u0151 nem villogott, csak nem kapcsolt be, a h\u00e1tt\u00e9rvil\u00e1g\u00edt\u00e1s m\u0171k\u00f6d\u00f6tt, de a k\u00e9p nem, \u00e9s ez csak a k\u00e9perny\u0151 bekapcsol\u00e1sakor mutatkozott meg, vide\u00f3z\u00e1s vagy a telefonnal val\u00f3 munka k\u00f6zben soha nem t\u0171nt el a k\u00e9p. T\u00f6bbsz\u00f6r ki- \u00e9s bekapcsoltam a k\u00e9perny\u0151t, mire megjelent a k\u00e9p. V\u00e9g\u00fcl a k\u00e9perny\u0151 hib\u00e1ja volt a hiba; a k\u00e9perny\u0151 cser\u00e9je ut\u00e1n a telefon \u00fagy m\u0171k\u00f6d\u00f6tt, ahogyan m\u0171k\u00f6dnie kellett.<\/p>\n\n\n\n<p>Az al\u00e1bbi okok okozhatj\u00e1k a k\u00e9perny\u0151 villog\u00e1s\u00e1t<\/p>\n\n\n\n<ul class=\"wp-block-list\">\n<li><strong>Hib\u00e1s vagy s\u00e9r\u00fclt k\u00e9perny\u0151 &#8211; a t\u00fcnetek nagyon k\u00fcl\u00f6nb\u00f6z\u0151ek lehetnek.<\/strong><\/li>\n\n\n\n<li><strong>Probl\u00e9m\u00e1k az akkumul\u00e1torral \u00e9s el\u00e9gtelen fesz\u00fclts\u00e9g a telefon m\u0171k\u00f6d\u00e9s\u00e9hez. Figyeljen a t\u00f6lt\u00e9si id\u0151re \u00e9s arra, hogy a telefon milyen gyorsan lemer\u00fcl.<\/strong><\/li>\n\n\n\n<li><strong>A videovez\u00e9rl\u0151vel kapcsolatos probl\u00e9ma a processzorral azonos chipen van \u00f6sszeszerelve; meghib\u00e1sod\u00e1s eset\u00e9n a telefon teljes alaplapj\u00e1t ki kell cser\u00e9lni.<\/strong><\/li>\n<\/ul>\n\n\n\n<h2 class=\"wp-block-heading\"><a><\/a><strong>Keresse meg l\u00e9p\u00e9sr\u0151l l\u00e9p\u00e9sre a villog\u00f3 telefonk\u00e9perny\u0151 ok\u00e1t.<\/strong><\/h2>\n\n\n\n<p>Az al\u00e1bbiakat kell megpr\u00f3b\u00e1lnia a villog\u00f3 k\u00e9perny\u0151 ok\u00e1nak meg\u00e1llap\u00edt\u00e1s\u00e1hoz vagy a villog\u00e1s kijav\u00edt\u00e1s\u00e1hoz.<\/p>\n\n\n\n<h3 class=\"wp-block-heading\"><a><\/a><strong>Els\u0151 l\u00e9p\u00e9s<\/strong><\/h3>\n\n\n\n<p>Ind\u00edtsa \u00fajra a telefont; ha a k\u00e9perny\u0151 villog\u00e1s\u00e1t egy let\u00f6lt\u00f6tt alkalmaz\u00e1s befoly\u00e1solja, akkor az \u00fajraind\u00edt\u00e1s ut\u00e1n nem lesz akt\u00edv, \u00e9s a telefon rendben fog m\u0171k\u00f6dni. Ha a telefon \u00fajraind\u00edt\u00e1sa nem m\u0171k\u00f6dik, folytassa a k\u00f6vetkez\u0151 l\u00e9p\u00e9ssel.<\/p>\n\n\n\n<h3 class=\"wp-block-heading\"><a><\/a><strong>M\u00e1sodik l\u00e9p\u00e9s<\/strong><\/h3>\n\n\n\n<p>Lehet, hogy a telefon f\u00e9nyer\u0151-\u00e9rz\u00e9kel\u0151j\u00e9vel van probl\u00e9ma; el\u0151fordulhat, hogy nem m\u0171k\u00f6dik megfelel\u0151en. Egyes telefonokon ezt a funkci\u00f3t automatikus f\u00e9nyer\u0151nek h\u00edvj\u00e1k. Kapcsolja ki ezt a funkci\u00f3t a telefon be\u00e1ll\u00edt\u00e1saiban.<\/p>\n\n\n\n<h3 class=\"wp-block-heading\"><a><\/a><strong>Harmadik l\u00e9p\u00e9s.<\/strong><\/h3>\n\n\n\n<p>\u00c1ll\u00edtsa vissza gy\u00e1ri alaphelyzetbe a telefonj\u00e1t, \u00e9s gondolja \u00e1t, milyen adatokat kell megmentenie, hogy ne vesz\u00edtse el azokat. A gy\u00e1ri alaphelyzetbe \u00e1ll\u00edt\u00e1s t\u00f6rli az \u00f6sszes telep\u00edtett alkalmaz\u00e1st, \u00e9s vissza\u00e1ll\u00edtja a telefon gy\u00e1ri be\u00e1ll\u00edt\u00e1sait.<\/p>\n\n\n\n<p>Ha ez nem m\u0171k\u00f6d\u00f6tt, akkor nagy val\u00f3sz\u00edn\u0171s\u00e9ggel a telefonja hib\u00e1s, \u00e9s jav\u00edt\u00e1sra szorul. De itt adok egy tan\u00e1csot: ha a telefonod a k\u00f6lts\u00e9gvet\u00e9si szegmensbe tartozik, k\u00f6nnyebb lesz \u00faj telefont venni, mint jav\u00edtani. Egy 3-4 \u00e9ves telefont szint\u00e9n nincs \u00e9rtelme jav\u00edtani; csak akkor lehet jav\u00edtani, ha cs\u00facskateg\u00f3ri\u00e1s telefonr\u00f3l van sz\u00f3. Csak a p\u00e9nz\u00e9t fogja elpazarolni. Mi\u00e9rt javaslom, hogy csak \u00faj telefont vegyen?<\/p>\n\n\n\n<p>N\u00e9zd meg, milyen gyakran cser\u00e9lsz telefont; statisztikailag egy telefon 3-4 \u00e9v ut\u00e1n v\u00e1ltozik, \u00e9s ennek j\u00f3 oka van.<\/p>\n\n\n\n<p>Akkumul\u00e1tor: A mai okostelefonok l\u00edtium-ion akkumul\u00e1torai 500-1000 t\u00f6lt\u00e9si ciklusra vannak m\u00e9retezve. A telefon akkumul\u00e1tor\u00e1nak \u00e9lettartama 3-4 \u00e9v m\u00falva kimer\u00fcl, \u00e9s \u00e9szre fogja venni, hogy gyorsabban kezd lemer\u00fclni.<\/p>\n\n\n\n<p>A telefonban l\u00e9v\u0151 ultranagyfrekvenci\u00e1s (UHF) elemek &#8211; nevezetesen a r\u00e1di\u00f3s modulok &#8211; \u00e9lettartama 5-7 \u00e9v, a haszn\u00e1lat intenzit\u00e1s\u00e1t\u00f3l f\u00fcgg\u0151en. Ezenk\u00edv\u00fcl elvesz\u00edtik tulajdons\u00e1gaikat; cs\u00f6kken a v\u00e9teli \u00e9rz\u00e9kenys\u00e9g, \u00e9s \u00edgy tov\u00e1bb; ez a mikrohull\u00e1m\u00fa elemek term\u00e9szetes \u00f6reged\u00e9si folyamata. Lehet, hogy \u00d6n nem vesz \u00e9szre semmit, de azt \u00e9szreveheti, hogy telefonja gyakrabban vesz\u00edti el a kapcsolatot a h\u00e1l\u00f3zattal, \u00e9s a mobilinternet rosszabbul m\u0171k\u00f6dik. \u00cdme egy \u00f6sszefoglal\u00f3 arr\u00f3l, amit a vill\u00f3dz\u00f3 telefonk\u00e9perny\u0151r\u0151l szerettem volna elmondani.<\/p>\n","protected":false},"excerpt":{"rendered":"<p>Az Android okostelefonok\/tabletek tulajdonosai n\u00e9ha szembes\u00fclnek a villog\u00f3 kijelz\u0151 probl\u00e9m\u00e1j\u00e1val. Ahhoz, hogy elker\u00fclje, hogy a k\u00e9sz\u00fcl\u00e9k\u00e9t szervizbe vigye, ismernie kell a probl\u00e9ma lehets\u00e9ges okait. Valamint az otthoni jav\u00edt\u00e1s m\u00f3djait. A villog\u00f3 vagy vill\u00f3dz\u00f3 kijelz\u0151nek t\u00f6bb oka is lehet. A hiba lehet szoftveres vagy hardveres. Seg\u00edtene, ha elemezn\u00e9 a telefon m\u0171k\u00f6d\u00e9s\u00e9t \u00e9s viselked\u00e9s\u00e9t, hogy kider\u00edtse a [&hellip;]<\/p>\n","protected":false},"author":1,"featured_media":4559,"comment_status":"open","ping_status":"open","sticky":false,"template":"","format":"standard","meta":{"_monsterinsights_skip_tracking":false,"_monsterinsights_sitenote_active":false,"_monsterinsights_sitenote_note":"","_monsterinsights_sitenote_category":0,"footnotes":""},"categories":[2],"tags":[185],"class_list":{"0":"post-4558","1":"post","2":"type-post","3":"status-publish","4":"format-standard","5":"has-post-thumbnail","7":"category-utmutatok","8":"tag-android"},"_links":{"self":[{"href":"https:\/\/global.tab-tv.com\/hu\/wp-json\/wp\/v2\/posts\/4558","targetHints":{"allow":["GET"]}}],"collection":[{"href":"https:\/\/global.tab-tv.com\/hu\/wp-json\/wp\/v2\/posts"}],"about":[{"href":"https:\/\/global.tab-tv.com\/hu\/wp-json\/wp\/v2\/types\/post"}],"author":[{"embeddable":true,"href":"https:\/\/global.tab-tv.com\/hu\/wp-json\/wp\/v2\/users\/1"}],"replies":[{"embeddable":true,"href":"https:\/\/global.tab-tv.com\/hu\/wp-json\/wp\/v2\/comments?post=4558"}],"version-history":[{"count":1,"href":"https:\/\/global.tab-tv.com\/hu\/wp-json\/wp\/v2\/posts\/4558\/revisions"}],"predecessor-version":[{"id":4560,"href":"https:\/\/global.tab-tv.com\/hu\/wp-json\/wp\/v2\/posts\/4558\/revisions\/4560"}],"wp:featuredmedia":[{"embeddable":true,"href":"https:\/\/global.tab-tv.com\/hu\/wp-json\/wp\/v2\/media\/4559"}],"wp:attachment":[{"href":"https:\/\/global.tab-tv.com\/hu\/wp-json\/wp\/v2\/media?parent=4558"}],"wp:term":[{"taxonomy":"category","embeddable":true,"href":"https:\/\/global.tab-tv.com\/hu\/wp-json\/wp\/v2\/categories?post=4558"},{"taxonomy":"post_tag","embeddable":true,"href":"https:\/\/global.tab-tv.com\/hu\/wp-json\/wp\/v2\/tags?post=4558"}],"curies":[{"name":"wp","href":"https:\/\/api.w.org\/{rel}","templated":true}]}}