{"id":5243,"date":"2023-03-15T11:43:39","date_gmt":"2023-03-15T11:43:39","guid":{"rendered":"https:\/\/global.tab-tv.com\/hu\/?p=5243"},"modified":"2023-03-15T11:43:41","modified_gmt":"2023-03-15T11:43:41","slug":"a-teams-regisztralasa-az-office-csevegoalkalmazasakent-letiltasa","status":"publish","type":"post","link":"https:\/\/global.tab-tv.com\/hu\/a-teams-regisztralasa-az-office-csevegoalkalmazasakent-letiltasa\/","title":{"rendered":"A &#8222;Teams regisztr\u00e1l\u00e1sa az Office cseveg\u0151alkalmaz\u00e1sak\u00e9nt&#8221; letilt\u00e1sa"},"content":{"rendered":"\n<p>Az alkalmaz\u00e1s be\u00e1ll\u00edt\u00e1saiban sz\u00fcks\u00e9g eset\u00e9n b\u00e1rmikor letilthatja a &#8222;Register Teams as the chat app for Office&#8221; (Csapatok regisztr\u00e1l\u00e1sa az Office cseveg\u0151alkalmaz\u00e1sak\u00e9nt) opci\u00f3t. Ha letiltja a &#8222;Register Teams as a chat app for Office&#8221; integr\u00e1ci\u00f3t, a Teams cseveg\u0151- \u00e9s egy\u00fcttm\u0171k\u00f6d\u00e9si funkci\u00f3it m\u00e1r nem tudja k\u00f6zvetlen\u00fcl az Office alkalmaz\u00e1sokb\u00f3l el\u00e9rni. Ehelyett k\u00fcl\u00f6n meg kell nyitnia a Teams alkalmaz\u00e1st, hogy haszn\u00e1lhassa annak funkci\u00f3it.<\/p>\n\n\n\n<h1 class=\"wp-block-heading\"><a><\/a><strong>Mit jelent a &#8222;Regisztr\u00e1lja a Teams-t az Office cseveg\u0151alkalmaz\u00e1sk\u00e9nt&#8221;?<\/strong><\/h1>\n\n\n\n<p>A &#8222;Teams regisztr\u00e1l\u00e1sa az Office cseveg\u0151alkalmaz\u00e1sak\u00e9nt&#8221; a Microsoft Teams be\u00e1ll\u00edt\u00e1s\u00e1t jelenti az Office 365 alap\u00e9rtelmezett cseveg\u0151alkalmaz\u00e1sak\u00e9nt. Ez azt jelenti, hogy amikor olyan Office-alkalmaz\u00e1sokat haszn\u00e1l, mint a Word, az Excel vagy a PowerPoint, k\u00f6nnyed\u00e9n hozz\u00e1f\u00e9rhet a Teams cseveg\u00e9si \u00e9s egy\u00fcttm\u0171k\u00f6d\u00e9si funkci\u00f3ihoz an\u00e9lk\u00fcl, hogy elhagyn\u00e1 az alkalmaz\u00e1st.<\/p>\n\n\n\n<p>A Teams alap\u00e9rtelmezett cseveg\u0151alkalmaz\u00e1sk\u00e9nt val\u00f3 be\u00e1ll\u00edt\u00e1sa az Office sz\u00e1m\u00e1ra lehet\u0151v\u00e9 teszi a koll\u00e9g\u00e1kkal val\u00f3 egy\u00fcttm\u0171k\u00f6d\u00e9st a dokumentumokon, a f\u00e1jlok gyors megoszt\u00e1s\u00e1t \u00e9s a val\u00f3s idej\u0171 besz\u00e9lget\u00e9seket an\u00e9lk\u00fcl, hogy k\u00fcl\u00f6nb\u00f6z\u0151 alkalmaz\u00e1sok k\u00f6z\u00f6tt v\u00e1ltogatna. Ez az integr\u00e1ci\u00f3 seg\u00edthet a kommunik\u00e1ci\u00f3 egyszer\u0171s\u00edt\u00e9s\u00e9ben \u00e9s a csapaton bel\u00fcli termel\u00e9kenys\u00e9g jav\u00edt\u00e1s\u00e1ban.<\/p>\n\n\n\n<p>Ahhoz, hogy a Teams legyen az Office alap\u00e9rtelmezett cseveg\u0151alkalmaz\u00e1sa, az Office-t \u00e9s a Teams alkalmaz\u00e1st is telep\u00edteni kell a sz\u00e1m\u00edt\u00f3g\u00e9p\u00e9re.<\/p>\n\n\n\n<h2 class=\"wp-block-heading\"><a><\/a><strong>Mit kell tennie a &#8222;Teams regisztr\u00e1l\u00e1sa az Office cseveg\u0151alkalmaz\u00e1sak\u00e9nt&#8221; letilt\u00e1s\u00e1hoz?<\/strong><\/h2>\n\n\n\n<p>A Microsoft Office-ban a k\u00f6vetkez\u0151 l\u00e9p\u00e9seket k\u00f6vetve tilthatja le a &#8222;Teams mint az Office cseveg\u0151alkalmaz\u00e1s regisztr\u00e1l\u00e1sa&#8221; funkci\u00f3t:<\/p>\n\n\n\n<ul class=\"wp-block-list\">\n<li>Microsoft Teams <strong>megnyit\u00e1sa.<\/strong><\/li>\n\n\n\n<li>V\u00e1lassza ki <strong>avatarj\u00e1t vagy monogramj\u00e1t a <\/strong>jobb fels\u0151 sarokban.<\/li>\n\n\n\n<li>Ezut\u00e1n v\u00e1lassza ki a list\u00e1b\u00f3l a <strong>&#8222;Fi\u00f3k kezel\u00e9se&#8221; lehet\u0151s\u00e9get.<\/strong><\/li>\n<\/ul>\n\n\n\n<figure class=\"wp-block-image size-large\"><img loading=\"lazy\" decoding=\"async\" width=\"1024\" height=\"872\" src=\"https:\/\/global.tab-tv.com\/hu\/wp-content\/uploads\/sites\/3\/2023\/03\/What-to-do-to-disable-_Register-Teams-as-the-chat-app-for-Office_1-1024x872.webp\" alt=\"\" class=\"wp-image-5244\" srcset=\"https:\/\/global.tab-tv.com\/hu\/wp-content\/uploads\/sites\/3\/2023\/03\/What-to-do-to-disable-_Register-Teams-as-the-chat-app-for-Office_1-1024x872.webp 1024w, https:\/\/global.tab-tv.com\/hu\/wp-content\/uploads\/sites\/3\/2023\/03\/What-to-do-to-disable-_Register-Teams-as-the-chat-app-for-Office_1-300x255.webp 300w, https:\/\/global.tab-tv.com\/hu\/wp-content\/uploads\/sites\/3\/2023\/03\/What-to-do-to-disable-_Register-Teams-as-the-chat-app-for-Office_1-768x654.webp 768w, https:\/\/global.tab-tv.com\/hu\/wp-content\/uploads\/sites\/3\/2023\/03\/What-to-do-to-disable-_Register-Teams-as-the-chat-app-for-Office_1.webp 1125w\" sizes=\"auto, (max-width: 1024px) 100vw, 1024px\" \/><\/figure>\n\n\n\n<ul class=\"wp-block-list\">\n<li>Ezut\u00e1n v\u00e1lassza az <strong>&#8222;\u00c1ltal\u00e1nos&#8221; lehet\u0151s\u00e9get.<\/strong><\/li>\n\n\n\n<li>Kapcsolja ki a <strong>&#8222;Regisztr\u00e1lja a Teams-t az Office cseveg\u0151alkalmaz\u00e1sk\u00e9nt&#8221; <\/strong>jel\u00f6l\u0151n\u00e9gyzetet.<\/li>\n<\/ul>\n\n\n\n<p>Ha valaha \u00fajra be akarja kapcsolni ezt a funkci\u00f3t, k\u00f6vesse ugyanazokat a l\u00e9p\u00e9seket, \u00e9s kapcsolja vissza a kapcsol\u00f3t.<\/p>\n\n\n\n<h2 class=\"wp-block-heading\"><a><\/a><strong>Mi\u00e9rt tiltsa le a &#8222;Teams regisztr\u00e1l\u00e1sa az Office cseveg\u0151alkalmaz\u00e1sak\u00e9nt&#8221; funkci\u00f3t?<\/strong><\/h2>\n\n\n\n<p>Sz\u00e1mos oka van annak, hogy letiltsa a &#8222;Regisztr\u00e1lja a Teams-t az Office cseveg\u0151alkalmaz\u00e1sk\u00e9nt&#8221; funkci\u00f3t. Egyesek ink\u00e1bb egy m\u00e1sik cseveg\u0151alkalmaz\u00e1st haszn\u00e1lnak kommunik\u00e1ci\u00f3s ig\u00e9nyeik kiel\u00e9g\u00edt\u00e9s\u00e9re. Ha \u00e9rz\u00e9keny vagy bizalmas inform\u00e1ci\u00f3kkal dolgozik, a Microsoft Teams nem felelhet meg mindenkinek. Ebb\u0151l ad\u00f3d\u00f3an el\u0151fordulhat, hogy nem szeretne a termel\u00e9kenys\u00e9gi eszk\u00f6zeivel integr\u00e1lt cseveg\u0151alkalmaz\u00e1st haszn\u00e1lni, mivel ez potenci\u00e1lisan n\u00f6velheti az adatsziv\u00e1rg\u00e1s vagy az illet\u00e9ktelen hozz\u00e1f\u00e9r\u00e9s kock\u00e1zat\u00e1t.<\/p>\n\n\n\n<p>Emellett a Teams \u00e9s az Office egyidej\u0171 futtat\u00e1sa t\u00f6bb rendszerer\u0151forr\u00e1st ig\u00e9nyelhet, \u00e9s lelass\u00edthatja a sz\u00e1m\u00edt\u00f3g\u00e9pet. Az integr\u00e1ci\u00f3 letilt\u00e1sa seg\u00edthet az er\u0151forr\u00e1sok megtakar\u00edt\u00e1s\u00e1ban \u00e9s a teljes\u00edtm\u00e9ny jav\u00edt\u00e1s\u00e1ban.<\/p>\n\n\n\n<p>Az integr\u00e1ci\u00f3 letilt\u00e1sa nem akad\u00e1lyozza meg a Teams \u00e9s az Office k\u00fcl\u00f6n-k\u00fcl\u00f6n t\u00f6rt\u00e9n\u0151 haszn\u00e1lat\u00e1t. Tov\u00e1bbra is haszn\u00e1lhatja a Teams alkalmaz\u00e1st a koll\u00e9g\u00e1kkal val\u00f3 egy\u00fcttm\u0171k\u00f6d\u00e9sre, az Office alkalmaz\u00e1sokat pedig dokumentumok l\u00e9trehoz\u00e1s\u00e1ra \u00e9s szerkeszt\u00e9s\u00e9re, de ehhez v\u00e1ltania kell az alkalmaz\u00e1sok k\u00f6z\u00f6tt.<\/p>\n","protected":false},"excerpt":{"rendered":"<p>Az alkalmaz\u00e1s be\u00e1ll\u00edt\u00e1saiban sz\u00fcks\u00e9g eset\u00e9n b\u00e1rmikor letilthatja a &#8222;Register Teams as the chat app for Office&#8221; (Csapatok regisztr\u00e1l\u00e1sa az Office cseveg\u0151alkalmaz\u00e1sak\u00e9nt) opci\u00f3t. Ha letiltja a &#8222;Register Teams as a chat app for Office&#8221; integr\u00e1ci\u00f3t, a Teams cseveg\u0151- \u00e9s egy\u00fcttm\u0171k\u00f6d\u00e9si funkci\u00f3it m\u00e1r nem tudja k\u00f6zvetlen\u00fcl az Office alkalmaz\u00e1sokb\u00f3l el\u00e9rni. Ehelyett k\u00fcl\u00f6n meg kell nyitnia a Teams [&hellip;]<\/p>\n","protected":false},"author":1,"featured_media":5245,"comment_status":"open","ping_status":"open","sticky":false,"template":"","format":"standard","meta":{"_monsterinsights_skip_tracking":false,"_monsterinsights_sitenote_active":false,"_monsterinsights_sitenote_note":"","_monsterinsights_sitenote_category":0,"footnotes":""},"categories":[2],"tags":[542],"class_list":{"0":"post-5243","1":"post","2":"type-post","3":"status-publish","4":"format-standard","5":"has-post-thumbnail","7":"category-utmutatok","8":"tag-microsoft-office"},"_links":{"self":[{"href":"https:\/\/global.tab-tv.com\/hu\/wp-json\/wp\/v2\/posts\/5243","targetHints":{"allow":["GET"]}}],"collection":[{"href":"https:\/\/global.tab-tv.com\/hu\/wp-json\/wp\/v2\/posts"}],"about":[{"href":"https:\/\/global.tab-tv.com\/hu\/wp-json\/wp\/v2\/types\/post"}],"author":[{"embeddable":true,"href":"https:\/\/global.tab-tv.com\/hu\/wp-json\/wp\/v2\/users\/1"}],"replies":[{"embeddable":true,"href":"https:\/\/global.tab-tv.com\/hu\/wp-json\/wp\/v2\/comments?post=5243"}],"version-history":[{"count":1,"href":"https:\/\/global.tab-tv.com\/hu\/wp-json\/wp\/v2\/posts\/5243\/revisions"}],"predecessor-version":[{"id":5246,"href":"https:\/\/global.tab-tv.com\/hu\/wp-json\/wp\/v2\/posts\/5243\/revisions\/5246"}],"wp:featuredmedia":[{"embeddable":true,"href":"https:\/\/global.tab-tv.com\/hu\/wp-json\/wp\/v2\/media\/5245"}],"wp:attachment":[{"href":"https:\/\/global.tab-tv.com\/hu\/wp-json\/wp\/v2\/media?parent=5243"}],"wp:term":[{"taxonomy":"category","embeddable":true,"href":"https:\/\/global.tab-tv.com\/hu\/wp-json\/wp\/v2\/categories?post=5243"},{"taxonomy":"post_tag","embeddable":true,"href":"https:\/\/global.tab-tv.com\/hu\/wp-json\/wp\/v2\/tags?post=5243"}],"curies":[{"name":"wp","href":"https:\/\/api.w.org\/{rel}","templated":true}]}}