{"id":5395,"date":"2023-03-23T11:09:43","date_gmt":"2023-03-23T11:09:43","guid":{"rendered":"https:\/\/global.tab-tv.com\/hu\/?p=5395"},"modified":"2023-03-23T11:09:45","modified_gmt":"2023-03-23T11:09:45","slug":"hogyan-szinkronizalhatja-az-outlook-naptarat-a-google-naptarral","status":"publish","type":"post","link":"https:\/\/global.tab-tv.com\/hu\/hogyan-szinkronizalhatja-az-outlook-naptarat-a-google-naptarral\/","title":{"rendered":"Hogyan szinkroniz\u00e1lhatja az Outlook napt\u00e1rat a Google napt\u00e1rral"},"content":{"rendered":"\n<p>A mai rohan\u00f3 vil\u00e1gban a szervezetts\u00e9g \u00e9s az id\u0151beoszt\u00e1s k\u00f6vet\u00e9se fontosabb\u00e1 v\u00e1lt, mint valaha. Sokan t\u00f6bb napt\u00e1reszk\u00f6zt haszn\u00e1lnak a tal\u00e1lkoz\u00f3k, megbesz\u00e9l\u00e9sek \u00e9s feladatok kezel\u00e9s\u00e9re. Az egyik n\u00e9pszer\u0171 kombin\u00e1ci\u00f3 a Microsoft Outlook \u00e9s a Google Napt\u00e1r. Ha egyszerre haszn\u00e1lja ezt a k\u00e9t napt\u00e1rat, t\u00f6bb lehet\u0151s\u00e9g is van a szinkroniz\u00e1l\u00e1sra. Az esem\u00e9nyeket export\u00e1lhatja az egyik napt\u00e1rb\u00f3l a m\u00e1sikba, vagy \u00f6sszekapcsolhatja \u0151ket online szinkroniz\u00e1l\u00e1shoz.<\/p>\n\n\n\n<h2 class=\"wp-block-heading\"><a><\/a><strong>Az Outlook-napt\u00e1r \u00e9s a Google-napt\u00e1r automatikus szinkroniz\u00e1l\u00e1s\u00e1nak be\u00e1ll\u00edt\u00e1sa a k\u00fcl\u00f6nb\u00f6z\u0151 eszk\u00f6z\u00f6k\u00f6n<\/strong><\/h2>\n\n\n\n<p>A t\u00f6bb napt\u00e1r kezel\u00e9se gondot okozhat, k\u00fcl\u00f6n\u00f6sen a k\u00fcl\u00f6nb\u00f6z\u0151 platformok haszn\u00e1lata. A napt\u00e1rak szinkroniz\u00e1l\u00e1sa azonban seg\u00edthet a szervezetts\u00e9g meg\u0151rz\u00e9s\u00e9ben \u00e9s az \u00fctemez\u00e9si konfliktusok elker\u00fcl\u00e9s\u00e9ben. A k\u00fcl\u00f6nb\u00f6z\u0151 platformokon a m\u0171veletek kiss\u00e9 elt\u00e9r\u0151ek lesznek. A helyzet az, hogy asztali sz\u00e1m\u00edt\u00f3g\u00e9pek eset\u00e9ben a webb\u00f6ng\u00e9sz\u0151n kereszt\u00fcl v\u00e9gezheti el, okostelefonok vagy t\u00e1blag\u00e9pek eset\u00e9ben pedig az iOS \u00e9s az Android eset\u00e9ben elt\u00e9r\u0151ek lesznek az utas\u00edt\u00e1sok. N\u00e9zz\u00fck meg az \u00f6sszes m\u00f3dot k\u00fcl\u00f6n-k\u00fcl\u00f6n.<\/p>\n\n\n\n<h3 class=\"wp-block-heading\"><a><\/a><strong>Az asztalon<\/strong><\/h3>\n\n\n\n<ul class=\"wp-block-list\">\n<li>Nyissa meg a <strong>Microsoft Office 365 alkalmaz\u00e1st b\u00e1rmelyik b\u00f6ng\u00e9sz\u0151ben<\/strong>, \u00e9s jelentkezzen be az Outlook-fi\u00f3kj\u00e1ba.<\/li>\n\n\n\n<li>A bal oldali men\u00fcben v\u00e1lassza a <strong>Napt\u00e1r <\/strong>men\u00fcpontot.<\/li>\n\n\n\n<li>Ezut\u00e1n kattintson a k\u00e9perny\u0151 jobb fels\u0151 sark\u00e1ban l\u00e9v\u0151 <strong>fogasker\u00e9k ikonra.<\/strong><\/li>\n\n\n\n<li>A leg\u00f6rd\u00fcl\u0151 men\u00fcb\u0151l v\u00e1lassza az <strong>\u00d6sszes <\/strong>Outlook-be\u00e1ll\u00edt\u00e1s<strong> megtekint\u00e9se lehet\u0151s\u00e9get.<\/strong><\/li>\n<\/ul>\n\n\n\n<figure class=\"wp-block-image size-large\"><img loading=\"lazy\" decoding=\"async\" width=\"1024\" height=\"768\" src=\"https:\/\/global.tab-tv.com\/hu\/wp-content\/uploads\/sites\/3\/2023\/03\/How-to-set-up-auto-syncing-Outlook-Calendar-with-Google-Calendar-on-different-devices-1-1024x768.webp\" alt=\"\" class=\"wp-image-5403\" srcset=\"https:\/\/global.tab-tv.com\/hu\/wp-content\/uploads\/sites\/3\/2023\/03\/How-to-set-up-auto-syncing-Outlook-Calendar-with-Google-Calendar-on-different-devices-1-1024x768.webp 1024w, https:\/\/global.tab-tv.com\/hu\/wp-content\/uploads\/sites\/3\/2023\/03\/How-to-set-up-auto-syncing-Outlook-Calendar-with-Google-Calendar-on-different-devices-1-300x225.webp 300w, https:\/\/global.tab-tv.com\/hu\/wp-content\/uploads\/sites\/3\/2023\/03\/How-to-set-up-auto-syncing-Outlook-Calendar-with-Google-Calendar-on-different-devices-1-768x576.webp 768w, https:\/\/global.tab-tv.com\/hu\/wp-content\/uploads\/sites\/3\/2023\/03\/How-to-set-up-auto-syncing-Outlook-Calendar-with-Google-Calendar-on-different-devices-1.webp 1066w\" sizes=\"auto, (max-width: 1024px) 100vw, 1024px\" \/><\/figure>\n\n\n\n<ul class=\"wp-block-list\">\n<li>Ezut\u00e1n v\u00e1lassza a <strong>Napt\u00e1r <\/strong>lapot, majd kattintson a <strong>Megosztott napt\u00e1rakra<\/strong>.<\/li>\n\n\n\n<li>G\u00f6rgessen lefel\u00e9 a list\u00e1n, \u00e9s <strong>v\u00e1lassza ki a napt\u00e1rat <\/strong>a <strong>Napt\u00e1r kiv\u00e1laszt\u00e1sa <\/strong>mez\u0151ben.<\/li>\n\n\n\n<li>Ezut\u00e1n v\u00e1lassza az <strong>enged\u00e9lyek kiv\u00e1laszt\u00e1sa <\/strong>opci\u00f3t az alj\u00e1n, \u00e9s adja meg a <strong>Minden adat megtekint\u00e9se <\/strong>opci\u00f3t.<\/li>\n\n\n\n<li>Kattintson a <strong>K\u00f6zz\u00e9t\u00e9tel <\/strong>gombra.<\/li>\n<\/ul>\n\n\n\n<figure class=\"wp-block-image size-large\"><img loading=\"lazy\" decoding=\"async\" width=\"1024\" height=\"768\" src=\"https:\/\/global.tab-tv.com\/hu\/wp-content\/uploads\/sites\/3\/2023\/03\/How-to-set-up-auto-syncing-Outlook-Calendar-with-Google-Calendar-on-different-devices-2-1024x768.webp\" alt=\"\" class=\"wp-image-5402\" srcset=\"https:\/\/global.tab-tv.com\/hu\/wp-content\/uploads\/sites\/3\/2023\/03\/How-to-set-up-auto-syncing-Outlook-Calendar-with-Google-Calendar-on-different-devices-2-1024x768.webp 1024w, https:\/\/global.tab-tv.com\/hu\/wp-content\/uploads\/sites\/3\/2023\/03\/How-to-set-up-auto-syncing-Outlook-Calendar-with-Google-Calendar-on-different-devices-2-300x225.webp 300w, https:\/\/global.tab-tv.com\/hu\/wp-content\/uploads\/sites\/3\/2023\/03\/How-to-set-up-auto-syncing-Outlook-Calendar-with-Google-Calendar-on-different-devices-2-768x576.webp 768w, https:\/\/global.tab-tv.com\/hu\/wp-content\/uploads\/sites\/3\/2023\/03\/How-to-set-up-auto-syncing-Outlook-Calendar-with-Google-Calendar-on-different-devices-2.webp 1066w\" sizes=\"auto, (max-width: 1024px) 100vw, 1024px\" \/><\/figure>\n\n\n\n<ul class=\"wp-block-list\">\n<li>Ezut\u00e1n <strong>m\u00e1solja <\/strong>be<strong> a linket az ICS <\/strong>mez\u0151be.<\/li>\n<\/ul>\n\n\n\n<figure class=\"wp-block-image size-large\"><img loading=\"lazy\" decoding=\"async\" width=\"1024\" height=\"762\" src=\"https:\/\/global.tab-tv.com\/hu\/wp-content\/uploads\/sites\/3\/2023\/03\/How-to-set-up-auto-syncing-Outlook-Calendar-with-Google-Calendar-on-different-devices-3-1024x762.webp\" alt=\"\" class=\"wp-image-5401\" srcset=\"https:\/\/global.tab-tv.com\/hu\/wp-content\/uploads\/sites\/3\/2023\/03\/How-to-set-up-auto-syncing-Outlook-Calendar-with-Google-Calendar-on-different-devices-3-1024x762.webp 1024w, https:\/\/global.tab-tv.com\/hu\/wp-content\/uploads\/sites\/3\/2023\/03\/How-to-set-up-auto-syncing-Outlook-Calendar-with-Google-Calendar-on-different-devices-3-300x223.webp 300w, https:\/\/global.tab-tv.com\/hu\/wp-content\/uploads\/sites\/3\/2023\/03\/How-to-set-up-auto-syncing-Outlook-Calendar-with-Google-Calendar-on-different-devices-3-768x571.webp 768w, https:\/\/global.tab-tv.com\/hu\/wp-content\/uploads\/sites\/3\/2023\/03\/How-to-set-up-auto-syncing-Outlook-Calendar-with-Google-Calendar-on-different-devices-3.webp 1038w\" sizes=\"auto, (max-width: 1024px) 100vw, 1024px\" \/><\/figure>\n\n\n\n<ul class=\"wp-block-list\">\n<li>Ezut\u00e1n <strong>nyissa meg a Google Napt\u00e1rat<\/strong>, \u00e9s kattintson az <strong>Egy\u00e9b napt\u00e1rak <\/strong>melletti <strong>+-ra<\/strong>.<\/li>\n\n\n\n<li>A felugr\u00f3 men\u00fcben v\u00e1lassza a <strong>From URL-t<\/strong>.<\/li>\n<\/ul>\n\n\n\n<figure class=\"wp-block-image size-large\"><img loading=\"lazy\" decoding=\"async\" width=\"1024\" height=\"768\" src=\"https:\/\/global.tab-tv.com\/hu\/wp-content\/uploads\/sites\/3\/2023\/03\/How-to-set-up-auto-syncing-Outlook-Calendar-with-Google-Calendar-on-different-devices-4-1024x768.webp\" alt=\"\" class=\"wp-image-5400\" srcset=\"https:\/\/global.tab-tv.com\/hu\/wp-content\/uploads\/sites\/3\/2023\/03\/How-to-set-up-auto-syncing-Outlook-Calendar-with-Google-Calendar-on-different-devices-4-1024x768.webp 1024w, https:\/\/global.tab-tv.com\/hu\/wp-content\/uploads\/sites\/3\/2023\/03\/How-to-set-up-auto-syncing-Outlook-Calendar-with-Google-Calendar-on-different-devices-4-300x225.webp 300w, https:\/\/global.tab-tv.com\/hu\/wp-content\/uploads\/sites\/3\/2023\/03\/How-to-set-up-auto-syncing-Outlook-Calendar-with-Google-Calendar-on-different-devices-4-768x576.webp 768w, https:\/\/global.tab-tv.com\/hu\/wp-content\/uploads\/sites\/3\/2023\/03\/How-to-set-up-auto-syncing-Outlook-Calendar-with-Google-Calendar-on-different-devices-4.webp 1066w\" sizes=\"auto, (max-width: 1024px) 100vw, 1024px\" \/><\/figure>\n\n\n\n<ul class=\"wp-block-list\">\n<li><strong>Illessze be az <\/strong>Outlookb\u00f3l m\u00e1solt <strong>ICS-linket<\/strong>, \u00e9s kattintson a <strong>Napt\u00e1r hozz\u00e1ad\u00e1sa <\/strong>gombra. A napt\u00e1raknak n\u00e9h\u00e1ny percen bel\u00fcl szinkroniz\u00e1l\u00f3dniuk kell.<\/li>\n<\/ul>\n\n\n\n<figure class=\"wp-block-image size-large\"><img loading=\"lazy\" decoding=\"async\" width=\"1024\" height=\"768\" src=\"https:\/\/global.tab-tv.com\/hu\/wp-content\/uploads\/sites\/3\/2023\/03\/How-to-set-up-auto-syncing-Outlook-Calendar-with-Google-Calendar-on-different-devices-5-1024x768.webp\" alt=\"\" class=\"wp-image-5399\" srcset=\"https:\/\/global.tab-tv.com\/hu\/wp-content\/uploads\/sites\/3\/2023\/03\/How-to-set-up-auto-syncing-Outlook-Calendar-with-Google-Calendar-on-different-devices-5-1024x768.webp 1024w, https:\/\/global.tab-tv.com\/hu\/wp-content\/uploads\/sites\/3\/2023\/03\/How-to-set-up-auto-syncing-Outlook-Calendar-with-Google-Calendar-on-different-devices-5-300x225.webp 300w, https:\/\/global.tab-tv.com\/hu\/wp-content\/uploads\/sites\/3\/2023\/03\/How-to-set-up-auto-syncing-Outlook-Calendar-with-Google-Calendar-on-different-devices-5-768x576.webp 768w, https:\/\/global.tab-tv.com\/hu\/wp-content\/uploads\/sites\/3\/2023\/03\/How-to-set-up-auto-syncing-Outlook-Calendar-with-Google-Calendar-on-different-devices-5.webp 1066w\" sizes=\"auto, (max-width: 1024px) 100vw, 1024px\" \/><\/figure>\n\n\n\n<h3 class=\"wp-block-heading\"><a><\/a><strong>iPhone-on vagy iPaden<\/strong><\/h3>\n\n\n\n<ul class=\"wp-block-list\">\n<li>Nyissa meg a <strong>Be\u00e1ll\u00edt\u00e1sokat az <\/strong>iPad vagy iPhone k\u00e9sz\u00fcl\u00e9k\u00e9n.<\/li>\n\n\n\n<li>Ezut\u00e1n v\u00e1lassza ki a <strong>Napt\u00e1rat <\/strong>a list\u00e1b\u00f3l.<\/li>\n\n\n\n<li>Koppintson a <strong>Fi\u00f3kok <\/strong>gombra.<\/li>\n<\/ul>\n\n\n\n<figure class=\"wp-block-image size-large\"><img loading=\"lazy\" decoding=\"async\" width=\"1024\" height=\"994\" src=\"https:\/\/global.tab-tv.com\/hu\/wp-content\/uploads\/sites\/3\/2023\/03\/How-to-set-up-auto-syncing-Outlook-Calendar-with-Google-Calendar-on-different-devices-6-1024x994.webp\" alt=\"\" class=\"wp-image-5398\" srcset=\"https:\/\/global.tab-tv.com\/hu\/wp-content\/uploads\/sites\/3\/2023\/03\/How-to-set-up-auto-syncing-Outlook-Calendar-with-Google-Calendar-on-different-devices-6-1024x994.webp 1024w, https:\/\/global.tab-tv.com\/hu\/wp-content\/uploads\/sites\/3\/2023\/03\/How-to-set-up-auto-syncing-Outlook-Calendar-with-Google-Calendar-on-different-devices-6-300x291.webp 300w, https:\/\/global.tab-tv.com\/hu\/wp-content\/uploads\/sites\/3\/2023\/03\/How-to-set-up-auto-syncing-Outlook-Calendar-with-Google-Calendar-on-different-devices-6-768x746.webp 768w, https:\/\/global.tab-tv.com\/hu\/wp-content\/uploads\/sites\/3\/2023\/03\/How-to-set-up-auto-syncing-Outlook-Calendar-with-Google-Calendar-on-different-devices-6.webp 1280w\" sizes=\"auto, (max-width: 1024px) 100vw, 1024px\" \/><\/figure>\n\n\n\n<ul class=\"wp-block-list\">\n<li>A k\u00f6vetkez\u0151 men\u00fcben v\u00e1lassza a <strong>Sz\u00e1mla hozz\u00e1ad\u00e1sa lehet\u0151s\u00e9get<\/strong>.<\/li>\n\n\n\n<li>Adja hozz\u00e1 a <strong>Google- <\/strong>\u00e9s Outlook-fi\u00f3kokat egyenk\u00e9nt.<\/li>\n<\/ul>\n\n\n\n<figure class=\"wp-block-image size-large\"><img loading=\"lazy\" decoding=\"async\" width=\"1024\" height=\"994\" src=\"https:\/\/global.tab-tv.com\/hu\/wp-content\/uploads\/sites\/3\/2023\/03\/How-to-set-up-auto-syncing-Outlook-Calendar-with-Google-Calendar-on-different-devices-7-1024x994.webp\" alt=\"\" class=\"wp-image-5397\" srcset=\"https:\/\/global.tab-tv.com\/hu\/wp-content\/uploads\/sites\/3\/2023\/03\/How-to-set-up-auto-syncing-Outlook-Calendar-with-Google-Calendar-on-different-devices-7-1024x994.webp 1024w, https:\/\/global.tab-tv.com\/hu\/wp-content\/uploads\/sites\/3\/2023\/03\/How-to-set-up-auto-syncing-Outlook-Calendar-with-Google-Calendar-on-different-devices-7-300x291.webp 300w, https:\/\/global.tab-tv.com\/hu\/wp-content\/uploads\/sites\/3\/2023\/03\/How-to-set-up-auto-syncing-Outlook-Calendar-with-Google-Calendar-on-different-devices-7-768x746.webp 768w, https:\/\/global.tab-tv.com\/hu\/wp-content\/uploads\/sites\/3\/2023\/03\/How-to-set-up-auto-syncing-Outlook-Calendar-with-Google-Calendar-on-different-devices-7.webp 1280w\" sizes=\"auto, (max-width: 1024px) 100vw, 1024px\" \/><\/figure>\n\n\n\n<ul class=\"wp-block-list\">\n<li>N\u00e9h\u00e1ny perc m\u00falva a napt\u00e1rak automatikusan szinkroniz\u00e1l\u00f3dnak.<\/li>\n<\/ul>\n\n\n\n<h3 class=\"wp-block-heading\"><a><\/a><strong>Androidon<\/strong><\/h3>\n\n\n\n<ul class=\"wp-block-list\">\n<li>T\u00f6ltse le a Microsoft Outlook alkalmaz\u00e1st Android k\u00e9sz\u00fcl\u00e9k\u00e9re.<\/li>\n\n\n\n<li>Nyissa meg az alkalmaz\u00e1st, \u00e9s jelentkezzen be az Outlook-fi\u00f3kj\u00e1ba.<\/li>\n\n\n\n<li>V\u00e1lassza ki a leg\u00f6rd\u00fcl\u0151 men\u00fcb\u0151l azt a lehet\u0151s\u00e9get, amellyel \u00f6sszekapcsolhatja fi\u00f3kj\u00e1t m\u00e1s Google-fi\u00f3kokkal.<\/li>\n\n\n\n<li>Miut\u00e1n bejelentkezett a Google-fi\u00f3kj\u00e1ba, a napt\u00e1rak szinkroniz\u00e1l\u00f3dnak.<\/li>\n<\/ul>\n\n\n\n<p>Ha ezeket a l\u00e9p\u00e9seket elv\u00e9gezte, az Outlook-napt\u00e1r \u00e9s a Google-napt\u00e1r szinkroniz\u00e1l\u00e1sra ker\u00fcl, \u00e9s az egyik napt\u00e1rban v\u00e9grehajtott m\u00f3dos\u00edt\u00e1sok automatikusan megjelennek a m\u00e1sikban is. Ne feledje azonban, hogy a k\u00e9t napt\u00e1r k\u00f6z\u00f6tti szinkroniz\u00e1l\u00e1s eltarthat egy ideig. Ez azt jelenti, hogy a napt\u00e1raknak t\u00f6bb percig is eltarthat, am\u00edg az Outlookb\u00f3l az esem\u00e9nyeket let\u00f6ltik a Google Napt\u00e1rba.<\/p>\n\n\n\n<h2 class=\"wp-block-heading\"><a><\/a><strong>Mi\u00e9rt hasznos az Outlook Napt\u00e1r szinkroniz\u00e1l\u00e1sa a Google Napt\u00e1rral?<\/strong><\/h2>\n\n\n\n<p>Az Outlook-napt\u00e1r szinkroniz\u00e1l\u00e1sa a Google-napt\u00e1rral hasznos m\u00f3dja lehet az id\u0151beoszt\u00e1s kezel\u00e9s\u00e9nek \u00e9s a szervezetts\u00e9g meg\u0151rz\u00e9s\u00e9nek, f\u0151leg akkor, ha t\u00f6bb eszk\u00f6zt vagy platformot haszn\u00e1l a nap folyam\u00e1n. \u00cdme n\u00e9h\u00e1ny a napt\u00e1rak szinkroniz\u00e1l\u00e1s\u00e1nak f\u0151 el\u0151nyei k\u00f6z\u00fcl:<\/p>\n\n\n\n<h3 class=\"wp-block-heading\"><a><\/a><strong>Hozz\u00e1f\u00e9r\u00e9s a napt\u00e1rhoz b\u00e1rhonnan<\/strong><\/h3>\n\n\n\n<p>Az Outlook-napt\u00e1r \u00e9s a Google-napt\u00e1r szinkroniz\u00e1l\u00e1s\u00e1val b\u00e1rmilyen internet-hozz\u00e1f\u00e9r\u00e9ssel rendelkez\u0151 eszk\u00f6zr\u0151l hozz\u00e1f\u00e9rhet a napirendj\u00e9hez. P\u00e9ld\u00e1ul a telefonj\u00e1r\u00f3l ellen\u0151rizheti napt\u00e1r\u00e1t, mik\u00f6zben elint\u00e9zi a dolgait, vagy a sz\u00e1m\u00edt\u00f3g\u00e9p\u00e9r\u0151l a munkahely\u00e9n. Ez k\u00fcl\u00f6n\u00f6sen hasznos lehet, ha munkahelyi sz\u00e1m\u00edt\u00f3g\u00e9pet \u00e9s szem\u00e9lyes eszk\u00f6zt is haszn\u00e1l, mivel mindkett\u0151r\u0151l hozz\u00e1f\u00e9rhet ugyanahhoz a napt\u00e1rhoz.<\/p>\n\n\n\n<h3 class=\"wp-block-heading\"><a><\/a><strong>Ker\u00fclje el az \u00fctemez\u00e9si konfliktusokat<\/strong><\/h3>\n\n\n\n<p>Ha t\u00f6bb napt\u00e1rat kell kezelnie, k\u00f6nnyen el\u0151fordulhat, hogy v\u00e9letlen\u00fcl dupla id\u0151pontot foglal mag\u00e1nak. A napt\u00e1rak szinkroniz\u00e1l\u00e1s\u00e1val egy helyen l\u00e1thatja az esem\u00e9nyeit, \u00e9s elker\u00fclheti az \u00fctemez\u00e9si konfliktusokat. Ha p\u00e9ld\u00e1ul az Outlookban van egy megbesz\u00e9l\u00e9se, de elfelejtkezik egy orvosi tal\u00e1lkoz\u00f3r\u00f3l, akkor hozz\u00e1adhatja a Google Napt\u00e1rhoz. A szinkroniz\u00e1l\u00e1s biztos\u00edtja, hogy mindk\u00e9t esem\u00e9ny l\u00e1that\u00f3 legyen, \u00e9s megakad\u00e1lyozza, hogy egyidej\u0171leg m\u00e1s esem\u00e9nyt \u00fctemezzen be.<\/p>\n\n\n\n<h3 class=\"wp-block-heading\"><a><\/a><strong>Maradjon naprak\u00e9sz<\/strong><\/h3>\n\n\n\n<p>A napt\u00e1rak szinkroniz\u00e1l\u00e1s\u00e1val biztos\u00edthatja, hogy a napt\u00e1rak friss\u00edt\u00e9sei vagy m\u00f3dos\u00edt\u00e1sai minden eszk\u00f6z\u00f6n \u00e9s platformon megjelenjenek. Ha p\u00e9ld\u00e1ul \u00faj esem\u00e9nyt ad hozz\u00e1 Outlook-napt\u00e1r\u00e1hoz, az automatikusan a Google-napt\u00e1r\u00e1ba is beker\u00fcl. Ez seg\u00edthet abban, hogy soha ne maradjon le egy tal\u00e1lkoz\u00f3r\u00f3l vagy feladatr\u00f3l az\u00e9rt, mert elfelejtette friss\u00edteni az egyik napt\u00e1r\u00e1t.<\/p>\n\n\n\n<h3 class=\"wp-block-heading\"><a><\/a><strong>N\u00e9zet\u00e9nek testreszab\u00e1sa<\/strong><\/h3>\n\n\n\n<p>A napt\u00e1rak szinkroniz\u00e1l\u00e1s\u00e1val testre szabhatja a n\u00e9zetet, hogy csak az \u00d6n sz\u00e1m\u00e1ra relev\u00e1ns esem\u00e9nyeket jelen\u00edtse meg. P\u00e9ld\u00e1ul be\u00e1ll\u00edthatja, hogy csak a munkahelyi napt\u00e1r\u00e1ban szerepl\u0151 esem\u00e9nyeket jelen\u00edtse meg munkaid\u0151ben, vagy csak a szem\u00e9lyes napt\u00e1r\u00e1ban szerepl\u0151 esem\u00e9nyeket h\u00e9tv\u00e9g\u00e9n. Ez seg\u00edthet abban, hogy az \u00d6n sz\u00e1m\u00e1ra legfontosabb esem\u00e9nyekre \u00f6sszpontos\u00edtson, \u00e9s elker\u00fclje, hogy egy zs\u00fafolt napt\u00e1r miatt t\u00falterheltnek \u00e9rezze mag\u00e1t.<\/p>\n\n\n\n<h3 class=\"wp-block-heading\"><a><\/a><strong>Ossza meg napt\u00e1r\u00e1t m\u00e1sokkal<\/strong><\/h3>\n\n\n\n<p>Az Outlook-napt\u00e1r szinkroniz\u00e1l\u00e1sa a Google-napt\u00e1rral megk\u00f6nny\u00edtheti az \u00fctemterv megoszt\u00e1s\u00e1t m\u00e1sokkal. Ha p\u00e9ld\u00e1ul egy csapattal dolgozik, \u00e9s megbesz\u00e9l\u00e9seket vagy tal\u00e1lkoz\u00f3kat kell \u00fctemeznie, megoszthatja napt\u00e1r\u00e1t koll\u00e9g\u00e1ival, hogy l\u00e1ss\u00e1k, mikor \u00e9r r\u00e1. Ez k\u00fcl\u00f6n\u00f6sen hasznos lehet, ha t\u00e1volr\u00f3l dolgozik, vagy ha koll\u00e9g\u00e1i k\u00fcl\u00f6nb\u00f6z\u0151 id\u0151z\u00f3n\u00e1kban tart\u00f3zkodnak.<\/p>\n\n\n\n<p>\u00d6sszess\u00e9g\u00e9ben az Outlook-napt\u00e1r \u00e9s a Google-napt\u00e1r szinkroniz\u00e1l\u00e1sa hasznos m\u00f3dja lehet az id\u0151beoszt\u00e1s kezel\u00e9s\u00e9nek \u00e9s a szervezetts\u00e9g meg\u0151rz\u00e9s\u00e9nek. Azzal, hogy az \u00f6sszes esem\u00e9nye egy helyen van, \u00e9s b\u00e1rmely eszk\u00f6zr\u0151l el\u00e9rhet\u0151, biztos\u00edthatja, hogy soha nem marad le egy tal\u00e1lkoz\u00f3r\u00f3l vagy feladatr\u00f3l sem. Emellett a n\u00e9zet testreszab\u00e1s\u00e1nak \u00e9s a napt\u00e1r m\u00e1sokkal val\u00f3 megoszt\u00e1s\u00e1nak lehet\u0151s\u00e9ge seg\u00edthet a kommunik\u00e1ci\u00f3 \u00e9s az egy\u00fcttm\u0171k\u00f6d\u00e9s egyszer\u0171s\u00edt\u00e9s\u00e9ben.<\/p>\n\n\n\n<h2 class=\"wp-block-heading\"><a><\/a><strong>Gyakori probl\u00e9m\u00e1k elh\u00e1r\u00edt\u00e1sa az Outlook napt\u00e1r \u00e9s a Google Napt\u00e1r szinkroniz\u00e1l\u00e1sa sor\u00e1n<\/strong><\/h2>\n\n\n\n<p>B\u00e1r az Outlook-napt\u00e1r \u00e9s a Google Napt\u00e1r szinkroniz\u00e1l\u00e1sa hasznos m\u00f3dja lehet a szervezetts\u00e9gnek \u00e9s a napirend kezel\u00e9s\u00e9nek, n\u00e9ha probl\u00e9m\u00e1k mer\u00fclhetnek fel. \u00cdme n\u00e9h\u00e1ny gyakori probl\u00e9ma \u00e9s hibaelh\u00e1r\u00edt\u00e1si tipp:<\/p>\n\n\n\n<h3 class=\"wp-block-heading\"><a><\/a><strong>Az esem\u00e9nyek nem szinkroniz\u00e1l\u00f3dnak<\/strong><\/h3>\n\n\n\n<p>Ha probl\u00e9m\u00e1i vannak azzal, hogy az esem\u00e9nyek nem szinkroniz\u00e1l\u00f3dnak az Outlook \u00e9s a Google napt\u00e1rak k\u00f6z\u00f6tt, van n\u00e9h\u00e1ny dolog, amit kipr\u00f3b\u00e1lhat:<\/p>\n\n\n\n<ul class=\"wp-block-list\">\n<li><strong>Ellen\u0151rizze az internetkapcsolat\u00e1t<\/strong>: A gyenge vagy instabil kapcsolat n\u00e9ha megakad\u00e1lyozhatja az esem\u00e9nyek szinkroniz\u00e1l\u00e1s\u00e1t.<\/li>\n\n\n\n<li><strong>Ellen\u0151rizze a napt\u00e1rbe\u00e1ll\u00edt\u00e1sokat<\/strong>: Gy\u0151z\u0151dj\u00f6n meg r\u00f3la, hogy a napt\u00e1rbe\u00e1ll\u00edt\u00e1sok \u00fagy vannak be\u00e1ll\u00edtva, hogy lehet\u0151v\u00e9 tegy\u00e9k az Outlook \u00e9s a Google k\u00f6z\u00f6tti szinkroniz\u00e1l\u00e1st.<\/li>\n\n\n\n<li><strong>V\u00e1rjon a szinkroniz\u00e1l\u00e1sra<\/strong>: Az esem\u00e9nyek szinkroniz\u00e1l\u00e1sa a napt\u00e1rak k\u00f6z\u00f6tt n\u00e9ha n\u00e9h\u00e1ny percig vagy ak\u00e1r \u00f3r\u00e1kig is eltarthat. Pr\u00f3b\u00e1ljon v\u00e1rni egy kicsit, h\u00e1tha a szinkroniz\u00e1l\u00e1s v\u00e9g\u00fcl megt\u00f6rt\u00e9nik.<\/li>\n\n\n\n<li><strong>Szinkroniz\u00e1l\u00e1s kik\u00e9nyszer\u00edt\u00e9se<\/strong>: Ha a v\u00e1rakoz\u00e1s nem m\u0171k\u00f6dik, pr\u00f3b\u00e1lja meg kik\u00e9nyszer\u00edteni a szinkroniz\u00e1l\u00e1st a napt\u00e1rak k\u00e9zi friss\u00edt\u00e9s\u00e9vel mind az Outlookban, mind a Google Napt\u00e1rban.<\/li>\n<\/ul>\n\n\n\n<h3 class=\"wp-block-heading\"><a><\/a><strong>Duplik\u00e1lt esem\u00e9nyek<\/strong><\/h3>\n\n\n\n<p>Egy m\u00e1sik gyakori probl\u00e9ma, hogy mindk\u00e9t napt\u00e1rban duplik\u00e1lt esem\u00e9nyek jelennek meg. Ez akkor fordulhat el\u0151, ha szinkroniz\u00e1l\u00e1si hiba van, vagy ha ugyanazt az esem\u00e9nyt k\u00fcl\u00f6n-k\u00fcl\u00f6n adj\u00e1k hozz\u00e1 mindk\u00e9t napt\u00e1rhoz. A k\u00f6vetkez\u0151kben ismertetj\u00fck, hogyan lehet ezt a probl\u00e9m\u00e1t elh\u00e1r\u00edtani:<\/p>\n\n\n\n<ul class=\"wp-block-list\">\n<li><strong>Ellen\u0151rizze a duplik\u00e1lt esem\u00e9nyeket<\/strong>: Ellen\u0151rizze az Outlook \u00e9s a Google napt\u00e1rakat a duplik\u00e1lt esem\u00e9nyekre vonatkoz\u00f3an. Ha tal\u00e1l, t\u00f6r\u00f6lje az egyik duplik\u00e1tumot.<\/li>\n\n\n\n<li><strong>Ellen\u0151rizze a szinkroniz\u00e1l\u00e1si be\u00e1ll\u00edt\u00e1sokat<\/strong>: Gy\u0151z\u0151dj\u00f6n meg r\u00f3la, hogy a helyes szinkroniz\u00e1l\u00e1si be\u00e1ll\u00edt\u00e1sok vannak enged\u00e9lyezve, \u00e9s nem szinkroniz\u00e1lja ugyanazt a napt\u00e1rat k\u00e9tszer.<\/li>\n\n\n\n<li><strong>Szinkroniz\u00e1l\u00e1si hib\u00e1k ellen\u0151rz\u00e9se<\/strong>: Ha m\u00e9g mindig duplik\u00e1lt esem\u00e9nyeket tapasztal, ellen\u0151rizze, hogy mindk\u00e9t napt\u00e1rban vannak-e szinkroniz\u00e1l\u00e1si hib\u00e1k. Ha tal\u00e1l, pr\u00f3b\u00e1lja meg megoldani \u0151ket, \u00e9s manu\u00e1lisan k\u00e9nyszer\u00edtse ki a szinkroniz\u00e1l\u00e1st.<\/li>\n<\/ul>\n\n\n\n<h3 class=\"wp-block-heading\"><a><\/a><strong>Id\u0151z\u00f3na probl\u00e9m\u00e1k<\/strong><\/h3>\n\n\n\n<p>Ha utazik, vagy k\u00fcl\u00f6nb\u00f6z\u0151 id\u0151z\u00f3n\u00e1kban l\u00e9v\u0151 koll\u00e9g\u00e1kkal dolgozik, el\u0151fordulhat, hogy id\u0151z\u00f3naprobl\u00e9m\u00e1k mer\u00fclnek fel a napt\u00e1rak szinkroniz\u00e1l\u00e1sakor. \u00cdme n\u00e9h\u00e1ny tipp a hibaelh\u00e1r\u00edt\u00e1shoz:<\/p>\n\n\n\n<ul class=\"wp-block-list\">\n<li><strong>Ellen\u0151rizze az id\u0151z\u00f3na be\u00e1ll\u00edt\u00e1sait<\/strong>: Gy\u0151z\u0151dj\u00f6n meg r\u00f3la, hogy az id\u0151z\u00f3na be\u00e1ll\u00edt\u00e1sai megfelel\u0151ek az Outlookban \u00e9s a Google Napt\u00e1rban.<\/li>\n\n\n\n<li><strong>\u00c1ll\u00edtsa be a napt\u00e1rn\u00e9zet\u00e9t<\/strong>: Ha m\u00e1s id\u0151z\u00f3n\u00e1ban l\u00e9v\u0151 koll\u00e9g\u00e1kkal dolgozik, \u00e9rdemes a napt\u00e1rn\u00e9zet\u00e9t \u00fagy be\u00e1ll\u00edtani, hogy az \u0151 helyi id\u0151z\u00f3n\u00e1jukban mutassa az esem\u00e9nyeket.<\/li>\n\n\n\n<li><strong>Haszn\u00e1ljon id\u0151z\u00f3na-konvert\u00e1l\u00f3t<\/strong>: Ha m\u00e1s id\u0151z\u00f3n\u00e1ba utazik, vagy m\u00e1s id\u0151z\u00f3n\u00e1ban l\u00e9v\u0151 koll\u00e9g\u00e1kkal tervez esem\u00e9nyeket, haszn\u00e1ljon id\u0151z\u00f3na-konvert\u00e1l\u00f3t, hogy biztos\u00edtsa, hogy az esem\u00e9nyeket a megfelel\u0151 id\u0151pontban tervezi.<\/li>\n<\/ul>\n\n\n\n<h3 class=\"wp-block-heading\"><a><\/a><strong>Hiteles\u00edt\u00e9si hib\u00e1k<\/strong><\/h3>\n\n\n\n<p>Ha hiteles\u00edt\u00e9si hib\u00e1kat tapasztal a napt\u00e1rak szinkroniz\u00e1l\u00e1sakor, az a bejelentkez\u00e9si hiteles\u00edt\u0151 adatokkal kapcsolatos probl\u00e9ma lehet. A k\u00f6vetkez\u0151 m\u00f3don orvosolhatja ezt a probl\u00e9m\u00e1t:<\/p>\n\n\n\n<ul class=\"wp-block-list\">\n<li><strong>Ellen\u0151rizze bejelentkez\u00e9si adatait<\/strong>: Gy\u0151z\u0151dj\u00f6n meg r\u00f3la, hogy a hiteles\u00edt\u0151 adatok helyesek mind az Outlook, mind a Google Napt\u00e1r eset\u00e9ben. Ha nemr\u00e9giben megv\u00e1ltoztatta jelszav\u00e1t, friss\u00edtse azt mindk\u00e9t napt\u00e1rban.<\/li>\n\n\n\n<li><strong>Ellen\u0151rizze a t\u0171zfal be\u00e1ll\u00edt\u00e1sait<\/strong>: Ha t\u0171zfalat haszn\u00e1l, gy\u0151z\u0151dj\u00f6n meg r\u00f3la, hogy az nem blokkolja a napt\u00e1rszolg\u00e1ltat\u00e1shoz val\u00f3 hozz\u00e1f\u00e9r\u00e9st.<\/li>\n\n\n\n<li><strong>Enged\u00e9lyezze \u00fajra a kapcsolatot<\/strong>: Ha tov\u00e1bbra is hiteles\u00edt\u00e9si hib\u00e1kat tapasztal, pr\u00f3b\u00e1lja meg \u00fajra enged\u00e9lyezni a kapcsolatot az Outlook \u00e9s a Google Napt\u00e1r k\u00f6z\u00f6tt. Ehhez mindk\u00e9t napt\u00e1rban vonja vissza a fi\u00f3kbe\u00e1ll\u00edt\u00e1sokhoz val\u00f3 hozz\u00e1f\u00e9r\u00e9st, \u00e9s vonja vissza a hozz\u00e1f\u00e9r\u00e9st, majd enged\u00e9lyezze \u00fajra a kapcsolatot.<\/li>\n<\/ul>\n\n\n\n<p>Ezeknek a gyakori probl\u00e9m\u00e1knak a hibaelh\u00e1r\u00edt\u00e1s\u00e1val biztos\u00edthatja, hogy az Outlook-napt\u00e1r szinkroniz\u00e1lva legyen a Google-napt\u00e1rral, \u00e9s hogy \u00d6n szervezett maradhasson, \u00e9s hat\u00e9konyan kezelhesse id\u0151beoszt\u00e1s\u00e1t.<\/p>\n","protected":false},"excerpt":{"rendered":"<p>A mai rohan\u00f3 vil\u00e1gban a szervezetts\u00e9g \u00e9s az id\u0151beoszt\u00e1s k\u00f6vet\u00e9se fontosabb\u00e1 v\u00e1lt, mint valaha. Sokan t\u00f6bb napt\u00e1reszk\u00f6zt haszn\u00e1lnak a tal\u00e1lkoz\u00f3k, megbesz\u00e9l\u00e9sek \u00e9s feladatok kezel\u00e9s\u00e9re. Az egyik n\u00e9pszer\u0171 kombin\u00e1ci\u00f3 a Microsoft Outlook \u00e9s a Google Napt\u00e1r. Ha egyszerre haszn\u00e1lja ezt a k\u00e9t napt\u00e1rat, t\u00f6bb lehet\u0151s\u00e9g is van a szinkroniz\u00e1l\u00e1sra. Az esem\u00e9nyeket export\u00e1lhatja az egyik napt\u00e1rb\u00f3l a [&hellip;]<\/p>\n","protected":false},"author":1,"featured_media":5404,"comment_status":"open","ping_status":"open","sticky":false,"template":"","format":"standard","meta":{"_monsterinsights_skip_tracking":false,"_monsterinsights_sitenote_active":false,"_monsterinsights_sitenote_note":"","_monsterinsights_sitenote_category":0,"footnotes":""},"categories":[2],"tags":[172,212],"class_list":{"0":"post-5395","1":"post","2":"type-post","3":"status-publish","4":"format-standard","5":"has-post-thumbnail","7":"category-utmutatok","8":"tag-google","9":"tag-outlook"},"_links":{"self":[{"href":"https:\/\/global.tab-tv.com\/hu\/wp-json\/wp\/v2\/posts\/5395","targetHints":{"allow":["GET"]}}],"collection":[{"href":"https:\/\/global.tab-tv.com\/hu\/wp-json\/wp\/v2\/posts"}],"about":[{"href":"https:\/\/global.tab-tv.com\/hu\/wp-json\/wp\/v2\/types\/post"}],"author":[{"embeddable":true,"href":"https:\/\/global.tab-tv.com\/hu\/wp-json\/wp\/v2\/users\/1"}],"replies":[{"embeddable":true,"href":"https:\/\/global.tab-tv.com\/hu\/wp-json\/wp\/v2\/comments?post=5395"}],"version-history":[{"count":2,"href":"https:\/\/global.tab-tv.com\/hu\/wp-json\/wp\/v2\/posts\/5395\/revisions"}],"predecessor-version":[{"id":5405,"href":"https:\/\/global.tab-tv.com\/hu\/wp-json\/wp\/v2\/posts\/5395\/revisions\/5405"}],"wp:featuredmedia":[{"embeddable":true,"href":"https:\/\/global.tab-tv.com\/hu\/wp-json\/wp\/v2\/media\/5404"}],"wp:attachment":[{"href":"https:\/\/global.tab-tv.com\/hu\/wp-json\/wp\/v2\/media?parent=5395"}],"wp:term":[{"taxonomy":"category","embeddable":true,"href":"https:\/\/global.tab-tv.com\/hu\/wp-json\/wp\/v2\/categories?post=5395"},{"taxonomy":"post_tag","embeddable":true,"href":"https:\/\/global.tab-tv.com\/hu\/wp-json\/wp\/v2\/tags?post=5395"}],"curies":[{"name":"wp","href":"https:\/\/api.w.org\/{rel}","templated":true}]}}