{"id":5406,"date":"2023-03-23T20:21:07","date_gmt":"2023-03-23T20:21:07","guid":{"rendered":"https:\/\/global.tab-tv.com\/hu\/?p=5406"},"modified":"2023-03-23T20:21:09","modified_gmt":"2023-03-23T20:21:09","slug":"hogyan-lehet-kikapcsolni-a-prediktiv-szoveget-az-outlookban","status":"publish","type":"post","link":"https:\/\/global.tab-tv.com\/hu\/hogyan-lehet-kikapcsolni-a-prediktiv-szoveget-az-outlookban\/","title":{"rendered":"Hogyan lehet kikapcsolni a predikt\u00edv sz\u00f6veget az Outlookban"},"content":{"rendered":"\n<p>Az Outlook egyik olyan funkci\u00f3ja, amelyet sok felhaszn\u00e1l\u00f3 hasznosnak tal\u00e1l, a predikt\u00edv sz\u00f6veg, amely be\u00edr\u00e1s k\u00f6zben szavakat vagy kifejez\u00e9seket javasol, \u00edgy gyorsabb\u00e1 \u00e9s k\u00f6nnyebb\u00e9 teszi az \u00fczenetek meg\u00edr\u00e1s\u00e1t. Egyes felhaszn\u00e1l\u00f3k azonban k\u00fcl\u00f6nb\u00f6z\u0151 okokb\u00f3l ink\u00e1bb kikapcsolj\u00e1k ezt a funkci\u00f3t. Ezt b\u00e1rmely olyan eszk\u00f6zr\u0151l megteheti, amelyen az Outlookot haszn\u00e1lni tudja.<\/p>\n\n\n\n<h2 class=\"wp-block-heading\"><a><\/a><strong>Hogyan lehet letiltani a predikt\u00edv sz\u00f6veget az Outlook asztali alkalmaz\u00e1sban?<\/strong><\/h2>\n\n\n\n<p>Ha az Outlookot haszn\u00e1lja a sz\u00e1m\u00edt\u00f3g\u00e9p\u00e9n, ak\u00e1r Windows PC-je, ak\u00e1r Mac-je van, val\u00f3sz\u00edn\u0171leg a Microsoft irodai alkalmaz\u00e1sainak r\u00e9sz\u00e9t k\u00e9pez\u0151 asztali alkalmaz\u00e1st haszn\u00e1lja. Ebben az esetben a Mac \u00e9s a Windows alkalmaz\u00e1sban a sz\u00f6vegj\u00f3sl\u00e1s letilt\u00e1s\u00e1ra vonatkoz\u00f3 utas\u00edt\u00e1sok kiss\u00e9 elt\u00e9r\u0151ek lesznek:<\/p>\n\n\n\n<h3 class=\"wp-block-heading\"><a><\/a><strong>Windows PC-n<\/strong><\/h3>\n\n\n\n<ul class=\"wp-block-list\">\n<li>Jelentkezzen be az Outlook alkalmaz\u00e1sba, \u00e9s kattintson az <strong>\u00daj e-mail <\/strong>gombra.<\/li>\n<\/ul>\n\n\n\n<figure class=\"wp-block-image size-large\"><img loading=\"lazy\" decoding=\"async\" width=\"1024\" height=\"671\" src=\"https:\/\/global.tab-tv.com\/hu\/wp-content\/uploads\/sites\/3\/2023\/03\/How-to-disable-predictive-text-on-the-Outlook-desktop-app-1-1024x671.webp\" alt=\"\" class=\"wp-image-5415\" srcset=\"https:\/\/global.tab-tv.com\/hu\/wp-content\/uploads\/sites\/3\/2023\/03\/How-to-disable-predictive-text-on-the-Outlook-desktop-app-1-1024x671.webp 1024w, https:\/\/global.tab-tv.com\/hu\/wp-content\/uploads\/sites\/3\/2023\/03\/How-to-disable-predictive-text-on-the-Outlook-desktop-app-1-300x196.webp 300w, https:\/\/global.tab-tv.com\/hu\/wp-content\/uploads\/sites\/3\/2023\/03\/How-to-disable-predictive-text-on-the-Outlook-desktop-app-1-768x503.webp 768w, https:\/\/global.tab-tv.com\/hu\/wp-content\/uploads\/sites\/3\/2023\/03\/How-to-disable-predictive-text-on-the-Outlook-desktop-app-1.webp 1052w\" sizes=\"auto, (max-width: 1024px) 100vw, 1024px\" \/><\/figure>\n\n\n\n<ul class=\"wp-block-list\">\n<li>Az \u00faj e-mail meg\u00edr\u00e1sa k\u00f6zben kattintson az eszk\u00f6zt\u00e1r feletti <strong>F\u00e1jl <\/strong>gombra.<\/li>\n<\/ul>\n\n\n\n<figure class=\"wp-block-image size-large\"><img loading=\"lazy\" decoding=\"async\" width=\"1024\" height=\"672\" src=\"https:\/\/global.tab-tv.com\/hu\/wp-content\/uploads\/sites\/3\/2023\/03\/How-to-disable-predictive-text-on-the-Outlook-desktop-app-2-1024x672.webp\" alt=\"\" class=\"wp-image-5414\" srcset=\"https:\/\/global.tab-tv.com\/hu\/wp-content\/uploads\/sites\/3\/2023\/03\/How-to-disable-predictive-text-on-the-Outlook-desktop-app-2-1024x672.webp 1024w, https:\/\/global.tab-tv.com\/hu\/wp-content\/uploads\/sites\/3\/2023\/03\/How-to-disable-predictive-text-on-the-Outlook-desktop-app-2-300x197.webp 300w, https:\/\/global.tab-tv.com\/hu\/wp-content\/uploads\/sites\/3\/2023\/03\/How-to-disable-predictive-text-on-the-Outlook-desktop-app-2-768x504.webp 768w, https:\/\/global.tab-tv.com\/hu\/wp-content\/uploads\/sites\/3\/2023\/03\/How-to-disable-predictive-text-on-the-Outlook-desktop-app-2.webp 1080w\" sizes=\"auto, (max-width: 1024px) 100vw, 1024px\" \/><\/figure>\n\n\n\n<ul class=\"wp-block-list\">\n<li>Ezut\u00e1n az oldals\u00f3 men\u00fcben v\u00e1lassza a <strong>Be\u00e1ll\u00edt\u00e1sok <\/strong>men\u00fcpontot.<\/li>\n<\/ul>\n\n\n\n<figure class=\"wp-block-image size-large\"><img loading=\"lazy\" decoding=\"async\" width=\"1024\" height=\"672\" src=\"https:\/\/global.tab-tv.com\/hu\/wp-content\/uploads\/sites\/3\/2023\/03\/How-to-disable-predictive-text-on-the-Outlook-desktop-app-3-1024x672.webp\" alt=\"\" class=\"wp-image-5413\" srcset=\"https:\/\/global.tab-tv.com\/hu\/wp-content\/uploads\/sites\/3\/2023\/03\/How-to-disable-predictive-text-on-the-Outlook-desktop-app-3-1024x672.webp 1024w, https:\/\/global.tab-tv.com\/hu\/wp-content\/uploads\/sites\/3\/2023\/03\/How-to-disable-predictive-text-on-the-Outlook-desktop-app-3-300x197.webp 300w, https:\/\/global.tab-tv.com\/hu\/wp-content\/uploads\/sites\/3\/2023\/03\/How-to-disable-predictive-text-on-the-Outlook-desktop-app-3-768x504.webp 768w, https:\/\/global.tab-tv.com\/hu\/wp-content\/uploads\/sites\/3\/2023\/03\/How-to-disable-predictive-text-on-the-Outlook-desktop-app-3.webp 1080w\" sizes=\"auto, (max-width: 1024px) 100vw, 1024px\" \/><\/figure>\n\n\n\n<ul class=\"wp-block-list\">\n<li>A megjelen\u0151 ablakban kattintson a <strong>Mail <\/strong>gombra.<\/li>\n<\/ul>\n\n\n\n<figure class=\"wp-block-image size-full\"><img loading=\"lazy\" decoding=\"async\" width=\"854\" height=\"706\" src=\"https:\/\/global.tab-tv.com\/hu\/wp-content\/uploads\/sites\/3\/2023\/03\/How-to-disable-predictive-text-on-the-Outlook-desktop-app-4.webp\" alt=\"\" class=\"wp-image-5412\" srcset=\"https:\/\/global.tab-tv.com\/hu\/wp-content\/uploads\/sites\/3\/2023\/03\/How-to-disable-predictive-text-on-the-Outlook-desktop-app-4.webp 854w, https:\/\/global.tab-tv.com\/hu\/wp-content\/uploads\/sites\/3\/2023\/03\/How-to-disable-predictive-text-on-the-Outlook-desktop-app-4-300x248.webp 300w, https:\/\/global.tab-tv.com\/hu\/wp-content\/uploads\/sites\/3\/2023\/03\/How-to-disable-predictive-text-on-the-Outlook-desktop-app-4-768x635.webp 768w\" sizes=\"auto, (max-width: 854px) 100vw, 854px\" \/><\/figure>\n\n\n\n<ul class=\"wp-block-list\">\n<li>Keresse meg \u00e9s kapcsolja ki a lista <strong>Sz\u00f6vegel\u0151rejelz\u00e9sek megjelen\u00edt\u00e9se g\u00e9pel\u00e9s k\u00f6zben <\/strong>opci\u00f3j\u00e1t. (vegye ki a jel\u00f6l\u0151n\u00e9gyzetet).<\/li>\n<\/ul>\n\n\n\n<h3 class=\"wp-block-heading\"><a><\/a><strong>Macen<\/strong><\/h3>\n\n\n\n<ul class=\"wp-block-list\">\n<li>Ind\u00edtsa el az Outlookot a Mac sz\u00e1m\u00edt\u00f3g\u00e9p\u00e9n.<\/li>\n\n\n\n<li>Ezut\u00e1n kattintson a Be\u00e1ll\u00edt\u00e1sok gombra az Apple men\u00fcben.<\/li>\n\n\n\n<li>A megjelen\u0151 ablakban v\u00e1lassza az Autocorrect (Automatikus jav\u00edt\u00e1s) lehet\u0151s\u00e9get.<\/li>\n\n\n\n<li>Ezut\u00e1n a Sz\u00f6vegkieg\u00e9sz\u00edt\u00e9sre kell kattintania.<\/li>\n\n\n\n<li>T\u00f6r\u00f6lje a Sz\u00f6vegel\u0151rejelz\u00e9sek megjelen\u00edt\u00e9se g\u00e9pel\u00e9s k\u00f6zben jel\u00f6l\u0151n\u00e9gyzetet.<\/li>\n<\/ul>\n\n\n\n<p>Vegye figyelembe, hogy ez a funkci\u00f3 akkor jelenik meg, ha gyakran haszn\u00e1lja az Outlookot \u00e9s sok e-mailt \u00edr. A rendszer tanul az e-mailekb\u0151l, \u00e9s megtanulja, hogyan kell automatikus sz\u00f6veget folytatni. Ha teh\u00e1t most kezdi haszn\u00e1lni az e-mail rendszert, akkor val\u00f3sz\u00edn\u0171leg nem fogja megtal\u00e1lni ezt a gombot a be\u00e1ll\u00edt\u00e1sok k\u00f6z\u00f6tt, mert az Outlook m\u00e9g nem tanult eleget, \u00e9s m\u00e9g nem tud sz\u00f6vegel\u0151rejelz\u00e9seket javasolni.<\/p>\n\n\n\n<h2 class=\"wp-block-heading\"><a><\/a><strong>Hogyan lehet letiltani a predikt\u00edv sz\u00f6veget az Outlookban az Office 365 webes verzi\u00f3j\u00e1ban?<\/strong><\/h2>\n\n\n\n<p>Egy m\u00e1sik lehet\u0151s\u00e9g, amelyet sok felhaszn\u00e1l\u00f3 haszn\u00e1l, a Microsoft 365 webes verzi\u00f3ja.<br>&nbsp;Ez nem ig\u00e9nyel semmilyen tov\u00e1bbi alkalmaz\u00e1st. Azt a b\u00f6ng\u00e9sz\u0151t kell haszn\u00e1lnia, amellyel j\u00f3l \u00e9rzi mag\u00e1t. Ebben az esetben az utas\u00edt\u00e1sok b\u00e1rmely oper\u00e1ci\u00f3s rendszer eset\u00e9ben ugyanazok lesznek. A sz\u00f6vegel\u0151rejelz\u00e9s letilt\u00e1s\u00e1hoz sz\u00fcks\u00e9g lesz:<\/p>\n\n\n\n<ul class=\"wp-block-list\">\n<li><strong>Nyissa meg az Outlookot <\/strong>b\u00e1rmelyik k\u00e9nyelmes b\u00f6ng\u00e9sz\u0151ben.<\/li>\n\n\n\n<li>Kattintson a k\u00e9perny\u0151 jobb fels\u0151 sark\u00e1ban l\u00e9v\u0151 <strong>fogasker\u00e9k ikonra.<\/strong><\/li>\n<\/ul>\n\n\n\n<figure class=\"wp-block-image size-large\"><img loading=\"lazy\" decoding=\"async\" width=\"1024\" height=\"768\" src=\"https:\/\/global.tab-tv.com\/hu\/wp-content\/uploads\/sites\/3\/2023\/03\/How-to-disable-predictive-text-on-Outlook-on-Office-365-web-version-1-1024x768.webp\" alt=\"\" class=\"wp-image-5411\" srcset=\"https:\/\/global.tab-tv.com\/hu\/wp-content\/uploads\/sites\/3\/2023\/03\/How-to-disable-predictive-text-on-Outlook-on-Office-365-web-version-1-1024x768.webp 1024w, https:\/\/global.tab-tv.com\/hu\/wp-content\/uploads\/sites\/3\/2023\/03\/How-to-disable-predictive-text-on-Outlook-on-Office-365-web-version-1-300x225.webp 300w, https:\/\/global.tab-tv.com\/hu\/wp-content\/uploads\/sites\/3\/2023\/03\/How-to-disable-predictive-text-on-Outlook-on-Office-365-web-version-1-768x576.webp 768w, https:\/\/global.tab-tv.com\/hu\/wp-content\/uploads\/sites\/3\/2023\/03\/How-to-disable-predictive-text-on-Outlook-on-Office-365-web-version-1.webp 1066w\" sizes=\"auto, (max-width: 1024px) 100vw, 1024px\" \/><\/figure>\n\n\n\n<ul class=\"wp-block-list\">\n<li>G\u00f6rgessen lefel\u00e9 a leg\u00f6rd\u00fcl\u0151 list\u00e1n, \u00e9s v\u00e1lassza az <strong>\u00d6sszes Outlook-be\u00e1ll\u00edt\u00e1s megtekint\u00e9se lehet\u0151s\u00e9get<\/strong>.<\/li>\n<\/ul>\n\n\n\n<figure class=\"wp-block-image size-large\"><img loading=\"lazy\" decoding=\"async\" width=\"1024\" height=\"768\" src=\"https:\/\/global.tab-tv.com\/hu\/wp-content\/uploads\/sites\/3\/2023\/03\/How-to-disable-predictive-text-on-Outlook-on-Office-365-web-version-2-1024x768.webp\" alt=\"\" class=\"wp-image-5410\" srcset=\"https:\/\/global.tab-tv.com\/hu\/wp-content\/uploads\/sites\/3\/2023\/03\/How-to-disable-predictive-text-on-Outlook-on-Office-365-web-version-2-1024x768.webp 1024w, https:\/\/global.tab-tv.com\/hu\/wp-content\/uploads\/sites\/3\/2023\/03\/How-to-disable-predictive-text-on-Outlook-on-Office-365-web-version-2-300x225.webp 300w, https:\/\/global.tab-tv.com\/hu\/wp-content\/uploads\/sites\/3\/2023\/03\/How-to-disable-predictive-text-on-Outlook-on-Office-365-web-version-2-768x576.webp 768w, https:\/\/global.tab-tv.com\/hu\/wp-content\/uploads\/sites\/3\/2023\/03\/How-to-disable-predictive-text-on-Outlook-on-Office-365-web-version-2.webp 1066w\" sizes=\"auto, (max-width: 1024px) 100vw, 1024px\" \/><\/figure>\n\n\n\n<ul class=\"wp-block-list\">\n<li>Ezut\u00e1n v\u00e1lassza a <strong>Mail <\/strong>lapot.<\/li>\n\n\n\n<li>Folytassa a <strong>kompon\u00e1l\u00e1st \u00e9s a v\u00e1laszad\u00e1st<\/strong>.<\/li>\n\n\n\n<li>G\u00f6rgessen lefel\u00e9, \u00e9s vegye le a jel\u00f6l\u0151n\u00e9gyzetet a <strong>Szavak vagy kifejez\u00e9sek javaslata g\u00e9pel\u00e9s k\u00f6zben<\/strong>.<\/li>\n<\/ul>\n\n\n\n<figure class=\"wp-block-image size-large\"><img loading=\"lazy\" decoding=\"async\" width=\"1024\" height=\"768\" src=\"https:\/\/global.tab-tv.com\/hu\/wp-content\/uploads\/sites\/3\/2023\/03\/How-to-disable-predictive-text-on-Outlook-on-Office-365-web-version-3-1024x768.webp\" alt=\"\" class=\"wp-image-5409\" srcset=\"https:\/\/global.tab-tv.com\/hu\/wp-content\/uploads\/sites\/3\/2023\/03\/How-to-disable-predictive-text-on-Outlook-on-Office-365-web-version-3-1024x768.webp 1024w, https:\/\/global.tab-tv.com\/hu\/wp-content\/uploads\/sites\/3\/2023\/03\/How-to-disable-predictive-text-on-Outlook-on-Office-365-web-version-3-300x225.webp 300w, https:\/\/global.tab-tv.com\/hu\/wp-content\/uploads\/sites\/3\/2023\/03\/How-to-disable-predictive-text-on-Outlook-on-Office-365-web-version-3-768x576.webp 768w, https:\/\/global.tab-tv.com\/hu\/wp-content\/uploads\/sites\/3\/2023\/03\/How-to-disable-predictive-text-on-Outlook-on-Office-365-web-version-3.webp 1066w\" sizes=\"auto, (max-width: 1024px) 100vw, 1024px\" \/><\/figure>\n\n\n\n<p>Vegye figyelembe, hogy ez a lehet\u0151s\u00e9g att\u00f3l f\u00fcggetlen\u00fcl el\u00e9rhet\u0151 lesz, hogy gyakran haszn\u00e1lja-e az Outlookot vagy sem. Ha el\u0151zetesen szeretn\u00e9 letiltani, akkor az Outlook haszn\u00e1lat\u00e1nak els\u0151 perc\u00e9t\u0151l kezdve megteheti.<\/p>\n\n\n\n<h2 class=\"wp-block-heading\"><a><\/a><strong>Hogyan lehet letiltani a predikt\u00edv sz\u00f6veget az Outlook mobilalkalmaz\u00e1son?<\/strong><\/h2>\n\n\n\n<p>Val\u00f3sz\u00edn\u0171leg a Microsoft Outlook mobilalkalmaz\u00e1st fogja haszn\u00e1lni, amikor e-maileket \u00edr okostelefonj\u00e1r\u00f3l vagy t\u00e1blag\u00e9p\u00e9r\u0151l. Ott is tal\u00e1lkozhat a sz\u00f6vegel\u0151rejelz\u00e9ssel. Ennek kikapcsol\u00e1s\u00e1hoz a k\u00f6vetkez\u0151kre van sz\u00fcks\u00e9g:<\/p>\n\n\n\n<ul class=\"wp-block-list\">\n<li>Az alkalmaz\u00e1s kezd\u0151lapj\u00e1n kattintson a k\u00e9perny\u0151 tetej\u00e9n tal\u00e1lhat\u00f3 <strong>profil ikonra.<\/strong><\/li>\n\n\n\n<li>Az oldals\u00f3 men\u00fcben a <strong>fogasker\u00e9k ikon <\/strong>seg\u00edts\u00e9g\u00e9vel v\u00e1lassza ki a be\u00e1ll\u00edt\u00e1sokat.<\/li>\n<\/ul>\n\n\n\n<figure class=\"wp-block-image size-large\"><img loading=\"lazy\" decoding=\"async\" width=\"1024\" height=\"994\" src=\"https:\/\/global.tab-tv.com\/hu\/wp-content\/uploads\/sites\/3\/2023\/03\/How-to-disable-predictive-text-on-Outlook-mobile-app-1-1024x994.webp\" alt=\"\" class=\"wp-image-5408\" srcset=\"https:\/\/global.tab-tv.com\/hu\/wp-content\/uploads\/sites\/3\/2023\/03\/How-to-disable-predictive-text-on-Outlook-mobile-app-1-1024x994.webp 1024w, https:\/\/global.tab-tv.com\/hu\/wp-content\/uploads\/sites\/3\/2023\/03\/How-to-disable-predictive-text-on-Outlook-mobile-app-1-300x291.webp 300w, https:\/\/global.tab-tv.com\/hu\/wp-content\/uploads\/sites\/3\/2023\/03\/How-to-disable-predictive-text-on-Outlook-mobile-app-1-768x746.webp 768w, https:\/\/global.tab-tv.com\/hu\/wp-content\/uploads\/sites\/3\/2023\/03\/How-to-disable-predictive-text-on-Outlook-mobile-app-1.webp 1280w\" sizes=\"auto, (max-width: 1024px) 100vw, 1024px\" \/><\/figure>\n\n\n\n<ul class=\"wp-block-list\">\n<li>Ezut\u00e1n kattintson az <strong>e-mail fi\u00f3kj\u00e1ra<\/strong>.<\/li>\n\n\n\n<li>Kapcsolja ki a <strong>Sz\u00f6veges el\u0151rejelz\u00e9sek <\/strong>opci\u00f3t.<\/li>\n<\/ul>\n\n\n\n<figure class=\"wp-block-image size-large\"><img loading=\"lazy\" decoding=\"async\" width=\"1024\" height=\"994\" src=\"https:\/\/global.tab-tv.com\/hu\/wp-content\/uploads\/sites\/3\/2023\/03\/How-to-disable-predictive-text-on-Outlook-mobile-app-2-1024x994.webp\" alt=\"\" class=\"wp-image-5407\" srcset=\"https:\/\/global.tab-tv.com\/hu\/wp-content\/uploads\/sites\/3\/2023\/03\/How-to-disable-predictive-text-on-Outlook-mobile-app-2-1024x994.webp 1024w, https:\/\/global.tab-tv.com\/hu\/wp-content\/uploads\/sites\/3\/2023\/03\/How-to-disable-predictive-text-on-Outlook-mobile-app-2-300x291.webp 300w, https:\/\/global.tab-tv.com\/hu\/wp-content\/uploads\/sites\/3\/2023\/03\/How-to-disable-predictive-text-on-Outlook-mobile-app-2-768x746.webp 768w, https:\/\/global.tab-tv.com\/hu\/wp-content\/uploads\/sites\/3\/2023\/03\/How-to-disable-predictive-text-on-Outlook-mobile-app-2.webp 1280w\" sizes=\"auto, (max-width: 1024px) 100vw, 1024px\" \/><\/figure>\n\n\n\n<p>Vegye figyelembe, hogy ez az utas\u00edt\u00e1s univerz\u00e1lis lesz az Android oper\u00e1ci\u00f3s rendszer \u00e9s az iPhone vagy iPad sz\u00e1m\u00e1ra. Az Outlook mobilalkalmaz\u00e1s gyakorlatilag ugyanaz a k\u00fcl\u00f6nb\u00f6z\u0151 rendszereken.<\/p>\n\n\n\n<h2 class=\"wp-block-heading\"><a><\/a><strong>Mi az a predikt\u00edv sz\u00f6veg az Outlookban?<\/strong><\/h2>\n\n\n\n<p>Az automatikus jav\u00edt\u00e1sk\u00e9nt vagy automatikus kit\u00f6lt\u00e9sk\u00e9nt is ismert sz\u00f6vegel\u0151rejelz\u00e9s az Outlook olyan funkci\u00f3ja, amely a g\u00e9pel\u00e9s sor\u00e1n szavakat vagy kifejez\u00e9seket javasol. A predikt\u00edv sz\u00f6veg c\u00e9lja, hogy seg\u00edtsen gyorsabban \u00e9s pontosabban g\u00e9pelni az\u00e1ltal, hogy megj\u00f3solja, mit fog be\u00edrni, \u00e9s javaslatokat tesz a m\u00e1r be\u00edrt sz\u00f6vegek alapj\u00e1n.<\/p>\n\n\n\n<p>Amikor elkezd be\u00edrni egy sz\u00f3t vagy kifejez\u00e9st az Outlookban, a sz\u00f6vegj\u00f3sl\u00f3 funkci\u00f3 elemzi a be\u00edrt sz\u00f6veget, \u00e9s javaslatokat tesz az \u00e1ltal\u00e1nos haszn\u00e1lat \u00e9s a sz\u00f6vegk\u00f6rnyezet alapj\u00e1n. P\u00e9ld\u00e1ul, ha be\u00edrja a &#8222;tal\u00e1lkoz\u00f3&#8221; sz\u00f3t, az Outlook az \u00fczenete kontextusa alapj\u00e1n a &#8222;tal\u00e1lkoz\u00f3&#8221; vagy a &#8222;tal\u00e1lkoz\u00f3k&#8221; sz\u00f3t javasolja. Ez id\u0151t \u00e9s energi\u00e1t takar\u00edthat meg az\u00e1ltal, hogy cs\u00f6kkenti a sz\u00fcks\u00e9ges billenty\u0171le\u00fct\u00e9seket, \u00e9s kijav\u00edtja a g\u00e9pel\u00e9s k\u00f6zben elk\u00f6vetett hib\u00e1kat.<\/p>\n\n\n\n<p>Az Outlook el\u0151rejelz\u0151 sz\u00f6vege az angol nyelvben \u00e1ltal\u00e1nosan haszn\u00e1lt szavak \u00e9s kifejez\u00e9sek sz\u00f3t\u00e1r\u00e1nak seg\u00edts\u00e9g\u00e9vel m\u0171k\u00f6dik. Ez a sz\u00f3t\u00e1r folyamatosan friss\u00fcl \u00e9s finomodik, hogy \u00faj szavakat \u00e9s kifejez\u00e9seket tartalmazzon, ahogy azok egyre sz\u00e9lesebb k\u00f6rben haszn\u00e1latosak. Az Outlook id\u0151vel megtanulhatja az \u00d6n g\u00e9pel\u00e9si szok\u00e1sait is, \u00e9s ennek megfelel\u0151en m\u00f3dos\u00edthatja javaslatait.<\/p>\n\n\n\n<h2 class=\"wp-block-heading\"><a><\/a><strong>Mi\u00e9rt lehet, hogy ki kell kapcsolnia a predikt\u00edv sz\u00f6veget az Outlookban?<\/strong><\/h2>\n\n\n\n<p>B\u00e1r a predikt\u00edv sz\u00f6veg sok felhaszn\u00e1l\u00f3 sz\u00e1m\u00e1ra hasznos funkci\u00f3 lehet, t\u00f6bb oka is van annak, hogy mi\u00e9rt kell kikapcsolnia vagy testre szabnia az Outlook automatikus helyes\u00edr\u00e1si be\u00e1ll\u00edt\u00e1sait. \u00cdme n\u00e9h\u00e1ny olyan eset, amikor \u00e9rdemes letiltani a predikt\u00edv sz\u00f6veget:<\/p>\n\n\n\n<ul class=\"wp-block-list\">\n<li><strong>\u00d6n ink\u00e1bb k\u00e9zzel \u00edrja be az \u00fczeneteket<\/strong>: Egyes felhaszn\u00e1l\u00f3k ink\u00e1bb k\u00e9zzel \u00edrj\u00e1k be az \u00fczeneteiket, minthogy a predikt\u00edv sz\u00f6vegre hagyatkozzanak. Ennek oka lehet, hogy zavar\u00f3nak vagy irrelev\u00e1nsnak tal\u00e1lj\u00e1k a javaslatokat, vagy hozz\u00e1szoktak az automatikus jav\u00edt\u00e1s n\u00e9lk\u00fcli g\u00e9pel\u00e9shez. Ha ez a helyzet, a predikt\u00edv sz\u00f6veg kikapcsol\u00e1sa az Outlookban seg\u00edthet abban, hogy az \u00fczenetek saj\u00e1t szavaival, zavar\u00e1s n\u00e9lk\u00fcl \u00edrja be \u00fczeneteit.<\/li>\n\n\n\n<li><strong>A javaslatok pontatlanok vagy nem megfelel\u0151ek<\/strong>: B\u00e1r a sz\u00f6vegj\u00f3sl\u00f3 funkci\u00f3t \u00fagy tervezt\u00e9k, hogy hasznos javaslatokat tegyen az \u00d6n g\u00e9pel\u00e9se alapj\u00e1n, n\u00e9ha hib\u00e1zik, vagy olyan javaslatokat tesz, amelyek nem illenek az \u00fczenet kontextus\u00e1hoz. Ha p\u00e9ld\u00e1ul olyan szakkifejez\u00e9st vagy nevet \u00edr be, amely nem szerepel a sz\u00f3t\u00e1rban, az Outlook helytelen vagy nem megfelel\u0151 javaslatokat adhat. Ezekben az esetekben a legjobb lehet kikapcsolni a predikt\u00edv sz\u00f6veget, vagy testre szabni az automatikus jav\u00edt\u00e1s be\u00e1ll\u00edt\u00e1sait, hogy megel\u0151zze ezeket a hib\u00e1kat.<\/li>\n\n\n\n<li><strong>\u00d6nnek adatv\u00e9delmi agg\u00e1lyai vannak<\/strong>: A predikt\u00edv sz\u00f6veges algoritmusok adatokat gy\u0171jthetnek \u00e9s t\u00e1rolhatnak az \u00d6n g\u00e9pel\u00e9si szok\u00e1sair\u00f3l, hogy id\u0151vel jav\u00edts\u00e1k pontoss\u00e1gukat \u00e9s relevanci\u00e1jukat. Egyes felhaszn\u00e1l\u00f3knak kellemetlen lehet ez az adatgy\u0171jt\u00e9s, \u00e9s adatv\u00e9delmi okokb\u00f3l ink\u00e1bb kikapcsolj\u00e1k a predikt\u00edv sz\u00f6veget.<\/li>\n\n\n\n<li><strong>Olyan szakkifejez\u00e9seket vagy szakzsargont haszn\u00e1l, amelyek nincsenek benne a sz\u00f3t\u00e1rban<\/strong>: Ha gyakran haszn\u00e1l olyan szakkifejez\u00e9seket vagy szakzsargont, amelyek nem szerepelnek a sz\u00f6vegj\u00f3sl\u00f3 sz\u00f3t\u00e1rban, az Outlook helytelen vagy irrelev\u00e1ns javaslatokat tehet. Ezekben az esetekben sz\u00fcks\u00e9g lehet a predikt\u00edv sz\u00f6veg kikapcsol\u00e1s\u00e1ra vagy az automatikus jav\u00edt\u00e1s be\u00e1ll\u00edt\u00e1sainak testreszab\u00e1s\u00e1ra, hogy ezek a kifejez\u00e9sek is szerepeljenek benne.<\/li>\n\n\n\n<li><strong>\u00d6n jobban szereti jobban ellen\u0151rizni a g\u00e9pel\u00e9s\u00e9t<\/strong>: Egyes felhaszn\u00e1l\u00f3k jobban szeretik ellen\u0151rizni a g\u00e9pel\u00e9s\u00fcket \u00e9s az \u00e1ltaluk k\u00fcld\u00f6tt \u00fczeneteket. A predikt\u00edv sz\u00f6veg kikapcsol\u00e1s\u00e1val vagy az automatikus jav\u00edt\u00e1s be\u00e1ll\u00edt\u00e1sainak testreszab\u00e1s\u00e1val biztos\u00edthatja, hogy \u00fczenetei pontosan az \u00d6n sz\u00e1nd\u00e9ka szerint legyenek beg\u00e9pelve.<\/li>\n<\/ul>\n\n\n\n<p>\u00d6sszess\u00e9g\u00e9ben elmondhat\u00f3, hogy b\u00e1r a predikt\u00edv sz\u00f6veg hasznos funkci\u00f3 lehet az Outlookban, sz\u00e1mos oka van annak, hogy mi\u00e9rt kell kikapcsolnia vagy testre szabnia az automatikus helyes\u00edr\u00e1si be\u00e1ll\u00edt\u00e1sokat. Ak\u00e1r az\u00e9rt, mert ink\u00e1bb k\u00e9zzel g\u00e9pel, ak\u00e1r az\u00e9rt, mert adatv\u00e9delmi agg\u00e1lyai vannak, vagy mert gyakran haszn\u00e1l szakkifejez\u00e9seket, sz\u00e1mos m\u00f3dja van annak, hogy az Outlook-\u00e9lm\u00e9nyt az \u00d6n preferenci\u00e1inak megfelel\u0151en testre szabja.<\/p>\n","protected":false},"excerpt":{"rendered":"<p>Az Outlook egyik olyan funkci\u00f3ja, amelyet sok felhaszn\u00e1l\u00f3 hasznosnak tal\u00e1l, a predikt\u00edv sz\u00f6veg, amely be\u00edr\u00e1s k\u00f6zben szavakat vagy kifejez\u00e9seket javasol, \u00edgy gyorsabb\u00e1 \u00e9s k\u00f6nnyebb\u00e9 teszi az \u00fczenetek meg\u00edr\u00e1s\u00e1t. Egyes felhaszn\u00e1l\u00f3k azonban k\u00fcl\u00f6nb\u00f6z\u0151 okokb\u00f3l ink\u00e1bb kikapcsolj\u00e1k ezt a funkci\u00f3t. Ezt b\u00e1rmely olyan eszk\u00f6zr\u0151l megteheti, amelyen az Outlookot haszn\u00e1lni tudja. Hogyan lehet letiltani a predikt\u00edv sz\u00f6veget az [&hellip;]<\/p>\n","protected":false},"author":1,"featured_media":5416,"comment_status":"open","ping_status":"open","sticky":false,"template":"","format":"standard","meta":{"_monsterinsights_skip_tracking":false,"_monsterinsights_sitenote_active":false,"_monsterinsights_sitenote_note":"","_monsterinsights_sitenote_category":0,"footnotes":""},"categories":[2],"tags":[212],"class_list":{"0":"post-5406","1":"post","2":"type-post","3":"status-publish","4":"format-standard","5":"has-post-thumbnail","7":"category-utmutatok","8":"tag-outlook"},"_links":{"self":[{"href":"https:\/\/global.tab-tv.com\/hu\/wp-json\/wp\/v2\/posts\/5406","targetHints":{"allow":["GET"]}}],"collection":[{"href":"https:\/\/global.tab-tv.com\/hu\/wp-json\/wp\/v2\/posts"}],"about":[{"href":"https:\/\/global.tab-tv.com\/hu\/wp-json\/wp\/v2\/types\/post"}],"author":[{"embeddable":true,"href":"https:\/\/global.tab-tv.com\/hu\/wp-json\/wp\/v2\/users\/1"}],"replies":[{"embeddable":true,"href":"https:\/\/global.tab-tv.com\/hu\/wp-json\/wp\/v2\/comments?post=5406"}],"version-history":[{"count":1,"href":"https:\/\/global.tab-tv.com\/hu\/wp-json\/wp\/v2\/posts\/5406\/revisions"}],"predecessor-version":[{"id":5417,"href":"https:\/\/global.tab-tv.com\/hu\/wp-json\/wp\/v2\/posts\/5406\/revisions\/5417"}],"wp:featuredmedia":[{"embeddable":true,"href":"https:\/\/global.tab-tv.com\/hu\/wp-json\/wp\/v2\/media\/5416"}],"wp:attachment":[{"href":"https:\/\/global.tab-tv.com\/hu\/wp-json\/wp\/v2\/media?parent=5406"}],"wp:term":[{"taxonomy":"category","embeddable":true,"href":"https:\/\/global.tab-tv.com\/hu\/wp-json\/wp\/v2\/categories?post=5406"},{"taxonomy":"post_tag","embeddable":true,"href":"https:\/\/global.tab-tv.com\/hu\/wp-json\/wp\/v2\/tags?post=5406"}],"curies":[{"name":"wp","href":"https:\/\/api.w.org\/{rel}","templated":true}]}}