{"id":548,"date":"2023-04-28T01:12:00","date_gmt":"2023-04-28T01:12:00","guid":{"rendered":"https:\/\/global.tab-tv.com\/hu\/?p=548"},"modified":"2023-04-28T09:45:53","modified_gmt":"2023-04-28T09:45:53","slug":"hogyan-lehet-letiltani-az-osztott-kepernyot-a-safariban","status":"publish","type":"post","link":"https:\/\/global.tab-tv.com\/hu\/hogyan-lehet-letiltani-az-osztott-kepernyot-a-safariban\/","title":{"rendered":"Hogyan lehet letiltani az osztott k\u00e9perny\u0151t a Safariban"},"content":{"rendered":"\n<p>A Safari osztott k\u00e9perny\u0151 funkci\u00f3ja lehet\u0151v\u00e9 teszi, hogy egyszerre k\u00e9t webhelyet n\u00e9zzen meg Mac vagy iPad k\u00e9sz\u00fcl\u00e9k\u00e9n. Ez a funkci\u00f3 nagyon hasznos lehet, ha egyszerre k\u00e9t k\u00fcl\u00f6nb\u00f6z\u0151 weboldalr\u00f3l kell inform\u00e1ci\u00f3t szerezned, vagy ha egyszer\u0171en csak t\u00f6bb feladatot szeretn\u00e9l elv\u00e9gezni, \u00e9s produkt\u00edvabb\u00e1 v\u00e1lni. Jelenleg az iPhone-on az osztott k\u00e9perny\u0151 a Safariban nem m\u0171k\u00f6dik. De helyette az iPhone-nak van Slide Over.<\/p>\n\n\n\n<h1 class=\"wp-block-heading\"><a><\/a><strong>Hogyan lehet kikapcsolni az osztott k\u00e9perny\u0151t a Safariban Macen?<\/strong><\/h1>\n\n\n\n<p>Mac sz\u00e1m\u00edt\u00f3g\u00e9pen a Safariban osztott k\u00e9perny\u0151s m\u00f3dra v\u00e1lthat, ha lenyomja \u00e9s lenyomva tartja a Safari ablak bal fels\u0151 sark\u00e1ban l\u00e9v\u0151 z\u00f6ld, teljes k\u00e9perny\u0151s gombot. Ekkor megjelenik egy men\u00fc, amelyben kiv\u00e1laszthatja, hogy a Safari ablakot a k\u00e9perny\u0151 bal vagy jobb oldal\u00e1ra szeretn\u00e9-e helyezni. Ezut\u00e1n kiv\u00e1laszthat egy m\u00e1sik Safari ablakot, amely kit\u00f6lti az osztott k\u00e9perny\u0151 m\u00e1sik oldal\u00e1t.<\/p>\n\n\n\n<p>Az osztott k\u00e9perny\u0151 kikapcsol\u00e1s\u00e1hoz a Safariban Macen t\u00f6bb lehet\u0151s\u00e9g is van:<\/p>\n\n\n\n<ul class=\"wp-block-list\">\n<li><strong>Kattintson a <\/strong>Safari ablak bal fels\u0151 sark\u00e1ban l\u00e9v\u0151 <strong>z\u00f6ld teljes k\u00e9perny\u0151 gombra, \u00e9s tartsa lenyomva.<\/strong><\/li>\n<\/ul>\n\n\n\n<figure class=\"wp-block-image size-full\"><img loading=\"lazy\" decoding=\"async\" width=\"812\" height=\"1024\" src=\"https:\/\/global.tab-tv.com\/hu\/wp-content\/uploads\/sites\/3\/2023\/04\/How-to-turn-off-the-split-screen-in-Safari-using-Mac1.webp\" alt=\"\" class=\"wp-image-6362\" srcset=\"https:\/\/global.tab-tv.com\/hu\/wp-content\/uploads\/sites\/3\/2023\/04\/How-to-turn-off-the-split-screen-in-Safari-using-Mac1.webp 812w, https:\/\/global.tab-tv.com\/hu\/wp-content\/uploads\/sites\/3\/2023\/04\/How-to-turn-off-the-split-screen-in-Safari-using-Mac1-238x300.webp 238w, https:\/\/global.tab-tv.com\/hu\/wp-content\/uploads\/sites\/3\/2023\/04\/How-to-turn-off-the-split-screen-in-Safari-using-Mac1-768x969.webp 768w\" sizes=\"auto, (max-width: 812px) 100vw, 812px\" \/><\/figure>\n\n\n\n<p>Ekkor megjelenik egy men\u00fc, amelyb\u0151l kiv\u00e1laszthatja, hogy ki akar-e l\u00e9pni a teljes k\u00e9perny\u0151s m\u00f3db\u00f3l, \u00e9s vissza akar-e t\u00e9rni egyetlen ablakhoz, vagy pedig a Safari ablakot a k\u00e9perny\u0151 bal vagy jobb oldal\u00e1ra szeretn\u00e9 csemp\u00e9zni, hogy osztott k\u00e9perny\u0151t hozzon l\u00e9tre. Az osztott k\u00e9perny\u0151s m\u00f3db\u00f3l val\u00f3 kil\u00e9p\u00e9shez \u00e9s az egyetlen ablakhoz val\u00f3 visszat\u00e9r\u00e9shez egyszer\u0171en kattintson a men\u00fc <strong>&#8222;Teljes k\u00e9perny\u0151s ablakot k\u00e9sz\u00edteni&#8221; <\/strong>gombj\u00e1ra.<\/p>\n\n\n\n<figure class=\"wp-block-image size-full\"><img loading=\"lazy\" decoding=\"async\" width=\"514\" height=\"272\" src=\"https:\/\/global.tab-tv.com\/hu\/wp-content\/uploads\/sites\/3\/2023\/04\/How-to-turn-off-the-split-screen-in-Safari-using-Mac2.webp\" alt=\"\" class=\"wp-image-6361\" srcset=\"https:\/\/global.tab-tv.com\/hu\/wp-content\/uploads\/sites\/3\/2023\/04\/How-to-turn-off-the-split-screen-in-Safari-using-Mac2.webp 514w, https:\/\/global.tab-tv.com\/hu\/wp-content\/uploads\/sites\/3\/2023\/04\/How-to-turn-off-the-split-screen-in-Safari-using-Mac2-300x159.webp 300w\" sizes=\"auto, (max-width: 514px) 100vw, 514px\" \/><\/figure>\n\n\n\n<ul class=\"wp-block-list\">\n<li>Az osztott k\u00e9perny\u0151s m\u00f3db\u00f3l val\u00f3 kil\u00e9p\u00e9shez a Mission Controlt is haszn\u00e1lhatja. Ehhez <strong>nyomja meg az F3 billenty\u0171t<\/strong>, vagy h\u00fazza felfel\u00e9 h\u00e1rom vagy n\u00e9gy ujjal a trackpadon.<\/li>\n<\/ul>\n\n\n\n<figure class=\"wp-block-image size-large\"><img loading=\"lazy\" decoding=\"async\" width=\"1024\" height=\"541\" src=\"https:\/\/global.tab-tv.com\/hu\/wp-content\/uploads\/sites\/3\/2023\/04\/How-to-turn-off-the-split-screen-in-Safari-using-Mac3-1024x541.webp\" alt=\"\" class=\"wp-image-6360\" srcset=\"https:\/\/global.tab-tv.com\/hu\/wp-content\/uploads\/sites\/3\/2023\/04\/How-to-turn-off-the-split-screen-in-Safari-using-Mac3-1024x541.webp 1024w, https:\/\/global.tab-tv.com\/hu\/wp-content\/uploads\/sites\/3\/2023\/04\/How-to-turn-off-the-split-screen-in-Safari-using-Mac3-300x158.webp 300w, https:\/\/global.tab-tv.com\/hu\/wp-content\/uploads\/sites\/3\/2023\/04\/How-to-turn-off-the-split-screen-in-Safari-using-Mac3-768x406.webp 768w, https:\/\/global.tab-tv.com\/hu\/wp-content\/uploads\/sites\/3\/2023\/04\/How-to-turn-off-the-split-screen-in-Safari-using-Mac3.webp 1068w\" sizes=\"auto, (max-width: 1024px) 100vw, 1024px\" \/><\/figure>\n\n\n\n<p>Innen az osztott k\u00e9perny\u0151s Safari ablakot a saj\u00e1t asztal\u00e1ra h\u00fazhatja, vagy a k\u00e9perny\u0151 alj\u00e1ra h\u00fazhatja, hogy kil\u00e9pjen az osztott k\u00e9perny\u0151s m\u00f3db\u00f3l, \u00e9s visszat\u00e9rjen az egyetlen ablakhoz.<\/p>\n\n\n\n<p>Miut\u00e1n kil\u00e9pett az osztott k\u00e9perny\u0151s m\u00f3db\u00f3l, a Safarit a szok\u00e1sos m\u00f3don, egyetlen ablakban haszn\u00e1lhatja tov\u00e1bb.<\/p>\n\n\n\n<h2 class=\"wp-block-heading\"><a><\/a><strong>Hogyan lehet kikapcsolni az osztott k\u00e9perny\u0151t a Safariban iPad haszn\u00e1lat\u00e1val?<\/strong><\/h2>\n\n\n\n<p>Az iPad osztott k\u00e9perny\u0151 funkci\u00f3ja lehet\u0151v\u00e9 teszi, hogy egyszerre k\u00e9t alkalmaz\u00e1st vagy weboldalt nyisson meg a k\u00e9perny\u0151n. Ez a funkci\u00f3 a legk\u00e9nyelmesebben az iPaden m\u0171k\u00f6dik. Ak\u00e1r a Safarit, ak\u00e1r a Fot\u00f3k alkalmaz\u00e1st haszn\u00e1lja, ezt a funkci\u00f3t ugyanazokkal a l\u00e9p\u00e9sekkel kezelheti. Az osztott k\u00e9perny\u0151 kikapcsol\u00e1sa a Safariban az iPad-en:<\/p>\n\n\n\n<ul class=\"wp-block-list\">\n<li>Koppintson a k\u00e9perny\u0151 tetej\u00e9n l\u00e9v\u0151 <strong>Multitasking gombra.<\/strong><\/li>\n<\/ul>\n\n\n\n<figure class=\"wp-block-image size-large\"><img loading=\"lazy\" decoding=\"async\" width=\"1024\" height=\"745\" src=\"https:\/\/global.tab-tv.com\/hu\/wp-content\/uploads\/sites\/3\/2023\/04\/How-to-turn-off-the-split-screen-in-Safari-using-iPad1-1024x745.webp\" alt=\"\" class=\"wp-image-6359\" srcset=\"https:\/\/global.tab-tv.com\/hu\/wp-content\/uploads\/sites\/3\/2023\/04\/How-to-turn-off-the-split-screen-in-Safari-using-iPad1-1024x745.webp 1024w, https:\/\/global.tab-tv.com\/hu\/wp-content\/uploads\/sites\/3\/2023\/04\/How-to-turn-off-the-split-screen-in-Safari-using-iPad1-300x218.webp 300w, https:\/\/global.tab-tv.com\/hu\/wp-content\/uploads\/sites\/3\/2023\/04\/How-to-turn-off-the-split-screen-in-Safari-using-iPad1-768x559.webp 768w, https:\/\/global.tab-tv.com\/hu\/wp-content\/uploads\/sites\/3\/2023\/04\/How-to-turn-off-the-split-screen-in-Safari-using-iPad1-324x235.webp 324w, https:\/\/global.tab-tv.com\/hu\/wp-content\/uploads\/sites\/3\/2023\/04\/How-to-turn-off-the-split-screen-in-Safari-using-iPad1.webp 1068w\" sizes=\"auto, (max-width: 1024px) 100vw, 1024px\" \/><\/figure>\n\n\n\n<ul class=\"wp-block-list\">\n<li>V\u00e1lassza a <strong>&#8222;Bez\u00e1r\u00e1s&#8221; lehet\u0151s\u00e9get.<\/strong><\/li>\n<\/ul>\n\n\n\n<figure class=\"wp-block-image size-large\"><img loading=\"lazy\" decoding=\"async\" width=\"1024\" height=\"745\" src=\"https:\/\/global.tab-tv.com\/hu\/wp-content\/uploads\/sites\/3\/2023\/04\/How-to-turn-off-the-split-screen-in-Safari-using-iPad2-1024x745.webp\" alt=\"\" class=\"wp-image-6358\" srcset=\"https:\/\/global.tab-tv.com\/hu\/wp-content\/uploads\/sites\/3\/2023\/04\/How-to-turn-off-the-split-screen-in-Safari-using-iPad2-1024x745.webp 1024w, https:\/\/global.tab-tv.com\/hu\/wp-content\/uploads\/sites\/3\/2023\/04\/How-to-turn-off-the-split-screen-in-Safari-using-iPad2-300x218.webp 300w, https:\/\/global.tab-tv.com\/hu\/wp-content\/uploads\/sites\/3\/2023\/04\/How-to-turn-off-the-split-screen-in-Safari-using-iPad2-768x559.webp 768w, https:\/\/global.tab-tv.com\/hu\/wp-content\/uploads\/sites\/3\/2023\/04\/How-to-turn-off-the-split-screen-in-Safari-using-iPad2-324x235.webp 324w, https:\/\/global.tab-tv.com\/hu\/wp-content\/uploads\/sites\/3\/2023\/04\/How-to-turn-off-the-split-screen-in-Safari-using-iPad2.webp 1068w\" sizes=\"auto, (max-width: 1024px) 100vw, 1024px\" \/><\/figure>\n\n\n\n<p>Val\u00f3j\u00e1ban a <strong>&#8222;Teljes k\u00e9perny\u0151&#8221; opci\u00f3t <\/strong>is <strong>kiv\u00e1laszthatja.<\/strong> Ennek eredm\u00e9nyek\u00e9ppen a kiv\u00e1lasztott ablak teljes k\u00e9perny\u0151s lesz. Ha a &#8222;Bez\u00e1r\u00e1s&#8221; lehet\u0151s\u00e9get v\u00e1lasztja, akkor a szomsz\u00e9dos ablakot bez\u00e1rja.<\/p>\n\n\n\n<h2 class=\"wp-block-heading\"><a><\/a><strong>Hogyan m\u0171k\u00f6dik az osztott k\u00e9perny\u0151 az iPhone-on, \u00e9s hogyan lehet kikapcsolni?<\/strong><\/h2>\n\n\n\n<p>Az osztott k\u00e9perny\u0151 nem \u00e9rhet\u0151 el az iPhone-okon, de a Slide Over nev\u0171 funkci\u00f3val ideiglenesen megjelen\u00edthet egy m\u00e1sodik alkalmaz\u00e1st az iPhone k\u00e9perny\u0151j\u00e9n an\u00e9lk\u00fcl, hogy elhagyn\u00e1 az els\u0151 alkalmaz\u00e1st, amelyet \u00e9ppen haszn\u00e1l.<\/p>\n\n\n\n<p>A f\u0151 k\u00fcl\u00f6nbs\u00e9g az iPhone-on az osztott k\u00e9perny\u0151 \u00e9s a Slide Over k\u00f6z\u00f6tt az, hogy az osztott k\u00e9perny\u0151 lehet\u0151v\u00e9 teszi, hogy egyszerre k\u00e9t alkalmaz\u00e1s legyen nyitva egym\u00e1s mellett a k\u00e9perny\u0151n, m\u00edg a Slide Over lehet\u0151v\u00e9 teszi, hogy egy m\u00e1sodik alkalmaz\u00e1s egy keskeny oszlopban jelenjen meg az els\u0151 alkalmaz\u00e1s tetej\u00e9n.<\/p>\n\n\n\n<p>A Slide Over funkci\u00f3val a m\u00e1sodik alkalmaz\u00e1s ideiglenes fel\u00fcleten jelenik meg az els\u0151 alkalmaz\u00e1son, de az els\u0151 alkalmaz\u00e1s tov\u00e1bbra is teljes eg\u00e9sz\u00e9ben l\u00e1that\u00f3 marad, \u00e9s tov\u00e1bbra is interakci\u00f3ba l\u00e9phet vele.<\/p>\n\n\n\n<p>A Slide Over kikapcsol\u00e1sa iPhone-on:<\/p>\n\n\n\n<ul class=\"wp-block-list\">\n<li>Az ablak <strong>&#8222;x&#8221; ikonj\u00e1ra <\/strong>kell kattintania.<\/li>\n<\/ul>\n\n\n\n<figure class=\"wp-block-image size-large\"><img loading=\"lazy\" decoding=\"async\" width=\"512\" height=\"1024\" src=\"https:\/\/global.tab-tv.com\/hu\/wp-content\/uploads\/sites\/3\/2023\/04\/How-does-the-split-screen-on-an-iPhone-work-and-how-to-turn-it-off-512x1024.webp\" alt=\"\" class=\"wp-image-6357\" srcset=\"https:\/\/global.tab-tv.com\/hu\/wp-content\/uploads\/sites\/3\/2023\/04\/How-does-the-split-screen-on-an-iPhone-work-and-how-to-turn-it-off-512x1024.webp 512w, https:\/\/global.tab-tv.com\/hu\/wp-content\/uploads\/sites\/3\/2023\/04\/How-does-the-split-screen-on-an-iPhone-work-and-how-to-turn-it-off-150x300.webp 150w, https:\/\/global.tab-tv.com\/hu\/wp-content\/uploads\/sites\/3\/2023\/04\/How-does-the-split-screen-on-an-iPhone-work-and-how-to-turn-it-off.webp 696w\" sizes=\"auto, (max-width: 512px) 100vw, 512px\" \/><\/figure>\n\n\n\n<p>Az iPhone-on a Slide Over nem engedi, hogy k\u00e9t Safari ablakot nyisson. De meg tudja majd nyitni a streaming alkalmaz\u00e1st, mik\u00f6zben feladatokat v\u00e9gez a Safariban.<\/p>\n\n\n\n<h2 class=\"wp-block-heading\"><a><\/a><strong>Milyen h\u00e1tr\u00e1nyai vannak a Safari osztott k\u00e9perny\u0151 funkci\u00f3j\u00e1nak?<\/strong><\/h2>\n\n\n\n<p>B\u00e1r az osztott k\u00e9perny\u0151 hasznos funkci\u00f3 lehet a t\u00f6bbfeladatos munkav\u00e9gz\u00e9s \u00e9s a termel\u00e9kenys\u00e9g szempontj\u00e1b\u00f3l, a Safariban val\u00f3 haszn\u00e1lat\u00e1nak van n\u00e9h\u00e1ny lehets\u00e9ges h\u00e1tr\u00e1nya:<\/p>\n\n\n\n<h3 class=\"wp-block-heading\"><a><\/a><strong>Korl\u00e1tozott k\u00e9perny\u0151ter\u00fclet<\/strong><\/h3>\n\n\n\n<p>Amikor osztott k\u00e9perny\u0151 m\u00f3dot haszn\u00e1l, az egyes alkalmaz\u00e1sok vagy weboldalak csak a k\u00e9perny\u0151 egy r\u00e9sz\u00e9t foglalj\u00e1k el. Ez megnehez\u00edtheti, hogy mindent egyszerre l\u00e1sson, k\u00fcl\u00f6n\u00f6sen, ha sok sz\u00f6veggel vagy k\u00e9ppel dolgozik.<\/p>\n\n\n\n<h3 class=\"wp-block-heading\"><a><\/a><strong>Cs\u00f6kkent termel\u00e9kenys\u00e9g<\/strong><\/h3>\n\n\n\n<p>Egyes felhaszn\u00e1l\u00f3k \u00fagy tal\u00e1lj\u00e1k, hogy az osztott k\u00e9perny\u0151 m\u00f3d val\u00f3j\u00e1ban cs\u00f6kkentheti a termel\u00e9kenys\u00e9g\u00fcket, mivel t\u00f6bb id\u0151t t\u00f6ltenek az alkalmaz\u00e1sok vagy ablakok k\u00f6z\u00f6tti v\u00e1lt\u00e1ssal, mint a t\u00e9nyleges munk\u00e1val.<\/p>\n\n\n\n<h3 class=\"wp-block-heading\"><a><\/a><strong>Kompatibilit\u00e1si probl\u00e9m\u00e1k<\/strong><\/h3>\n\n\n\n<p>Nem minden alkalmaz\u00e1s vagy webhely kompatibilis az osztott k\u00e9perny\u0151 m\u00f3ddal. Ez azt jelenti, hogy el\u0151fordulhat, hogy bizonyos alkalmaz\u00e1sokban vagy weboldalakon nem tudja haszn\u00e1lni az \u00f6sszes sz\u00fcks\u00e9ges eszk\u00f6zt vagy funkci\u00f3t, amikor osztott k\u00e9perny\u0151s m\u00f3dban dolgozik.<\/p>\n\n\n\n<h3 class=\"wp-block-heading\"><a><\/a><strong>Alkalmaz\u00e1s elrendez\u00e9si probl\u00e9m\u00e1k<\/strong><\/h3>\n\n\n\n<p>Bizonyos esetekben el\u0151fordulhat, hogy egy alkalmaz\u00e1s vagy weboldal elrendez\u00e9se nincs optimaliz\u00e1lva az osztott k\u00e9perny\u0151s m\u00f3dra, ami megnehez\u00edtheti az olvas\u00e1st vagy a navig\u00e1ci\u00f3t.<\/p>\n\n\n\n<p>\u00d6sszess\u00e9g\u00e9ben, b\u00e1r az osztott k\u00e9perny\u0151 m\u00f3d hasznos funkci\u00f3 lehet, fontos figyelembe venni ezeket a lehets\u00e9ges h\u00e1tr\u00e1nyokat, \u00e9s eld\u00f6nteni, hogy ez a megfelel\u0151 eszk\u00f6z-e az \u00d6n ig\u00e9nyeinek.<\/p>\n\n\n\n<p><\/p>\n","protected":false},"excerpt":{"rendered":"<p>A Safari osztott k\u00e9perny\u0151 funkci\u00f3ja lehet\u0151v\u00e9 teszi, hogy egyszerre k\u00e9t webhelyet n\u00e9zzen meg Mac vagy iPad k\u00e9sz\u00fcl\u00e9k\u00e9n. Ez a funkci\u00f3 nagyon hasznos lehet, ha egyszerre k\u00e9t k\u00fcl\u00f6nb\u00f6z\u0151 weboldalr\u00f3l kell inform\u00e1ci\u00f3t szerezned, vagy ha egyszer\u0171en csak t\u00f6bb feladatot szeretn\u00e9l elv\u00e9gezni, \u00e9s produkt\u00edvabb\u00e1 v\u00e1lni. Jelenleg az iPhone-on az osztott k\u00e9perny\u0151 a Safariban nem m\u0171k\u00f6dik. De helyette az [&hellip;]<\/p>\n","protected":false},"author":1,"featured_media":6363,"comment_status":"open","ping_status":"open","sticky":false,"template":"","format":"standard","meta":{"_monsterinsights_skip_tracking":false,"_monsterinsights_sitenote_active":false,"_monsterinsights_sitenote_note":"","_monsterinsights_sitenote_category":0,"footnotes":""},"categories":[2],"tags":[95],"class_list":{"0":"post-548","1":"post","2":"type-post","3":"status-publish","4":"format-standard","5":"has-post-thumbnail","7":"category-utmutatok","8":"tag-safari"},"_links":{"self":[{"href":"https:\/\/global.tab-tv.com\/hu\/wp-json\/wp\/v2\/posts\/548","targetHints":{"allow":["GET"]}}],"collection":[{"href":"https:\/\/global.tab-tv.com\/hu\/wp-json\/wp\/v2\/posts"}],"about":[{"href":"https:\/\/global.tab-tv.com\/hu\/wp-json\/wp\/v2\/types\/post"}],"author":[{"embeddable":true,"href":"https:\/\/global.tab-tv.com\/hu\/wp-json\/wp\/v2\/users\/1"}],"replies":[{"embeddable":true,"href":"https:\/\/global.tab-tv.com\/hu\/wp-json\/wp\/v2\/comments?post=548"}],"version-history":[{"count":3,"href":"https:\/\/global.tab-tv.com\/hu\/wp-json\/wp\/v2\/posts\/548\/revisions"}],"predecessor-version":[{"id":6364,"href":"https:\/\/global.tab-tv.com\/hu\/wp-json\/wp\/v2\/posts\/548\/revisions\/6364"}],"wp:featuredmedia":[{"embeddable":true,"href":"https:\/\/global.tab-tv.com\/hu\/wp-json\/wp\/v2\/media\/6363"}],"wp:attachment":[{"href":"https:\/\/global.tab-tv.com\/hu\/wp-json\/wp\/v2\/media?parent=548"}],"wp:term":[{"taxonomy":"category","embeddable":true,"href":"https:\/\/global.tab-tv.com\/hu\/wp-json\/wp\/v2\/categories?post=548"},{"taxonomy":"post_tag","embeddable":true,"href":"https:\/\/global.tab-tv.com\/hu\/wp-json\/wp\/v2\/tags?post=548"}],"curies":[{"name":"wp","href":"https:\/\/api.w.org\/{rel}","templated":true}]}}