{"id":6342,"date":"2023-04-27T20:15:15","date_gmt":"2023-04-27T20:15:15","guid":{"rendered":"https:\/\/global.tab-tv.com\/hu\/?p=6342"},"modified":"2023-04-27T20:15:17","modified_gmt":"2023-04-27T20:15:17","slug":"a-monitorokhoz-es-televiziokhoz-valo-panelek-tipusai-rovid-attekintes","status":"publish","type":"post","link":"https:\/\/global.tab-tv.com\/hu\/a-monitorokhoz-es-televiziokhoz-valo-panelek-tipusai-rovid-attekintes\/","title":{"rendered":"A monitorokhoz \u00e9s telev\u00edzi\u00f3khoz val\u00f3 panelek t\u00edpusai r\u00f6vid \u00e1ttekint\u00e9s"},"content":{"rendered":"\n<p>Hogyan kell meg\u00e9rteni a monitorok, telev\u00edzi\u00f3k \u00e9s monitorok kijelz\u0151inek megnevez\u00e9s\u00e9t. Vegy\u00fck p\u00e9ldak\u00e9nt a telev\u00edzi\u00f3khoz haszn\u00e1lt LED-m\u00e1trixokat: <strong>LED VA (SPVA)<\/strong><\/p>\n\n\n\n<ul class=\"wp-block-list\">\n<li><strong>LED <\/strong>&#8211; LED-ek \u00e1ltal megvil\u00e1g\u00edtott LCD technol\u00f3gia<\/li>\n\n\n\n<li><strong>VA <\/strong>&#8211; gy\u00e1rt\u00e1stechnol\u00f3gia<\/li>\n\n\n\n<li><strong>SPVA <\/strong>&#8211; a technol\u00f3gia m\u00f3dos\u00edt\u00e1sa<\/li>\n<\/ul>\n\n\n\n<h2 class=\"wp-block-heading\"><a><\/a><strong>Kijelz\u0151t\u00edpusok TV-khez, monitorokhoz, telefonokhoz<\/strong><\/h2>\n\n\n\n<p>A telev\u00edzi\u00f3k, monitorok \u00e9s telefonok eset\u00e9ben csak n\u00e9gyf\u00e9le k\u00e9perny\u0151 l\u00e9tezik:<\/p>\n\n\n\n<p><strong>Elektronsug\u00e1rcs\u00f6vek: <\/strong>foszforr\u00e9teggel ell\u00e1tott elektro-v\u00e1kuum k\u00e9sz\u00fcl\u00e9k. Elektromos impulzusok hat\u00e1s\u00e1ra k\u00e9p jelenik meg rajta. A technol\u00f3gia le\u00edr\u00e1s\u00e1ba nem bocs\u00e1tkozom. Jelent\u0151s h\u00e1tr\u00e1nya volt a m\u00e9ret \u00e9s a s\u00faly; k\u00f6r\u00fclbel\u00fcl 2005-ig minden telev\u00edzi\u00f3 \u00e9s monitor ilyen k\u00e9perny\u0151vel rendelkezett. Ma m\u00e1r elavult technol\u00f3gia.<\/p>\n\n\n\n<p><strong>Plazmapanelek: <\/strong>2005-ben jelentek meg; a k\u00e9perny\u0151 speci\u00e1lis g\u00e1zokkal t\u00f6lt\u00f6tt cell\u00e1kb\u00f3l \u00e1llt, \u00e9s a g\u00e1z elektromos \u00e1ram hat\u00e1s\u00e1ra kezdett el vil\u00e1g\u00edtani. Akkoriban ez egy fejlett technol\u00f3gia volt; lapos, nagym\u00e9ret\u0171 k\u00e9perny\u0151ket lehetett l\u00e9trehozni; h\u00e1tr\u00e1nya a nagy s\u00faly \u00e9s a g\u00e1z \u00f6sszet\u00e9tel\u00e9nek v\u00e1ltoz\u00e1sa miatti fokozatos ki\u00e9g\u00e9s volt. Ilyen k\u00e9perny\u0151ket eg\u00e9szen 2014-ig gy\u00e1rtottak. M\u00e1ra ez is elavult technol\u00f3gi\u00e1nak sz\u00e1m\u00edt.<\/p>\n\n\n\n<p><strong>LCD (LED) k\u00e9perny\u0151k:<\/strong> Ezeket a kijelz\u0151ket 2005 \u00f3ta sz\u00e9les k\u00f6rben haszn\u00e1lj\u00e1k telev\u00edzi\u00f3kban \u00e9s monitorokban. Kicsit kor\u00e1bban ilyen k\u00e9perny\u0151ket kezdtek haszn\u00e1lni a telefonokban. A technol\u00f3gia alapja, hogy van egy h\u00e1tt\u00e9rvil\u00e1g\u00edt\u00e1si r\u00e9teg, \u00e9s el\u0151tte egy pixeleket tartalmaz\u00f3 m\u00e1trix. A pixelek a cell\u00e1ban forognak; a forgat\u00e1si sz\u00f6gt\u0151l f\u00fcgg\u0151en v\u00e1ltozik a f\u00e9ny\u00e1ram \u00e1tbocs\u00e1t\u00f3k\u00e9pess\u00e9ge, \u00e9s a krist\u00e1ly polariz\u00e1ci\u00f3ja is megv\u00e1ltozik. Kezdetben a k\u00e9perny\u0151 h\u00e1tt\u00e9rvil\u00e1g\u00edt\u00e1sa l\u00e1mpa volt; 2010 elej\u00e9n a l\u00e1mp\u00e1kat LED-ek v\u00e1ltott\u00e1k fel; ma m\u00e1r minden k\u00e9perny\u0151t \u00e1ltal\u00e1ban LED-nek, nem pedig LCD-nek neveznek.<\/p>\n\n\n\n<p><strong>OLED kijelz\u0151k: <\/strong>a leg\u00fajabb technol\u00f3gia, az els\u0151 sikeres OLED TV-k 2017-ben jelentek meg. \u00c9vr\u0151l \u00e9vre t\u00f6bb t\u00e9v\u00e9, monitor \u00e9s telefon rendelkezik ilyen k\u00e9perny\u0151vel.<\/p>\n\n\n\n<p>Ebben a cikkben a k\u00e9perny\u0151t\u00edpusokr\u00f3l szeretn\u00e9k r\u00e9szletesebben besz\u00e9lni; p\u00e9ld\u00e1ul a LED \u00e9s az OLED k\u00e9perny\u0151knek t\u00f6bbf\u00e9le gy\u00e1rt\u00e1si technol\u00f3gi\u00e1ja van, \u00e9s mindegyik technol\u00f3gi\u00e1nak t\u00f6bbf\u00e9le m\u00f3dos\u00edt\u00e1sa van.&nbsp;<\/p>\n\n\n\n<h1 class=\"wp-block-heading\"><a><\/a><strong>LED k\u00e9perny\u0151 t\u00edpusok<\/strong><\/h1>\n\n\n\n<p>A LED-kijelz\u0151knek t\u00f6bb t\u00edpusa l\u00e9tezik; ezek gy\u00e1rt\u00e1si technol\u00f3gi\u00e1jukban k\u00fcl\u00f6nb\u00f6znek egym\u00e1st\u00f3l. Ez az\u00e9rt fontos, mert ez hat\u00e1rozza meg a k\u00e9p min\u0151s\u00e9g\u00e9t. Az al\u00e1bbiakban \u00f6sszefoglaljuk, hogy mit jelen\u00edt meg a gy\u00e1rt\u00e1stechnol\u00f3gia.<\/p>\n\n\n\n<ul class=\"wp-block-list\">\n<li><strong>TN <\/strong>(<strong>Twisted Nematic<\/strong>) &#8211; az egyik els\u0151 kijelz\u0151 \u00e9s a legrosszabb param\u00e9terek szempontj\u00e1b\u00f3l az als\u00f3 kateg\u00f3ri\u00e1s eszk\u00f6z\u00f6kbe telep\u00edtett legrosszabb. Jelenleg nem haszn\u00e1lj\u00e1k telev\u00edzi\u00f3kban.<\/li>\n\n\n\n<li><strong>VA <\/strong>(<strong>Vertical Alignment<\/strong>) &#8211; a kijelz\u0151t\u00edpust el\u00e9g sz\u00e9les k\u00f6rben haszn\u00e1lj\u00e1k; el\u0151nye a meglehet\u0151sen j\u00f3 fekete sz\u00edn; h\u00e1tr\u00e1nya a kontraszt enyhe v\u00e1ltoz\u00e1sa sz\u00f6gekn\u00e9l, k\u00fcl\u00f6n\u00f6sen f\u00fcgg\u0151legesen.<\/li>\n\n\n\n<li><strong>IPS <\/strong>(<strong>In-Plane Switching<\/strong>) &#8211; az ezzel a technol\u00f3gi\u00e1val k\u00e9sz\u00fclt kijelz\u0151k jobb f\u00e9nyer\u0151vel \u00e9s kontraszttal rendelkeznek, de h\u00e1tr\u00e1nyuk a gyenge fekete sz\u00edn.<\/li>\n<\/ul>\n\n\n\n<p>A k\u00e9pen l\u00e1that\u00f3, hogyan v\u00e1ltozik a k\u00fcl\u00f6nb\u00f6z\u0151 t\u00edpus\u00fa panelek k\u00e9pmin\u0151s\u00e9ge.<\/p>\n\n\n\n<figure class=\"wp-block-image size-large\"><img loading=\"lazy\" decoding=\"async\" width=\"1024\" height=\"419\" src=\"https:\/\/global.tab-tv.com\/hu\/wp-content\/uploads\/sites\/3\/2023\/04\/IPS-vs-VA-vs-TN-1024x419.webp\" alt=\"\" class=\"wp-image-6343\" srcset=\"https:\/\/global.tab-tv.com\/hu\/wp-content\/uploads\/sites\/3\/2023\/04\/IPS-vs-VA-vs-TN-1024x419.webp 1024w, https:\/\/global.tab-tv.com\/hu\/wp-content\/uploads\/sites\/3\/2023\/04\/IPS-vs-VA-vs-TN-300x123.webp 300w, https:\/\/global.tab-tv.com\/hu\/wp-content\/uploads\/sites\/3\/2023\/04\/IPS-vs-VA-vs-TN-768x315.webp 768w, https:\/\/global.tab-tv.com\/hu\/wp-content\/uploads\/sites\/3\/2023\/04\/IPS-vs-VA-vs-TN.webp 1201w\" sizes=\"auto, (max-width: 1024px) 100vw, 1024px\" \/><\/figure>\n\n\n\n<h2 class=\"wp-block-heading\"><a><\/a><strong>TN (TN+film) panel<\/strong><\/h2>\n\n\n\n<p>Az els\u0151 TFT-panel, a <strong>TN<\/strong>, ma m\u00e1r gyakran megtal\u00e1lhat\u00f3 a kedvez\u0151 \u00e1r\u00fa k\u00e9sz\u00fcl\u00e9kekben, \u00e9s gyakran haszn\u00e1lj\u00e1k interakt\u00edv panelk\u00e9nt vagy az ipari szektorban, ahol nincs sz\u00fcks\u00e9g j\u00f3 min\u0151s\u00e9g\u0171 sz\u00ednre vagy nagy betekint\u00e9si sz\u00f6gre. Kezdetben TN k\u00e9perny\u0151ket gy\u00e1rtottak, de a sz\u00ednek jav\u00edt\u00e1sa \u00e9rdek\u00e9ben sz\u00ednsz\u0171r\u0151t adtak hozz\u00e1, \u00edgy j\u00f6ttek l\u00e9tre a <strong>TN+film <\/strong>k\u00e9perny\u0151k. B\u00e1r ma m\u00e1r minden gy\u00e1rtott k\u00e9perny\u0151 <strong>TN+film, a <\/strong>megszok\u00e1s miatt m\u00e9g mindig TN-k\u00e9nt emlegetik \u0151ket. A <strong>TN+filmet a <\/strong>gyenge k\u00e9pmin\u0151s\u00e9g miatt ritk\u00e1n haszn\u00e1lj\u00e1k monitorokban \u00e9s TV-kben.<\/p>\n\n\n\n<h2 class=\"wp-block-heading\"><a><\/a><strong>Az IPS panel technol\u00f3gia fejleszt\u0151i<\/strong><\/h2>\n\n\n\n<p>Az IPS-paneleket k\u00fcl\u00f6nb\u00f6z\u0151 v\u00e1llalatok fejlesztett\u00e9k ki, ami sz\u00e1mos m\u00f3dos\u00edt\u00e1st eredm\u00e9nyezett. B\u00e1r ma a legt\u00f6bb kijelz\u0151t K\u00edn\u00e1ban gy\u00e1rtj\u00e1k, fontos megjegyezni, hogy nem a k\u00ednai v\u00e1llalatok voltak a technol\u00f3gia megalkot\u00f3i. Ehelyett a k\u00e9perny\u0151gy\u00e1rt\u00f3 \u00fczemek els\u0151sorban K\u00edn\u00e1ban \u00e9p\u00fcltek az olcs\u00f3 munkaer\u0151 miatt.<\/p>\n\n\n\n<h3 class=\"wp-block-heading\"><a><\/a><strong>Az IPS-technol\u00f3gi\u00e1k list\u00e1ja a v\u00e1llalat szerint<\/strong><\/h3>\n\n\n\n<ul class=\"wp-block-list\">\n<li><strong>IPS <\/strong>&#8211; s\u00edkbeli kapcsol\u00e1s <strong>(Hitachi)<\/strong><\/li>\n\n\n\n<li><strong>PLS <\/strong>&#8211; S\u00edk-vonalkapcsol\u00e1s <strong>(Samsung)<\/strong><\/li>\n\n\n\n<li><strong>AD-PLS <\/strong>&#8211; Speci\u00e1lis PLS <strong>(Samsung)<\/strong><\/li>\n\n\n\n<li><strong>S-IPS &#8211; <\/strong>Super IPS <strong>(NEC, LG.Display)<\/strong><\/li>\n\n\n\n<li><strong>E-IPS, AS-IPS <\/strong>&#8211; Enhanced \u00e9s Advanced Super IPS <strong>(Hitachi)<\/strong><\/li>\n\n\n\n<li><strong>H-IPS &#8211; <\/strong>V\u00edzszintes IPS <strong>(LG.Display)<\/strong><\/li>\n\n\n\n<li><strong>e-IPS (LG.Display)<\/strong><\/li>\n\n\n\n<li><strong>UH-IPS \u0438 H2-IPS (LG.Display)<\/strong><\/li>\n\n\n\n<li><strong>S-IPS II (LG.Display)<\/strong><\/li>\n\n\n\n<li><strong>p-IPS <\/strong>&#8211; Teljes\u00edtm\u00e9ny IPS <strong>(NEC)<\/strong><\/li>\n\n\n\n<li><strong>AH-IPS <\/strong>&#8211; Fejlett nagy teljes\u00edtm\u00e9ny\u0171 IPS <strong>(LG.Display)<\/strong><\/li>\n\n\n\n<li><strong>AHVA <\/strong>&#8211; Fejlett hiperl\u00e1t\u00f3sz\u00f6g <strong>(AU Optronics)<\/strong><\/li>\n<\/ul>\n\n\n\n<h2 class=\"wp-block-heading\"><a><\/a><strong>IPS panelek \u00e9s m\u00f3dos\u00edt\u00e1saik<\/strong><\/h2>\n\n\n\n<ul class=\"wp-block-list\">\n<li><strong>Az IPS <\/strong>&#8211; TFT k\u00e9perny\u0151technol\u00f3gia, amelyet a Hitachi 1996-ban fejlesztett ki a TN kijelz\u0151k alternat\u00edv\u00e1jak\u00e9nt, sz\u00e9les betekint\u00e9si sz\u00f6gekkel, m\u00e9ly feket\u00e9kkel \u00e9s j\u00f3 sz\u00ednekkel b\u00fcszk\u00e9lkedhet. H\u00e1tr\u00e1nya azonban a hossz\u00fa v\u00e1laszid\u0151, ami j\u00e1t\u00e9kra alkalmatlann\u00e1 teszi.<\/li>\n\n\n\n<li><strong>PLS <\/strong>&#8211; (<strong>Plane-\u043a-Line Switching<\/strong>) Samsung, 4 ms v\u00e1laszid\u0151 (GTG). A GTG (sz\u00fcrk\u00e9r\u0151l sz\u00fcrk\u00e9re) az az id\u0151, amely alatt egy pixel f\u00e9nyereje a minim\u00e1lisr\u00f3l a maxim\u00e1lis f\u00e9nyer\u0151re v\u00e1ltozik. Az IPS ezen m\u00f3dos\u00edt\u00e1sa sz\u00e9lesebb betekint\u00e9si sz\u00f6gekkel rendelkezett f\u00e9nyer\u0151vesztes\u00e9g n\u00e9lk\u00fcl. A kijelz\u0151 \u00e1ltal\u00e1nos f\u00e9nyereje is megn\u0151tt.<\/li>\n\n\n\n<li><strong>AD-PLS <\/strong>&#8211; Ugyanaz a <strong>PLS panel<\/strong>, a Samsung kiss\u00e9 megv\u00e1ltoztatta a gy\u00e1rt\u00e1si technol\u00f3gi\u00e1t, ahogy sok szak\u00e9rt\u0151 mondja, ez csak rekl\u00e1m.<\/li>\n\n\n\n<li><strong>S-IPS <\/strong>&#8211; A <strong>Super IPS az <\/strong>IPS-technol\u00f3gia tov\u00e1bbfejlesztett v\u00e1ltozata, amelyet a v\u00e1laszid\u0151 jav\u00edt\u00e1s\u00e1ra fejlesztettek ki. Kifejezetten a gyakran j\u00e1t\u00e9kra haszn\u00e1lt \u00e9s gyors v\u00e1laszid\u0151t ig\u00e9nyl\u0151 monitorokhoz tervezt\u00e9k.<\/li>\n\n\n\n<li><strong>S-IPS II <\/strong>&#8211; az S-IPS panelek k\u00f6vetkez\u0151 gener\u00e1ci\u00f3ja, ez a v\u00e1ltozat cs\u00f6kkentett energiafogyaszt\u00e1ssal rendelkezik.<\/li>\n\n\n\n<li><strong>E-IPS, AS-IPS <\/strong>&#8211; Tov\u00e1bbfejlesztett \u00e9s tov\u00e1bbfejlesztett Super IPS, egy fejleszt\u00e9s (Hitachi) &#8211; az IPS technol\u00f3gia egyik fejleszt\u00e9se, ez a verzi\u00f3 n\u00f6velte a kijelz\u0151 f\u00e9nyerej\u00e9t \u00e9s cs\u00f6kkentette a v\u00e1laszid\u0151t.<\/li>\n\n\n\n<li><strong>H-IPS <\/strong>&#8211; <strong>Horizontal IPS<\/strong>, (LG.Display) Enn\u00e9l a m\u00e1trixt\u00edpusn\u00e1l a pixelek v\u00edzszintesen helyezkednek el. jobb sz\u00ednvisszaad\u00e1s \u00e9s kontraszt. A mai IPS-panelek t\u00f6bb mint fel\u00e9n\u00e9l a pixelek v\u00edzszintesen vannak elrendezve.<\/li>\n\n\n\n<li><strong>e-IPS <\/strong>&#8211; <strong>(LG.Display) A <\/strong>gy\u00e1rt\u00e1si folyamatok \u00fajabb fejleszt\u00e9se, amelynek c\u00e9lja a gy\u00e1rt\u00e1si k\u00f6lts\u00e9gek cs\u00f6kkent\u00e9se. H\u00e1tr\u00e1nya a kiss\u00e9 kisebb betekint\u00e9si sz\u00f6g, b\u00e1r a legt\u00f6bb n\u00e9z\u0151 sz\u00e1m\u00e1ra ez \u00e1ltal\u00e1ban \u00e9szrevehetetlen.<\/li>\n\n\n\n<li><strong>UH-IPS \u00e9s H2-IPS <\/strong>&#8211; M\u00e1sodik gener\u00e1ci\u00f3s H-IPS, a panel megn\u00f6velt f\u00e9nyereje.<\/li>\n\n\n\n<li><strong>p-IPS <\/strong>&#8211; Ugyanaz a <strong>H-IPS, <\/strong>de az NEC \u00e1ltal kifejlesztett.<\/li>\n\n\n\n<li><strong>AH-IPS <\/strong>&#8211; m\u00f3dos\u00edt\u00e1s nagy felbont\u00e1s\u00fa kijelz\u0151kh\u00f6z (<strong>UHD)<\/strong>, a H-IPS anal\u00f3gja.<\/li>\n\n\n\n<li><strong>Az AHVA <\/strong>&#8211; Advanced Hyper-Viewing Angle &#8211; az Acer Display Technology \u00e9s a <strong>BenQ <\/strong>Corporation k\u00e9perny\u0151gy\u00e1rt\u00f3 r\u00e9szleg\u00e9nek egyes\u00fcl\u00e9s\u00e9b\u0151l l\u00e9trej\u00f6tt v\u00e1llalat, az (<strong>AU Optronics) <\/strong>\u00e1ltal a kijelz\u0151knek adott elnevez\u00e9s.<\/li>\n<\/ul>\n\n\n\n<h2 class=\"wp-block-heading\"><a><\/a><strong>VA &#8211; F\u00fcgg\u0151leges igaz\u00edt\u00e1si panel<\/strong><\/h2>\n\n\n\n<h3 class=\"wp-block-heading\"><a><\/a><strong>PVA &#8211; mint\u00e1s f\u00fcgg\u0151leges igaz\u00edt\u00f3 panel <em>(Samsung)<\/em><\/strong><\/h3>\n\n\n\n<p>A Samsung PVA m\u00e1trixai j\u00f3 kontraszt\u00faak, de sz\u00e1mos h\u00e1tr\u00e1nyuk van; a f\u0151 h\u00e1tr\u00e1ny a kontrasztveszt\u00e9s, ha sz\u00f6gben n\u00e9zz\u00fck, k\u00fcl\u00f6n\u00f6sen f\u00fcgg\u0151legesen. De f\u0151 el\u0151ny\u00fck az IPS-hez k\u00e9pest el\u00e9g j\u00f3 fekete sz\u00edn.<\/p>\n\n\n\n<p>Az ilyen k\u00e9perny\u0151k gy\u00e1rt\u00e1stechnol\u00f3gi\u00e1ja az id\u0151k sor\u00e1n javult; a PVA kijelz\u0151k m\u00f3dos\u00edt\u00e1s\u00e1val tal\u00e1lkozhat.<\/p>\n\n\n\n<ul class=\"wp-block-list\">\n<li><strong>S-PVA <\/strong>&#8211; szuper PVA kijelz\u0151 cs\u00f6kkentett energiafogyaszt\u00e1ssal, a PVA kijelz\u0151k m\u00e1sodik gener\u00e1ci\u00f3ja.<\/li>\n\n\n\n<li><strong>cPVA <\/strong>&#8211; Egyszer\u0171s\u00edtett gy\u00e1rt\u00e1si technol\u00f3gia a k\u00e9pmin\u0151s\u00e9g szempontj\u00e1b\u00f3l rosszabb, mint az S &#8211; PVA. K\u00f6lts\u00e9gvet\u00e9si kijelz\u0151 olcs\u00f3 k\u00e9sz\u00fcl\u00e9kekhez.<\/li>\n\n\n\n<li><strong>Az A-PVA <\/strong>&#8211; Advanced PVA egy\u00e1ltal\u00e1n nem szenvedett jelent\u0151s v\u00e1ltoz\u00e1sokat. Val\u00f3sz\u00edn\u0171leg a monitorok jobb n\u00e9pszer\u0171s\u00edt\u00e9se \u00e9rdek\u00e9ben v\u00e9gzett marketingtev\u00e9kenys\u00e9g.<\/li>\n\n\n\n<li><strong>SVA <\/strong>&#8211; Az el\u0151\u00e1ll\u00edtott kijelz\u0151nevek sz\u00e1m\u00e1nak n\u00f6vel\u00e9s\u00e9re tett k\u00eds\u00e9rlet kiz\u00e1r\u00f3lag marketingc\u00e9lokat szolg\u00e1l. Magyar\u00e1zatul sok c\u00e9g fejlesztett kijelz\u0151ket abban az id\u0151ben, \u00e9s maguk a kijelz\u0151k nem tudtak egy\u00e9rtelm\u0171 megk\u00fcl\u00f6nb\u00f6ztet\u00e9st ny\u00fajtani; val\u00f3j\u00e1ban nem volt t\u00f6bb, mint t\u00edz kijelz\u0151gy\u00e1r. Ekkor tal\u00e1lt\u00e1k ki a sok nevet, hogy az \u00faj monitormodell kit\u0171nj\u00f6n az el\u0151z\u0151t\u0151l.<\/li>\n<\/ul>\n\n\n\n<h3 class=\"wp-block-heading\"><a><\/a><strong>Egy\u00e9b VA panelgy\u00e1rt\u00f3k<\/strong><\/h3>\n\n\n\n<p>A TFT kijelz\u0151 technol\u00f3gi\u00e1t (VA) 1996-ban fejlesztette ki a Fujitsu a TN m\u00e1trixok alternat\u00edv\u00e1jak\u00e9nt. Az akkoriban ezzel a technol\u00f3gi\u00e1val gy\u00e1rtott k\u00e9perny\u0151k h\u00e1tr\u00e1nyokkal rendelkeztek, p\u00e9ld\u00e1ul hosszabb v\u00e1laszid\u0151vel \u00e9s kis betekint\u00e9si sz\u00f6ggel, de sokkal jobb sz\u00ednteljes\u00edtm\u00e9nyt ny\u00fajtottak. Napjainkban ezek a kijelz\u0151k sz\u00e1mos fejleszt\u00e9st kaptak; r\u00f6vid v\u00e1laszid\u0151vel \u00e9s magas, 144 Hz-es vagy ann\u00e1l magasabb frekvenci\u00e1val rendelkeznek.<\/p>\n\n\n\n<ul class=\"wp-block-list\">\n<li><strong>MVA <\/strong><strong>&#8211; <\/strong>Multi Vertical Alignment <strong>(Fujitsu) <\/strong>A Fujitsu fejleszt\u00e9se, amely a jap\u00e1n v\u00e1llalat know-how-j\u00e1t haszn\u00e1lja. A gy\u00e1rt\u00e1s sor\u00e1n n\u00e9mi elt\u00e9r\u00e9s van a Samsung PVA-j\u00e1hoz k\u00e9pest.<\/li>\n\n\n\n<li><strong>P-MVA (<\/strong>Premium MVA<strong>), S-MVA <\/strong>(Super MVA) <strong>&#8211; Az <\/strong>MPVA kijelz\u0151k k\u00f6vetkez\u0151 gener\u00e1ci\u00f3ja kiss\u00e9 jav\u00edtott sz\u00ednvisszaad\u00e1ssal \u00e9s kontraszttal rendelkezik.<\/li>\n\n\n\n<li><strong>AMVA <\/strong>&#8211; A kijelz\u0151k k\u00f6vetkez\u0151 gener\u00e1ci\u00f3j\u00e1ban a m\u00e9rn\u00f6k\u00f6k cs\u00f6kkentett\u00e9k a v\u00e1laszid\u0151t, valamint jav\u00edtott\u00e1k a sz\u00ednvisszaad\u00e1st.<\/li>\n<\/ul>\n\n\n\n<h2 class=\"wp-block-heading\"><a><\/a><strong>QLED (kvantumpontos) kijelz\u0151k<\/strong><\/h2>\n\n\n\n<p>A technol\u00f3gia vezet\u0151 fejleszt\u0151je a Samsung volt. De 2022-ben a LED-k\u00e9perny\u0151gy\u00e1rakat eladt\u00e1k a k\u00ednai TCL-nek. A Samsung \u00fagy d\u00f6nt\u00f6tt, hogy az OLED technol\u00f3gi\u00e1val foglalkozik. A QLED ugyanaz a LED k\u00e9perny\u0151, \u00e1ltal\u00e1ban VA technol\u00f3gi\u00e1val k\u00e9sz\u00fcl. Az ilyen kijelz\u0151k 2017-ben jelentek meg, a szok\u00e1sos gy\u00e1rt\u00e1si technol\u00f3gi\u00e1val, de az anyagok, amelyekb\u0151l a pixelek k\u00e9sz\u00fclnek, \u00fajak.<\/p>\n\n\n\n<p>A krist\u00e1lyok (a pixelekben) nagy tisztas\u00e1g\u00fa anyagokb\u00f3l k\u00e9sz\u00fclnek. K\u00f6r\u00fclbel\u00fcl 98%-os f\u00e9ny\u00e1ram-kapacit\u00e1ssal \u00e9s j\u00f3 sz\u00ednvisszaad\u00e1ssal rendelkeznek. Ahogy az optika szak\u00e9rt\u0151i mondj\u00e1k, ezek megvil\u00e1g\u00edtott anyagok. Az ilyen k\u00e9perny\u0151k nagy f\u00e9nyer\u0151vel \u00e9s val\u00f3s\u00e1gh\u0171 sz\u00ednekkel rendelkeznek.<\/p>\n\n\n\n<p>Mivel az ultra-tiszta anyagok apr\u00f3 krist\u00e1lyokat hoznak l\u00e9tre, a &#8222;kvantumpontok&#8221; elnevez\u00e9st kapt\u00e1k. Ez egy tiszt\u00e1n kereskedelmi elnevez\u00e9s, amelynek semmi k\u00f6ze a krist\u00e1ly t\u00e9nyleges m\u00e9ret\u00e9hez.<\/p>\n\n\n\n<p>Jelenleg az ilyen k\u00e9perny\u0151k jelentik a LED-kijelz\u0151k fels\u0151 s\u00e1vj\u00e1t. V\u00e9g\u00fcl is k\u00f6r\u00fclbel\u00fcl egymilli\u00e1rd \u00e1rnyalatot k\u00e9pesek megjelen\u00edteni.<\/p>\n\n\n\n<h2 class=\"wp-block-heading\"><a><\/a><strong>OLED (szerves f\u00e9nykibocs\u00e1t\u00f3 di\u00f3da) kijelz\u0151<\/strong><\/h2>\n\n\n\n<p>A szerves f\u00e9nykibocs\u00e1t\u00f3 di\u00f3da egy \u00faj technol\u00f3gi\u00e1val kifejlesztett kijelz\u0151. A LED-kijelz\u0151h\u00f6z a k\u00e9perny\u0151t h\u00e1tulr\u00f3l kell megvil\u00e1g\u00edtani a k\u00e9p l\u00e9trehoz\u00e1s\u00e1hoz.<br>&nbsp;Az OLED-k eset\u00e9ben a k\u00e9perny\u0151 szerves LED-ekb\u0151l \u00e1ll, \u00e9s minden egyes alpixel f\u00e9nyt bocs\u00e1t ki; ezek hozz\u00e1k l\u00e9tre a f\u00e9ny\u00e1ramot. Nincs h\u00e1tt\u00e9rvil\u00e1g\u00edt\u00e1s &#8211; el\u0151ny\u00f6k &#8211; \u00e9l\u00e9nkebb sz\u00ednek, t\u00f6k\u00e9letes fekete. H\u00e1tr\u00e1nyok &#8211; ezeknek a k\u00e9perny\u0151knek az \u00e1ra, a gy\u00e1rt\u00e1s bonyolults\u00e1ga miatt, ki\u00e9g\u00e9s (a szerves LED-ek id\u0151vel elvesz\u00edtik f\u00e9nyerej\u00fcket), \u00e9s alacsony f\u00e9nyer\u0151, vagy ink\u00e1bb f\u00e9nyer\u0151, kiv\u00e1l\u00f3 lehet. M\u00e9gis, seg\u00edtene, ha kiegyens\u00falyozn\u00e1 a kijelz\u0151 \u00e9lettartam\u00e1t \u00e9s f\u00e9nyerej\u00e9t.<\/p>\n\n\n\n<p>2022-ig az LG volt a nagym\u00e9ret\u0171 OLED TV-k\u00e9perny\u0151 technol\u00f3gia egyetlen tulajdonosa. De 2022 \u00f3ta a Samsung is bel\u00e9pett a piacra OLED-kijelz\u0151ivel; m\u00e1r ha t\u00e9v\u00e9kr\u0151l besz\u00e9l\u00fcnk. Ez\u00e9rt jelentek meg a QD OLED kijelz\u0151k.<\/p>\n\n\n\n<figure class=\"wp-block-image size-full\"><img loading=\"lazy\" decoding=\"async\" width=\"800\" height=\"401\" src=\"https:\/\/global.tab-tv.com\/hu\/wp-content\/uploads\/sites\/3\/2023\/04\/OLED-display-LG-vs-OLED-display-Samsung.webp\" alt=\"\" class=\"wp-image-6344\" srcset=\"https:\/\/global.tab-tv.com\/hu\/wp-content\/uploads\/sites\/3\/2023\/04\/OLED-display-LG-vs-OLED-display-Samsung.webp 800w, https:\/\/global.tab-tv.com\/hu\/wp-content\/uploads\/sites\/3\/2023\/04\/OLED-display-LG-vs-OLED-display-Samsung-300x150.webp 300w, https:\/\/global.tab-tv.com\/hu\/wp-content\/uploads\/sites\/3\/2023\/04\/OLED-display-LG-vs-OLED-display-Samsung-768x385.webp 768w\" sizes=\"auto, (max-width: 800px) 100vw, 800px\" \/><\/figure>\n\n\n\n<p><strong>OLED <\/strong>&#8211; minden egyes pixel egy LED, \u00e9s az LG minden egyes pixelben n\u00e9gy alpixelt tartalmaz. H\u00e1rom f\u0151 (z\u00f6ld, piros, k\u00e9k) \u00e9s egy tov\u00e1bbi feh\u00e9r, amely n\u00f6veli a k\u00e9p f\u00e9nyerej\u00e9t. A<br><strong>QD-OLED <\/strong>a Samsung fejleszt\u00e9se, minden alpixel egy-egy szerves LED, de egy sz\u00edn \u00e9s egy kvantumpont anyagb\u00f3l k\u00e9sz\u00fclt f\u00f3lia ker\u00fcl el\u00e9j\u00fck a h\u00e1rom alapsz\u00edn l\u00e9trehoz\u00e1s\u00e1hoz. A QD-OLED panelen k\u00e9ppixelenk\u00e9nt csak h\u00e1rom alpixel van. Ez\u00e9rt a Samsung megn\u00f6velte a k\u00e9p f\u00e9nyerej\u00e9t, \u00e9s ar\u00e1nyoss\u00e1 tette a LED-panelekkel.<\/p>\n","protected":false},"excerpt":{"rendered":"<p>Hogyan kell meg\u00e9rteni a monitorok, telev\u00edzi\u00f3k \u00e9s monitorok kijelz\u0151inek megnevez\u00e9s\u00e9t. Vegy\u00fck p\u00e9ldak\u00e9nt a telev\u00edzi\u00f3khoz haszn\u00e1lt LED-m\u00e1trixokat: LED VA (SPVA) Kijelz\u0151t\u00edpusok TV-khez, monitorokhoz, telefonokhoz A telev\u00edzi\u00f3k, monitorok \u00e9s telefonok eset\u00e9ben csak n\u00e9gyf\u00e9le k\u00e9perny\u0151 l\u00e9tezik: Elektronsug\u00e1rcs\u00f6vek: foszforr\u00e9teggel ell\u00e1tott elektro-v\u00e1kuum k\u00e9sz\u00fcl\u00e9k. Elektromos impulzusok hat\u00e1s\u00e1ra k\u00e9p jelenik meg rajta. A technol\u00f3gia le\u00edr\u00e1s\u00e1ba nem bocs\u00e1tkozom. Jelent\u0151s h\u00e1tr\u00e1nya volt a m\u00e9ret [&hellip;]<\/p>\n","protected":false},"author":1,"featured_media":6345,"comment_status":"open","ping_status":"open","sticky":false,"template":"","format":"standard","meta":{"_monsterinsights_skip_tracking":false,"_monsterinsights_sitenote_active":false,"_monsterinsights_sitenote_note":"","_monsterinsights_sitenote_category":0,"footnotes":""},"categories":[87,26],"tags":[88],"class_list":{"0":"post-6342","1":"post","2":"type-post","3":"status-publish","4":"format-standard","5":"has-post-thumbnail","7":"category-technologia","8":"category-tv","9":"tag-technologia"},"_links":{"self":[{"href":"https:\/\/global.tab-tv.com\/hu\/wp-json\/wp\/v2\/posts\/6342","targetHints":{"allow":["GET"]}}],"collection":[{"href":"https:\/\/global.tab-tv.com\/hu\/wp-json\/wp\/v2\/posts"}],"about":[{"href":"https:\/\/global.tab-tv.com\/hu\/wp-json\/wp\/v2\/types\/post"}],"author":[{"embeddable":true,"href":"https:\/\/global.tab-tv.com\/hu\/wp-json\/wp\/v2\/users\/1"}],"replies":[{"embeddable":true,"href":"https:\/\/global.tab-tv.com\/hu\/wp-json\/wp\/v2\/comments?post=6342"}],"version-history":[{"count":1,"href":"https:\/\/global.tab-tv.com\/hu\/wp-json\/wp\/v2\/posts\/6342\/revisions"}],"predecessor-version":[{"id":6346,"href":"https:\/\/global.tab-tv.com\/hu\/wp-json\/wp\/v2\/posts\/6342\/revisions\/6346"}],"wp:featuredmedia":[{"embeddable":true,"href":"https:\/\/global.tab-tv.com\/hu\/wp-json\/wp\/v2\/media\/6345"}],"wp:attachment":[{"href":"https:\/\/global.tab-tv.com\/hu\/wp-json\/wp\/v2\/media?parent=6342"}],"wp:term":[{"taxonomy":"category","embeddable":true,"href":"https:\/\/global.tab-tv.com\/hu\/wp-json\/wp\/v2\/categories?post=6342"},{"taxonomy":"post_tag","embeddable":true,"href":"https:\/\/global.tab-tv.com\/hu\/wp-json\/wp\/v2\/tags?post=6342"}],"curies":[{"name":"wp","href":"https:\/\/api.w.org\/{rel}","templated":true}]}}