{"id":666,"date":"2022-06-15T21:28:10","date_gmt":"2022-06-15T21:28:10","guid":{"rendered":"https:\/\/global.tab-tv.com\/hu\/?p=666"},"modified":"2022-06-15T21:28:12","modified_gmt":"2022-06-15T21:28:12","slug":"hogyan-allithatod-le-a-google-fotokban-az-emlekek-megjeleniteset","status":"publish","type":"post","link":"https:\/\/global.tab-tv.com\/hu\/hogyan-allithatod-le-a-google-fotokban-az-emlekek-megjeleniteset\/","title":{"rendered":"Hogyan \u00e1ll\u00edthatod le a Google Fot\u00f3kban az eml\u00e9kek megjelen\u00edt\u00e9s\u00e9t"},"content":{"rendered":"\n<p>A Google Fot\u00f3k mem\u00f3ria funkci\u00f3ja igaz\u00e1n \u00e9rdekes \u00e9s figyelemre m\u00e9lt\u00f3. N\u00e9ha azonban \u00e9rdemes kikapcsolni, ha nem szeretn\u00e9, hogy az &#8222;eml\u00e9kek&#8221; a v\u00e9gtelens\u00e9gig l\u00e9trej\u00f6jjenek.<\/p>\n\n\n\n<h1 class=\"wp-block-heading\"><a><\/a><strong>Mire van sz\u00fcks\u00e9ge ahhoz, hogy a Google Fot\u00f3k ne mutassa az eml\u00e9keket<\/strong><\/h1>\n\n\n\n<p>Az &#8222;Eml\u00e9kek&#8221; egy olyan funkci\u00f3 a Google Fot\u00f3kban, amely lehet\u0151v\u00e9 teszi, hogy \u00fajra felfedezze a m\u00faltbeli f\u00e9nyk\u00e9peket. Ezek a fot\u00f3k a fot\u00f3gal\u00e9ria tetej\u00e9n jelennek meg, amelyekre kattintva az adott napon, az elm\u00falt \u00e9vekben k\u00e9sz\u00fclt fot\u00f3k \u00e9s vide\u00f3k egy v\u00e1logat\u00e1s\u00e1hoz juthat.<\/p>\n\n\n\n<p>A &#8222;Google Fot\u00f3k&#8221; egyike azoknak a Google-szolg\u00e1ltat\u00e1soknak, amelyek a legt\u00f6bbet haszn\u00e1lj\u00e1k a neur\u00e1lis h\u00e1l\u00f3zatokat. Ezeket haszn\u00e1lja arra, hogy eml\u00e9keztessen a m\u00faltbeli esem\u00e9nyekre, amelyeket fot\u00f3kon vagy vide\u00f3kon \u00f6r\u00f6k\u00edtett meg, hogy felismerje, mi van a k\u00e9peken, megk\u00f6nny\u00edtve ezzel azok megtal\u00e1l\u00e1s\u00e1t, \u00e9s m\u00e9g a m\u00e1r elk\u00e9sz\u00edtett fot\u00f3kat is szerkeszti, hogy jobb\u00e1 tegye azokat.<\/p>\n\n\n\n<p>A Google Fot\u00f3k k\u00fcl\u00f6n\u00f6sen nagyot ugrott ebbe az ir\u00e1nyba a tavalyi \u00e9vben, amikor bejelentett\u00e9k, hogy a korl\u00e1tlan t\u00e1rhely t\u00f6bb\u00e9 nem lesz el\u00e9rhet\u0151. A Google azonban nem \u00e1llt meg itt.<\/p>\n\n\n\n<p>Nos, ha valamilyen okb\u00f3l kifoly\u00f3lag nem szeretn\u00e9, hogy az eml\u00e9kei f\u00e9nyk\u00e9pek form\u00e1j\u00e1ban jelenjenek meg a Google Fot\u00f3kban, itt van, hogyan \u00e1ll\u00edthatja le.<\/p>\n\n\n\n<h2 class=\"wp-block-heading\"><a><\/a><strong>Hogyan m\u0171k\u00f6dik a Google Fot\u00f3k eml\u00e9kei<\/strong><\/h2>\n\n\n\n<p>A Google azt \u00e1ll\u00edtja, hogy a Google Fot\u00f3kban t\u00e1rolt t\u00f6bb mint 4 milli\u00e1rd fot\u00f3t soha nem n\u00e9zik meg, miut\u00e1n felt\u00f6lt\u00f6tt\u00e9k \u0151ket. Vagyis a felhaszn\u00e1l\u00f3k nem is eml\u00e9keznek arra, hogy egy\u00e1ltal\u00e1n megvannak ezek a k\u00e9pek. Ez\u00e9rt, hogy eml\u00e9keztesse \u0151ket a l\u00e9tez\u00e9s\u00fckre, a Google \u00fagy d\u00f6nt\u00f6tt, hogy neur\u00e1lis h\u00e1l\u00f3zatokat haszn\u00e1l, amelyek speci\u00e1lis gy\u0171jtem\u00e9nyeket hoznak l\u00e9tre olyan k\u00e9pekb\u0151l, amelyek hasonl\u00f3s\u00e1got mutatnak egym\u00e1shoz.<\/p>\n\n\n\n<p>A &#8222;Google Fot\u00f3k&#8221; azonos\u00edtja a f\u00e9nyk\u00e9pek form\u00e1it, sz\u00edneit, tartalm\u00e1t \u00e9s egy\u00e9b szempontjait, hogy szem\u00e9lyre szabott kiv\u00e1laszt\u00e1sokat hozzon l\u00e9tre, \u00e9s eml\u00e9keztesse a felhaszn\u00e1l\u00f3kat a m\u00e1r elfelejtett f\u00e9nyk\u00e9pekre. A neur\u00e1lis h\u00e1l\u00f3zat p\u00e9ld\u00e1ul egyes\u00edti az \u00e9telekr\u0151l, ruh\u00e1kr\u00f3l vagy a lak\u00e1sban vagy h\u00e1zban v\u00e9gzett jav\u00edt\u00e1sokr\u00f3l k\u00e9sz\u00fclt \u00f6sszes fot\u00f3t, majd megmutatja azokat. Ezen k\u00edv\u00fcl vannak \u00fcnnepi kiv\u00e1laszt\u00e1sok is.<\/p>\n\n\n\n<p>Azonban egy dolog, hogy vannak eml\u00e9keztet\u0151k, \u00e9s eg\u00e9szen m\u00e1s dolog, hogy vannak hat\u00e1sok. A Google Fot\u00f3k m\u00e1r rendelkezik olyan sz\u0171r\u0151kkel, amelyek a h\u00e9tk\u00f6znapi fot\u00f3kat portr\u00e9kk\u00e1 v\u00e1ltoztatj\u00e1k, a f\u00e9nyforr\u00e1s ir\u00e1ny\u00e1t er\u0151szakkal megv\u00e1ltoztatj\u00e1k, t\u00f6bb egym\u00e1st k\u00f6vet\u0151 k\u00e9pb\u0151l anim\u00e1ci\u00f3t k\u00e9sz\u00edtenek, vagy men\u0151 zoom-effektust hoznak l\u00e9tre.<\/p>\n\n\n\n<p>Kor\u00e1bban a szolg\u00e1ltat\u00e1s rendszeresen k\u00fcld\u00f6tt \u00e9rtes\u00edt\u00e9seket, amelyekben megh\u00edvta \u00d6nt, hogy megn\u00e9zze, mit csin\u00e1lt az adott napon egy \u00e9vvel ezel\u0151tt. A javaslatok az &#8222;Asszisztens&#8221; r\u00e9szben jelentek meg. Most a gal\u00e9ria tetej\u00e9n jelennek meg k\u00f6r\u00f6k form\u00e1j\u00e1ban. Kattints egy ilyen k\u00f6rre, \u00e9s m\u00e1ris nosztalgikus k\u00e9pekb\u0151l \u00e9s klipekb\u0151l v\u00e1logathatsz.<\/p>\n\n\n\n<h2 class=\"wp-block-heading\"><a><\/a><strong>Az eml\u00e9kek letilt\u00e1sa a Google Fot\u00f3k alkalmaz\u00e1sban<\/strong><\/h2>\n\n\n\n<p>Az a lehet\u0151s\u00e9g, hogy egy adott f\u00e9nyk\u00e9pet elt\u00e1vol\u00edthat egy gy\u0171jtem\u00e9nyb\u0151l, nagyon n\u00e9pszer\u0171 azon felhaszn\u00e1l\u00f3k k\u00f6r\u00e9ben, akik szeretn\u00e9k kiz\u00e1rni valamilyen esem\u00e9nyre eml\u00e9keztet\u0151 eml\u00e9keket az \u00e9let\u00fckb\u0151l. \u00cdgy mostant\u00f3l, ha egy gy\u0171jtem\u00e9nyben egy nem k\u00edv\u00e1nt fot\u00f3t l\u00e1t, megnyithatja a kontextusmen\u00fct, \u00e9s egyszer\u0171en elrejtheti an\u00e9lk\u00fcl, hogy t\u00f6r\u00f6ln\u00e9, ha esetleg valaha \u00fajra \u00e1t szeretn\u00e9 n\u00e9zni.<\/p>\n\n\n\n<p>Ha szeretn\u00e9 letiltani az eml\u00e9keket a Google Fot\u00f3k alkalmaz\u00e1sban a mobilk\u00e9sz\u00fcl\u00e9k\u00e9n, akkor a k\u00f6vetkez\u0151 l\u00e9p\u00e9seket kell k\u00f6vetnie:<\/p>\n\n\n\n<ul class=\"wp-block-list\"><li>El\u0151sz\u00f6r is nyissa meg a Google Fot\u00f3k alkalmaz\u00e1st a mobileszk\u00f6z\u00e9n.<\/li><li>Ezut\u00e1n koppintson a k\u00e9perny\u0151 jobb fels\u0151 sark\u00e1ban l\u00e9v\u0151 profil ikonj\u00e1ra, \u00e9s nyissa meg a <strong>&#8222;Be\u00e1ll\u00edt\u00e1sok&#8221; <\/strong>men\u00fct.<\/li><\/ul>\n\n\n\n<figure class=\"wp-block-image size-full\"><img loading=\"lazy\" decoding=\"async\" width=\"696\" height=\"677\" src=\"https:\/\/global.tab-tv.com\/hu\/wp-content\/uploads\/sites\/3\/2022\/06\/IMG_20220213_145326.webp\" alt=\"\" class=\"wp-image-667\" srcset=\"https:\/\/global.tab-tv.com\/hu\/wp-content\/uploads\/sites\/3\/2022\/06\/IMG_20220213_145326.webp 696w, https:\/\/global.tab-tv.com\/hu\/wp-content\/uploads\/sites\/3\/2022\/06\/IMG_20220213_145326-300x292.webp 300w\" sizes=\"auto, (max-width: 696px) 100vw, 696px\" \/><\/figure>\n\n\n\n<ul class=\"wp-block-list\"><li>Ezut\u00e1n kattintson az <strong>&#8222;Eml\u00e9kek&#8221; <\/strong>r\u00e9szre.<\/li><\/ul>\n\n\n\n<figure class=\"wp-block-image size-full\"><img loading=\"lazy\" decoding=\"async\" width=\"300\" height=\"522\" src=\"https:\/\/global.tab-tv.com\/hu\/wp-content\/uploads\/sites\/3\/2022\/06\/IMG_20220213_145454.webp\" alt=\"\" class=\"wp-image-668\" srcset=\"https:\/\/global.tab-tv.com\/hu\/wp-content\/uploads\/sites\/3\/2022\/06\/IMG_20220213_145454.webp 300w, https:\/\/global.tab-tv.com\/hu\/wp-content\/uploads\/sites\/3\/2022\/06\/IMG_20220213_145454-172x300.webp 172w\" sizes=\"auto, (max-width: 300px) 100vw, 300px\" \/><\/figure>\n\n\n\n<ul class=\"wp-block-list\"><li><strong>A &#8222;D\u00e1tumok elrejt\u00e9se&#8221; <\/strong>opci\u00f3ra kattintva hozz\u00e1adhatja azt a d\u00e1tumot, amelyre nem szeretne eml\u00e9kezni.<\/li><li><strong>Az &#8222;Emberek \u00e9s h\u00e1zi\u00e1llatok elrejt\u00e9se&#8221; <\/strong>opci\u00f3ra kattintva kiv\u00e1laszthatja azokat az embereket vagy h\u00e1zi\u00e1llatokat, akiket nem szeretne l\u00e1tni az eml\u00e9keiben.<\/li><\/ul>\n\n\n\n<figure class=\"wp-block-image size-full\"><img loading=\"lazy\" decoding=\"async\" width=\"696\" height=\"866\" src=\"https:\/\/global.tab-tv.com\/hu\/wp-content\/uploads\/sites\/3\/2022\/06\/IMG_20220213_145516.webp\" alt=\"\" class=\"wp-image-669\" srcset=\"https:\/\/global.tab-tv.com\/hu\/wp-content\/uploads\/sites\/3\/2022\/06\/IMG_20220213_145516.webp 696w, https:\/\/global.tab-tv.com\/hu\/wp-content\/uploads\/sites\/3\/2022\/06\/IMG_20220213_145516-241x300.webp 241w\" sizes=\"auto, (max-width: 696px) 100vw, 696px\" \/><\/figure>\n\n\n\n<ul class=\"wp-block-list\"><li>Eml\u00e9keztet\u0151 \u00e9rtes\u00edt\u00e9sek be\u00e1ll\u00edt\u00e1sa. Csak nyissa meg az <strong>&#8222;\u00c9rtes\u00edt\u00e9sek&#8221; <\/strong>men\u00fct, \u00e9s kapcsolja ki az \u00f6sszes opci\u00f3t.<\/li><\/ul>\n\n\n\n<figure class=\"wp-block-image size-full\"><img loading=\"lazy\" decoding=\"async\" width=\"300\" height=\"566\" src=\"https:\/\/global.tab-tv.com\/hu\/wp-content\/uploads\/sites\/3\/2022\/06\/IMG_20220213_150601.webp\" alt=\"\" class=\"wp-image-670\" srcset=\"https:\/\/global.tab-tv.com\/hu\/wp-content\/uploads\/sites\/3\/2022\/06\/IMG_20220213_150601.webp 300w, https:\/\/global.tab-tv.com\/hu\/wp-content\/uploads\/sites\/3\/2022\/06\/IMG_20220213_150601-159x300.webp 159w\" sizes=\"auto, (max-width: 300px) 100vw, 300px\" \/><\/figure>\n\n\n\n<ul class=\"wp-block-list\"><li>Menjen a <strong>&#8222;Kiemelt eml\u00e9kek&#8221; <\/strong>men\u00fcpontba, hogy letiltsa az \u00f6sszes opci\u00f3t.<\/li><\/ul>\n\n\n\n<p>Ha elv\u00e9gezte ezeket a l\u00e9p\u00e9seket, akkor a Google Fot\u00f3k nem fogja megmutatni azokat az eml\u00e9keket, amelyeket nem szeretne l\u00e1tni.<\/p>\n\n\n\n<h2 class=\"wp-block-heading\"><a><\/a><strong>Milyen funkci\u00f3kkal rendelkezik a Google Fot\u00f3k<\/strong><\/h2>\n\n\n\n<p>A Google Photos rendelkezik egy olyan hat\u00e1ssal, amely a f\u00e9nyk\u00e9pen l\u00e9v\u0151 t\u00e1rgyak mozg\u00e1s\u00e1t ut\u00e1nozza. Egyes k\u00e9peket parallaxissal anim\u00e1l, m\u00edg m\u00e1sokat &#8211; p\u00e9ld\u00e1ul ha kett\u0151 vagy t\u00f6bb van bel\u0151l\u00fck &#8211; mozg\u00e1sba hoz, k\u00f6zbens\u0151 k\u00e9pkock\u00e1kat l\u00e9trehozva. Ennek eredm\u00e9nyek\u00e9ppen a statikus k\u00e9pek \u00faj \u00e9letet \u00e9s dimenzi\u00f3t nyernek. \u00c9s nem sz\u00e1m\u00edt, hogy ezek a fot\u00f3k milyen r\u00e9giek &#8211; a neur\u00e1lis h\u00e1l\u00f3zatok k\u00e9pesek lesznek az \u00faj \u00e9s a r\u00e9gi fot\u00f3kat is \u00f6sszeragasztani \u00e9s \u00fajj\u00e1\u00e9leszteni.<\/p>\n\n\n\n<p>Lehet\u0151s\u00e9get kap arra is, hogy k\u00fcl\u00f6n biztons\u00e1gos albumot hozzon l\u00e9tre a Google Fot\u00f3kban, amelybe \u00e1tviheti az \u00f6sszes olyan szem\u00e9lyes f\u00e9nyk\u00e9pet, amelyet el akar rejteni a k\u00edv\u00fcl\u00e1ll\u00f3k el\u0151l. Ezt az albumot jelsz\u00f3val vagy biometrikus adatokkal lehet lez\u00e1rni, \u00e9s a Pixel okostelefonokon a felhaszn\u00e1l\u00f3k a f\u0151 t\u00e1rhelyet megker\u00fclve azonnal ebbe a mapp\u00e1ba menthetik a fot\u00f3kat. Mindent egybevetve, ez nagyon k\u00e9nyelmes.<\/p>\n\n\n\n<p>Ennyit kell tudnia arr\u00f3l, hogyan \u00e1ll\u00edthatja le a Google Fot\u00f3kban az eml\u00e9kek megjelen\u00edt\u00e9s\u00e9t. Mint kider\u00fclt, ez el\u00e9g k\u00f6nnyen elv\u00e9gezhet\u0151, \u00e9s biztosan nem t\u00f6lt a sz\u00fcks\u00e9gesn\u00e9l t\u00f6bb id\u0151t.<\/p>\n","protected":false},"excerpt":{"rendered":"<p>A Google Fot\u00f3k mem\u00f3ria funkci\u00f3ja igaz\u00e1n \u00e9rdekes \u00e9s figyelemre m\u00e9lt\u00f3. N\u00e9ha azonban \u00e9rdemes kikapcsolni, ha nem szeretn\u00e9, hogy az &#8222;eml\u00e9kek&#8221; a v\u00e9gtelens\u00e9gig l\u00e9trej\u00f6jjenek. Mire van sz\u00fcks\u00e9ge ahhoz, hogy a Google Fot\u00f3k ne mutassa az eml\u00e9keket Az &#8222;Eml\u00e9kek&#8221; egy olyan funkci\u00f3 a Google Fot\u00f3kban, amely lehet\u0151v\u00e9 teszi, hogy \u00fajra felfedezze a m\u00faltbeli f\u00e9nyk\u00e9peket. Ezek a fot\u00f3k [&hellip;]<\/p>\n","protected":false},"author":1,"featured_media":672,"comment_status":"open","ping_status":"open","sticky":false,"template":"","format":"standard","meta":{"_monsterinsights_skip_tracking":false,"_monsterinsights_sitenote_active":false,"_monsterinsights_sitenote_note":"","_monsterinsights_sitenote_category":0,"footnotes":""},"categories":[2],"tags":[168],"class_list":{"0":"post-666","1":"post","2":"type-post","3":"status-publish","4":"format-standard","5":"has-post-thumbnail","7":"category-utmutatok","8":"tag-google-photos"},"_links":{"self":[{"href":"https:\/\/global.tab-tv.com\/hu\/wp-json\/wp\/v2\/posts\/666","targetHints":{"allow":["GET"]}}],"collection":[{"href":"https:\/\/global.tab-tv.com\/hu\/wp-json\/wp\/v2\/posts"}],"about":[{"href":"https:\/\/global.tab-tv.com\/hu\/wp-json\/wp\/v2\/types\/post"}],"author":[{"embeddable":true,"href":"https:\/\/global.tab-tv.com\/hu\/wp-json\/wp\/v2\/users\/1"}],"replies":[{"embeddable":true,"href":"https:\/\/global.tab-tv.com\/hu\/wp-json\/wp\/v2\/comments?post=666"}],"version-history":[{"count":1,"href":"https:\/\/global.tab-tv.com\/hu\/wp-json\/wp\/v2\/posts\/666\/revisions"}],"predecessor-version":[{"id":671,"href":"https:\/\/global.tab-tv.com\/hu\/wp-json\/wp\/v2\/posts\/666\/revisions\/671"}],"wp:featuredmedia":[{"embeddable":true,"href":"https:\/\/global.tab-tv.com\/hu\/wp-json\/wp\/v2\/media\/672"}],"wp:attachment":[{"href":"https:\/\/global.tab-tv.com\/hu\/wp-json\/wp\/v2\/media?parent=666"}],"wp:term":[{"taxonomy":"category","embeddable":true,"href":"https:\/\/global.tab-tv.com\/hu\/wp-json\/wp\/v2\/categories?post=666"},{"taxonomy":"post_tag","embeddable":true,"href":"https:\/\/global.tab-tv.com\/hu\/wp-json\/wp\/v2\/tags?post=666"}],"curies":[{"name":"wp","href":"https:\/\/api.w.org\/{rel}","templated":true}]}}