{"id":689,"date":"2022-06-17T19:06:37","date_gmt":"2022-06-17T19:06:37","guid":{"rendered":"https:\/\/global.tab-tv.com\/hu\/?p=689"},"modified":"2022-06-17T19:06:39","modified_gmt":"2022-06-17T19:06:39","slug":"hogyan-lehet-konvertalni-a-kepfajlokat-heic-bol-pdf-be","status":"publish","type":"post","link":"https:\/\/global.tab-tv.com\/hu\/hogyan-lehet-konvertalni-a-kepfajlokat-heic-bol-pdf-be\/","title":{"rendered":"Hogyan lehet konvert\u00e1lni a k\u00e9pf\u00e1jlokat HEIC-b\u0151l PDF-be?"},"content":{"rendered":"\n<p>K\u00e9nyelmes szolg\u00e1ltat\u00e1st vagy m\u00f3dot keres a HEIC PDF-be val\u00f3 konvert\u00e1l\u00e1s\u00e1ra? Ez a feladat meglehet\u0151sen egyszer\u0171. De term\u00e9szetesen att\u00f3l f\u00fcgg, hogy melyik m\u00f3dszert v\u00e1lasztja. Tov\u00e1bbi r\u00e9szletek a lehets\u00e9ges \u00e1talak\u00edt\u00e1si lehet\u0151s\u00e9gekr\u0151l k\u00f6vetkeznek.<\/p>\n\n\n\n<h1 class=\"wp-block-heading\"><a><\/a><strong>Hol lehet a HEIC k\u00e9pf\u00e1jlokat PDF-be konvert\u00e1lni<\/strong><\/h1>\n\n\n\n<p>Az iOS 11-t\u0151l kezdve az Apple k\u00e9sz\u00fcl\u00e9kek a HEIC k\u00e9pf\u00e1jlform\u00e1tumra v\u00e1ltottak a f\u00e1jlm\u00e9ret minimaliz\u00e1l\u00e1sa \u00e9rdek\u00e9ben. Emiatt egyes iOS-felhaszn\u00e1l\u00f3k nagysz\u00e1m\u00fa HEIC-f\u00e1jlt tudnak majd elmenteni a k\u00e9sz\u00fcl\u00e9keiken. Ez a f\u00e1jlform\u00e1tum azonban nem kompatibilis az Android \u00e9s a Windows PC-kkel, valamint azzal, hogy ezeket a k\u00e9peket m\u00e1s form\u00e1tumba, p\u00e9ld\u00e1ul PDF-be pr\u00f3b\u00e1lj\u00e1k konvert\u00e1lni.<\/p>\n\n\n\n<p>Ha a HEIC-et PDF-be szeretn\u00e9 konvert\u00e1lni, akkor keresnie kell egy asztali seg\u00e9dprogramot vagy egy online szolg\u00e1ltat\u00e1st a HEIC PDF-be val\u00f3 konvert\u00e1l\u00e1s\u00e1hoz. Ebben a cikkben elmondjuk, hogyan konvert\u00e1lhat k\u00e9pf\u00e1jlokat HEIC-b\u0151l PDF-be n\u00e9h\u00e1ny egyszer\u0171 m\u00f3don.<\/p>\n\n\n\n<h2 class=\"wp-block-heading\"><a><\/a><strong>Hogyan lehet konvert\u00e1lni HEIC PDF-be Macen a PDFelement seg\u00edts\u00e9g\u00e9vel?<\/strong><\/h2>\n\n\n\n<p>Ha szeretn\u00e9 konvert\u00e1lni HEIC PDF-be a Mac sz\u00e1m\u00edt\u00f3g\u00e9p\u00e9n, k\u00f6vesse az al\u00e1bbi l\u00e9p\u00e9seket:<\/p>\n\n\n\n<ul class=\"wp-block-list\"><li>El\u0151sz\u00f6r is t\u00f6lts\u00f6n le \u00e9s telep\u00edtsen egy PDF-szerkeszt\u0151t, p\u00e9ld\u00e1ul a <strong>PDFelementet a <\/strong>Mac sz\u00e1m\u00edt\u00f3g\u00e9p\u00e9re.<\/li><li>Ezut\u00e1n gy\u0151z\u0151dj\u00f6n meg r\u00f3la, hogy a HEIC-k\u00e9p a Mac sz\u00e1m\u00edt\u00f3g\u00e9p\u00e9n van.<\/li><li>Nyissa meg a <strong>PDF-elemet<\/strong>, \u00e9s kattintson a <strong>&#8222;F\u00e1jl&#8221; <\/strong>gombra.<\/li><li>Ezut\u00e1n v\u00e1lassza az <strong>&#8222;\u00daj&#8221; <\/strong>\u00e9s a <strong>&#8222;PDF f\u00e1jlb\u00f3l&#8230;&#8221; lehet\u0151s\u00e9get<\/strong>.<\/li><li>Ezut\u00e1n v\u00e1lassza ki a <strong>HEIC <\/strong>k\u00e9pf\u00e1jlt a <strong>Finder <\/strong>ablakban, \u00e9s kattintson <strong>a &#8222;Megnyit\u00e1s&#8221; gombra<\/strong>.<\/li><li>A <strong>HEIC <\/strong>f\u00e1jlt <strong>PDF-be<\/strong> konvert\u00e1lja.<\/li><\/ul>\n\n\n\n<p>Az \u00fajonnan l\u00e9trehozott PDF-f\u00e1jlt most m\u00e1r b\u00e1rhov\u00e1 elmentheti a Mac sz\u00e1m\u00edt\u00f3g\u00e9p\u00e9n.<\/p>\n\n\n\n<h2 class=\"wp-block-heading\"><a><\/a><strong>Hogyan konvert\u00e1lhat\u00f3 a HEIC PDF-be online<\/strong><\/h2>\n\n\n\n<p>Ha szeretne HEIC-et online PDF-be konvert\u00e1lni, az interneten k\u00fcl\u00f6nb\u00f6z\u0151 online HEIC PDF-be konvert\u00e1l\u00f3kat tal\u00e1lhat. P\u00e9ldak\u00e9nt a <a href=\"https:\/\/cloudconvert.com\/heic-to-pdf\">CloudConvertet<\/a> fogjuk haszn\u00e1lni.<\/p>\n\n\n\n<figure class=\"wp-block-image size-full\"><img loading=\"lazy\" decoding=\"async\" width=\"1024\" height=\"772\" src=\"https:\/\/global.tab-tv.com\/hu\/wp-content\/uploads\/sites\/3\/2022\/06\/convert-image-files-from-HEIC-to-PDF-1.webp\" alt=\"\" class=\"wp-image-690\" srcset=\"https:\/\/global.tab-tv.com\/hu\/wp-content\/uploads\/sites\/3\/2022\/06\/convert-image-files-from-HEIC-to-PDF-1.webp 1024w, https:\/\/global.tab-tv.com\/hu\/wp-content\/uploads\/sites\/3\/2022\/06\/convert-image-files-from-HEIC-to-PDF-1-300x226.webp 300w, https:\/\/global.tab-tv.com\/hu\/wp-content\/uploads\/sites\/3\/2022\/06\/convert-image-files-from-HEIC-to-PDF-1-768x579.webp 768w\" sizes=\"auto, (max-width: 1024px) 100vw, 1024px\" \/><\/figure>\n\n\n\n<p>A CloudConvert online konvert\u00e1lja a k\u00e9pf\u00e1jlokat. T\u00f6bbek k\u00f6z\u00f6tt t\u00e1mogatja a PNG, JPG, GIF, WEBP \u00e9s HEIC form\u00e1tumokat. Az opci\u00f3kkal a k\u00e9pfelbont\u00e1st, a min\u0151s\u00e9get \u00e9s a f\u00e1jlm\u00e9retet is szab\u00e1lyozhatja. Ehhez k\u00f6vesse az al\u00e1bbi l\u00e9p\u00e9seket:<\/p>\n\n\n\n<ul class=\"wp-block-list\"><li>El\u0151sz\u00f6r is nyissa meg a <strong>CloudConvert <\/strong>webhely\u00e9t.<\/li><li>Ezut\u00e1n t\u00f6ltse fel a konvert\u00e1lni k\u00edv\u00e1nt <strong>HEIC <\/strong>k\u00e9pet a <strong>&#8222;F\u00e1jl kiv\u00e1laszt\u00e1sa&#8221; <\/strong>gombra kattintva.<\/li><li>Ha szeretn\u00e9, haszn\u00e1lhatja a kimeneti f\u00e1jlbe\u00e1ll\u00edt\u00e1sok be\u00e1ll\u00edt\u00e1sait.<\/li><li>Ezut\u00e1n kattintson a <strong>&#8222;Konvert\u00e1l\u00e1s&#8221; <\/strong>vagy a <strong>&#8222;Tov\u00e1bbi f\u00e1jlok hozz\u00e1ad\u00e1sa&#8221; gombra<\/strong>, ha p\u00e9ld\u00e1ul m\u00e9g egy k\u00e9pet szeretne hozz\u00e1adni.<\/li><li>V\u00e9g\u00fcl megjelenik a felugr\u00f3 ablak, ahol a <strong>&#8222;Let\u00f6lt\u00e9s&#8221; <\/strong>gombra kattintva let\u00f6ltheti az \u00fajonnan l\u00e9trehozott <strong>PDF <\/strong>f\u00e1jlt.<\/li><\/ul>\n\n\n\n<p>Azt is tudnia kell, hogy ezen a weboldalon lehet\u0151s\u00e9ge van b\u00e1rmilyen f\u00e1jlform\u00e1tum konvert\u00e1l\u00e1s\u00e1ra.<\/p>\n\n\n\n<p>Alternat\u00edvak\u00e9nt l\u00e9tezik egy Convertio nev\u0171 weboldal is. Az elv ugyanaz, mint az el\u0151z\u0151 weboldal eset\u00e9ben. A dokumentum \u00e1talak\u00edt\u00e1s\u00e1hoz k\u00f6vesse ezt az \u00fatmutat\u00f3t:<\/p>\n\n\n\n<figure class=\"wp-block-image size-full\"><img loading=\"lazy\" decoding=\"async\" width=\"1024\" height=\"542\" src=\"https:\/\/global.tab-tv.com\/hu\/wp-content\/uploads\/sites\/3\/2022\/06\/convert-image-files-from-HEIC-to-PDF-2.webp\" alt=\"\" class=\"wp-image-691\" srcset=\"https:\/\/global.tab-tv.com\/hu\/wp-content\/uploads\/sites\/3\/2022\/06\/convert-image-files-from-HEIC-to-PDF-2.webp 1024w, https:\/\/global.tab-tv.com\/hu\/wp-content\/uploads\/sites\/3\/2022\/06\/convert-image-files-from-HEIC-to-PDF-2-300x159.webp 300w, https:\/\/global.tab-tv.com\/hu\/wp-content\/uploads\/sites\/3\/2022\/06\/convert-image-files-from-HEIC-to-PDF-2-768x407.webp 768w\" sizes=\"auto, (max-width: 1024px) 100vw, 1024px\" \/><\/figure>\n\n\n\n<ul class=\"wp-block-list\"><li>L\u00e1togasson el a <a href=\"https:\/\/convertio.co\/\">convertio.co<\/a> oldalra<\/li><li>H\u00fazza a HEIC f\u00e1jlt<\/li><li>V\u00e1lassza a <strong>PDF-et <\/strong>a leg\u00f6rd\u00fcl\u0151 men\u00fcb\u0151l<\/li><li>Kattintson a <strong>Konvert\u00e1l\u00e1s <\/strong>gombra<\/li><\/ul>\n\n\n\n<p>A weboldal meglehet\u0151sen egyszer\u0171 \u00e9s ingyenes. Ha teh\u00e1t valamit m\u00e1s form\u00e1tumba kell konvert\u00e1lnia, akkor ez az er\u0151forr\u00e1s j\u00f3l fog j\u00f6nni, mivel a form\u00e1tumok sz\u00e9les v\u00e1laszt\u00e9ka \u00e1ll rendelkez\u00e9s\u00e9re, amelyekkel dolgozhat. R\u00e1ad\u00e1sul a fel\u00fclete nagyon felhaszn\u00e1l\u00f3bar\u00e1t \u00e9s egyszer\u0171.<\/p>\n\n\n\n<h2 class=\"wp-block-heading\"><a><\/a><strong>Hogyan lehet a HEIC-et PDF-be konvert\u00e1lni a PDFpen seg\u00edts\u00e9g\u00e9vel?<\/strong><\/h2>\n\n\n\n<p>Az egyik legmegfelel\u0151bb harmadik f\u00e9lt\u0151l sz\u00e1rmaz\u00f3 alkalmaz\u00e1s a <a href=\"https:\/\/setapp.com\/apps\/pdfpen\">PDFpen<\/a>. Nemcsak k\u00e9nyelmes a haszn\u00e1lata, de mindenf\u00e9le tov\u00e1bbi szerkeszt\u00e9st stb. elker\u00fclhet. Emellett a dokumentumot a k\u00edv\u00e1nt form\u00e1tumba, azaz a k\u00edv\u00e1nt eredm\u00e9nnyel konvert\u00e1lhatja, p\u00e9ld\u00e1ul jelsz\u00f3val v\u00e9dett vagy kism\u00e9ret\u0171 dokumentumot.<\/p>\n\n\n\n<figure class=\"wp-block-image size-full\"><img loading=\"lazy\" decoding=\"async\" width=\"1024\" height=\"642\" src=\"https:\/\/global.tab-tv.com\/hu\/wp-content\/uploads\/sites\/3\/2022\/06\/convert-image-files-from-HEIC-to-PDF-3.webp\" alt=\"\" class=\"wp-image-692\" srcset=\"https:\/\/global.tab-tv.com\/hu\/wp-content\/uploads\/sites\/3\/2022\/06\/convert-image-files-from-HEIC-to-PDF-3.webp 1024w, https:\/\/global.tab-tv.com\/hu\/wp-content\/uploads\/sites\/3\/2022\/06\/convert-image-files-from-HEIC-to-PDF-3-300x188.webp 300w, https:\/\/global.tab-tv.com\/hu\/wp-content\/uploads\/sites\/3\/2022\/06\/convert-image-files-from-HEIC-to-PDF-3-768x482.webp 768w\" sizes=\"auto, (max-width: 1024px) 100vw, 1024px\" \/><\/figure>\n\n\n\n<p>Nem kell megismerkednie a kezel\u0151fel\u00fclettel, nem kell f\u00e1jlokat egyes\u00edtenie, \u00e9s nem kell \u00e1trendeznie az oldalakat. M\u00e9g a legmodernebb OCR (optikai karakterfelismer\u0151) technol\u00f3gi\u00e1t is kihaszn\u00e1lhatja, hogy a beolvasott dokumentumokat szerkeszthet\u0151 sz\u00f6vegg\u00e9 alak\u00edtsa, \u00edgy m\u00e9g gyorsabb\u00e1 t\u00e9ve a napi munkafolyamatokat.<\/p>\n\n\n\n<p>A HEIC f\u00e1jl PDF-be konvert\u00e1l\u00e1s\u00e1hoz kattintson az al\u00e1bbi r\u00f6vid \u00fatmutat\u00f3ra:<\/p>\n\n\n\n<ul class=\"wp-block-list\"><li>Nyissa meg a HEIC f\u00e1jlt a <strong>PDFpenGo <\/strong>to <strong>File <\/strong>\u2799 <strong>Optimaliz\u00e1lt PDF l\u00e9trehoz\u00e1sa&#8230;<\/strong><\/li><li>V\u00e1lassza ki az \u00d6n sz\u00e1m\u00e1ra <strong>legoptim\u00e1lisabb be\u00e1ll\u00edt\u00e1sokat<\/strong><\/li><li>Kattintson a <strong>L\u00e9trehoz\u00e1s <\/strong>gombra<\/li><\/ul>\n\n\n\n<p>Amint l\u00e1thatja, a dokumentumok szerkeszt\u00e9se \u00e9s form\u00e1z\u00e1sa PDF-ben nagyon egyszer\u0171 \u00e9s egyszer\u0171, ha a fent le\u00edrt alkalmaz\u00e1st vagy m\u00f3dszert v\u00e1lasztja. Ne felejtse el, hogy l\u00e9tezik az AnyTrans for iOS alkalmaz\u00e1s is a gyors Macr\u0151l iPhone-ra t\u00f6rt\u00e9n\u0151 \u00e1tvitelhez. K\u00e9nyelmes lesz a munka, ha gyakran haszn\u00e1lja az iPhone-t.<\/p>\n\n\n\n<p>\u00cdgy a fent le\u00edrt m\u00f3dszerek seg\u00edtenek megszervezni a munk\u00e1t \u00e9s id\u0151t takar\u00edtanak meg.<\/p>\n","protected":false},"excerpt":{"rendered":"<p>K\u00e9nyelmes szolg\u00e1ltat\u00e1st vagy m\u00f3dot keres a HEIC PDF-be val\u00f3 konvert\u00e1l\u00e1s\u00e1ra? Ez a feladat meglehet\u0151sen egyszer\u0171. De term\u00e9szetesen att\u00f3l f\u00fcgg, hogy melyik m\u00f3dszert v\u00e1lasztja. Tov\u00e1bbi r\u00e9szletek a lehets\u00e9ges \u00e1talak\u00edt\u00e1si lehet\u0151s\u00e9gekr\u0151l k\u00f6vetkeznek. Hol lehet a HEIC k\u00e9pf\u00e1jlokat PDF-be konvert\u00e1lni Az iOS 11-t\u0151l kezdve az Apple k\u00e9sz\u00fcl\u00e9kek a HEIC k\u00e9pf\u00e1jlform\u00e1tumra v\u00e1ltottak a f\u00e1jlm\u00e9ret minimaliz\u00e1l\u00e1sa \u00e9rdek\u00e9ben. Emiatt egyes iOS-felhaszn\u00e1l\u00f3k [&hellip;]<\/p>\n","protected":false},"author":1,"featured_media":693,"comment_status":"open","ping_status":"open","sticky":false,"template":"","format":"standard","meta":{"_monsterinsights_skip_tracking":false,"_monsterinsights_sitenote_active":false,"_monsterinsights_sitenote_note":"","_monsterinsights_sitenote_category":0,"footnotes":""},"categories":[2],"tags":[170,171],"class_list":{"0":"post-689","1":"post","2":"type-post","3":"status-publish","4":"format-standard","5":"has-post-thumbnail","7":"category-utmutatok","8":"tag-heic","9":"tag-pdf"},"_links":{"self":[{"href":"https:\/\/global.tab-tv.com\/hu\/wp-json\/wp\/v2\/posts\/689","targetHints":{"allow":["GET"]}}],"collection":[{"href":"https:\/\/global.tab-tv.com\/hu\/wp-json\/wp\/v2\/posts"}],"about":[{"href":"https:\/\/global.tab-tv.com\/hu\/wp-json\/wp\/v2\/types\/post"}],"author":[{"embeddable":true,"href":"https:\/\/global.tab-tv.com\/hu\/wp-json\/wp\/v2\/users\/1"}],"replies":[{"embeddable":true,"href":"https:\/\/global.tab-tv.com\/hu\/wp-json\/wp\/v2\/comments?post=689"}],"version-history":[{"count":1,"href":"https:\/\/global.tab-tv.com\/hu\/wp-json\/wp\/v2\/posts\/689\/revisions"}],"predecessor-version":[{"id":694,"href":"https:\/\/global.tab-tv.com\/hu\/wp-json\/wp\/v2\/posts\/689\/revisions\/694"}],"wp:featuredmedia":[{"embeddable":true,"href":"https:\/\/global.tab-tv.com\/hu\/wp-json\/wp\/v2\/media\/693"}],"wp:attachment":[{"href":"https:\/\/global.tab-tv.com\/hu\/wp-json\/wp\/v2\/media?parent=689"}],"wp:term":[{"taxonomy":"category","embeddable":true,"href":"https:\/\/global.tab-tv.com\/hu\/wp-json\/wp\/v2\/categories?post=689"},{"taxonomy":"post_tag","embeddable":true,"href":"https:\/\/global.tab-tv.com\/hu\/wp-json\/wp\/v2\/tags?post=689"}],"curies":[{"name":"wp","href":"https:\/\/api.w.org\/{rel}","templated":true}]}}