{"id":695,"date":"2022-06-17T21:14:53","date_gmt":"2022-06-17T21:14:53","guid":{"rendered":"https:\/\/global.tab-tv.com\/hu\/?p=695"},"modified":"2022-06-17T21:14:55","modified_gmt":"2022-06-17T21:14:55","slug":"samsung-2018-2022-tv-k-sora-kulonbsegek-jellemzok-elonyok","status":"publish","type":"post","link":"https:\/\/global.tab-tv.com\/hu\/samsung-2018-2022-tv-k-sora-kulonbsegek-jellemzok-elonyok\/","title":{"rendered":"Samsung 2018-2022 TV-k sora, k\u00fcl\u00f6nbs\u00e9gek, jellemz\u0151k, el\u0151ny\u00f6k"},"content":{"rendered":"\n<h1 class=\"wp-block-heading\"><a><\/a><strong>Samsung 2022 TV modellek. Samsung 2022 sorozat\u00fa TV-k<\/strong><\/h1>\n\n\n\n<p>Most r\u00f6viden besz\u00e9lek a Samsung 2022-ben el\u00e9rhet\u0151 t\u00e9v\u00e9csal\u00e1djair\u00f3l, amelyeket a v\u00e1llalat k\u00edn\u00e1l. Tudni kell, hogy az elm\u00falt n\u00e9gy \u00e9vben a telev\u00edzi\u00f3k el\u00e9rt\u00e9k technikai k\u00e9pess\u00e9geik cs\u00facs\u00e1t. Azok a technikai tal\u00e1lm\u00e1nyok, amelyek \u00e1tt\u00f6r\u00e9st hozhatn\u00e1nak a telev\u00edzi\u00f3k technikai k\u00e9pess\u00e9geiben, egyel\u0151re megtorpantak. Persze, \u00faj fejleszt\u00e9sek folyamatban vannak, mindenki v\u00e1rja az \u00faj Samsung OLED, QLED k\u00e9perny\u0151vel ell\u00e1tott t\u00e9v\u00e9ket, amelyek hamarosan forgalomba ker\u00fclnek. De erre legjobb esetben is csak 2023-ban ker\u00fcl sor.<\/p>\n\n\n\n<h2 class=\"wp-block-heading\"><a><\/a><strong>A Samsung 2011-2022-es TV-sorozata<\/strong><\/h2>\n\n\n\n<p>A Samsung el\u00e9g sok vari\u00e1ci\u00f3t vezet be t\u00e9v\u00e9sorozataib\u00f3l. P\u00e9ld\u00e1ul Full HD, 4K, 8K, Smart TV, QLED, 4K, 8K \u00e9s \u00edgy tov\u00e1bb. Persze el\u0151fordulhat, hogy \u00f6sszezavarodunk, \u00e9s \u00e9szrevehetj\u00fck, hogy egyes t\u00e9v\u00e9modellek egyszerre t\u00f6bb kateg\u00f3ri\u00e1ba is beletartoznak. Kijelz\u0151felbont\u00e1s, kijelz\u0151t\u00edpus vagy valamilyen m\u00e1s jellemz\u0151 alapj\u00e1n. De ez nem egy t\u00e9v\u00e9sorozat. A Samsung m\u00e9g 2011-ben kezdte el haszn\u00e1lni a t\u00e9v\u00e9k sz\u00e9ri\u00e1kra val\u00f3 feloszt\u00e1s\u00e1t. \u00d6sszesen kilenc t\u00e9v\u00e9sorozat volt. \u00c9s ezek a sz\u00e9ri\u00e1k term\u00e9szetesen nagyon konvencion\u00e1lisan ilyen t\u00e9v\u00e9khez voltak rendelve.<\/p>\n\n\n\n<h2 class=\"wp-block-heading\"><a><\/a><strong>Hogyan oszlanak a Samsung telev\u00edzi\u00f3k sorozatra<\/strong><\/h2>\n\n\n\n<ul class=\"wp-block-list\"><li><strong>1-3 sorozat <\/strong>&#8211; ebben a sorozatban kiemelkedett a kinezk\u00f3p, CRT telev\u00edzi\u00f3k. Jelenleg elavult \u00e9s nem haszn\u00e1lj\u00e1k.<\/li><li><strong>4-5 sorozat <\/strong>&#8211; kis k\u00e9perny\u0151vel rendelkez\u0151, ak\u00e1r 32 h\u00fcvelykes, Full HD felbont\u00e1s\u00fa t\u00e9v\u00e9k\u00e9sz\u00fcl\u00e9kek, amelyek gy\u00e1rt\u00e1sa szint\u00e9n szinte megsz\u0171nt.<\/li><li><strong>6 sorozat <\/strong>&#8211; bel\u00e9p\u0151 szint\u0171 TV-k nagy k\u00e9perny\u0151kkel a sorukban<\/li><li><strong>7-es sorozat <\/strong>&#8211; fejlett funkci\u00f3kkal rendelkez\u0151, de a kedvez\u0151 \u00e1r\u00fa t\u00e9v\u00e9k k\u00f6z\u00e9 tartoz\u00f3 t\u00e9v\u00e9k.<\/li><li><strong>8-as sorozat <\/strong>&#8211; k\u00f6z\u00e9pkateg\u00f3ri\u00e1s t\u00e9v\u00e9k<\/li><li><strong>9-es sorozat <\/strong>&#8211; pr\u00e9mium t\u00e9v\u00e9k.<\/li><\/ul>\n\n\n\n<p>Tudnia kell, hogy a k\u00fcl\u00f6nb\u00f6z\u0151 t\u00e9v\u00e9sorozatok t\u00e9v\u00e9it jelenleg nem lehet sorozatonk\u00e9nt \u00f6sszehasonl\u00edtani, p\u00e9ld\u00e1ul a 8 Series Crystal \u00e9s a 8 Series Neo QLED teljesen k\u00fcl\u00f6nb\u00f6z\u0151 t\u00e9v\u00e9k a funkci\u00f3k \u00e9s jellemz\u0151k tekintet\u00e9ben. Az egyes t\u00e9v\u00e9csal\u00e1dokon bel\u00fcl sorozatonk\u00e9nti feloszt\u00e1s van. Jelenleg 5, 6, 7, 8, 9 sorozat\u00fa telev\u00edzi\u00f3k vannak gy\u00e1rt\u00e1sban.<\/p>\n\n\n\n<h2 class=\"wp-block-heading\"><a><\/a><strong>Samsung TV vonalak 2018-2022<\/strong><\/h2>\n\n\n\n<p>2018 \u00f3ta a Samsung nem sorozatonk\u00e9nt kezdte poz\u00edcion\u00e1lni a telev\u00edzi\u00f3kat. Az\u00f3ta a telev\u00edzi\u00f3kat funkci\u00f3k, a kijelz\u0151 t\u00edpusa szerint kezdt\u00e9k el felosztani. Most m\u00e1r ilyen t\u00e9v\u00e9csal\u00e1dok \u00e1llnak rendelkez\u00e9sre.<\/p>\n\n\n\n<ul class=\"wp-block-list\"><li><strong>Crystal<\/strong><\/li><li><strong>QLED<\/strong><\/li><li><strong>NEO QLED<\/strong><\/li><li><strong>OLED<\/strong><\/li><\/ul>\n\n\n\n<p>A t\u00e9v\u00e9k k\u00fcl\u00f6nb\u00f6z\u0151 v\u00e1ltozatai is lehetnek a k\u00edn\u00e1latban, \u00e1ltal\u00e1ban diz\u00e1jn vagy m\u0171szaki jellemz\u0151k tekintet\u00e9ben. A Samsung TV-k\u00edn\u00e1lat\u00e1t most \u00edgy lehet bemutatni.<\/p>\n\n\n\n<ul class=\"wp-block-list\"><li><strong>Crystal<\/strong><\/li><li><strong>QLED<\/strong><ul><li><strong><em>\u00c9letm\u00f3d<\/em><\/strong><\/li><\/ul><\/li><li><strong>NEO QLED<\/strong><ul><li><strong><em>NEO QLED 4K (UHD)<\/em><\/strong><\/li><\/ul><ul><li><strong><em>NEO QLED 8K<\/em><\/strong><\/li><\/ul><\/li><li><strong>OLED<\/strong><\/li><\/ul>\n\n\n\n<h2 class=\"wp-block-heading\"><a><\/a><strong>A Samsung Crystal TV-sorozat<\/strong><\/h2>\n\n\n\n<p>A Crystal TV-k egy kedvez\u0151 \u00e1r\u00fa t\u00e9v\u00e9sorozat. A Crystal TV-k 85 h\u00fcvelykig kaphat\u00f3k 4K felbont\u00e1ssal \u00e9s 8 bites sz\u00ednm\u00e9lys\u00e9ggel. Tudni kell, hogy 2022-t\u0151l a Samsung le\u00e1ll\u00edtotta a LED-kijelz\u0151k gy\u00e1rt\u00e1s\u00e1t. Ez\u00e9rt ezekben a t\u00e9v\u00e9kben az \u00f6sszes k\u00e9perny\u0151 harmadik f\u00e9lt\u0151l sz\u00e1rmaz\u00f3, \u00e1ltal\u00e1ban k\u00ednai c\u00e9gekt\u0151l sz\u00e1rmaz\u00f3 kijelz\u0151. Tudnia kell, hogy kor\u00e1bban nem minden kijelz\u0151t a Samsung gy\u00e1rtott. A krist\u00e1ly TV-knek vannak h\u00e1tr\u00e1nyai, az ezekbe a TV-kbe szerelt LED k\u00e9perny\u0151k nem jelen\u00edtik meg a feket\u00e9t, ez az olcs\u00f3 kijelz\u0151k jellemz\u0151je. A processzorok a TV-kbe is k\u00f6lts\u00e9gvet\u00e9si szinten vannak be\u00e9p\u00edtve, kev\u00e9s a be\u00e9p\u00edtett mem\u00f3ria, egyesek megjegyzik a Smart TV lass\u00fa m\u0171k\u00f6d\u00e9s\u00e9t. Az ebbe a sorba tartoz\u00f3 t\u00e9v\u00e9knek vannak h\u00e1tr\u00e1nyai, de az \u00e1ruk alacsony. A 7, 8, 9 sorozat\u00fa t\u00e9v\u00e9k megv\u00e1s\u00e1rolhat\u00f3k. El\u00e9g j\u00f3 \u00e1r-\u00e9rt\u00e9k ar\u00e1nyban.<\/p>\n\n\n\n<h3 class=\"wp-block-heading\"><a><\/a><strong>A Crystal TV-k f\u0151 k\u00fcl\u00f6nbs\u00e9gei<\/strong><\/h3>\n\n\n\n<ul class=\"wp-block-list\"><li><strong>A LED k\u00e9perny\u0151k hagyom\u00e1nyos (kiss\u00e9 elavult technol\u00f3gi\u00e1val k\u00e9sz\u00fclnek)<\/strong><\/li><li><strong>A sz\u00ednm\u00e9lys\u00e9g 8 bit.<\/strong><\/li><li><strong>Kis mennyis\u00e9g\u0171 bels\u0151 mem\u00f3ria<\/strong><\/li><li><strong>K\u00f6lts\u00e9gvet\u00e9si feldolgoz\u00f3k.<\/strong><\/li><\/ul>\n\n\n\n<h2 class=\"wp-block-heading\"><a><\/a><strong>QLED sorozat Samsung<\/strong><\/h2>\n\n\n\n<p>Ezek k\u00f6z\u00e9p\u00e1ras t\u00e9v\u00e9k 4K felbont\u00e1ssal. A QLED TV-k olyan t\u00e9v\u00e9k, amelyekbe a Samsung \u00faj kijelz\u0151ket kezdett be\u00e9p\u00edteni. Az ilyen TV-k jellemz\u0151je, a fejlett anyagok haszn\u00e1lata a fokozott \u00e1tl\u00e1that\u00f3s\u00e1ggal rendelkez\u0151 pixelek gy\u00e1rt\u00e1s\u00e1hoz. M\u00e1s sz\u00f3val, az \u00faj anyagok, amelyeket kvantumpontokkal ell\u00e1tott anyagoknak neveznek, nagyon nagy tisztas\u00e1g\u00faak, \u00edgy t\u00f6bb f\u00e9nyt engednek be. Az ilyen t\u00e9v\u00e9kben a k\u00e9p vil\u00e1gosabb \u00e9s tel\u00edtettebb. A k\u00e9perny\u0151 h\u00e1toldal\u00e1n tal\u00e1lhat\u00f3 h\u00e1tt\u00e9rvil\u00e1g\u00edt\u00e1s \u00e9s a z\u00f3n\u00e1kra val\u00f3 feloszt\u00e1s pedig lehet\u0151v\u00e9 teszi, hogy a k\u00e9perny\u0151 egy r\u00e9sz\u00e9n kikapcsolja a kijelz\u0151 h\u00e1tt\u00e9rvil\u00e1g\u00edt\u00e1s\u00e1t, ha fekete sz\u00ednt jelen\u00edt meg. A tov\u00e1bbfejlesztett processzorok \u00e9s a megn\u00f6velt bels\u0151 mem\u00f3ria gyorsabb\u00e1 teszik a SMART-ot. De az ilyen k\u00e9perny\u0151k is 8 bites sz\u00ednm\u00e9lys\u00e9ggel rendelkeznek. A sz\u00edn\u00e1rnyalatok sz\u00e1m\u00e1nak n\u00f6vel\u00e9s\u00e9re olyan dithering rendszert haszn\u00e1lnak, amely gyorsan, n\u00e9h\u00e1ny milliszekundumra kikapcsolja a h\u00e1tt\u00e9rvil\u00e1g\u00edt\u00e1st, a h\u00e1tt\u00e9rvil\u00e1g\u00edt\u00e1s f\u00e9nyerej\u00e9nek v\u00e1ltoztat\u00e1s\u00e1val t\u00f6bb sz\u00edn\u00e1rnyalatot hoz l\u00e9tre. Van egy sor Life Style TV ebben a kateg\u00f3ri\u00e1ban, az ilyen TV-k k\u00fcl\u00f6nlegess\u00e9ge a kialak\u00edt\u00e1s.<\/p>\n\n\n\n<h3 class=\"wp-block-heading\"><a><\/a><strong>A Samsung QLED TV-k f\u0151 k\u00fcl\u00f6nbs\u00e9gei<\/strong><\/h3>\n\n\n\n<ul class=\"wp-block-list\"><li><strong>A k\u00e9perny\u0151k fejlett anyagok felhaszn\u00e1l\u00e1s\u00e1val k\u00e9sz\u00fclnek<\/strong><\/li><li><strong>A sz\u00ednm\u00e9lys\u00e9g 8 bit+FRC, ami nagyj\u00e1b\u00f3l megegyezik a 10 bit sz\u00ednm\u00e9lys\u00e9ggel.<\/strong><\/li><li><strong>Nagyobb bels\u0151 mem\u00f3ria<\/strong><\/li><li><strong>Fejlettebb processzorok<\/strong><\/li><\/ul>\n\n\n\n<h3 class=\"wp-block-heading\"><a><\/a><strong>A Life Style TV-k f\u0151 k\u00fcl\u00f6nbs\u00e9gei<\/strong><\/h3>\n\n\n\n<p>Ebben a t\u00e9v\u00e9csal\u00e1dban t\u00f6bb olyan t\u00e9v\u00e9modell is van, amely rendelkezik bizonyos funkci\u00f3kkal.<\/p>\n\n\n\n<ul class=\"wp-block-list\"><li><strong>The Frame <\/strong>&#8211; TV, amelynek k\u00e9perny\u0151je k\u00f6r\u00fcl egy k\u00e9pkeret van, hasonl\u00f3an a k\u00e9pkerethez.<\/li><li><strong>A Serif <\/strong>&#8211; egy l\u00e1bakon \u00e1ll\u00f3 TV.<\/li><li><strong>A Sero <\/strong>&#8211; egy olyan TV, amely k\u00e9pes a k\u00e9perny\u0151t v\u00edzszintesb\u0151l f\u00fcgg\u0151legesbe forgatni.<\/li><li><strong>The Terrace <\/strong>&#8211; TV-k\u00e9sz\u00fcl\u00e9k k\u00fclt\u00e9ri telep\u00edt\u00e9sre egy el\u0151tet\u0151 alatt. Nagyobb f\u00e9nyer\u0151vel is rendelkezik.<\/li><\/ul>\n\n\n\n<h2 class=\"wp-block-heading\"><a><\/a><strong>Samsung NEO QLED TV sorozat<\/strong><\/h2>\n\n\n\n<p>A pr\u00e9mium kateg\u00f3ri\u00e1s t\u00e9v\u00e9k NEO QLED sorozata a QLED t\u00e9v\u00e9k fejl\u0151d\u00e9s\u00e9nek k\u00f6vetkez\u0151 \u00e1llom\u00e1sa. E t\u00e9v\u00e9sorozat k\u00fcl\u00f6nlegess\u00e9ge a QLED-kijelz\u0151k tov\u00e1bbfejleszt\u00e9s\u00e9ben rejlik. Tudni kell, hogy a fejleszt\u00e9s a h\u00e1tt\u00e9rvil\u00e1g\u00edt\u00e1s t\u00edpus\u00e1t \u00e9rintette, a h\u00e1tt\u00e9rvil\u00e1g\u00edt\u00e1shoz kis LED-eket haszn\u00e1lnak, ezek a k\u00e9perny\u0151 h\u00e1toldal\u00e1n helyezkednek el, a sz\u00f3r\u00f3lencs\u00e9vel ell\u00e1tott nagy LED-ek helyett. A kis LED-ek sz\u00e1ma k\u00f6r\u00fclbel\u00fcl 3000, ilyen sz\u00e1m\u00fa LED haszn\u00e1lat\u00e1val t\u00f6bb szab\u00e1lyozhat\u00f3 ter\u00fcletet hozhatunk l\u00e9tre a h\u00e1tt\u00e9rvil\u00e1g\u00edt\u00e1sban, ami viszont lehet\u0151v\u00e9 teszi a h\u00e1tt\u00e9rvil\u00e1g\u00edt\u00e1s pontosabb vez\u00e9rl\u00e9s\u00e9t. \u00c9s ennek eredm\u00e9nyek\u00e9ppen m\u00e9g jobb k\u00e9pet hozhat l\u00e9tre. A NEO QLED TV-k sz\u00ednm\u00e9lys\u00e9ge 10 bit, dithering n\u00e9lk\u00fcl. Ezek a t\u00e9v\u00e9k 4K \u00e9s 8K felbont\u00e1sban kaphat\u00f3k. B\u00e1r a 8K felbont\u00e1s\u00fa t\u00e9v\u00e9k nagyon dr\u00e1g\u00e1k, \u00e9s m\u00e9g mindig vita van arr\u00f3l, hogy sz\u00fcks\u00e9ges-e a 8K felbont\u00e1s a 70 h\u00fcvelykn\u00e9l kisebb k\u00e9p\u00e1tl\u00f3j\u00fa t\u00e9v\u00e9k eset\u00e9ben.<\/p>\n\n\n\n<h3 class=\"wp-block-heading\"><a><\/a><strong>A Samsung NEO QLED TV-k f\u0151 k\u00fcl\u00f6nbs\u00e9gei<\/strong><\/h3>\n\n\n\n<ul class=\"wp-block-list\"><li><strong>Kiv\u00e1l\u00f3 min\u0151s\u00e9g\u0171 kijelz\u0151k 10 bites sz\u00ednm\u00e9lys\u00e9ggel, dithering n\u00e9lk\u00fcl<\/strong><\/li><li><strong>Modern processzorok<\/strong><\/li><li><strong>Megn\u00f6velt mem\u00f3riakapacit\u00e1s<\/strong><\/li><li><strong>Gyorsabb Smart<\/strong><\/li><li><strong>J\u00e1t\u00e9khoz igaz\u00edtott TV<\/strong><\/li><\/ul>\n\n\n\n<h2 class=\"wp-block-heading\"><a><\/a><strong>Samsung OLED TV sorozat<\/strong><\/h2>\n\n\n\n<p>A Samsung 2022-ben \u00fajraind\u00edtotta az OLED TV-k gy\u00e1rt\u00e1s\u00e1t. Megjegyzend\u0151, hogy az OLED TV-k az LG \u00e1ltal gy\u00e1rtott k\u00e9perny\u0151ket haszn\u00e1lj\u00e1k. A t\u00e9v\u00e9k j\u00f3k, de megvannak a h\u00e1tr\u00e1nyaik, p\u00e9ld\u00e1ul a cs\u00f6kkent f\u00e9nyer\u0151. Ez nem csak a Samsungn\u00e1l van \u00edgy, az OLED gy\u00e1rt\u00f3k egyszer\u0171en egyens\u00falyba hozz\u00e1k a f\u00e9nyer\u0151t az OLED panel \u00e9lettartam\u00e1val. De term\u00e9szetesen vannak tagadhatatlan el\u0151nyei, nagyon j\u00f3 sz\u00ednek \u00e9s min\u0151s\u00e9gi k\u00e9pek.<\/p>\n\n\n\n<h2 class=\"wp-block-heading\"><a><\/a><strong>Milyen TV-t v\u00e1s\u00e1roljon 2022-ben<\/strong><\/h2>\n\n\n\n<p>Itt \u00e9rdemes az anyagi lehet\u0151s\u00e9geidt\u0151l f\u00fcgg\u0151en t\u00e9v\u00e9t v\u00e1lasztani, ha van n\u00e9mi p\u00e9nzed, akkor a Crystal vonal vagy a QLED als\u00f3 szegmens\u00e9t n\u00e9zd meg. Ha megengedheted magadnak a dr\u00e1g\u00e1bb t\u00e9v\u00e9 modelleket, akkor n\u00e9zd meg a NEO QLED vonal 6-7 sz\u00e9ri\u00e1s t\u00e9v\u00e9it. Ha b\u00e1rmilyen t\u00e9v\u00e9t megengedhet mag\u00e1nak, n\u00e9zze meg a NEO QLED 8-9-es sorozatot vagy az OLED term\u00e9kcsal\u00e1dot.<\/p>\n","protected":false},"excerpt":{"rendered":"<p>Samsung 2022 TV modellek. Samsung 2022 sorozat\u00fa TV-k Most r\u00f6viden besz\u00e9lek a Samsung 2022-ben el\u00e9rhet\u0151 t\u00e9v\u00e9csal\u00e1djair\u00f3l, amelyeket a v\u00e1llalat k\u00edn\u00e1l. Tudni kell, hogy az elm\u00falt n\u00e9gy \u00e9vben a telev\u00edzi\u00f3k el\u00e9rt\u00e9k technikai k\u00e9pess\u00e9geik cs\u00facs\u00e1t. Azok a technikai tal\u00e1lm\u00e1nyok, amelyek \u00e1tt\u00f6r\u00e9st hozhatn\u00e1nak a telev\u00edzi\u00f3k technikai k\u00e9pess\u00e9geiben, egyel\u0151re megtorpantak. Persze, \u00faj fejleszt\u00e9sek folyamatban vannak, mindenki v\u00e1rja az \u00faj [&hellip;]<\/p>\n","protected":false},"author":1,"featured_media":696,"comment_status":"open","ping_status":"open","sticky":false,"template":"","format":"standard","meta":{"_monsterinsights_skip_tracking":false,"_monsterinsights_sitenote_active":false,"_monsterinsights_sitenote_note":"","_monsterinsights_sitenote_category":0,"footnotes":""},"categories":[26],"tags":[79],"class_list":{"0":"post-695","1":"post","2":"type-post","3":"status-publish","4":"format-standard","5":"has-post-thumbnail","7":"category-tv","8":"tag-samsung-tv"},"_links":{"self":[{"href":"https:\/\/global.tab-tv.com\/hu\/wp-json\/wp\/v2\/posts\/695","targetHints":{"allow":["GET"]}}],"collection":[{"href":"https:\/\/global.tab-tv.com\/hu\/wp-json\/wp\/v2\/posts"}],"about":[{"href":"https:\/\/global.tab-tv.com\/hu\/wp-json\/wp\/v2\/types\/post"}],"author":[{"embeddable":true,"href":"https:\/\/global.tab-tv.com\/hu\/wp-json\/wp\/v2\/users\/1"}],"replies":[{"embeddable":true,"href":"https:\/\/global.tab-tv.com\/hu\/wp-json\/wp\/v2\/comments?post=695"}],"version-history":[{"count":1,"href":"https:\/\/global.tab-tv.com\/hu\/wp-json\/wp\/v2\/posts\/695\/revisions"}],"predecessor-version":[{"id":697,"href":"https:\/\/global.tab-tv.com\/hu\/wp-json\/wp\/v2\/posts\/695\/revisions\/697"}],"wp:featuredmedia":[{"embeddable":true,"href":"https:\/\/global.tab-tv.com\/hu\/wp-json\/wp\/v2\/media\/696"}],"wp:attachment":[{"href":"https:\/\/global.tab-tv.com\/hu\/wp-json\/wp\/v2\/media?parent=695"}],"wp:term":[{"taxonomy":"category","embeddable":true,"href":"https:\/\/global.tab-tv.com\/hu\/wp-json\/wp\/v2\/categories?post=695"},{"taxonomy":"post_tag","embeddable":true,"href":"https:\/\/global.tab-tv.com\/hu\/wp-json\/wp\/v2\/tags?post=695"}],"curies":[{"name":"wp","href":"https:\/\/api.w.org\/{rel}","templated":true}]}}