{"id":8573,"date":"2023-10-09T20:53:52","date_gmt":"2023-10-09T17:53:52","guid":{"rendered":"https:\/\/global.tab-tv.com\/hu\/?p=8573"},"modified":"2024-09-28T01:04:50","modified_gmt":"2024-09-27T22:04:50","slug":"mi-a-tv-szinhangerosseg","status":"publish","type":"post","link":"https:\/\/global.tab-tv.com\/hu\/mi-a-tv-szinhangerosseg\/","title":{"rendered":"Mi a TV sz\u00ednhanger\u0151ss\u00e9g?"},"content":{"rendered":"\n<p>Fontos, hogy ne keverj\u00fck \u00f6ssze a sz\u00ednsk\u00e1l\u00e1t (sz\u00ednteret) \u00e9s a sz\u00ednmennyis\u00e9get. Egyszer\u0171bben fogalmazva, m\u00edg a sz\u00ednsk\u00e1la a telev\u00edzi\u00f3 \u00e1ltal reproduk\u00e1lhat\u00f3 sz\u00edntartom\u00e1ny, addig a sz\u00ednt\u00e9rfogat a k\u00fcl\u00f6nb\u00f6z\u0151 f\u00e9nyer\u0151ss\u00e9gszintek mellett megjelen\u00edthet\u0151 sz\u00ednek sz\u00e1ma.<\/p>\n\n\n\n<p>Miel\u0151tt elm\u00e9ly\u00fcln\u00e9nk, gondoljunk erre: Mi\u00e9rt piros az alma? Az\u00e9rt, mert visszaveri a v\u00f6r\u00f6s hull\u00e1mhossz\u00fa f\u00e9nyt, m\u00edg m\u00e1sokat elnyel. Most ford\u00edtsuk le ezt egy TV-k\u00e9perny\u0151re. A telev\u00edzi\u00f3nak a pontos sz\u00ednmegjelen\u00edt\u00e9shez a megfelel\u0151 hull\u00e1mhossz\u00fas\u00e1g\u00fa f\u00e9nyt kell kibocs\u00e1tania.<\/p>\n\n\n\n<p>Tal\u00e1n m\u00e1r \u00e9szrevette, hogy amikor a k\u00e9perny\u0151 f\u00e9nyereje alacsony, a sz\u00ednek sz\u00e1ma kev\u00e9snek t\u0171nik, de a sz\u00ednek sz\u00e1ma a f\u00e9nyer\u0151 n\u00f6veked\u00e9s\u00e9vel egyre sz\u00e9lesebb lesz. Ha azonban a f\u00e9nyer\u0151t maxim\u00e1lisra \u00e1ll\u00edtja, a sz\u00ednek elhalv\u00e1nyulnak.<\/p>\n\n\n\n<p>Ez az\u00e9rt van, mert a sz\u00ednmennyis\u00e9g m\u00e1s t\u00e9nyez\u0151kt\u0151l is f\u00fcgg: el\u0151sz\u00f6r is, ez a sz\u00edntartom\u00e1ny. De a f\u00e9nyer\u0151 \u00e9s a kontraszt is szerepet j\u00e1tszik.<\/p>\n\n\n\n<p>A sz\u00ednmennyis\u00e9g teh\u00e1t a t\u00f6bbi megjelen\u00edt\u00e9si param\u00e9ter sz\u00e1rmaz\u00e9ka. Ez\u00e9rt min\u00e9l vil\u00e1gosabb a kijelz\u0151 \u00e9s min\u00e9l sz\u00e9lesebb a sz\u00ednsk\u00e1la, ann\u00e1l m\u00e9lyebb a sz\u00ednt\u00e9rfogat.<\/p>\n\n\n\n<p><strong>\u00c9rintett dimenzi\u00f3k:<\/strong> Ez mag\u00e1ban foglalja a sz\u00edntartom\u00e1nyt (sz\u00e9less\u00e9g x magass\u00e1g) \u00e9s a m\u00e9lys\u00e9get (f\u00e9nyer\u0151).<\/p>\n\n\n\n<figure class=\"wp-block-image size-full\"><img loading=\"lazy\" decoding=\"async\" width=\"850\" height=\"850\" src=\"https:\/\/global.tab-tv.com\/hu\/wp-content\/uploads\/sites\/3\/2023\/10\/color-volume-2.webp\" alt=\"\" class=\"wp-image-8581\" srcset=\"https:\/\/global.tab-tv.com\/hu\/wp-content\/uploads\/sites\/3\/2023\/10\/color-volume-2.webp 850w, https:\/\/global.tab-tv.com\/hu\/wp-content\/uploads\/sites\/3\/2023\/10\/color-volume-2-300x300.webp 300w, https:\/\/global.tab-tv.com\/hu\/wp-content\/uploads\/sites\/3\/2023\/10\/color-volume-2-150x150.webp 150w, https:\/\/global.tab-tv.com\/hu\/wp-content\/uploads\/sites\/3\/2023\/10\/color-volume-2-768x768.webp 768w\" sizes=\"auto, (max-width: 850px) 100vw, 850px\" \/><\/figure>\n\n\n\n<p>Azt jelzi, hogy a TV vagy a kijelz\u0151 hogyan adja vissza a sz\u00edneket k\u00fcl\u00f6nb\u00f6z\u0151 f\u00e9nyer\u0151ss\u00e9gszinteken. Ez k\u00fcl\u00f6n\u00f6sen fontos a HDR-tartalmak eset\u00e9ben, amelyek pontos sz\u00ednpontoss\u00e1got k\u00f6vetelnek meg a k\u00fcl\u00f6nb\u00f6z\u0151 f\u00e9nyer\u0151szinteken.<\/p>\n\n\n\n<h2 class=\"wp-block-heading\"><a><\/a><strong>Sz\u00ednmennyis\u00e9g, sz\u00ednsk\u00e1la \u00e9s sz\u00ednm\u00e9lys\u00e9g<\/strong><\/h2>\n\n\n\n<p>A sz\u00ednsk\u00e1la (vagy sz\u00ednt\u00e9r) a TV \u00e1ltal reproduk\u00e1lhat\u00f3 sz\u00edntartom\u00e1ny. N\u00e9ha a sz\u00ednek sz\u00e1mak\u00e9nt hat\u00e1rozz\u00e1k meg, de ez egy kicsit helytelen, mivel a sz\u00edn a sz\u00ednspektrum.<\/p>\n\n\n\n<p>A sz\u00ednsk\u00e1la v\u00f6r\u00f6s, z\u00f6ld \u00e9s k\u00e9k t\u00e9rk\u00e9nt \u00e1br\u00e1zolhat\u00f3. Ezen alapsz\u00ednek kombin\u00e1ci\u00f3i hozz\u00e1k l\u00e9tre a t\u00f6bbi sz\u00ednt, azok \u00e1rnyalatait, \u00e1rnyalatait \u00e9s t\u00f3nusait.<\/p>\n\n\n\n<p>Vess\u00fcnk egy pillant\u00e1st erre a CIE 1931 sz\u00ednt\u00e9rre. Ez a sz\u00edneket a maxim\u00e1lis tel\u00edtetts\u00e9g\u00fckn\u00e9l \u00e1br\u00e1zolja. Min\u0151s\u00e9g\u00e9t\u0151l f\u00fcgg\u0151en k\u00fcl\u00f6nb\u00f6z\u0151 sz\u00edntereket hat\u00e1rozhatunk meg, amelyeket a kijelz\u0151nk k\u00e9pes reproduk\u00e1lni: Rec.709, sRGB, DCI-P3 \u00e9s Rec. 2020.<\/p>\n\n\n\n<figure class=\"wp-block-image size-full\"><img loading=\"lazy\" decoding=\"async\" width=\"696\" height=\"790\" src=\"https:\/\/global.tab-tv.com\/hu\/wp-content\/uploads\/sites\/3\/2023\/10\/DCI-P3-2.webp\" alt=\"\" class=\"wp-image-8580\" srcset=\"https:\/\/global.tab-tv.com\/hu\/wp-content\/uploads\/sites\/3\/2023\/10\/DCI-P3-2.webp 696w, https:\/\/global.tab-tv.com\/hu\/wp-content\/uploads\/sites\/3\/2023\/10\/DCI-P3-2-264x300.webp 264w\" sizes=\"auto, (max-width: 696px) 100vw, 696px\" \/><\/figure>\n\n\n\n<p>De most n\u00e9zz\u00fck meg, hogy a k\u00fcl\u00f6nb\u00f6z\u0151 f\u00e9nyer\u0151ss\u00e9gi szintek hogyan befoly\u00e1solj\u00e1k ezt a tartom\u00e1nyt. A k\u00fcl\u00f6nb\u00f6z\u0151 f\u00e9nyer\u0151ss\u00e9gi szintekhez tartoz\u00f3 sz\u00edntartom\u00e1nyok a legalacsonyabb f\u00e9nyer\u0151ss\u00e9g\u0171t\u0151l (balra) a legmagasabb f\u00e9nyer\u0151ss\u00e9g\u0171ig (jobbra) helyezkednek el.<\/p>\n\n\n\n<p>N\u00e9zz\u00fck meg, hogyan befoly\u00e1solja a f\u00e9nyer\u0151ss\u00e9g a sz\u00ednmennyis\u00e9get. L\u00e1thatjuk, hogy a sz\u00edntartom\u00e1ny romlik, ha a f\u00e9nyer\u0151ss\u00e9g alacsony (az RGB sz\u00ednt\u00e9r sokkal szeg\u00e9nyebb\u00e9 v\u00e1lik, a termin\u00e1lis f\u00e9nyer\u0151ss\u00e9gi szinten majdnem 3 alapsz\u00ednre degrad\u00e1l\u00f3dik).<\/p>\n\n\n\n<figure class=\"wp-block-image size-full\"><img loading=\"lazy\" decoding=\"async\" width=\"850\" height=\"643\" src=\"https:\/\/global.tab-tv.com\/hu\/wp-content\/uploads\/sites\/3\/2023\/10\/color-volume-1.webp\" alt=\"\" class=\"wp-image-8579\" srcset=\"https:\/\/global.tab-tv.com\/hu\/wp-content\/uploads\/sites\/3\/2023\/10\/color-volume-1.webp 850w, https:\/\/global.tab-tv.com\/hu\/wp-content\/uploads\/sites\/3\/2023\/10\/color-volume-1-300x227.webp 300w, https:\/\/global.tab-tv.com\/hu\/wp-content\/uploads\/sites\/3\/2023\/10\/color-volume-1-768x581.webp 768w, https:\/\/global.tab-tv.com\/hu\/wp-content\/uploads\/sites\/3\/2023\/10\/color-volume-1-80x60.webp 80w\" sizes=\"auto, (max-width: 850px) 100vw, 850px\" \/><\/figure>\n\n\n\n<p>Term\u00e9szetesen a fenti k\u00e9p nem pontos \u00e9s prec\u00edz (mivel egy val\u00f3di t\u00e9v\u00e9n\u00e9l nem lehet ilyen f\u00e9nyer\u0151ss\u00e9g-k\u00fcl\u00f6nbs\u00e9g\u0171 t\u00f6mb\u00f6t kapni). M\u00e9gis, megadja az alapvet\u0151 meg\u00e9rt\u00e9st &#8211; ha a TV nem t\u00e1mogatja a nagy sz\u00ednhanger\u0151t, a sz\u00ednek a cs\u00facs- \u00e9s az alacsony f\u00e9nyer\u0151ss\u00e9gszinteken romlani fognak. T\u00fal gyenge, \u00e9s a sz\u00ednek nem fognak kiugrani. T\u00fal vil\u00e1gos, \u00e9s fenn\u00e1ll a vesz\u00e9lye, hogy elmos\u00f3dnak. Nagy f\u00e9nyer\u0151szinteken a k\u00e9p kifeh\u00e9redik, elveszti \u00e9l\u00e9nks\u00e9g\u00e9t \u00e9s r\u00e9szletess\u00e9g\u00e9t. Ezzel szemben alacsonyabb szinteken a k\u00e9p zavaross\u00e1 v\u00e1lik. Egy rossz t\u00e9v\u00e9k\u00e9perny\u0151 \u00edgy viselkedik.<\/p>\n\n\n\n<h3 class=\"wp-block-heading\"><a><\/a><strong>A sz\u00ednm\u00e9lys\u00e9g<\/strong><\/h3>\n\n\n\n<p>Most pedig besz\u00e9lj\u00fcnk a sz\u00ednm\u00e9lys\u00e9gr\u0151l. A sz\u00ednm\u00e9lys\u00e9g nem a sz\u00edntartom\u00e1nyr\u00f3l sz\u00f3l; ez nem jelent semmit. A sz\u00ednm\u00e9lys\u00e9g \u00fagy m\u0171k\u00f6dik, mint amikor egy k\u00e9pet pr\u00f3b\u00e1lsz nagy\u00edtani. Ha a m\u00e9ret el\u00e9g nagy, a kicsiny\u00edt\u00e9s nem j\u00e1r min\u0151s\u00e9groml\u00e1ssal. Vagy elkezd megjelenni az egyes n\u00e9gyzetek vagy pixelek? Minden egyes pixelnek van egy sz\u00edne, nem? Azt, hogy ezek a sz\u00ednek mennyire lehetnek gazdagok \u00e9s v\u00e1ltozatosak, a sz\u00ednm\u00e9lys\u00e9g hat\u00e1rozza meg.<\/p>\n\n\n\n<p>A sz\u00ednm\u00e9lys\u00e9get az egyes sz\u00ednek (piros, z\u00f6ld \u00e9s k\u00e9k) \u00e1rnyalatai, valamint az egyes sz\u00ednek k\u00fcl\u00f6nb\u00f6z\u0151 v\u00e1ltozatainak sz\u00e1ma hat\u00e1rozza meg. Egy 8 bites k\u00e9p eset\u00e9ben ez \u00fagy van meghat\u00e1rozva, hogy 2 8-as hatv\u00e1nyra emelve, teh\u00e1t minden sz\u00ednnek 256 k\u00fcl\u00f6nb\u00f6z\u0151 \u00e1rnyalata van. A 24 bites \u00e9s a 8 bites ugyanaz. valamint a 10 bites \u00e9s a 30 bites (a 8 bites vagy 10 bites sz\u00ednm\u00e9lys\u00e9get egy csatorn\u00e1ra adjuk meg, m\u00edg amikor 24 bites vagy 30 bites sz\u00ednm\u00e9lys\u00e9get mondunk, akkor az \u00f6sszes alapcsatorn\u00e1t figyelembe vessz\u00fck).<\/p>\n\n\n\n<figure class=\"wp-block-image size-large\"><img loading=\"lazy\" decoding=\"async\" width=\"1024\" height=\"615\" src=\"https:\/\/global.tab-tv.com\/hu\/wp-content\/uploads\/sites\/3\/2023\/10\/color_depth_comparison-1024x615.webp\" alt=\"\" class=\"wp-image-8578\" srcset=\"https:\/\/global.tab-tv.com\/hu\/wp-content\/uploads\/sites\/3\/2023\/10\/color_depth_comparison-1024x615.webp 1024w, https:\/\/global.tab-tv.com\/hu\/wp-content\/uploads\/sites\/3\/2023\/10\/color_depth_comparison-300x180.webp 300w, https:\/\/global.tab-tv.com\/hu\/wp-content\/uploads\/sites\/3\/2023\/10\/color_depth_comparison-768x461.webp 768w, https:\/\/global.tab-tv.com\/hu\/wp-content\/uploads\/sites\/3\/2023\/10\/color_depth_comparison.webp 1068w\" sizes=\"auto, (max-width: 1024px) 100vw, 1024px\" \/><\/figure>\n\n\n\n<ul class=\"wp-block-list\">\n<li>A 8 bites rendszer a v\u00f6r\u00f6s, a z\u00f6ld \u00e9s a k\u00e9k 256 \u00e1rnyalat\u00e1t k\u00edn\u00e1lja. Ha kisz\u00e1molod, ez 16,7 milli\u00f3 sz\u00ednt jelent (256 x 256 x 256 x 256).<\/li>\n\n\n\n<li>A 10 bites viszont ezt 1,07 milli\u00e1rd sz\u00ednre emeli.<\/li>\n<\/ul>\n\n\n\n<p>Figyelembe v\u00e9ve, hogy a szem\u00fcnk csak k\u00f6r\u00fclbel\u00fcl 10 milli\u00f3 sz\u00ednt k\u00e9pes felismerni, kev\u00e9sb\u00e9 val\u00f3sz\u00edn\u0171, hogy a 8 bites \u00e9s a 10 bites sz\u00ednm\u00e9lys\u00e9g k\u00f6z\u00f6tti nagy k\u00fcl\u00f6nbs\u00e9get \u00e9szreveszi.<\/p>\n\n\n\n<p>A sz\u00ednm\u00e9lys\u00e9g \u00e9s a sz\u00ednmennyis\u00e9g k\u00f6z\u00f6tti \u00f6sszef\u00fcgg\u00e9s tekintet\u00e9ben azonban nincs k\u00f6zvetlen \u00f6sszef\u00fcgg\u00e9s. A sz\u00ednt\u00e9rfogatot tekintheted a hat\u00e1roknak, a sz\u00ednm\u00e9lys\u00e9get pedig a bels\u0151 kit\u00f6lt\u00e9snek. B\u00e1r a nagyobb sz\u00ednm\u00e9lys\u00e9g \u00e1rnyaltabb\u00e1 teszi a sz\u00edneket, nem tolja ki a hat\u00e1rokat az \u00faj sz\u00ednterek fel\u00e9: a sz\u00ednm\u00e9lys\u00e9g \u00e1tmeneti \u00e1rnyalatokat hirdet.<\/p>\n\n\n\n<h3 class=\"wp-block-heading\"><a><\/a><strong>Kontraszt<\/strong><\/h3>\n\n\n\n<p>A kontrasztar\u00e1ny &#8211; a k\u00fcl\u00f6nbs\u00e9g a legs\u00f6t\u00e9tebb fekete \u00e9s a legvil\u00e1gosabb feh\u00e9r k\u00f6z\u00f6tt, amelyet a t\u00e9v\u00e9 megjelen\u00edteni k\u00e9pes &#8211; egy \u00fajabb \u00f6sszetett r\u00e9teget jelent. A magas kontrasztar\u00e1nnyal rendelkez\u0151 t\u00e9v\u00e9k\u00e9sz\u00fcl\u00e9k az \u00e1rny\u00e9kokban \u00e9s a f\u00e9nypontokban finomabb r\u00e9szleteket tud megjelen\u00edteni, tov\u00e1bb fokozva a sz\u00ednmennyis\u00e9get.<\/p>\n\n\n\n<figure class=\"wp-block-image size-large\"><img loading=\"lazy\" decoding=\"async\" width=\"1024\" height=\"537\" src=\"https:\/\/global.tab-tv.com\/hu\/wp-content\/uploads\/sites\/3\/2023\/10\/Static-Contrast-Ratio-1024x537.webp\" alt=\"\" class=\"wp-image-8577\" srcset=\"https:\/\/global.tab-tv.com\/hu\/wp-content\/uploads\/sites\/3\/2023\/10\/Static-Contrast-Ratio-1024x537.webp 1024w, https:\/\/global.tab-tv.com\/hu\/wp-content\/uploads\/sites\/3\/2023\/10\/Static-Contrast-Ratio-300x157.webp 300w, https:\/\/global.tab-tv.com\/hu\/wp-content\/uploads\/sites\/3\/2023\/10\/Static-Contrast-Ratio-768x403.webp 768w, https:\/\/global.tab-tv.com\/hu\/wp-content\/uploads\/sites\/3\/2023\/10\/Static-Contrast-Ratio.webp 1068w\" sizes=\"auto, (max-width: 1024px) 100vw, 1024px\" \/><\/figure>\n\n\n\n<p>Ez a hatalmas f\u00e9nys\u0171r\u0171s\u00e9g-tartom\u00e1ny az a v\u00e1szon, amelyre a sz\u00edneket festik. A v\u00e1szon megfelel\u0151 kontraszt n\u00e9lk\u00fcl korl\u00e1tozott, ez\u00e1ltal a sz\u00ednt\u00e9rfogat \u00f6sszenyom\u00f3dik.<\/p>\n\n\n\n<p>A kontraszt n\u00f6veked\u00e9s\u00e9vel a f\u00e9nyer\u0151ss\u00e9gtartom\u00e1ny is b\u0151v\u00fcl, \u00edgy t\u00f6bb sz\u00edn j\u00e1tsz\u00f3teret k\u00edn\u00e1l a k\u00fcl\u00f6nb\u00f6z\u0151 f\u00e9nyer\u0151ss\u00e9gszinteken. Ez k\u00fcl\u00f6n\u00f6sen fontos az \u00f6sszetett megvil\u00e1g\u00edt\u00e1s\u00fa jelenetekn\u00e9l &#8211; egy naps\u00fct\u00f6tte t\u00e1j hajnalban vagy a v\u00e1rosi f\u00e9nyek csillog\u00e1sa az alkonyi \u00e9gbolton.<\/p>\n\n\n\n<p>Az alacsony kontraszt\u00fa kijelz\u0151 a sz\u00ednk\u00e9pess\u00e9g\u00e9t\u0151l f\u00fcggetlen\u00fcl laposnak fog t\u0171nni. M\u00e9g ha elm\u00e9letileg k\u00e9pes is a sz\u00ednek sz\u00e9les sk\u00e1l\u00e1j\u00e1t lefedni, er\u0151teljes kontraszt n\u00e9lk\u00fcl a jelenet m\u00e9lys\u00e9ge \u00e9s gazdags\u00e1ga elmarad.<\/p>\n\n\n\n<p>K\u00e9pzelj\u00fcnk el egy m\u0171v\u00e9szt k\u00e9t fest\u00e9kpalett\u00e1val. Az els\u0151 paletta hatalmas sz\u00ednv\u00e1laszt\u00e9kkal rendelkezik, de mindegyik hasonl\u00f3, tompa t\u00f3nus\u00fa. A m\u00e1sodik paletta, b\u00e1r ugyanazokkal a sz\u00ednekkel rendelkezik, minden \u00e1rnyalatot a vil\u00e1goss\u00e1g \u00e9s a s\u00f6t\u00e9ts\u00e9g k\u00fcl\u00f6nb\u00f6z\u0151 szintjein k\u00edn\u00e1l.<\/p>\n\n\n\n<figure class=\"wp-block-image size-large\"><img loading=\"lazy\" decoding=\"async\" width=\"1024\" height=\"457\" src=\"https:\/\/global.tab-tv.com\/hu\/wp-content\/uploads\/sites\/3\/2023\/10\/Black-Uniformity-and-Gray-Uniformity-in-Samsung-S90C-1024x457.webp\" alt=\"\" class=\"wp-image-8576\" srcset=\"https:\/\/global.tab-tv.com\/hu\/wp-content\/uploads\/sites\/3\/2023\/10\/Black-Uniformity-and-Gray-Uniformity-in-Samsung-S90C-1024x457.webp 1024w, https:\/\/global.tab-tv.com\/hu\/wp-content\/uploads\/sites\/3\/2023\/10\/Black-Uniformity-and-Gray-Uniformity-in-Samsung-S90C-300x134.webp 300w, https:\/\/global.tab-tv.com\/hu\/wp-content\/uploads\/sites\/3\/2023\/10\/Black-Uniformity-and-Gray-Uniformity-in-Samsung-S90C-768x342.webp 768w, https:\/\/global.tab-tv.com\/hu\/wp-content\/uploads\/sites\/3\/2023\/10\/Black-Uniformity-and-Gray-Uniformity-in-Samsung-S90C.webp 1200w\" sizes=\"auto, (max-width: 1024px) 100vw, 1024px\" \/><\/figure>\n\n\n\n<p>A m\u00e1sodik paletta m\u00e9lyebb kontrasztj\u00e1val lehet\u0151v\u00e9 teszi a m\u0171v\u00e9sz sz\u00e1m\u00e1ra, hogy m\u00e9lys\u00e9ggel, \u00e1rny\u00e9kokkal, f\u00e9nypontokkal \u00e9s bonyolult \u00e1rnyalatokkal rendelkez\u0151 jelenetet hozzon l\u00e9tre. A sz\u00ednmennyis\u00e9g itt teljes m\u00e9rt\u00e9kben kihaszn\u00e1lhat\u00f3, k\u00f6sz\u00f6nhet\u0151en a sz\u00e9lesebb kontrasztv\u00e1laszt\u00e9knak.<\/p>\n\n\n\n<h2 class=\"wp-block-heading\"><a><\/a><strong>Sz\u00ednhanger\u0151 \u00e9s HDR<\/strong><\/h2>\n\n\n\n<p>HDR \u00e9s a sz\u00ednes hanger\u0151 egy k\u00f6zvetlen\u00fcl kapcsol\u00f3d\u00f3. A nagy dinamikatartom\u00e1ny, ahogy a neve is mutatja, sz\u00e9lesebb tartom\u00e1nyt k\u00edn\u00e1l a k\u00e9p legs\u00f6t\u00e9tebb s\u00f6t\u00e9t \u00e9s legvil\u00e1gosabb vil\u00e1gos sz\u00ednei k\u00f6z\u00f6tt. A hagyom\u00e1nyos kijelz\u0151k korl\u00e1tozott dinamikatartom\u00e1nyban szenvednek, \u00e9s gyakran nem k\u00e9pesek visszaadni egy napfelkelte finom \u00e1rnyalatait vagy egy holdf\u00e9nyes \u00e9jszaka m\u00e9ly \u00e1rny\u00e9kait.<\/p>\n\n\n\n<figure class=\"wp-block-image size-large\"><img loading=\"lazy\" decoding=\"async\" width=\"1024\" height=\"298\" src=\"https:\/\/global.tab-tv.com\/hu\/wp-content\/uploads\/sites\/3\/2023\/10\/HDR-vs-SDR-2-1024x298.webp\" alt=\"\" class=\"wp-image-8575\" srcset=\"https:\/\/global.tab-tv.com\/hu\/wp-content\/uploads\/sites\/3\/2023\/10\/HDR-vs-SDR-2-1024x298.webp 1024w, https:\/\/global.tab-tv.com\/hu\/wp-content\/uploads\/sites\/3\/2023\/10\/HDR-vs-SDR-2-300x87.webp 300w, https:\/\/global.tab-tv.com\/hu\/wp-content\/uploads\/sites\/3\/2023\/10\/HDR-vs-SDR-2-768x224.webp 768w, https:\/\/global.tab-tv.com\/hu\/wp-content\/uploads\/sites\/3\/2023\/10\/HDR-vs-SDR-2.webp 1400w\" sizes=\"auto, (max-width: 1024px) 100vw, 1024px\" \/><\/figure>\n\n\n\n<p>Mindezek reproduk\u00e1l\u00e1s\u00e1hoz a HDR-telev\u00edzi\u00f3knak sz\u00e9les sz\u00ednt\u00e9rfogattal kell rendelkezni\u00fck, hogy megfelel\u0151en tudj\u00e1k megjelen\u00edteni a nagy dinamikatartom\u00e1nyt.<\/p>\n\n\n\n<p><a href=\"https:\/\/www.tab-tv.com\/what-is-hdr-tv\/\">Ismerje meg r\u00e9szletesen a HDR TV-t.<\/a><\/p>\n\n\n\n<p>Mint mondta, a sz\u00ednhanger\u0151ss\u00e9g azt m\u00e9ri, hogy a k\u00fcl\u00f6nb\u00f6z\u0151 sz\u00ednek k\u00fcl\u00f6nb\u00f6z\u0151 f\u00e9nyer\u0151ss\u00e9gszinteken reproduk\u00e1lhat\u00f3k-e, \u00edgy egy j\u00f3 sz\u00ednhanger\u0151ss\u00e9g\u0171 t\u00e9v\u00e9 t\u00f6bb r\u00e9szletet tud megjelen\u00edteni.<\/p>\n\n\n\n<figure class=\"wp-block-image size-full\"><img loading=\"lazy\" decoding=\"async\" width=\"850\" height=\"364\" src=\"https:\/\/global.tab-tv.com\/hu\/wp-content\/uploads\/sites\/3\/2023\/10\/color_spaces-1.webp\" alt=\"\" class=\"wp-image-8574\" srcset=\"https:\/\/global.tab-tv.com\/hu\/wp-content\/uploads\/sites\/3\/2023\/10\/color_spaces-1.webp 850w, https:\/\/global.tab-tv.com\/hu\/wp-content\/uploads\/sites\/3\/2023\/10\/color_spaces-1-300x128.webp 300w, https:\/\/global.tab-tv.com\/hu\/wp-content\/uploads\/sites\/3\/2023\/10\/color_spaces-1-768x329.webp 768w\" sizes=\"auto, (max-width: 850px) 100vw, 850px\" \/><\/figure>\n\n\n\n<p>Ha egy ilyen t\u00e9v\u00e9 t\u00e1mogatja a HDR-t, \u00e9s HDR-tartalmat n\u00e9zel, akkor titkos\u00edtja a metaadatokat, \u00e9s pontosabb sz\u00edneket fog visszaadni. A legt\u00f6bb HDR-t\u00e1mogat\u00f3 t\u00e9v\u00e9 sz\u00e9les sz\u00ednt\u00e9rfogat\u00fa kijelz\u0151vel rendelkezik, mivel kiv\u00e1l\u00f3 min\u0151s\u00e9g\u0171 kijelz\u0151 n\u00e9lk\u00fcl a HDR-metaadatok titkos\u00edt\u00e1sa \u00e9s a tartalom megjelen\u00edt\u00e9s\u00e9vel val\u00f3 pr\u00f3b\u00e1lkoz\u00e1s nem fog m\u0171k\u00f6dni.<\/p>\n\n\n\n<h2 class=\"wp-block-heading\"><a><\/a><strong>Sz\u00ednes hanger\u0151 \u00e9s k\u00fcl\u00f6nb\u00f6z\u0151 kijelz\u0151k: LED, OLED, QLED<\/strong><\/h2>\n\n\n\n<p>B\u00e1r a sz\u00ednmennyis\u00e9g nincs k\u00f6zvetlen kapcsolatban a kijelz\u0151 t\u00edpus\u00e1val, m\u00e9gis f\u00fcgg t\u0151le. Mivel a sz\u00ednhanger\u0151ss\u00e9g a k\u00fcl\u00f6nb\u00f6z\u0151 f\u00e9nyer\u0151ss\u00e9g\u0171 sz\u00ednt\u00e9r, a kijelz\u0151 \u00e1ltal haszn\u00e1lt h\u00e1tt\u00e9rvil\u00e1g\u00edt\u00e1s t\u00edpusa \u00e9s a kibocs\u00e1t\u00e1si technol\u00f3gia befoly\u00e1solja.<\/p>\n\n\n\n<ul class=\"wp-block-list\">\n<li><strong>LED kijelz\u0151k<\/strong><\/li>\n<\/ul>\n\n\n\n<p>A hagyom\u00e1nyos LED-telev\u00edzi\u00f3k, amelyek val\u00f3j\u00e1ban LED-ekkel megvil\u00e1g\u00edtott LCD-panelek, m\u00e1r r\u00e9g\u00f3ta a kijelz\u0151piac h\u00faz\u00f3\u00e1gazat\u00e1nak sz\u00e1m\u00edtanak. A sz\u00ednmennyis\u00e9get tekintve a LED-kijelz\u0151k tisztess\u00e9ges sz\u00edntartom\u00e1nyt k\u00e9pesek lefedni. A h\u00e1tt\u00e9rvil\u00e1g\u00edt\u00e1si rendszer\u00fck miatt azonban gyakran k\u00fczdenek a m\u00e9ly feket\u00e9kkel \u00e9s a cs\u00facsf\u00e9nyer\u0151vel. A teljes panel vil\u00e1g\u00edt, ami az egyes ter\u00fcletek f\u00e9nyerej\u00e9nek kev\u00e9sb\u00e9 pontos szab\u00e1lyoz\u00e1s\u00e1hoz vezet. K\u00f6vetkez\u00e9sk\u00e9ppen a sz\u00ednek k\u00fcl\u00f6nb\u00f6z\u0151 f\u00e9nys\u0171r\u0171s\u00e9gi szinteken t\u00f6rt\u00e9n\u0151 megjelen\u00edt\u00e9s\u00e9nek k\u00e9pess\u00e9ge j\u00f3, de nem kiemelked\u0151.<\/p>\n\n\n\n<ul class=\"wp-block-list\">\n<li><strong>OLED kijelz\u0151k<\/strong><\/li>\n<\/ul>\n\n\n\n<p>A LED-ekb\u0151l kiindulva az OLED-ek organikusan bocs\u00e1tanak ki f\u00e9nyt, amikor \u00e1ram folyik rajtuk kereszt\u00fcl. Ez az egyed\u00fcl\u00e1ll\u00f3 tulajdons\u00e1g lehet\u0151v\u00e9 teszi, hogy minden egyes pixel saj\u00e1t f\u00e9nyt sug\u00e1rozzon, \u00edgy nincs sz\u00fcks\u00e9g h\u00e1tt\u00e9rvil\u00e1g\u00edt\u00e1sra. Mit jelent ez a sz\u00ednes hanger\u0151 szempontj\u00e1b\u00f3l? El\u0151sz\u00f6r is dr\u00e1mai m\u00e9lyfekete sz\u00ednt, mivel az egyes pixelek teljesen kikapcsolhat\u00f3k. Az OLED-ek sz\u00e9les sz\u00ednsk\u00e1l\u00e1val is b\u00fcszk\u00e9lkedhetnek. Cs\u00facsf\u00e9nyerej\u00fck azonban \u00e1ltal\u00e1ban alacsonyabb, mint a QLED-ek\u00e9, ami befoly\u00e1solhatja teljes\u00edtm\u00e9ny\u00fcket a f\u00e9nyer\u0151 fels\u0151bb szintjein. A sz\u00ednt\u00e9rfogat spektrum\u00e1ban az \u00e9l\u00e9nk sz\u00ednek bemutat\u00e1s\u00e1ban jeleskednek alacsonyabb f\u00e9nyer\u0151szinteken.<\/p>\n\n\n\n<ul class=\"wp-block-list\">\n<li><strong>QLED kijelz\u0151k<\/strong><\/li>\n<\/ul>\n\n\n\n<p>A QLED-ek l\u00e9nyeg\u00e9ben kvantumpontokkal &#8211; nano-m\u00e9ret\u0171 f\u00e9lvezet\u0151 r\u00e9szecsk\u00e9kkel &#8211; kieg\u00e9sz\u00edtett LED-telev\u00edzi\u00f3k, amelyek dr\u00e1mai m\u00f3don fokozz\u00e1k a f\u00e9nyer\u0151t \u00e9s a sz\u00edneket. Ha a sz\u00ednmennyis\u00e9gr\u0151l van sz\u00f3, a QLED-ek f\u00e9nyesen ragyognak. A pixelek olyan anyagokkal k\u00e9sz\u00fclnek, amelyek jobb f\u00e9ny\u00e1tereszt\u00e9ssel \u00e9s sz\u00edn\u00e1raml\u00e1s-szelektivit\u00e1ssal rendelkeznek. Az ilyen t\u00e9v\u00e9k 10 bit m\u00e9lys\u00e9g\u0171 k\u00e9pet k\u00e9pesek megjelen\u00edteni. Leny\u0171g\u00f6z\u0151 f\u00e9nyer\u0151-cs\u00facsokat \u00e9rnek el, \u00e9s ezen a t\u00e9ren n\u00e9ha fel\u00fclm\u00falj\u00e1k az OLED-eket. Sz\u00e9les sz\u00ednsk\u00e1l\u00e1val kombin\u00e1lva ez a f\u00e9nyer\u0151 azt jelenti, hogy a sz\u00ednek sz\u00e9les sk\u00e1l\u00e1j\u00e1t k\u00e9pesek megjelen\u00edteni mind alacsony, mind magas f\u00e9nyer\u0151ss\u00e9g mellett. Mivel azonban m\u00e9g mindig h\u00e1tt\u00e9rvil\u00e1g\u00edt\u00e1si rendszert haszn\u00e1lnak, nem tudj\u00e1k el\u00e9rni az OLED-ek v\u00e9gtelen kontrasztj\u00e1t \u00e9s m\u00e9ly feket\u00e9j\u00e9t.<\/p>\n\n\n\n<h2 class=\"wp-block-heading\"><a><\/a><strong>Hogyan \u00e9rt\u00e9kelj\u00fck \u00e9s tesztelj\u00fck a sz\u00ednt\u00e9rfogatot<\/strong><\/h2>\n\n\n\n<p>A sz\u00ednmennyis\u00e9g tesztel\u00e9s\u00e9hez sz\u00fcks\u00e9g\u00fcnk lesz egy kolorim\u00e9terre, egy spektrumf\u00e9nym\u00e9r\u0151re, \u00e9s egy olyan eszk\u00f6zre, amellyel k\u00fcl\u00f6nb\u00f6z\u0151 f\u00e9nyer\u0151ss\u00e9g\u0171 k\u00e9peket tudunk megjelen\u00edteni a t\u00e9v\u00e9n.<\/p>\n\n\n\n<p>Mint mondtam, a sz\u00ednmennyis\u00e9g a sz\u00ednsk\u00e1l\u00e1t\u00f3l (sz\u00ednt\u00e9r) f\u00fcgg. Nincs \u00e9rtelme figyelembe venni a Rec. 709 sz\u00ednteret, mivel a legt\u00f6bb modern TV teljes m\u00e9rt\u00e9kben lefedik, Teh\u00e1t van \u00e9rtelme figyelembe venni a DCI P-3 \u00e9s a Rec.2020 sz\u00ednteret.<\/p>\n\n\n\n<p>Meg kell v\u00e1ltoztatnunk a TV f\u00e9nyer\u0151ss\u00e9g\u00e9t, \u00e9s meg kell m\u00e9rn\u00fcnk a rendelkez\u00e9sre \u00e1ll\u00f3 sz\u00edntartom\u00e1nyt a k\u00fcl\u00f6nb\u00f6z\u0151 f\u00e9nyer\u0151ss\u00e9gi szinteken. Ez sok sz\u00edntartom\u00e1nyt fog adni nek\u00fcnk a k\u00fcl\u00f6nb\u00f6z\u0151 f\u00e9nyer\u0151szintekhez, \u00e9s ezek kombin\u00e1ci\u00f3ja lenne a sz\u00ednmennyis\u00e9g. Ezt \u00fagy is kifejezhetj\u00fck, hogy a TV-kijelz\u0151k \u00e1ltal k\u00fcl\u00f6nb\u00f6z\u0151 f\u00e9nyer\u0151ss\u00e9gszinteken reproduk\u00e1lhat\u00f3 sz\u00ednt\u00e9r %-ban.<\/p>\n\n\n\n<p>2016 \u00f3ta az UHD Alliance elfogadta azt a k\u00f6vetelm\u00e9nyt, hogy az UHD felbont\u00e1s\u00fa pr\u00e9mium t\u00e9v\u00e9knek a DCI-P3 sz\u00ednt\u00e9r legal\u00e1bb 90%-\u00e1t le kell fedni\u00fck. Ez azonban a sz\u00ednt\u00e9rre vonatkoz\u00f3 adat, nem pedig a sz\u00ednmennyis\u00e9gre, \u00edgy m\u00e9g manaps\u00e1g is el\u0151fordulhat, hogy a t\u00e9v\u00e9k, m\u00e9g ha hasonl\u00f3 sz\u00ednt\u00e9rrel rendelkeznek is, jelent\u0151sen elt\u00e9rhetnek egym\u00e1st\u00f3l a sz\u00ednmennyis\u00e9g tekintet\u00e9ben.<\/p>\n\n\n\n<h2 class=\"wp-block-heading\"><a><\/a><strong>Ki ellen\u0151rzi a DCI-P3 sz\u00ednmennyis\u00e9get a t\u00e9v\u00e9k\u00e9sz\u00fcl\u00e9kekben?<\/strong><\/h2>\n\n\n\n<p>A gy\u00e1rt\u00f3 \u00edrhatja, hogy a t\u00e9v\u00e9 t\u00e1mogatja a DCI-P3 (\u00e9s b\u00e1rmely m\u00e1s sz\u00edntartom\u00e1nyt), de ez nem teljesen igaz. Ez\u00e9rt f\u00fcggetlen szervezetek ellen\u0151rizhetik, hogy a term\u00e9k megfelel-e a szabv\u00e1nynak. Az egyik ilyen szervezet a VDE Int\u00e9zet, amely term\u00e9ktan\u00fas\u00edt\u00e1ssal foglalkozik.<\/p>\n","protected":false},"excerpt":{"rendered":"<p>Fontos, hogy ne keverj\u00fck \u00f6ssze a sz\u00ednsk\u00e1l\u00e1t (sz\u00ednteret) \u00e9s a sz\u00ednmennyis\u00e9get. Egyszer\u0171bben fogalmazva, m\u00edg a sz\u00ednsk\u00e1la a telev\u00edzi\u00f3 \u00e1ltal reproduk\u00e1lhat\u00f3 sz\u00edntartom\u00e1ny, addig a sz\u00ednt\u00e9rfogat a k\u00fcl\u00f6nb\u00f6z\u0151 f\u00e9nyer\u0151ss\u00e9gszintek mellett megjelen\u00edthet\u0151 sz\u00ednek sz\u00e1ma. Miel\u0151tt elm\u00e9ly\u00fcln\u00e9nk, gondoljunk erre: Mi\u00e9rt piros az alma? Az\u00e9rt, mert visszaveri a v\u00f6r\u00f6s hull\u00e1mhossz\u00fa f\u00e9nyt, m\u00edg m\u00e1sokat elnyel. Most ford\u00edtsuk le ezt egy TV-k\u00e9perny\u0151re. [&hellip;]<\/p>\n","protected":false},"author":1,"featured_media":8582,"comment_status":"open","ping_status":"open","sticky":false,"template":"","format":"standard","meta":{"_monsterinsights_skip_tracking":false,"_monsterinsights_sitenote_active":false,"_monsterinsights_sitenote_note":"","_monsterinsights_sitenote_category":0,"footnotes":""},"categories":[26],"tags":[88],"class_list":{"0":"post-8573","1":"post","2":"type-post","3":"status-publish","4":"format-standard","5":"has-post-thumbnail","7":"category-tv","8":"tag-technologia"},"_links":{"self":[{"href":"https:\/\/global.tab-tv.com\/hu\/wp-json\/wp\/v2\/posts\/8573","targetHints":{"allow":["GET"]}}],"collection":[{"href":"https:\/\/global.tab-tv.com\/hu\/wp-json\/wp\/v2\/posts"}],"about":[{"href":"https:\/\/global.tab-tv.com\/hu\/wp-json\/wp\/v2\/types\/post"}],"author":[{"embeddable":true,"href":"https:\/\/global.tab-tv.com\/hu\/wp-json\/wp\/v2\/users\/1"}],"replies":[{"embeddable":true,"href":"https:\/\/global.tab-tv.com\/hu\/wp-json\/wp\/v2\/comments?post=8573"}],"version-history":[{"count":3,"href":"https:\/\/global.tab-tv.com\/hu\/wp-json\/wp\/v2\/posts\/8573\/revisions"}],"predecessor-version":[{"id":11848,"href":"https:\/\/global.tab-tv.com\/hu\/wp-json\/wp\/v2\/posts\/8573\/revisions\/11848"}],"wp:featuredmedia":[{"embeddable":true,"href":"https:\/\/global.tab-tv.com\/hu\/wp-json\/wp\/v2\/media\/8582"}],"wp:attachment":[{"href":"https:\/\/global.tab-tv.com\/hu\/wp-json\/wp\/v2\/media?parent=8573"}],"wp:term":[{"taxonomy":"category","embeddable":true,"href":"https:\/\/global.tab-tv.com\/hu\/wp-json\/wp\/v2\/categories?post=8573"},{"taxonomy":"post_tag","embeddable":true,"href":"https:\/\/global.tab-tv.com\/hu\/wp-json\/wp\/v2\/tags?post=8573"}],"curies":[{"name":"wp","href":"https:\/\/api.w.org\/{rel}","templated":true}]}}