{"id":8674,"date":"2023-10-16T10:52:54","date_gmt":"2023-10-16T07:52:54","guid":{"rendered":"https:\/\/global.tab-tv.com\/hu\/?p=8674"},"modified":"2023-10-16T10:52:56","modified_gmt":"2023-10-16T07:52:56","slug":"hol-keszulnek-az-lg-mosogepek","status":"publish","type":"post","link":"https:\/\/global.tab-tv.com\/hu\/hol-keszulnek-az-lg-mosogepek\/","title":{"rendered":"Hol k\u00e9sz\u00fclnek az LG mos\u00f3g\u00e9pek"},"content":{"rendered":"\n<p>Az LG mos\u00f3g\u00e9pek kiv\u00e1l\u00f3ak; az LG a h\u00e1ztart\u00e1si g\u00e9pek gy\u00e1rt\u00e1s\u00e1nak egyik vezet\u0151je. Az LG mos\u00f3g\u00e9peket (akkoriban a c\u00e9get Gold Starnak h\u00edvt\u00e1k) 1969-ben kezdt\u00e9k gy\u00e1rtani. Akkoriban m\u00e9g kezdetleges mos\u00f3g\u00e9pek voltak, de ma m\u00e1r mindenki hallott az LG mos\u00f3g\u00e9pekr\u0151l, \u00e9s biztos vagyok benne, hogy \u00faj mos\u00f3g\u00e9p kiv\u00e1laszt\u00e1sakor az LG m\u00e1rk\u00e1ra figyel.<\/p>\n\n\n\n<h2 class=\"wp-block-heading\"><a><\/a><strong>H\u00e1ny mos\u00f3g\u00e9pet gy\u00e1rt az LG \u00e9vente?<\/strong><\/h2>\n\n\n\n<p>Az LG \u00e9vente mintegy <strong>16 milli\u00f3 <\/strong>mos\u00f3g\u00e9pet gy\u00e1rt vil\u00e1gszerte. Az ad\u00f3k\u00f6lts\u00e9gek cs\u00f6kkent\u00e9se \u00e9rdek\u00e9ben &#8211; az adott orsz\u00e1g jogszab\u00e1lyait\u00f3l f\u00fcgg\u0151en &#8211; az \u00f6sszeszerel\u0151 \u00fczemek vagy egy ad\u00f3kedvezm\u00e9nyekkel rendelkez\u0151 orsz\u00e1gban, vagy k\u00f6zvetlen\u00fcl abban az orsz\u00e1gban tal\u00e1lhat\u00f3k, amely sz\u00e1m\u00e1ra a mos\u00f3g\u00e9pet gy\u00e1rtj\u00e1k. Az \u00f6sszeszerel\u0151 \u00fczemekben olyan nagym\u00e9ret\u0171 alkatr\u00e9szeket gy\u00e1rtanak, mint a mos\u00f3g\u00e9ph\u00e1zak, ellens\u00falyok \u00e9s tart\u00e1lyok. A kisebb alkatr\u00e9szeket \u00e1ltal\u00e1ban import\u00e1lj\u00e1k a nagy gy\u00e1rakb\u00f3l, amelyek p\u00e9ld\u00e1ul motorok vagy nyomtatott \u00e1ramk\u00f6ri lapok gy\u00e1rt\u00e1s\u00e1ra szakosodtak.<\/p>\n\n\n\n<h2 class=\"wp-block-heading\"><a><\/a><strong>Hol gy\u00e1rtj\u00e1k az LG mos\u00f3g\u00e9peket?<\/strong><\/h2>\n\n\n\n<p>Ha \u00e9rdekli, hogy hol szerelt\u00e9k \u00f6ssze az LG mos\u00f3g\u00e9pet, a matric\u00e1n vagy a mos\u00f3g\u00e9p sorozatsz\u00e1m\u00e1b\u00f3l megtudhatja. Ha szeretn\u00e9 tudni, hogy mit jelent az LG mos\u00f3g\u00e9p modellsz\u00e1ma \u00e9s hogyan kell meg\u00e9rteni, akkor l\u00e1togasson el az &#8222;<a href=\"https:\/\/www.tab-tv.com\/lg-washing-machines-decoder\/\">LG mos\u00f3g\u00e9p modellsz\u00e1mai<\/a>&#8221; c\u00edm\u0171 cikk\u00fcnkbe, ha pedig a gy\u00e1rt\u00e1si d\u00e1tumra \u00e9s a mos\u00f3g\u00e9p \u00f6sszeszerel\u00e9si hely\u00e9re k\u00edv\u00e1ncsi, akkor az &#8222;<a href=\"https:\/\/en.tab-tv.com\/decoding-the-serial-number-of-the-lg-washing-machine-and-where-to-find-it\/\">LG mos\u00f3g\u00e9p sorozatsz\u00e1m\u00e1nak megfejt\u00e9se<\/a>&#8221; c\u00edm\u0171 cikk\u00fcnk seg\u00edt \u00d6nnek.<\/p>\n\n\n\n<p>A koreai LG v\u00e1llalat sz\u00e9les szegmensben gy\u00e1rt h\u00e1ztart\u00e1si k\u00e9sz\u00fcl\u00e9keket. A mos\u00f3g\u00e9pek a gy\u00e1rt\u00e1s egyik meglehet\u0151sen jelent\u0151s ter\u00fclete. Az LG a vil\u00e1g sz\u00e1mos orsz\u00e1g\u00e1ban szerel \u00f6ssze mos\u00f3g\u00e9peket; az LG-nek <strong>12 gy\u00e1ra <\/strong>van, ahol az LG mos\u00f3g\u00e9peket szerelik \u00f6ssze. A mos\u00f3g\u00e9peket az <strong>USA-ban, Mexik\u00f3ban, Oroszorsz\u00e1gban, K\u00edn\u00e1ban, Kore\u00e1ban, Egyiptomban, Indi\u00e1ban, Indon\u00e9zi\u00e1ban, Thaif\u00f6ld\u00f6n \u00e9s Vietnamban <\/strong>szerelik \u00f6ssze. Itt tal\u00e1lhat\u00f3k tov\u00e1bbi r\u00e9szletek az LG gy\u00e1rair\u00f3l.<\/p>\n\n\n\n<h3 class=\"wp-block-heading\"><a><\/a><strong>LG mos\u00f3g\u00e9pgy\u00e1rt\u00f3 \u00fczem az USA-ban<\/strong><\/h3>\n\n\n\n<p>Az LG 2019-ben \u00faj h\u00e1ztart\u00e1si k\u00e9sz\u00fcl\u00e9kgy\u00e1rt\u00f3 \u00fczemet \u00e9p\u00edtett az Egyes\u00fclt \u00c1llamok Tennessee \u00e1llam\u00e1ban. Az LG. ezt a d\u00f6nt\u00e9st az amerikai h\u00e1tt\u00e9rrel szemben hozta meg. Korm\u00e1ny azon d\u00f6nt\u00e9se, hogy tov\u00e1bbi ad\u00f3kat vet ki az import\u00e1lt mos\u00f3g\u00e9pekre az Egyes\u00fclt \u00c1llamokban Ez a d\u00f6nt\u00e9s 2017-ben sz\u00fcletett. 2017-ben a mos\u00f3g\u00e9pad\u00f3 18% volt az els\u0151 1,2 milli\u00f3 import\u00e1lt mos\u00f3g\u00e9pre. Az ezt k\u00f6vet\u0151 sz\u00e1ll\u00edtm\u00e1nyok 45%-os ad\u00f3t fizetnek. Egy\u00e9rtelm\u0171, hogy egy ilyen d\u00f6nt\u00e9s negat\u00edvan befoly\u00e1solja az \u00e9rt\u00e9kes\u00edt\u00e9s dinamik\u00e1j\u00e1t; egy K\u00edn\u00e1b\u00f3l import\u00e1lt LG mos\u00f3g\u00e9p t\u00f6bbe ker\u00fcl, mint egy az USA-ban \u00f6sszeszerelt GE. Ez\u00e9rt a v\u00e1llalat \u00fagy d\u00f6nt\u00f6tt, hogy gy\u00e1rat \u00e9p\u00edt az USA-ban, \u00e9s helyben kezdi meg a mos\u00f3g\u00e9pek \u00f6sszeszerel\u00e9s\u00e9t. Ez lehet\u0151v\u00e9 tette a tov\u00e1bbi ad\u00f3k elker\u00fcl\u00e9s\u00e9t \u00e9s a mos\u00f3g\u00e9pek \u00e1r\u00e1nak cs\u00f6kkent\u00e9s\u00e9t az amerikai \u00e9s kanadai piacokon. Az \u00fczemet \u00e9vi 1,2 milli\u00f3 mos\u00f3g\u00e9p gy\u00e1rt\u00e1s\u00e1ra tervezt\u00e9k, amelyeket k\u00e9t \u00f6sszeszerel\u0151soron szerelnek \u00f6ssze. 2023-ban egy harmadik sz\u00e1r\u00edt\u00f3g\u00e9p gy\u00e1rt\u00f3sor is elindul, amelynek kapacit\u00e1sa \u00e9vi 400 000 sz\u00e1r\u00edt\u00f3g\u00e9p lesz.<\/p>\n\n\n\n<p>Ez az \u00fczem maxim\u00e1lis automatiz\u00e1l\u00e1ssal \u00e9p\u00fclt, robotok gy\u00e1rtj\u00e1k a burkol\u00f3dobokat. A t\u00f6bbi alkatr\u00e9szt Vietnamb\u00f3l \u00e9s Kore\u00e1b\u00f3l sz\u00e1ll\u00edtj\u00e1k. Az \u00fczem teljes m\u00e9rt\u00e9kben fedezi az USA \u00e9s Kanada LG mos\u00f3g\u00e9pek ir\u00e1nti ig\u00e9nyeit, \u00edgy ha \u00d6n \u00fagy d\u00f6nt, hogy LG mos\u00f3g\u00e9pet v\u00e1s\u00e1rol, akkor megtal\u00e1lja rajta a &#8222;Made in the USA&#8221; feliratot. Term\u00e9szetesen nem minden mos\u00f3g\u00e9pmodell k\u00e9sz\u00fcl az USA-ban, n\u00e9h\u00e1nyat m\u00e1s orsz\u00e1gokb\u00f3l sz\u00e1ll\u00edtanak.<\/p>\n\n\n\n<h3 class=\"wp-block-heading\"><a><\/a><strong>LG mos\u00f3g\u00e9pgy\u00e1r Mexik\u00f3ban<\/strong><\/h3>\n\n\n\n<p>Az LG mexik\u00f3i gy\u00e1r\u00e1ban 2016-ig mos\u00f3g\u00e9peket gy\u00e1rtottak. Az Egyes\u00fclt \u00c1llamok, Kanada \u00e9s Mexik\u00f3 piacai sz\u00e1m\u00e1ra a mos\u00f3g\u00e9pgy\u00e1rt\u00e1st 2016-ban az amerikai \u00fczem beind\u00edt\u00e1s\u00e1t k\u00f6vet\u0151en Thaif\u00f6ldre helyezt\u00e9k \u00e1t, amely \u00faj mos\u00f3g\u00e9peket biztos\u00edt \u00c9szak-Amerika sz\u00e1m\u00e1ra. A mos\u00f3g\u00e9pek mexik\u00f3i gy\u00e1rt\u00e1s\u00e1t m\u00e9g nem tervezik.<\/p>\n\n\n\n<h3 class=\"wp-block-heading\"><a><\/a><strong>LG mos\u00f3g\u00e9pgy\u00e1rt\u00f3 \u00fczem Lengyelorsz\u00e1gban<\/strong><\/h3>\n\n\n\n<p>2011-ig az LG mos\u00f3g\u00e9peket K\u00edn\u00e1b\u00f3l \u00e9s Kore\u00e1b\u00f3l sz\u00e1ll\u00edtott\u00e1k Eur\u00f3p\u00e1ba. 2010-ben \u00fagy d\u00f6nt\u00f6ttek, hogy \u00fczemet nyitnak Eur\u00f3p\u00e1ban. A v\u00e1laszt\u00e1s Lengyelorsz\u00e1gra esett. Az LG egyik lengyelorsz\u00e1gi \u00fczeme Wroclawban tal\u00e1lhat\u00f3, \u00e9s mos\u00f3g\u00e9peket gy\u00e1rt Eur\u00f3pa sz\u00e1m\u00e1ra. Az \u00fczem kapacit\u00e1sa k\u00f6r\u00fclbel\u00fcl \u00e9vi 1 milli\u00f3 mos\u00f3g\u00e9p. Az \u00fczemet 2011-ben korszer\u0171s\u00edtett\u00e9k \u00e9s b\u0151v\u00edtett\u00e9k. Az \u00fczem k\u00f3dja PW (Lengyelorsz\u00e1g, Wroclaw).<\/p>\n\n\n\n<h3 class=\"wp-block-heading\"><a><\/a><strong>LG mos\u00f3g\u00e9p \u00f6sszeszerel\u0151 \u00fczem Oroszorsz\u00e1gban<\/strong><\/h3>\n\n\n\n<p>Oroszorsz\u00e1gban, Ruza v\u00e1ros\u00e1ban mos\u00f3g\u00e9p-\u00f6sszeszerel\u0151 \u00fczemet \u00e9p\u00edtettek. K\u00e9t \u00f6sszeszerel\u0151 \u00fczem van. Az egyik gy\u00e1r az RA, a m\u00e1sik az RW k\u00f3dot viseli. A mos\u00f3g\u00e9peket Oroszorsz\u00e1gba \u00e9s a kor\u00e1bban a Szovjetuni\u00f3hoz tartoz\u00f3 orsz\u00e1gokba sz\u00e1ll\u00edtj\u00e1k. A mos\u00f3g\u00e9pek egy r\u00e9sz\u00e9t Kelet-Eur\u00f3p\u00e1ba \u00e9s \u00e1zsiai orsz\u00e1gokba sz\u00e1ll\u00edtott\u00e1k. Az ukrajnai ellens\u00e9gesked\u00e9sek kit\u00f6r\u00e9se ut\u00e1n a gy\u00e1rak 2022 \u00f3ta z\u00e1rva vannak, \u00e9s nem gy\u00e1rtanak mos\u00f3g\u00e9peket.<\/p>\n\n\n\n<h3 class=\"wp-block-heading\"><a><\/a><strong>LG mos\u00f3g\u00e9pgy\u00e1rt\u00f3 \u00fczem K\u00edn\u00e1ban<\/strong><\/h3>\n\n\n\n<figure class=\"wp-block-image size-full\"><img loading=\"lazy\" decoding=\"async\" width=\"438\" height=\"248\" src=\"https:\/\/global.tab-tv.com\/hu\/wp-content\/uploads\/sites\/3\/2023\/10\/LG-Nanjing-panda-Appliances-2.webp\" alt=\"\" class=\"wp-image-8675\" srcset=\"https:\/\/global.tab-tv.com\/hu\/wp-content\/uploads\/sites\/3\/2023\/10\/LG-Nanjing-panda-Appliances-2.webp 438w, https:\/\/global.tab-tv.com\/hu\/wp-content\/uploads\/sites\/3\/2023\/10\/LG-Nanjing-panda-Appliances-2-300x170.webp 300w\" sizes=\"auto, (max-width: 438px) 100vw, 438px\" \/><\/figure>\n\n\n\n<p>K\u00edn\u00e1ban 12 LG-gy\u00e1r gy\u00e1rt k\u00fcl\u00f6nb\u00f6z\u0151 term\u00e9keket \u00e9s alkatr\u00e9szeket; a Nanjing LG-Panda Appliances Co, Ltd. mos\u00f3g\u00e9peket gy\u00e1rt.<br>&nbsp;A gy\u00e1r k\u00f3dja PN. A mos\u00f3g\u00e9peket K\u00edn\u00e1ba, D\u00e9l-Amerik\u00e1ba, Ausztr\u00e1li\u00e1ba \u00e9s m\u00e1s orsz\u00e1gokba sz\u00e1ll\u00edtj\u00e1k. Nanjing nagy gy\u00e1r\u00e1ban \u00e9vente t\u00f6bb mint egymilli\u00f3 mos\u00f3g\u00e9pet gy\u00e1rtanak.<\/p>\n\n\n\n<h3 class=\"wp-block-heading\"><a><\/a><strong>LG mos\u00f3g\u00e9pgy\u00e1r Kore\u00e1ban<\/strong><\/h3>\n\n\n\n<p>A d\u00e9l-koreai gy\u00e1r Changwon v\u00e1ros ipari ter\u00fclet\u00e9n tal\u00e1lhat\u00f3. Amerik\u00e1ba, Eur\u00f3p\u00e1ba \u00e9s sz\u00e1mos m\u00e1s orsz\u00e1gba sz\u00e1ll\u00edtott mos\u00f3g\u00e9peket szerel \u00f6ssze. A gy\u00e1r k\u00f3dja KW. Ez az LG egyik legnagyobb \u00e9s legr\u00e9gebbi \u00fczeme, amely fenn\u00e1ll\u00e1sa alatt az \u00f6sszes LG mos\u00f3g\u00e9p mintegy fel\u00e9t \u00f6sszeszerelte. Jelenleg az \u00fczem a cs\u00facskateg\u00f3ri\u00e1s mos\u00f3g\u00e9pek gy\u00e1rt\u00e1s\u00e1ra specializ\u00e1l\u00f3dott.<\/p>\n\n\n\n<h3 class=\"wp-block-heading\"><a><\/a><strong>LG mos\u00f3g\u00e9pgy\u00e1r Egyiptomban<\/strong><\/h3>\n\n\n\n<p>Az LG mos\u00f3g\u00e9pgy\u00e1ra 2017-ben ny\u00edlt meg Kair\u00f3ban. A gy\u00e1r kapacit\u00e1sa k\u00f6r\u00fclbel\u00fcl 90 000 mos\u00f3g\u00e9p \u00e9vente. K\u00f6r\u00fclbel\u00fcl 50 000 legy\u00e1rtott mos\u00f3g\u00e9pet export\u00e1lnak m\u00e1s orsz\u00e1gokba. Ez a gy\u00e1r els\u0151sorban afrikai orsz\u00e1gokba sz\u00e1ll\u00edt mos\u00f3g\u00e9peket. Ez egy kis helyi gy\u00e1rt\u00f3\u00fczem, amely csak alkatr\u00e9szeket szerel \u00f6ssze.<\/p>\n\n\n\n<h3 class=\"wp-block-heading\"><a><\/a><strong>LG mos\u00f3g\u00e9p gy\u00e1r Indi\u00e1ban<\/strong><\/h3>\n\n\n\n<p>Indi\u00e1ban k\u00e9t mos\u00f3g\u00e9pgy\u00e1r van. Az \u00fczemek Noida \u00e9s Pune v\u00e1rosokban tal\u00e1lhat\u00f3k. A gy\u00e1rtott mos\u00f3g\u00e9pek 90%-a az indiai piacra k\u00e9sz\u00fcl. A termel\u00e9s egy kis r\u00e9sz\u00e9t a szomsz\u00e9dos orsz\u00e1gokba sz\u00e1ll\u00edtj\u00e1k.<\/p>\n\n\n\n<h3 class=\"wp-block-heading\"><a><\/a><strong>LG mos\u00f3g\u00e9pgy\u00e1r Indon\u00e9zi\u00e1ban<\/strong><\/h3>\n\n\n\n<p>A mos\u00f3g\u00e9pgy\u00e1r Medin\u00e1ban tal\u00e1lhat\u00f3. A legt\u00f6bb mos\u00f3g\u00e9pet m\u00e1s orsz\u00e1gokba ir\u00e1nyul\u00f3 exportra gy\u00e1rtj\u00e1k. Ez egy viszonylag kis gy\u00e1r, de az LG \u00fagy l\u00e1tja, hogy Indon\u00e9zia \u00edg\u00e9retes orsz\u00e1g a befektet\u00e9sek szempontj\u00e1b\u00f3l. Az LG kutat\u00f3k\u00f6zpontja 2023-ban ny\u00edlt meg Indon\u00e9zi\u00e1ban. A gy\u00e1r k\u00f3dja IN.<\/p>\n\n\n\n<h3 class=\"wp-block-heading\"><a><\/a><strong>LG mos\u00f3g\u00e9pgy\u00e1r Thaif\u00f6ld\u00f6n<\/strong><\/h3>\n\n\n\n<figure class=\"wp-block-image size-full\"><img loading=\"lazy\" decoding=\"async\" width=\"958\" height=\"448\" src=\"https:\/\/global.tab-tv.com\/hu\/wp-content\/uploads\/sites\/3\/2023\/10\/LG-factory-Thailand.webp\" alt=\"\" class=\"wp-image-8676\" srcset=\"https:\/\/global.tab-tv.com\/hu\/wp-content\/uploads\/sites\/3\/2023\/10\/LG-factory-Thailand.webp 958w, https:\/\/global.tab-tv.com\/hu\/wp-content\/uploads\/sites\/3\/2023\/10\/LG-factory-Thailand-300x140.webp 300w, https:\/\/global.tab-tv.com\/hu\/wp-content\/uploads\/sites\/3\/2023\/10\/LG-factory-Thailand-768x359.webp 768w\" sizes=\"auto, (max-width: 958px) 100vw, 958px\" \/><\/figure>\n\n\n\n<p>Az LG Thaif\u00f6ld\u00f6n is \u00e9p\u00edtett egy gy\u00e1rat, ahol mos\u00f3g\u00e9peket szerelnek \u00f6ssze. Thaif\u00f6ldr\u0151l m\u00e1s orsz\u00e1gokba is export\u00e1lnak mos\u00f3g\u00e9peket. Az els\u0151dleges piac 2019-ig \u00c9szak- \u00e9s D\u00e9l-Amerika, valamint az \u00e1zsiai orsz\u00e1gok voltak.<\/p>\n\n\n\n<h3 class=\"wp-block-heading\"><a><\/a><strong>LG mos\u00f3g\u00e9pgy\u00e1r Vietnamban<\/strong><\/h3>\n\n\n\n<p>A vietnami gy\u00e1r Hai Phong v\u00e1ros\u00e1ban tal\u00e1lhat\u00f3; ez a gy\u00e1r elektronikai \u00e9s h\u00e1ztart\u00e1si k\u00e9sz\u00fcl\u00e9kek gy\u00e1rt\u00e1s\u00e1ra \u00f6sszpontos\u00edt. A gy\u00e1r kezdetben mos\u00f3g\u00e9peket gy\u00e1rtott a hazai piacra. 2013-t\u00f3l exportra, a legt\u00f6bb term\u00e9ket, k\u00f6zt\u00fck mos\u00f3g\u00e9peket is, 2019-ig az Egyes\u00fclt \u00c1llamokba sz\u00e1ll\u00edtottak. 2022-ben az LG \u00fagy d\u00f6nt\u00f6tt, hogy glob\u00e1lis gy\u00e1rt\u00f3b\u00e1zist hoz l\u00e9tre Vietnamban, \u00e9s a tervek szerint a gy\u00e1rt\u00e1st K\u00edn\u00e1b\u00f3l Vietnamba helyezi \u00e1t.<\/p>\n\n\n\n<h3 class=\"wp-block-heading\"><a><\/a><strong>LG mos\u00f3g\u00e9pgy\u00e1r Braz\u00edli\u00e1ban<\/strong><\/h3>\n\n\n\n<p>2019-ig Taubate-ban gy\u00e1rtott\u00e1k az LG mos\u00f3g\u00e9peit a hazai piacra. Az LG 2019-ben \u00fagy d\u00f6nt\u00f6tt, hogy bez\u00e1rja a mos\u00f3g\u00e9pgy\u00e1rt\u00f3 sort.<\/p>\n","protected":false},"excerpt":{"rendered":"<p>Az LG mos\u00f3g\u00e9pek kiv\u00e1l\u00f3ak; az LG a h\u00e1ztart\u00e1si g\u00e9pek gy\u00e1rt\u00e1s\u00e1nak egyik vezet\u0151je. Az LG mos\u00f3g\u00e9peket (akkoriban a c\u00e9get Gold Starnak h\u00edvt\u00e1k) 1969-ben kezdt\u00e9k gy\u00e1rtani. Akkoriban m\u00e9g kezdetleges mos\u00f3g\u00e9pek voltak, de ma m\u00e1r mindenki hallott az LG mos\u00f3g\u00e9pekr\u0151l, \u00e9s biztos vagyok benne, hogy \u00faj mos\u00f3g\u00e9p kiv\u00e1laszt\u00e1sakor az LG m\u00e1rk\u00e1ra figyel. H\u00e1ny mos\u00f3g\u00e9pet gy\u00e1rt az LG \u00e9vente? [&hellip;]<\/p>\n","protected":false},"author":1,"featured_media":8677,"comment_status":"open","ping_status":"open","sticky":false,"template":"","format":"standard","meta":{"_monsterinsights_skip_tracking":false,"_monsterinsights_sitenote_active":false,"_monsterinsights_sitenote_note":"","_monsterinsights_sitenote_category":0,"footnotes":""},"categories":[9],"tags":[569],"class_list":{"0":"post-8674","1":"post","2":"type-post","3":"status-publish","4":"format-standard","5":"has-post-thumbnail","7":"category-haztartasi-gep","8":"tag-lg-mosogep"},"_links":{"self":[{"href":"https:\/\/global.tab-tv.com\/hu\/wp-json\/wp\/v2\/posts\/8674","targetHints":{"allow":["GET"]}}],"collection":[{"href":"https:\/\/global.tab-tv.com\/hu\/wp-json\/wp\/v2\/posts"}],"about":[{"href":"https:\/\/global.tab-tv.com\/hu\/wp-json\/wp\/v2\/types\/post"}],"author":[{"embeddable":true,"href":"https:\/\/global.tab-tv.com\/hu\/wp-json\/wp\/v2\/users\/1"}],"replies":[{"embeddable":true,"href":"https:\/\/global.tab-tv.com\/hu\/wp-json\/wp\/v2\/comments?post=8674"}],"version-history":[{"count":1,"href":"https:\/\/global.tab-tv.com\/hu\/wp-json\/wp\/v2\/posts\/8674\/revisions"}],"predecessor-version":[{"id":8678,"href":"https:\/\/global.tab-tv.com\/hu\/wp-json\/wp\/v2\/posts\/8674\/revisions\/8678"}],"wp:featuredmedia":[{"embeddable":true,"href":"https:\/\/global.tab-tv.com\/hu\/wp-json\/wp\/v2\/media\/8677"}],"wp:attachment":[{"href":"https:\/\/global.tab-tv.com\/hu\/wp-json\/wp\/v2\/media?parent=8674"}],"wp:term":[{"taxonomy":"category","embeddable":true,"href":"https:\/\/global.tab-tv.com\/hu\/wp-json\/wp\/v2\/categories?post=8674"},{"taxonomy":"post_tag","embeddable":true,"href":"https:\/\/global.tab-tv.com\/hu\/wp-json\/wp\/v2\/tags?post=8674"}],"curies":[{"name":"wp","href":"https:\/\/api.w.org\/{rel}","templated":true}]}}