{"id":8702,"date":"2023-10-17T16:16:55","date_gmt":"2023-10-17T13:16:55","guid":{"rendered":"https:\/\/global.tab-tv.com\/hu\/?p=8702"},"modified":"2023-10-17T16:16:57","modified_gmt":"2023-10-17T13:16:57","slug":"samsung-tv-qe1c-qn70qe1cafxza-qn85qe1cafxza-rovid-attekintese","status":"publish","type":"post","link":"https:\/\/global.tab-tv.com\/hu\/samsung-tv-qe1c-qn70qe1cafxza-qn85qe1cafxza-rovid-attekintese\/","title":{"rendered":"Samsung TV QE1C (QN70QE1CAFXZA, QN85QE1CAFXZA) r\u00f6vid \u00e1ttekint\u00e9se"},"content":{"rendered":"\n<p>2023-ban a Samsung c\u00e9g egy \u00faj QE1C TV-modellt k\u00edn\u00e1lt az \u00fcgyfeleknek. Nem k\u00f6nny\u0171 megismerni ezt a t\u00e9v\u00e9t a Samsung hivatalos weboldal\u00e1r\u00f3l, hiszen az mindig a t\u00e9v\u00e9 el\u0151nyeit, jellemz\u0151it \u00e9s egyedi kialak\u00edt\u00e1s\u00e1t \u00edrja le, de n\u00e9zz\u00fck meg elfogulatlanul ezt a t\u00e9v\u00e9 modellt. Elmondom, hogy milyen tulajdons\u00e1gai vannak, \u00e9s milyen t\u00e9v\u00e9r\u0151l van sz\u00f3.<\/p>\n\n\n\n<h2 class=\"wp-block-heading\"><a><\/a><strong>A Samsung QE1C TV jellemz\u0151i<\/strong><\/h2>\n\n\n\n<p>Ez a TV-modell egy nagyon olcs\u00f3 TV-modell, minim\u00e1lis specifik\u00e1ci\u00f3kkal, de nagy k\u00e9perny\u0151vel. A Samsung QE1C a 2021-es QN70Q60A \u00e9s QN85Q60A modellek tov\u00e1bbfejleszt\u00e9se.<\/p>\n\n\n\n<p>Kezdj\u00fck azzal, hogy ezt a t\u00e9v\u00e9 modellt a modellsz\u00e1m alapj\u00e1n k\u00fcl\u00f6nb\u00f6ztetj\u00fck meg. A Samsung kor\u00e1bban nem adta ki a QE term\u00e9kcsal\u00e1dot, b\u00e1r a Samsung azt \u00e1ll\u00edtja, hogy ez egy QLED TV. A Samsung TV modellsz\u00e1mokr\u00f3l t\u00f6bbet megtudhat a &#8222;<a href=\"https:\/\/en.tab-tv.com\/marking-decoding-tvs-lg-samsung-sony-etc\/labeling-and-marking-samsung-tv\/\">Samsung TV modellsz\u00e1m\u00e1nak megfejt\u00e9se<\/a>.&#8221;<br>&nbsp;Mint m\u00e1r eml\u00edtettem, az UE1 egy 2023-as modell, amely a Q60A modellb\u0151l kapja a testet \u00e9s az alaplapotis meg kell jegyezni, hogy ezt a t\u00e9v\u00e9t csak az Egyes\u00fclt \u00c1llamokban, Kanad\u00e1ban \u00e9s Mexik\u00f3ban k\u00edn\u00e1lj\u00e1k majd 70 h\u00fcvelykes k\u00e9perny\u0151vel, a<strong>QN70QE1C <\/strong>modellel, \u00e9s 85 h\u00fcvelykes k\u00e9perny\u0151vel, a <strong>QN85QE1C <\/strong>modellel.<\/p>\n\n\n\n<p>A t\u00e9v\u00e9ben minden olcs\u00f3bb a specifik\u00e1ci\u00f3kat tekintve, olcs\u00f3 k\u00e9perny\u0151, elavult alaplap. Ennek a modellnek a feladata, hogy b\u0151v\u00edtse a Samsung olcs\u00f3 t\u00e9v\u00e9k sor\u00e1t, \u00e9s konkurenci\u00e1t teremtsen a k\u00ednai t\u00e9v\u00e9knek.<\/p>\n\n\n\n<h2 class=\"wp-block-heading\"><a><\/a><strong>Samsung TV kijelz\u0151 70QE1C, 85QE1C, 85QE1C<\/strong><\/h2>\n\n\n\n<p>A k\u00e9perny\u0151 a telev\u00edzi\u00f3 legfontosabb r\u00e9sze, amely meghat\u00e1rozza a k\u00e9pmin\u0151s\u00e9get \u00e9s az \u00e1rat is. Ez a Samsung modell kedvez\u0151bb \u00e1r\u00fa k\u00e9perny\u0151t haszn\u00e1l. \u00cdme a f\u0151bb jellemz\u0151k:<\/p>\n\n\n\n<ul class=\"wp-block-list\">\n<li>A maxim\u00e1lis k\u00e9pkockasebess\u00e9g 60 Hz.<\/li>\n\n\n\n<li>H\u00e1tt\u00e9rvil\u00e1g\u00edt\u00e1s t\u00edpusa EDGE<\/li>\n\n\n\n<li>Sz\u00ednm\u00e9lys\u00e9g 8 bit<\/li>\n\n\n\n<li>A megjelen\u00edtett \u00e1rnyalatok sz\u00e1ma 16,7 milli\u00f3.<\/li>\n\n\n\n<li>FRC mesters\u00e9ges sz\u00edn\u00e1rnyalat-n\u00f6vel\u0151 technol\u00f3gia.<\/li>\n<\/ul>\n\n\n\n<p>Annak ellen\u00e9re, hogy a k\u00e9perny\u0151 kvantumpontokra \u00e9p\u00fcl, csak 60 Hz-es maxim\u00e1lis frekvenci\u00e1t \u00e9s EDGE h\u00e1tt\u00e9rvil\u00e1g\u00edt\u00e1st t\u00e1mogat. Ez azt jelenti, hogy a h\u00e1tt\u00e9rvil\u00e1g\u00edt\u00e1s a k\u00e9perny\u0151 alj\u00e1n van elhelyezve, ebben az esetben a t\u00e9v\u00e9 nem rendelkezik helyi s\u00f6t\u00e9t\u00edt\u00e9ssel, b\u00e1r a Samsung azt \u00e1ll\u00edtja, hogy Ultimate UHD Dimming, de a val\u00f3s\u00e1gban ez nem \u00edgy van.<\/p>\n\n\n\n<figure class=\"wp-block-image size-full\"><img loading=\"lazy\" decoding=\"async\" width=\"800\" height=\"485\" src=\"https:\/\/global.tab-tv.com\/hu\/wp-content\/uploads\/sites\/3\/2023\/10\/Samsung-TV-QE1C.webp\" alt=\"\" class=\"wp-image-8704\" srcset=\"https:\/\/global.tab-tv.com\/hu\/wp-content\/uploads\/sites\/3\/2023\/10\/Samsung-TV-QE1C.webp 800w, https:\/\/global.tab-tv.com\/hu\/wp-content\/uploads\/sites\/3\/2023\/10\/Samsung-TV-QE1C-300x182.webp 300w, https:\/\/global.tab-tv.com\/hu\/wp-content\/uploads\/sites\/3\/2023\/10\/Samsung-TV-QE1C-768x466.webp 768w\" sizes=\"auto, (max-width: 800px) 100vw, 800px\" \/><\/figure>\n\n\n\n<p>A k\u00e9perny\u0151 8 bites sz\u00ednm\u00e9lys\u00e9get haszn\u00e1l, \u00e9s az FRC (Frame Rate Control) technol\u00f3gi\u00e1t alkalmazza, hogy a h\u00e1tt\u00e9rvil\u00e1g\u00edt\u00e1s f\u00e9nyerej\u00e9nek gyors v\u00e1ltoztat\u00e1s\u00e1val tov\u00e1bbi \u00e1rnyalatokat szimul\u00e1ljon. Ez a k\u00e9perny\u0151 azonban nem HDR-kompatibilis. A HDR-specifik\u00e1ci\u00f3 szerint csak a 10 bites sz\u00ednm\u00e9lys\u00e9g\u0171 t\u00e9v\u00e9k\u00e9sz\u00fcl\u00e9keket lehet HDR-k\u00e9nt megjel\u00f6lni. B\u00e1r a Samsung \u00fagy hirdeti a modellt, hogy t\u00e1mogatja a HDR-t, mondv\u00e1n: &#8222;L\u00e1ss mindent a legjobb f\u00e9nyben, \u00e9s n\u00e9zd, ahogy a r\u00e9szletek felragyognak a vezet\u0151 szabv\u00e1nyokat meghalad\u00f3 Quantum HDR seg\u00edts\u00e9g\u00e9vel&#8221;, fontos megjegyezni, hogy a t\u00e9v\u00e9 nem felel meg a HDR-megfelel\u00e9si krit\u00e9riumoknak. \u00cdgy amikor azt mondj\u00e1k, hogy &#8222;t\u00falmutat a szabv\u00e1nyokon&#8221;, akkor val\u00f3ban \u00edgy van &#8211; nem tartva be azokat. A t\u00e9v\u00e9 k\u00e9pes fogadni \u00e9s feldolgozni a HDR-tartalmakat, de nem tudja azokat teljes m\u00e9rt\u00e9kben megjelen\u00edteni.<\/p>\n\n\n\n<h2 class=\"wp-block-heading\"><a><\/a><strong>Processzor a Samsung TV 70QE1C, 85QE1C k\u00e9sz\u00fcl\u00e9kekben<\/strong><\/h2>\n\n\n\n<p>Quantum Processor Lite: Quantum a Samsung kereskedelmi neve a processzorok sz\u00e1m\u00e1ra. Ez egy egyszer\u0171 processzor. A Lite a n\u00e9vben el\u00e1rulja, hogy a processzor kev\u00e9sb\u00e9 er\u0151s, mint a legt\u00f6bb Samsung t\u00e9v\u00e9. Lehet, hogy kevesebb mem\u00f3ri\u00e1val vagy alacsonyabb frekvenci\u00e1j\u00fa magokkal rendelkezik. Ennek a t\u00e9v\u00e9nek kicsit tov\u00e1bb tarthat a men\u00fck megnyit\u00e1sa \u00e9s az alkalmaz\u00e1sok elind\u00edt\u00e1sa, \u00e9s el\u0151fordulhat, hogy dinamikus, nagy felbont\u00e1s\u00fa jelenetekn\u00e9l lefagy a k\u00e9p. A modern processzorok \u00e1ltal\u00e1ban k\u00f6nnyen megbirk\u00f3znak a k\u00e9perny\u0151fagy\u00e1sokkal.<\/p>\n\n\n\n<h2 class=\"wp-block-heading\"><a><\/a><strong>A Samsung TV QE70QE1C, QE85QE1C csatlakoz\u00f3i<\/strong><\/h2>\n\n\n\n<p>Term\u00e9szetesen a HDMI portok \u00e9rdekelnek a legjobban; a 2.0 szabv\u00e1ny\u00fa t\u00e9v\u00e9k\u00e9sz\u00fcl\u00e9kben 3 darab van bel\u0151l\u00fck. Ezek elavult portok; az ilyen portoknak t\u00e1mogatniuk kellene a HDCP 2.2-t, de a Samsung oldal\u00e1n nincs HDCP specifik\u00e1ci\u00f3, b\u00e1r a t\u00e9v\u00e9 esetleg HDCP 2.3-mal rendelkezik.<\/p>\n\n\n\n<figure class=\"wp-block-image size-full\"><img loading=\"lazy\" decoding=\"async\" width=\"578\" height=\"514\" src=\"https:\/\/global.tab-tv.com\/hu\/wp-content\/uploads\/sites\/3\/2023\/10\/Samsung-TV-QE1-port.webp\" alt=\"\" class=\"wp-image-8703\" srcset=\"https:\/\/global.tab-tv.com\/hu\/wp-content\/uploads\/sites\/3\/2023\/10\/Samsung-TV-QE1-port.webp 578w, https:\/\/global.tab-tv.com\/hu\/wp-content\/uploads\/sites\/3\/2023\/10\/Samsung-TV-QE1-port-300x267.webp 300w\" sizes=\"auto, (max-width: 578px) 100vw, 578px\" \/><\/figure>\n\n\n\n<ul class=\"wp-block-list\">\n<li>Az ALLM (automatikus j\u00e1t\u00e9kkonzol-kapcsolatfelismer\u00e9s) funkci\u00f3 programozottan t\u00e1mogatott. Az egyik port t\u00e1mogatja az ARC-t (ford\u00edtott hangcsatorna).<\/li>\n\n\n\n<li>USB &#8211; k\u00e9t szabv\u00e1nyos 2.0 port.<\/li>\n\n\n\n<li>Optikai audi\u00f3 kimenet<\/li>\n\n\n\n<li>LAN<\/li>\n\n\n\n<li>WiFi<\/li>\n\n\n\n<li>Bluetooth 5.2 verzi\u00f3<\/li>\n<\/ul>\n\n\n\n<h2 class=\"wp-block-heading\"><a><\/a><strong>Samsung 70QE1C, 85QE1C Oper\u00e1ci\u00f3s rendszer<\/strong><\/h2>\n\n\n\n<p><strong>A Tizen 7.0 <\/strong>OS a 2023-as verzi\u00f3; term\u00e9szetesen, mivel ez az OS \u00faj verzi\u00f3ja, olyan fejlett oper\u00e1ci\u00f3s rendszerfunkci\u00f3kat kap, mint p\u00e9ld\u00e1ul:<\/p>\n\n\n\n<ul class=\"wp-block-list\">\n<li>Game Bar 3.0<\/li>\n\n\n\n<li>Gaming Hub<\/li>\n\n\n\n<li>Hue Sync (Philips vil\u00e1g\u00edt\u00e1svez\u00e9rl\u00e9s)<\/li>\n\n\n\n<li>Multi-View<\/li>\n\n\n\n<li>Alexa<\/li>\n<\/ul>\n\n\n\n<p>Az oper\u00e1ci\u00f3s rendszer egy\u00e9b jellemz\u0151ihez hasonl\u00f3an a r\u00e9szletek a felhaszn\u00e1l\u00f3i k\u00e9zik\u00f6nyvben tal\u00e1lhat\u00f3k.<\/p>\n\n\n\n<h2 class=\"wp-block-heading\"><a><\/a><strong>\u00d6sszefoglal\u00f3 A Samsung QN70QE1\u0421, QN85QE1S, hogy megv\u00e1s\u00e1rolja ezt a TV-t<\/strong><\/h2>\n\n\n\n<p>Ez a t\u00e9v\u00e9 l\u00e9nyeg\u00e9ben egy nagy k\u00f6lts\u00e9gvet\u00e9s-bar\u00e1t lehet\u0151s\u00e9g; enn\u00e9l kedvez\u0151bb \u00e1r\u00fa t\u00e9v\u00e9t neh\u00e9z tal\u00e1lni ebben a m\u00e9retben. B\u00e1r nagy k\u00e9perny\u0151vel b\u00fcszk\u00e9lkedhet, a gy\u00e1rt\u00f3j\u00e1t \u00e9rint\u0151 egy\u00e9rtelm\u0171s\u00e9g elengedhetetlen. A kijelz\u0151 nem a Samsungt\u00f3l sz\u00e1rmazik, mivel \u0151k els\u0151sorban OLED k\u00e9perny\u0151ket gy\u00e1rtanak. Az el\u00e9rhet\u0151 k\u00e9perny\u0151m\u00e9retek 70 \u00e9s 85 h\u00fcvelykesek, jellemz\u0151en n\u00e9h\u00e1ny k\u00ednai c\u00e9g gy\u00e1rtja \u0151ket. T\u00f6rt\u00e9nelmileg a Samsung ilyen modelljein\u00e9l gyakoriak voltak a meghib\u00e1sod\u00e1sok, k\u00fcl\u00f6n\u00f6sen az als\u00f3 h\u00e1tt\u00e9rvil\u00e1g\u00edt\u00e1s meghib\u00e1sod\u00e1s\u00e1val. Ez a k\u00e9perny\u0151 als\u00f3 r\u00e9sz\u00e9nek t\u00falmeleged\u00e9s\u00e9t okozta, ami l\u00e1that\u00f3 h\u00e1tt\u00e9rvil\u00e1g\u00edt\u00e1si probl\u00e9m\u00e1khoz vezetett. Tekintettel erre a t\u00f6rt\u00e9netre, azt javasoln\u00e1m, hogy fektessen be egy kiterjesztett v\u00e9delmi tervbe. A Samsung n\u00e9gy\u00e9ves csomagot k\u00edn\u00e1l 500 doll\u00e1r\u00e9rt. Azonban m\u00e9rlegelje a lehet\u0151s\u00e9geket: egy Neo QLED sorozat\u00fa TV megfontol\u00e1sa jobb v\u00e1laszt\u00e1s lehet ezen az \u00e1ron.<\/p>\n","protected":false},"excerpt":{"rendered":"<p>2023-ban a Samsung c\u00e9g egy \u00faj QE1C TV-modellt k\u00edn\u00e1lt az \u00fcgyfeleknek. Nem k\u00f6nny\u0171 megismerni ezt a t\u00e9v\u00e9t a Samsung hivatalos weboldal\u00e1r\u00f3l, hiszen az mindig a t\u00e9v\u00e9 el\u0151nyeit, jellemz\u0151it \u00e9s egyedi kialak\u00edt\u00e1s\u00e1t \u00edrja le, de n\u00e9zz\u00fck meg elfogulatlanul ezt a t\u00e9v\u00e9 modellt. Elmondom, hogy milyen tulajdons\u00e1gai vannak, \u00e9s milyen t\u00e9v\u00e9r\u0151l van sz\u00f3. A Samsung QE1C TV [&hellip;]<\/p>\n","protected":false},"author":1,"featured_media":8705,"comment_status":"open","ping_status":"open","sticky":false,"template":"","format":"standard","meta":{"_monsterinsights_skip_tracking":false,"_monsterinsights_sitenote_active":false,"_monsterinsights_sitenote_note":"","_monsterinsights_sitenote_category":0,"footnotes":""},"categories":[26],"tags":[79],"class_list":{"0":"post-8702","1":"post","2":"type-post","3":"status-publish","4":"format-standard","5":"has-post-thumbnail","7":"category-tv","8":"tag-samsung-tv"},"_links":{"self":[{"href":"https:\/\/global.tab-tv.com\/hu\/wp-json\/wp\/v2\/posts\/8702","targetHints":{"allow":["GET"]}}],"collection":[{"href":"https:\/\/global.tab-tv.com\/hu\/wp-json\/wp\/v2\/posts"}],"about":[{"href":"https:\/\/global.tab-tv.com\/hu\/wp-json\/wp\/v2\/types\/post"}],"author":[{"embeddable":true,"href":"https:\/\/global.tab-tv.com\/hu\/wp-json\/wp\/v2\/users\/1"}],"replies":[{"embeddable":true,"href":"https:\/\/global.tab-tv.com\/hu\/wp-json\/wp\/v2\/comments?post=8702"}],"version-history":[{"count":1,"href":"https:\/\/global.tab-tv.com\/hu\/wp-json\/wp\/v2\/posts\/8702\/revisions"}],"predecessor-version":[{"id":8706,"href":"https:\/\/global.tab-tv.com\/hu\/wp-json\/wp\/v2\/posts\/8702\/revisions\/8706"}],"wp:featuredmedia":[{"embeddable":true,"href":"https:\/\/global.tab-tv.com\/hu\/wp-json\/wp\/v2\/media\/8705"}],"wp:attachment":[{"href":"https:\/\/global.tab-tv.com\/hu\/wp-json\/wp\/v2\/media?parent=8702"}],"wp:term":[{"taxonomy":"category","embeddable":true,"href":"https:\/\/global.tab-tv.com\/hu\/wp-json\/wp\/v2\/categories?post=8702"},{"taxonomy":"post_tag","embeddable":true,"href":"https:\/\/global.tab-tv.com\/hu\/wp-json\/wp\/v2\/tags?post=8702"}],"curies":[{"name":"wp","href":"https:\/\/api.w.org\/{rel}","templated":true}]}}