{"id":12251,"date":"2026-01-31T18:55:00","date_gmt":"2026-01-31T15:55:00","guid":{"rendered":"https:\/\/global.tab-tv.com\/ro\/?p=12251"},"modified":"2026-02-01T12:24:24","modified_gmt":"2026-02-01T09:24:24","slug":"samsung-lifestyle-tv-pe-ani","status":"publish","type":"post","link":"https:\/\/global.tab-tv.com\/ro\/samsung-lifestyle-tv-pe-ani\/","title":{"rendered":"Samsung Lifestyle TV pe ani"},"content":{"rendered":"\n<p>\u00cen 2017, Samsung a adoptat o abordare diferit\u0103 \u00een dezvoltarea televizoarelor, urm\u0103rind s\u0103 dep\u0103\u0219easc\u0103 modelele conven\u021bionale \u0219i s\u0103 pun\u0103 accent pe design ca element definitoriu. Aceast\u0103 viziune a dus la crearea seriei Lifestyle TV \u2014 o gam\u0103 \u00een care fiecare televizor a fost conceput pentru un anumit scop \u0219i o estetic\u0103 specific\u0103.<\/p>\n\n\n\n<p><strong>The Frame<\/strong> a fost proiectat pentru a se integra \u00een spa\u021biile interioare, av\u00e2nd rame personalizabile \u0219i un mod Art Mode care \u00eel face s\u0103 arate ca un tablou \u00eenr\u0103mat atunci c\u00e2nd nu este folosit.<\/p>\n\n\n\n<p><strong>The Terrace<\/strong> a fost destinat vizion\u0103rii \u00een aer liber, fiind construit pentru a func\u021biona fiabil sub terase \u0219i \u00een medii par\u021bial deschise.<\/p>\n\n\n\n<p><strong>The Premiere<\/strong> a introdus proiec\u021bia cu laser \u00een gam\u0103, oferind conceptul de \u201etelevizor laser\u201d cu distan\u021b\u0103 ultra-scurt\u0103 pentru imagini mari, cinematografice, acas\u0103.<\/p>\n\n\n\n<p><strong>The Sero<\/strong> s-a remarcat prin ecranul s\u0103u rotativ, care trece f\u0103r\u0103 probleme \u00eentre orientarea orizontal\u0103 \u0219i vertical\u0103 pentru a se potrivi con\u021binutului mobil.<\/p>\n\n\n\n<p><strong>The Serif<\/strong> a pus accent at\u00e2t pe form\u0103, c\u00e2t \u0219i pe func\u021bionalitate, prezent\u00e2nd un design distinctiv cu picioare integrate, care \u00eel fac s\u0103 arate ca o pies\u0103 de mobilier independent\u0103.<\/p>\n\n\n\n<p><strong>The Moving Style<\/strong> a extins conceptul Lifestyle cu un televizor montat pe un suport mobil cu ro\u021bi, permi\u021b\u00e2nd mutarea u\u0219oar\u0103 dintr-o camer\u0103 \u00een alta \u0219i adaptarea la diferite scenarii de vizionare.<\/p>\n\n\n\n<h2 class=\"wp-block-heading has-text-align-center\"><strong>Samsung The Frame<\/strong><\/h2>\n\n\n\n<p>Seria <strong>The Frame<\/strong> a ap\u0103rut pentru prima dat\u0103 \u00een 2017 \u0219i s-a remarcat imediat prin ideea sa original\u0103: un televizor care poate ar\u0103ta ca o oper\u0103 de art\u0103. Caracteristica sa distinctiv\u0103 este posibilitatea de a instala rame interschimbabile care seam\u0103n\u0103 cu ramele tradi\u021bionale ale tablourilor. Aceste rame, disponibile \u00eentr-o varietate de culori \u0219i stiluri, le permit utilizatorilor s\u0103 actualizeze aspectul televizorului \u00een timp \u0219i s\u0103 \u00eel potriveasc\u0103 cu designul interior aflat \u00een schimbare.<\/p>\n\n\n<div class=\"wp-block-image\">\n<figure class=\"aligncenter size-full\"><img loading=\"lazy\" decoding=\"async\" width=\"531\" height=\"396\" src=\"https:\/\/global.tab-tv.com\/ro\/wp-content\/uploads\/sites\/2\/2024\/12\/Samsung-TV-Frame-3.webp\" alt=\"\" class=\"wp-image-12256\" srcset=\"https:\/\/global.tab-tv.com\/ro\/wp-content\/uploads\/sites\/2\/2024\/12\/Samsung-TV-Frame-3.webp 531w, https:\/\/global.tab-tv.com\/ro\/wp-content\/uploads\/sites\/2\/2024\/12\/Samsung-TV-Frame-3-300x224.webp 300w, https:\/\/global.tab-tv.com\/ro\/wp-content\/uploads\/sites\/2\/2024\/12\/Samsung-TV-Frame-3-80x60.webp 80w\" sizes=\"auto, (max-width: 531px) 100vw, 531px\" \/><\/figure>\n<\/div>\n\n\n<p><strong>The Frame<\/strong>, conceput \u00een principal pentru montare pe perete, dispune \u0219i de modul Art Mode. Atunci c\u00e2nd televizorul nu este folosit pentru vizionare, ecranul poate afi\u0219a opere de art\u0103 celebre sau fotografii personale. Acest lucru necesit\u0103 un abonament special care cost\u0103 aproximativ 50 de dolari pe an. Totu\u0219i, este important de men\u021bionat c\u0103 modul Art Mode nu opre\u0219te complet televizorul \u2014 afi\u0219ajul r\u0103m\u00e2ne activ, ceea ce \u00eenseamn\u0103 c\u0103 acesta continu\u0103 s\u0103 consume energie electric\u0103 chiar \u0219i atunci c\u00e2nd afi\u0219eaz\u0103 opere de art\u0103.<\/p>\n\n\n\n<p>Acest concept s-a dovedit a fi foarte popular, iar Samsung continu\u0103 s\u0103 \u00eembun\u0103t\u0103\u021beasc\u0103 seria <strong>The Frame<\/strong>, lans\u00e2nd \u00een fiecare an noi modele de televizoare. De-a lungul timpului, seria a evoluat de la panouri LED standard la tehnologia QLED, ceea ce a dus la \u00eembun\u0103t\u0103\u021birea luminozit\u0103\u021bii, a reproducerii culorilor \u0219i a calit\u0103\u021bii generale a imaginii. Mai jos se afl\u0103 o prezentare general\u0103 a modelelor lansate de-a lungul anilor.<\/p>\n\n\n\n<h3 class=\"wp-block-heading has-text-align-center\"><strong>Samsung The Frame pe ani<\/strong><\/h3>\n\n\n\n<p>Televizoarele <strong>The Frame<\/strong> folosesc codul de model LS03. De exemplu, versiunea LS03F corespunde anului de model 2025. \u00cen practic\u0103, num\u0103rul complet al modelului este mult mai lung dec\u00e2t denumirea prescurtat\u0103 a seriei. Un cod precum QN65LS03FAFXZA include detalii suplimentare dincolo de familia de produse, cum ar fi regiunea de v\u00e2nzare, dimensiunea ecranului \u0219i anul lans\u0103rii.<\/p>\n\n\n\n<p>Pentru o explica\u021bie mai detaliat\u0103 despre modul \u00een care sunt structurate numerele de model ale televizoarelor Samsung \u0219i ce reprezint\u0103 fiecare parte, consulta\u021bi articolul \u201e<a href=\"https:\/\/global.tab-tv.com\/ro\/samsung-tv-modele-numarul-de-modele-2002-2022-cautare-decodare-explicat-led-qled-oled-lifestyle\/\">Decodificarea numerelor de model ale televizoarelor Samsung<\/a>\u201d.<\/p>\n\n\n\n<figure style=\"font-size:14px\" class=\"wp-block-table\"><table><thead><tr><th>An<\/th><th>Dimensiuni ecran (inci)<\/th><th>Numere modele<\/th><th>Caracteristici cheie<\/th><th>Tehnologie ecran<\/th><\/tr><\/thead><tbody><tr><td>2017<\/td><td>43\u2033, 55\u2033, 65\u2033<\/td><td>LS003<\/td><td>Art Mode, One Connect Box.<\/td><td>LED<\/td><\/tr><tr><td>2018<\/td><td>43\u2033, 49\u2033, 55\u2033, 65\u2033<\/td><td>LS03N<\/td><td>Dimensiuni mai mari, Art Mode \u00eembun\u0103t\u0103\u021bit, One Connect Box actualizat.<\/td><td>LED<\/td><\/tr><tr><td>2019<\/td><td>43\u2033, 55\u2033, 65\u2033<\/td><td>LS03R<\/td><td>Dimensiuni noi de 32\u2033 \u0219i 75\u2033, trecere la QLED pentru o calitate mai bun\u0103 a imaginii.<\/td><td>QLED<\/td><\/tr><tr><td>2020<\/td><td>32\u2033, 43\u2033, 50\u2033, 55\u2033, 65\u2033, 75\u2033<\/td><td>LS03T<\/td><td>Bibliotec\u0103 extins\u0103 Art Store, eficien\u021b\u0103 energetic\u0103 mai bun\u0103 \u00een Art Mode.<\/td><td>QLED<\/td><\/tr><tr><td>2021<\/td><td>32\u2033, 43\u2033, 50\u2033, 55\u2033, 65\u2033, 75\u2033, 85\u2033<\/td><td>LS03A<\/td><td>Design mai sub\u021bire, culori noi pentru rame, contrast \u00eembun\u0103t\u0103\u021bit.<\/td><td>QLED<\/td><\/tr><tr><td>2022<\/td><td>32\u2033, 43\u2033, 50\u2033, 55\u2033, 65\u2033, 75\u2033, 85\u2033<\/td><td>LS03B<\/td><td>Ecran mat pentru a reduce reflexiile, op\u021biune mai mare de 85\u2033.<\/td><td>QLED<\/td><\/tr><tr><td>2023<\/td><td>32\u2033, 43\u2033, 50\u2033, 55\u2033, 65\u2033, 75\u2033, 85\u2033<\/td><td>LS03C<\/td><td>Finish mat \u00eembun\u0103t\u0103\u021bit, interfa\u021b\u0103 Art Mode actualizat\u0103, mai multe lucr\u0103ri de art\u0103 disponibile \u00een Art Store.<\/td><td>QLED<\/td><\/tr><tr><td>2024<\/td><td>32\u2033, 43\u2033, 50\u2033, 55\u2033, 65\u2033, 75\u2033, 85\u2033<\/td><td>LS03D<\/td><td>\u00cembun\u0103t\u0103\u021biri la upscaling-ul AI, eficien\u021b\u0103 energetic\u0103 mai bun\u0103 \u0219i noi \u00eembun\u0103t\u0103\u021biri \u00een Art Mode.<\/td><td>QLED<\/td><\/tr><tr><td>2025<\/td><td>32&#8243;, 43&#8243;, 50&#8243;, 55&#8243;, 65&#8243;, 75&#8243;, 85&#8243;<\/td><td>LS03F<\/td><td>Ecran mat antireflex,<br>The Frame \u2013 QLED, One Connect Box.<br>The Frame Pro \u2013 Neo QLED 4K, Wireless One Connect Box<\/td><td>QLED<\/td><\/tr><\/tbody><\/table><\/figure>\n\n\n\n<h2 class=\"wp-block-heading has-text-align-center\"><strong>Seria de televizoare The Serif de la Samsung<\/strong><\/h2>\n\n\n\n<p>Seria de televizoare <strong>The Serif<\/strong> a fost lansat\u0103 oficial \u00een 2017, de\u0219i unele surse men\u021bioneaz\u0103 gre\u0219it anul 2016. Conceptul a fost prezentat la sf\u00e2r\u0219itul anului 2016, iar televizoarele au intrat \u00een v\u00e2nzare \u00een anul urm\u0103tor. Designul a fost inspirat de televizoarele retro din anii 1980. Televizorul avea un cadru mare pe picioare \u0219i o suprafa\u021b\u0103 superioar\u0103 lat\u0103 \u0219i plat\u0103, care putea fi folosit\u0103 ca mic raft, de exemplu pentru un ghiveci cu flori.<\/p>\n\n\n<div class=\"wp-block-image\">\n<figure class=\"aligncenter size-full\"><img loading=\"lazy\" decoding=\"async\" width=\"657\" height=\"433\" src=\"https:\/\/global.tab-tv.com\/ro\/wp-content\/uploads\/sites\/2\/2024\/12\/Serif-TV.webp\" alt=\"\" class=\"wp-image-12257\" srcset=\"https:\/\/global.tab-tv.com\/ro\/wp-content\/uploads\/sites\/2\/2024\/12\/Serif-TV.webp 657w, https:\/\/global.tab-tv.com\/ro\/wp-content\/uploads\/sites\/2\/2024\/12\/Serif-TV-300x198.webp 300w\" sizes=\"auto, (max-width: 657px) 100vw, 657px\" \/><\/figure>\n<\/div>\n\n\n<p>Primul model de 40 de inch nu a avut succes. Aspectul s\u0103u voluminos nu se potrivea cu tendin\u021ba \u00een cre\u0219tere a televizoarelor sub\u021biri de perete, a\u0219a c\u0103 Samsung a suspendat actualiz\u0103rile seriei \u00een 2018. \u00cen 2019, Samsung a readus <strong>The Serif<\/strong> cu noi dimensiuni ale ecranului: 43, 48, 55 \u0219i 65 inch. Istoric, seria este actualizat\u0103 de obicei la fiecare doi ani.<\/p>\n\n\n\n<p>\u00cen general, modelele <strong>The Serif<\/strong> r\u0103m\u00e2n relativ moderate ca dimensiune, deoarece televizoarele foarte mari ar diminua ideea principal\u0103 de design, inclusiv posibilitatea de a a\u0219eza obiecte pe partea de sus.<\/p>\n\n\n\n<h3 class=\"wp-block-heading has-text-align-center\"><strong>Televizoarele Samsung The Serif pe ani<\/strong><\/h3>\n\n\n\n<figure style=\"font-size:13px\" class=\"wp-block-table\"><table><thead><tr><th>An<\/th><th>Dimensiuni ecran (inci)<\/th><th>Numere de model<\/th><th>Caracteristici principale<\/th><th>Tehnologia display-ului<\/th><\/tr><\/thead><tbody><tr><td>2017<\/td><td>24\u2033, 32\u2033, 40\u2033<\/td><td>LS001<\/td><td>Lansare ini\u021bial\u0103 cu un design \u00eendr\u0103zne\u021b de 360\u00b0 \u0219i picioare deta\u0219abile.<\/td><td>LED<\/td><\/tr><tr><td>2019<\/td><td>43\u2033, 49\u2033, 55\u2033<\/td><td>LS01R<\/td><td>Redesign cu display QLED, rezolu\u021bie \u00eembun\u0103t\u0103\u021bit\u0103 \u0219i NFC pentru streaming muzical.<\/td><td>QLED<\/td><\/tr><tr><td>2020<\/td><td>43\u2033, 48\u2033, 50\u2033, 55\u2033, 65\u2033<\/td><td>LS01T<\/td><td>Luminozitate \u00eembun\u0103t\u0103\u021bit\u0103, compatibilitate SmartThings \u0219i modul Ambient Mode+.<\/td><td>QLED<\/td><\/tr><tr><td>2022<\/td><td>43\u2033, 48\u2033, 50\u2033, 55\u2033, 65\u2033<\/td><td>LS01B<\/td><td>Eficien\u021b\u0103 energetic\u0103 mai bun\u0103 \u0219i contrast \u00eembun\u0103t\u0103\u021bit datorit\u0103 tehnologiei QLED.<\/td><td>QLED<\/td><\/tr><tr><td>2024<\/td><td>43\u2033, 48\u2033, 50\u2033, 55\u2033, 65\u2033<\/td><td>LS01D<\/td><td>Func\u021bii AI \u00eembun\u0103t\u0103\u021bite, optimizare mai bun\u0103 a energiei \u0219i ambalaj nou ecologic.<\/td><td>QLED<\/td><\/tr><\/tbody><\/table><\/figure>\n\n\n\n<h2 class=\"wp-block-heading has-text-align-center\"><strong>Seria de televizoare Samsung The Terrace<\/strong><\/h2>\n\n\n\n<p>Seria The Terrace din gama Lifestyle a Samsung a fost lansat\u0103 ca televizoare pentru exterior, special concepute pentru instalare sub copertine sau \u00een spa\u021bii exterioare protejate. Anterior, mici companii modificau televizoare standard de interior prin aplicarea de straturi de lac pe pl\u0103cile electronice, sigilarea carcasei \u0219i instalarea de sisteme de r\u0103cire pentru a le face mai rezistente la umezeal\u0103 \u0219i supra\u00eenc\u0103lzire.<\/p>\n\n\n\n<p>Primele modele, inclusiv QN55LST7T, QN65LST7T \u0219i QN75LST7T, au fost lansate \u00een 2020. Cu toate acestea, aceste modele s-au confruntat cu o serie de probleme. Unii utilizatori, care nu \u00een\u021belegeau limit\u0103rile televizoarelor, le plasau sub copertine, unde erau \u00een continuare expuse la ploaie purtat\u0103 de v\u00e2nt. \u00cen plus, ecranele, fiind modele standard de interior, nu rezistau la varia\u021biile de temperatur\u0103, ceea ce ducea la defec\u021biuni, supra\u00eenc\u0103lzirea ecranelor \u0219i apari\u021bia petelor \u00eentunecate.<\/p>\n\n\n\n<p>Pentru a rezolva aceste probleme, Samsung a \u00eent\u00e2rziat lansarea unor modele, astfel \u00eenc\u00e2t modelele LST9T au fost introduse abia \u00een 2021. Dup\u0103 lansarea LST9T, modelul LST7T a fost listat pe site-ul Samsung ca model din 2021, de\u0219i \u00een realitate era disponibil pentru v\u00e2nzare \u00eenc\u0103 din 2020.<\/p>\n\n\n\n<p>\u00cen ciuda acestor obstacole, Samsung a continuat s\u0103 ofere seria Terrace, lans\u00e2nd un model de 85 inci \u00een 2023 \u0219i televizoarele de a doua genera\u021bie Terrace LST9D \u0219i LST7D \u00een 2024.<\/p>\n\n\n\n<h3 class=\"wp-block-heading has-text-align-center\"><strong>Televizoare Samsung The Terrace pe ani<\/strong><\/h3>\n\n\n\n<figure style=\"font-size:13px\" class=\"wp-block-table\"><table><thead><tr><th>An<\/th><th>Dimensiuni ecran (inchi)<\/th><th>Numere de model<\/th><th>Caracteristici principale<\/th><th>Tehnologie display<\/th><\/tr><\/thead><tbody><tr><td>2021<\/td><td>55\u2033, 65\u2033, 75\u2033<\/td><td>LST7TA<\/td><td>Anti-reflexie, certificat IP55, luminozitate 2000 nits<\/td><td>QLED 4K<\/td><\/tr><tr><td>2022<\/td><td>65\u2033, 75\u2033<\/td><td>LST9TB<\/td><td>Luminozitate mai mare pentru soare puternic, certificat IP56<\/td><td>QLED 4K<\/td><\/tr><tr><td>2023<\/td><td>55\u2033, 65\u2033, 75\u2033, 85\u2033<\/td><td>LST7C<\/td><td>Soare par\u021bial (QN85LST7C), soare complet (QN85LST9C)<\/td><td>QLED 4K<\/td><\/tr><tr><td>2024<\/td><td>55\u2033, 65\u2033, 75\u2033<\/td><td>LST7D<\/td><td>Soare par\u021bial<\/td><td>QLED 4K<\/td><\/tr><tr><td>2024<\/td><td>65\u2033, 75\u2033<\/td><td>LST9D<\/td><td>Soare complet<\/td><td>QLED 4K<\/td><\/tr><\/tbody><\/table><\/figure>\n\n\n\n<h2 class=\"wp-block-heading has-text-align-center\"><strong>Seria de televizoare Samsung The Sero<\/strong><\/h2>\n\n\n\n<p>Seria The Sero a fost lansat\u0103 \u00een 2020, model QN43LS05T. Aceasta se remarca printr-un design unic de 43 de inci cu ecran rotativ, care putea schimba orientarea \u00een func\u021bie de pozi\u021bia smartphone-ului conectat. Atunci c\u00e2nd era sincronizat cu telefonul, televizorul trecea automat \u00eentre modul portret \u0219i modul peisaj pentru a se potrivi dispozitivului.<\/p>\n\n\n\n<p>\u00cen 2022, Samsung a lansat a doua genera\u021bie \u2014 QN43LS05B.<\/p>\n\n\n\n<p>De\u0219i conceptul de ecran rotativ era neobi\u0219nuit, acesta nu a c\u00e2\u0219tigat popularitate pe scar\u0103 larg\u0103. Con\u021binutul \u00een format portret r\u0103m\u00e2ne limitat, deoarece majoritatea filmelor \u0219i emisiunilor TV sunt produse \u00een format peisaj. \u00cen plus, acest design nu este potrivit pentru ecrane mai mari. Din 2022 nu au fost lansate actualiz\u0103ri ale seriei The Sero.<\/p>\n\n\n\n<h2 class=\"wp-block-heading has-text-align-center\"><strong>Seria de televizoare Samsung The Premiere<\/strong><\/h2>\n\n\n\n<p>Samsung a prezentat linia sa de proiectoare laser sub marca Laser TVs sau \u201eThe Premiere\u201d \u00een 2020. Aceast\u0103 lansare a coincis cu o perioad\u0103 \u00een care televizoarele laser deveneau tot mai comune pe pia\u021b\u0103, \u00een special din partea produc\u0103torilor chinezi. \u00cen 2024, Samsung a actualizat seria, \u00eembun\u0103t\u0103\u021bind proiectoarele \u0219i integr\u00e2nd sistemul de operare Tizen, transform\u00e2ndu-le \u00een televizoare laser versatile, capabile s\u0103 redea video direct prin aplica\u021bii.<\/p>\n\n\n\n<p>\u00cen ciuda dimensiunilor compacte, aceste dispozitive au limit\u0103ri care \u00eempiedic\u0103 adoptarea pe scar\u0103 larg\u0103:<\/p>\n\n\n\n<p><strong>Condi\u021bii de vizionare:<\/strong> Performan\u021b\u0103 optim\u0103 necesit\u0103 o camer\u0103 \u00eentunecat\u0103 \u0219i un ecran special preg\u0103tit sau un perete vopsit cu vopsea reflectorizant\u0103.<br><strong>Probleme legate de spectrul de culori:<\/strong> Proiectoarele laser redau culorile \u00eentr-un interval foarte restr\u00e2ns (lungimi de und\u0103 ro\u0219u, albastru \u0219i verde). Acest spectru limitat poate provoca oboseal\u0103 vizual\u0103 \u00een cazul expunerii prelungite din cauza frecven\u021belor precise, cauz\u00e2nd disconfort.<\/p>\n\n\n\n<h3 class=\"wp-block-heading has-text-align-center\"><strong>Televizoare Samsung The Premiere pe ani<\/strong><\/h3>\n\n\n\n<figure style=\"font-size:13px\" class=\"wp-block-table\"><table class=\"has-fixed-layout\"><thead><tr><th>An<\/th><th>Modele<\/th><th>Caracteristici principale<\/th><th>Tehnologie<\/th><\/tr><\/thead><tbody><tr><td>2020<\/td><td>LSP9T, LSP7T<\/td><td>Proiec\u021bie ultra short throw, certificare HDR10+, rezolu\u021bie 4K, modul Filmmaker, sunet surround Acoustic Beam<\/td><td>Triple Laser (LSP9T), Laser unic (LSP7T)<\/td><\/tr><tr><td>2024<\/td><td>LPU9D, LPU7D<\/td><td>130\u2033 (LPU9D) \u0219i 120\u2033 (LPU7D), proiec\u021bie ultra short throw, HDR10+, proiector inteligent 4K, luminozitate \u00eembun\u0103t\u0103\u021bit\u0103, difuzoare integrate<\/td><td>Triple Laser (LPU9D), Laser unic (LPU7D)<\/td><\/tr><\/tbody><\/table><\/figure>\n\n\n\n<h2 class=\"wp-block-heading has-text-align-center\"><strong>The Movingstyle<\/strong><\/h2>\n\n\n\n<p>Televizorul Samsung The Movingstyle de 27 inci LSM7F este un dispozitiv compact \u0219i portabil cu ecran de 27 inci, proiectat pentru utilizare flexibil\u0103 \u00een diferite camere f\u0103r\u0103 instalare permanent\u0103. Poate fi montat pe un suport mobil cu ro\u021bi, permi\u021b\u00e2nd mutarea u\u0219oar\u0103 a ecranului prin cas\u0103 \u0219i utilizarea lui acolo unde este mai convenabil, sau pur \u0219i simplu plasat pe o mas\u0103.<\/p>\n\n\n\n<p>Televizorul include o baterie \u00eencorporat\u0103 care ofer\u0103 p\u00e2n\u0103 la 3 ore de func\u021bionare la set\u0103ri minime sau aproximativ 1 or\u0103 la vizionarea con\u021binutului de \u00eenalt\u0103 calitate.<\/p>\n\n\n\n<p>Ecranul ofer\u0103 rezolu\u021bie QHD (2560 \u00d7 1440) \u0219i rat\u0103 de re\u00eemprosp\u0103tare de 120 Hz pentru mi\u0219c\u0103ri mai fluide. Ecranul tactil permite controlul direct al con\u021binutului, asem\u0103n\u0103tor unei tablete. The Movingstyle ruleaz\u0103 pe platforma Samsung Tizen Smart TV \u0219i suport\u0103 aplica\u021bii populare de streaming, precum \u0219i func\u021bii de conectivitate wireless.<\/p>\n\n\n\n<p>\u00cen esen\u021b\u0103, televizorul func\u021bioneaz\u0103 ca o tablet\u0103 de dimensiuni mari, iar Samsung a introdus acest format pentru a evalua reac\u021bia consumatorilor.<\/p>\n","protected":false},"excerpt":{"rendered":"<p>\u00cen 2017, Samsung a adoptat o abordare diferit\u0103 \u00een dezvoltarea televizoarelor, urm\u0103rind s\u0103 dep\u0103\u0219easc\u0103 modelele conven\u021bionale \u0219i s\u0103 pun\u0103 accent pe design ca element definitoriu. Aceast\u0103 viziune a dus la crearea seriei Lifestyle TV \u2014 o gam\u0103 \u00een care fiecare televizor a fost conceput pentru un anumit scop \u0219i o estetic\u0103 specific\u0103. The Frame a [&hellip;]<\/p>\n","protected":false},"author":1,"featured_media":12433,"comment_status":"open","ping_status":"open","sticky":false,"template":"","format":"standard","meta":{"_monsterinsights_skip_tracking":false,"_monsterinsights_sitenote_active":false,"_monsterinsights_sitenote_note":"","_monsterinsights_sitenote_category":0,"footnotes":""},"categories":[25],"tags":[94],"class_list":{"0":"post-12251","1":"post","2":"type-post","3":"status-publish","4":"format-standard","5":"has-post-thumbnail","7":"category-tv","8":"tag-samsung-tv"},"_links":{"self":[{"href":"https:\/\/global.tab-tv.com\/ro\/wp-json\/wp\/v2\/posts\/12251","targetHints":{"allow":["GET"]}}],"collection":[{"href":"https:\/\/global.tab-tv.com\/ro\/wp-json\/wp\/v2\/posts"}],"about":[{"href":"https:\/\/global.tab-tv.com\/ro\/wp-json\/wp\/v2\/types\/post"}],"author":[{"embeddable":true,"href":"https:\/\/global.tab-tv.com\/ro\/wp-json\/wp\/v2\/users\/1"}],"replies":[{"embeddable":true,"href":"https:\/\/global.tab-tv.com\/ro\/wp-json\/wp\/v2\/comments?post=12251"}],"version-history":[{"count":14,"href":"https:\/\/global.tab-tv.com\/ro\/wp-json\/wp\/v2\/posts\/12251\/revisions"}],"predecessor-version":[{"id":12877,"href":"https:\/\/global.tab-tv.com\/ro\/wp-json\/wp\/v2\/posts\/12251\/revisions\/12877"}],"wp:featuredmedia":[{"embeddable":true,"href":"https:\/\/global.tab-tv.com\/ro\/wp-json\/wp\/v2\/media\/12433"}],"wp:attachment":[{"href":"https:\/\/global.tab-tv.com\/ro\/wp-json\/wp\/v2\/media?parent=12251"}],"wp:term":[{"taxonomy":"category","embeddable":true,"href":"https:\/\/global.tab-tv.com\/ro\/wp-json\/wp\/v2\/categories?post=12251"},{"taxonomy":"post_tag","embeddable":true,"href":"https:\/\/global.tab-tv.com\/ro\/wp-json\/wp\/v2\/tags?post=12251"}],"curies":[{"name":"wp","href":"https:\/\/api.w.org\/{rel}","templated":true}]}}