{"id":11039,"date":"2024-04-11T00:11:09","date_gmt":"2024-04-10T21:11:09","guid":{"rendered":"https:\/\/global.tab-tv.com\/sk\/?p=11039"},"modified":"2024-04-11T00:11:11","modified_gmt":"2024-04-10T21:11:11","slug":"kto-vyraba-produkty-black-and-decker","status":"publish","type":"post","link":"https:\/\/global.tab-tv.com\/sk\/kto-vyraba-produkty-black-and-decker\/","title":{"rendered":"Kto vyr\u00e1ba produkty Black and Decker?"},"content":{"rendered":"\n<p>Black+Decker, kedysi zn\u00e1my ako Black and Decker, je v\u00fdznamn\u00e1 americk\u00e1 zna\u010dka \u0161pecializuj\u00faca sa na n\u00e1radie, pr\u00edslu\u0161enstvo a dom\u00e1ce spotrebi\u010de. Bola zalo\u017een\u00e1 v roku 1910 a zabezpe\u010dila si poz\u00edciu \u0161pi\u010dkov\u00e9ho v\u00fdrobcu n\u00e1strojov na americkom trhu. Teraz p\u00f4sob\u00ed pod z\u00e1\u0161titou Stanley Black &amp; Decker, v\u00e4\u010d\u0161ieho konglomer\u00e1tu, ktor\u00fd spravuje nespo\u010detn\u00e9 mno\u017estvo \u010fal\u0161\u00edch spolo\u010dnost\u00ed a zna\u010diek.<\/p>\n\n\n\n<p>Rozsah ponuky Black+Decker je rozsiahly, od z\u00e1kladn\u00fdch v\u0155ta\u010diek a\u017e po dom\u00e1ce chladni\u010dky. Napriek tejto r\u00f4znorodosti do\u0161lo za posledn\u00e9 dve desa\u0165ro\u010dia k v\u00fdrazn\u00e9mu posunu vo vn\u00edman\u00ed kvality produktov spotrebite\u013emi. V osemdesiatych rokoch minul\u00e9ho storo\u010dia boli n\u00e1stroje Black and Decker tou spr\u00e1vnou vo\u013ebou pre profesion\u00e1lnych stavite\u013eov, ktor\u00ed s\u00fa zn\u00e1mi svojou odolnos\u0165ou.<\/p>\n\n\n\n<figure class=\"wp-block-image size-full\"><img loading=\"lazy\" decoding=\"async\" width=\"550\" height=\"293\" src=\"https:\/\/global.tab-tv.com\/sk\/wp-content\/uploads\/sites\/5\/2024\/04\/black-and-decker-logo.webp\" alt=\"\" class=\"wp-image-11044\" srcset=\"https:\/\/global.tab-tv.com\/sk\/wp-content\/uploads\/sites\/5\/2024\/04\/black-and-decker-logo.webp 550w, https:\/\/global.tab-tv.com\/sk\/wp-content\/uploads\/sites\/5\/2024\/04\/black-and-decker-logo-300x160.webp 300w\" sizes=\"auto, (max-width: 550px) 100vw, 550px\" \/><\/figure>\n\n\n\n<p>V posledn\u00fdch rokoch v\u0161ak niektor\u00e9 z ich produktov zlyh\u00e1vaj\u00fa po minim\u00e1lnom pou\u017e\u00edvan\u00ed. Aj ke\u010f by mohlo by\u0165 l\u00e1kav\u00e9 prip\u00edsa\u0165 tento pokles kvality tomu, \u017ee spolo\u010dnos\u0165 outsourcuje svoje v\u00fdrobn\u00e9 procesy, \u010d\u00edm str\u00e1ca priamy doh\u013ead nad v\u00fdrobn\u00fdmi \u0161tandardmi, realita toho, ako sa vyr\u00e1baj\u00fa produkty Black+Decker a kto ich vlastne vyr\u00e1ba, je o nie\u010do zlo\u017eitej\u0161ia. Po\u010fme sa ponori\u0165 do \u0161pecif\u00edk v\u00fdrobn\u00fdch postupov Black+Decker a identifikova\u0165 ich prim\u00e1rneho v\u00fdrobn\u00e9ho partnera.<\/p>\n\n\n\n<h2 class=\"wp-block-heading\"><a><\/a><strong>Kto je v\u00fdrobcom produktov Black and Decker<\/strong><\/h2>\n\n\n\n<p>Spo\u010diatku sa Black+Decker zameriaval na vytv\u00e1ranie n\u00e1strojov. Postupom \u010dasu roz\u0161\u00edrili svoje pole p\u00f4sobnosti tak, aby zah\u0155\u0148ali r\u00f4zne dom\u00e1ce spotrebi\u010de, vr\u00e1tane mikrovlnn\u00fdch r\u00far, vys\u00e1va\u010dov a in\u00fdch, s amb\u00edciou urobi\u0165 z Black+Decker zna\u010dku pre v\u0161etky dom\u00e1ce potreby. \u010co sa t\u00fdka \u0161tandardn\u00e9ho alebo elektrick\u00e9ho n\u00e1radia, Black+Decker ich na\u010falej vyr\u00e1ba vo vlastn\u00fdch z\u00e1vodoch, pri\u010dom sa m\u00f4\u017ee pochv\u00e1li\u0165 zna\u010dn\u00fdmi v\u00fdrobn\u00fdmi oper\u00e1ciami v USA aj na medzin\u00e1rodnej \u00farovni. Je d\u00f4le\u017eit\u00e9 uzna\u0165, \u017ee tieto v\u00fdrobn\u00e9 z\u00e1vody s\u00fa v pr\u00e1vnom zmysle vo vlastn\u00edctve Stanley Black &amp; Decker, ke\u010f\u017ee Black+Decker p\u00f4sob\u00ed ako dc\u00e9rska spolo\u010dnos\u0165 tejto v\u00e4\u010d\u0161ej materskej spolo\u010dnosti.<\/p>\n\n\n\n<figure class=\"wp-block-image size-full\"><img loading=\"lazy\" decoding=\"async\" width=\"700\" height=\"226\" src=\"https:\/\/global.tab-tv.com\/sk\/wp-content\/uploads\/sites\/5\/2024\/04\/Stanley.webp\" alt=\"\" class=\"wp-image-11043\" srcset=\"https:\/\/global.tab-tv.com\/sk\/wp-content\/uploads\/sites\/5\/2024\/04\/Stanley.webp 700w, https:\/\/global.tab-tv.com\/sk\/wp-content\/uploads\/sites\/5\/2024\/04\/Stanley-300x97.webp 300w\" sizes=\"auto, (max-width: 700px) 100vw, 700px\" \/><\/figure>\n\n\n\n<p>V\u00fdroba dom\u00e1cich spotrebi\u010dov vykres\u013euje in\u00fd obraz. Zatia\u013e \u010do Black+Decker vyr\u00e1ba niektor\u00e9 z t\u00fdchto polo\u017eiek priamo, zna\u010dn\u00e1 \u010das\u0165 ich produktovej rady sa vyr\u00e1ba prostredn\u00edctvom licen\u010dn\u00fdch zml\u00fav. V tak\u00fdchto dojednaniach Black+Decker opr\u00e1v\u0148uje spolo\u010dnosti tret\u00edch str\u00e1n vyr\u00e1ba\u0165 a uv\u00e1dza\u0165 na trh produkty pod zna\u010dkou Black+Decker. Toto nastavenie znamen\u00e1, \u017ee Black+Decker nem\u00e1 priamy doh\u013ead nad v\u00fdrobou a v\u00fdvojom t\u00fdchto licencovan\u00fdch produktov, \u010do m\u00f4\u017ee vies\u0165 k rozdielom v kvalite a dizajne. Existuje mno\u017estvo licen\u010dn\u00fdch zml\u00fav s r\u00f4znymi spolo\u010dnos\u0165ami, z ktor\u00fdch ka\u017ed\u00e1 m\u00e1 svoje vlastn\u00e9 podmienky. Tu sa bli\u017e\u0161ie pozrieme na niektor\u00e9 k\u013e\u00fa\u010dov\u00e9 licen\u010dn\u00e9 partnerstv\u00e1, ktor\u00e9 Black+Decker vytvoril:<\/p>\n\n\n\n<ul class=\"wp-block-list\">\n<li><strong>JEM Brands <\/strong>: Spolo\u010dnos\u0165 JEM Brands, zn\u00e1ma svojimi odborn\u00fdmi znalos\u0165ami v oblasti osvetlenia, sa v janu\u00e1ri 2024 spojila so spolo\u010dnos\u0165ou Black+Decker s cie\u013eom vytvori\u0165 prenosn\u00e9 rie\u0161enia osvetlenia, ktor\u00e9 sa bud\u00fa venova\u0165 vonkaj\u0161\u00edm aktivit\u00e1m, ako je kempovanie a vn\u00fatorn\u00e9 pou\u017eitie, ako s\u00fa dielne.<\/li>\n\n\n\n<li><strong>Indkal Technologies <\/strong>: T\u00e1to indick\u00e1 spolo\u010dnos\u0165 za\u010dala svoje partnerstvo so spolo\u010dnos\u0165ou Black+Decker v roku 2023 so zameran\u00edm na v\u00fdrobu ve\u013ek\u00fdch spotrebi\u010dov \u0161peci\u00e1lne pre indick\u00fd trh pod zna\u010dkou Black+Decker.<\/li>\n\n\n\n<li><strong>Stovekraft <\/strong>: Od roku 2017 sa Stovekraft, \u010fal\u0161\u00ed indick\u00fd subjekt, podie\u013ea na v\u00fdrobe r\u00f4znych produktov Black+Decker pre indick\u00fd trh. Ich \u0161pecializ\u00e1cia spo\u010d\u00edva v spotrebi\u010doch na varenie a siaha a\u017e po ohrieva\u010de.<\/li>\n\n\n\n<li><strong>Bradshaw International, Inc. <\/strong>: Bradshaw International so s\u00eddlom v Kalifornii, USA m\u00e1 dlhodob\u00fd vz\u0165ah so spolo\u010dnos\u0165ou Black+Decker od roku 2016. Vyr\u00e1baj\u00fa \u0161irok\u00fa \u0161k\u00e1lu kuchynsk\u00e9ho riadu pre Black+Decker vr\u00e1tane, ale nie v\u00fdlu\u010dne, hrncov, panv\u00edc, \u0161krabiek, mix\u00e9ry, pr\u00edbory, grilovacie n\u00e1radie a n\u00e1doby na pe\u010denie.<\/li>\n\n\n\n<li><strong>W Appliance <\/strong>: Americk\u00e1 spolo\u010dnos\u0165 W Appliance, zameran\u00e1 na kuchynsk\u00e9 spotrebi\u010de, najm\u00e4 chladenie, vyr\u00e1ba chladni\u010dky, mrazni\u010dky a chladni\u010dky na v\u00edno pre Black+Decker od roku 2016. Ich produkty siahaj\u00fa od vstavan\u00fdch jednotiek a\u017e po vo\u013ene stojace modely.<\/li>\n\n\n\n<li><strong>Midea Group <\/strong>: Popredn\u00fd \u010d\u00ednsky v\u00fdrobca kuchynsk\u00fdch spotrebi\u010dov Midea Group vyr\u00e1ba od roku 2015 rad mal\u00fdch spotrebi\u010dov pre Black+Decker, vr\u00e1tane vys\u00e1va\u010dov a mikrovlniek.<\/li>\n\n\n\n<li><strong>Spectrum Brands <\/strong>: Zatia\u013e \u010do Spectrum Brands, americk\u00e1 spolo\u010dnos\u0165, vyr\u00e1ba niektor\u00e9 polo\u017eky pod zna\u010dkou Black+Decker, toto usporiadanie nie je d\u00f4sledkom licen\u010dnej zmluvy. Namiesto toho Spectrum Brands vlastn\u00ed ur\u010dit\u00e9 b\u00fdval\u00e9 akt\u00edva Black+Decker, najm\u00e4 v kateg\u00f3ri\u00e1ch hardv\u00e9r, in\u0161talat\u00e9rske pr\u00e1ce a z\u00e1mky, a teda po z\u00edskan\u00ed t\u00fdchto pr\u00e1v vyr\u00e1ba produkty pod touto zna\u010dkou.<\/li>\n<\/ul>\n\n\n\n<figure class=\"wp-block-image size-full\"><img loading=\"lazy\" decoding=\"async\" width=\"700\" height=\"321\" src=\"https:\/\/global.tab-tv.com\/sk\/wp-content\/uploads\/sites\/5\/2024\/04\/oven.webp\" alt=\"\" class=\"wp-image-11042\" srcset=\"https:\/\/global.tab-tv.com\/sk\/wp-content\/uploads\/sites\/5\/2024\/04\/oven.webp 700w, https:\/\/global.tab-tv.com\/sk\/wp-content\/uploads\/sites\/5\/2024\/04\/oven-300x138.webp 300w\" sizes=\"auto, (max-width: 700px) 100vw, 700px\" \/><\/figure>\n\n\n\n<p>Black+Decker vyu\u017e\u00edva strategick\u00fd pr\u00edstup vo v\u00fdrobe svojich produktov, kde je v\u00fdroba kuchynsk\u00fdch spotrebi\u010dov z ve\u013ekej \u010dasti outsourcovan\u00e1 prostredn\u00edctvom licen\u010dn\u00fdch zml\u00fav, zatia\u013e \u010do v\u00fdroba n\u00e1radia je na\u010falej internou prev\u00e1dzkou. T\u00e1to metodika je pre Black+Decker praktick\u00e1 a umo\u017e\u0148uje spolo\u010dnosti zamera\u0165 sa na svoje k\u013e\u00fa\u010dov\u00e9 kompetencie vo v\u00fdrobe n\u00e1strojov a z\u00e1rove\u0148 vyu\u017ei\u0165 odborn\u00e9 znalosti \u0161pecializovan\u00fdch v\u00fdrobcov kuchynsk\u00fdch a dom\u00e1cich spotrebi\u010dov. Je to \u0161ikovn\u00fd krok, ktor\u00fd spolo\u010dnosti Black+Decker pom\u00e1ha vyhn\u00fa\u0165 sa zlo\u017eitosti v\u00fdroby technol\u00f3gi\u00ed, ktor\u00e9 nespadaj\u00fa do ich prim\u00e1rnej oblasti odbornosti.<\/p>\n\n\n\n<h2 class=\"wp-block-heading\"><a><\/a><strong>Kde sa vyr\u00e1baj\u00fa produkty Black and Decker<\/strong><\/h2>\n\n\n\n<p>Pokia\u013e ide o v\u00fdrobn\u00e9 miesta origin\u00e1lnych produktov Black+Decker, ide o zmes dom\u00e1cich a medzin\u00e1rodn\u00fdch z\u00e1vodov, preva\u017ene v USA a \u010c\u00edne. Black+Decker prev\u00e1dzkuje po\u010detn\u00e9 tov\u00e1rne, ktor\u00e9 sa venuj\u00fa v\u00fdvoju a v\u00fdrobe ich n\u00e1strojov a zariaden\u00ed, pri\u010dom zna\u010dn\u00fd po\u010det t\u00fdchto zariaden\u00ed sa nach\u00e1dza v Spojen\u00fdch \u0161t\u00e1toch.<\/p>\n\n\n\n<figure class=\"wp-block-image size-full\"><img loading=\"lazy\" decoding=\"async\" width=\"800\" height=\"422\" src=\"https:\/\/global.tab-tv.com\/sk\/wp-content\/uploads\/sites\/5\/2024\/04\/Black-and-Decker-factory.webp\" alt=\"\" class=\"wp-image-11041\" srcset=\"https:\/\/global.tab-tv.com\/sk\/wp-content\/uploads\/sites\/5\/2024\/04\/Black-and-Decker-factory.webp 800w, https:\/\/global.tab-tv.com\/sk\/wp-content\/uploads\/sites\/5\/2024\/04\/Black-and-Decker-factory-300x158.webp 300w, https:\/\/global.tab-tv.com\/sk\/wp-content\/uploads\/sites\/5\/2024\/04\/Black-and-Decker-factory-768x405.webp 768w\" sizes=\"auto, (max-width: 800px) 100vw, 800px\" \/><\/figure>\n\n\n\n<p>A\u017e do roku 2020 bola \u010c\u00edna hlavn\u00fdm centrom v\u00fdroby Black+Decker a predstavovala takmer polovicu jej v\u00fdrobnej produkcie. <a href=\"https:\/\/www.hartfordbusiness.com\/article\/stanley-black-decker-permanently-closes-factory-in-shenzhen-china\">Zatvorenie ich v\u00fdznamn\u00e9ho z\u00e1vodu v Shenzhene v roku 2020 <\/a>v\u0161ak znamenalo za\u010diatok odklonu od \u010d\u00ednskej v\u00fdroby. V s\u00fa\u010dasnosti sa v Spojen\u00fdch \u0161t\u00e1toch nach\u00e1dza v\u00e4\u010d\u0161ina v\u00fdrobn\u00fdch kapac\u00edt Black+Decker. Okrem USA sa produkty Black+Decker vyr\u00e1baj\u00fa v nieko\u013ek\u00fdch \u010fal\u0161\u00edch krajin\u00e1ch, vr\u00e1tane:<\/p>\n\n\n\n<ul class=\"wp-block-list\">\n<li><strong>Mexiko<\/strong><\/li>\n\n\n\n<li><strong>Braz\u00edlia<\/strong><\/li>\n\n\n\n<li><strong>Spojene kralovstvo<\/strong><\/li>\n<\/ul>\n\n\n\n<p>Je tie\u017e d\u00f4le\u017eit\u00e9 vzia\u0165 do \u00favahy v\u00fdrobn\u00fa stopu spolo\u010dnosti Stanley Black &amp; Decker, materskej spolo\u010dnosti Black+Decker. Tento v\u00e4\u010d\u0161\u00ed konglomer\u00e1t m\u00e1 v\u00fdrobn\u00e9 z\u00e1vody v celej Eur\u00f3pe, najm\u00e4 v Nemecku, Taliansku a Po\u013esku. Tieto eur\u00f3pske z\u00e1vody prispievaj\u00fa k v\u00fdrobe niektor\u00fdch produktov na miestnom trhu, hoci ich spolo\u010dnos\u0165 Black+Decker priamo neprev\u00e1dzkuje. \u0160pecifik\u00e1 produktov vyr\u00e1ban\u00fdch v t\u00fdchto eur\u00f3pskych zariadeniach nie s\u00fa jasne vymedzen\u00e9.<\/p>\n\n\n\n<p><em>Black+Decker zamestn\u00e1va na celom svete viac ako 27 000 zamestnancov.<\/em><\/p>\n\n\n\n<h2 class=\"wp-block-heading\"><a><\/a><strong>Vyr\u00e1ba sa n\u00e1radie Black and Decker lacno?<\/strong><\/h2>\n\n\n\n<p>Chcem sa vr\u00e1ti\u0165 k bodu, ktor\u00fd som uviedol na za\u010diatku tohto dielu. Vo svojom v\u00fdskume som sa stretol s pomerne <a href=\"https:\/\/www.quora.com\/Are-Black-Decker-tools-cheaply-made\">mnoh\u00fdmi s\u0165a\u017enos\u0165ami pou\u017e\u00edvate\u013eov <\/a>na kvalitu modern\u00e9ho n\u00e1radia Black+Decker. Znamen\u00e1 to, \u017ee sa vyr\u00e1baj\u00fa lacno? Do istej miery to tak vyzer\u00e1.<\/p>\n\n\n\n<figure class=\"wp-block-image size-full\"><img loading=\"lazy\" decoding=\"async\" width=\"800\" height=\"380\" src=\"https:\/\/global.tab-tv.com\/sk\/wp-content\/uploads\/sites\/5\/2024\/04\/drill-BD.webp\" alt=\"\" class=\"wp-image-11040\" srcset=\"https:\/\/global.tab-tv.com\/sk\/wp-content\/uploads\/sites\/5\/2024\/04\/drill-BD.webp 800w, https:\/\/global.tab-tv.com\/sk\/wp-content\/uploads\/sites\/5\/2024\/04\/drill-BD-300x143.webp 300w, https:\/\/global.tab-tv.com\/sk\/wp-content\/uploads\/sites\/5\/2024\/04\/drill-BD-768x365.webp 768w\" sizes=\"auto, (max-width: 800px) 100vw, 800px\" \/><\/figure>\n\n\n\n<p>Teraz si Black+Decker vytvoril miesto pre seba ako zna\u010dku, ktor\u00e1 je cenovo dostupn\u00e1 a dostupn\u00e1 takmer pre ka\u017ed\u00e9ho. V s\u00falade s t\u00fdm sa spolo\u010dnos\u0165 sna\u017e\u00ed zni\u017eova\u0165 v\u00fdrobn\u00e9 n\u00e1klady, aby ceny svojich produktov udr\u017eala na spodnej hranici. T\u00e1to strat\u00e9gia je v s\u00falade s ich v\u00edziou potenci\u00e1lneho ozna\u010denia ka\u017ed\u00e9ho dom\u00e1ceho spotrebi\u010da menom Black+Decker, a to v\u0161etko pri zachovan\u00ed ich ekonomickej \u017eivotaschopnosti pre spotrebite\u013ea.<\/p>\n\n\n\n<p>\u010co sa v\u0161ak potom stane s dopytom po vysokokvalitn\u00fdch profesion\u00e1lnych n\u00e1strojoch? Hoci sa Black+Decker kedysi staral o tento segment svojimi vlastn\u00fdmi produktmi, odvtedy prehodili. V s\u00fa\u010dasnosti vlastnia nieko\u013eko \u010fal\u0161\u00edch zna\u010diek, ako napr\u00edklad DeWalt a Craftsman, pod ktor\u00fdmi uv\u00e1dzaj\u00fa na trh drah\u0161ie n\u00e1stroje vy\u0161\u0161ej kateg\u00f3rie. Tieto zna\u010dky funguj\u00fa auton\u00f3mne a s\u00fa \u0161pecificky zameran\u00e9 na pr\u00e9miov\u00fd segment trhu a vyhovuj\u00fa profesion\u00e1lom, ktor\u00ed pre svoju pr\u00e1cu vy\u017eaduj\u00fa \u0161pi\u010dkov\u00e9 n\u00e1stroje.<\/p>\n\n\n\n<h3 class=\"wp-block-heading\"><a><\/a><strong>Ak\u00e9 \u010fal\u0161ie zna\u010dky vlastnia Stanley Black &amp; Decker<\/strong><\/h3>\n\n\n\n<p>Po\u010fme si v kr\u00e1tkosti vymenova\u0165 zna\u010dky patriace Stanley Black &amp; Decker: <strong>Stanley, Bostitch, Lenox, Dewalt, Craftsman, Porter Cable, Aero Scout, Facom, Mac Tools, Proto, Inner Space, Irwin, Vidmar, Piranha, Sonitrol<\/strong><\/p>\n","protected":false},"excerpt":{"rendered":"<p>Black+Decker, kedysi zn\u00e1my ako Black and Decker, je v\u00fdznamn\u00e1 americk\u00e1 zna\u010dka \u0161pecializuj\u00faca sa na n\u00e1radie, pr\u00edslu\u0161enstvo a dom\u00e1ce spotrebi\u010de. Bola zalo\u017een\u00e1 v roku 1910 a zabezpe\u010dila si poz\u00edciu \u0161pi\u010dkov\u00e9ho v\u00fdrobcu n\u00e1strojov na americkom trhu. Teraz p\u00f4sob\u00ed pod z\u00e1\u0161titou Stanley Black &amp; Decker, v\u00e4\u010d\u0161ieho konglomer\u00e1tu, ktor\u00fd spravuje nespo\u010detn\u00e9 mno\u017estvo \u010fal\u0161\u00edch spolo\u010dnost\u00ed a zna\u010diek. Rozsah ponuky Black+Decker [&hellip;]<\/p>\n","protected":false},"author":1,"featured_media":11045,"comment_status":"open","ping_status":"open","sticky":false,"template":"","format":"standard","meta":{"_monsterinsights_skip_tracking":false,"_monsterinsights_sitenote_active":false,"_monsterinsights_sitenote_note":"","_monsterinsights_sitenote_category":0,"footnotes":""},"categories":[2],"tags":[],"class_list":{"0":"post-11039","1":"post","2":"type-post","3":"status-publish","4":"format-standard","5":"has-post-thumbnail","7":"category-sprievodcovia"},"_links":{"self":[{"href":"https:\/\/global.tab-tv.com\/sk\/wp-json\/wp\/v2\/posts\/11039","targetHints":{"allow":["GET"]}}],"collection":[{"href":"https:\/\/global.tab-tv.com\/sk\/wp-json\/wp\/v2\/posts"}],"about":[{"href":"https:\/\/global.tab-tv.com\/sk\/wp-json\/wp\/v2\/types\/post"}],"author":[{"embeddable":true,"href":"https:\/\/global.tab-tv.com\/sk\/wp-json\/wp\/v2\/users\/1"}],"replies":[{"embeddable":true,"href":"https:\/\/global.tab-tv.com\/sk\/wp-json\/wp\/v2\/comments?post=11039"}],"version-history":[{"count":2,"href":"https:\/\/global.tab-tv.com\/sk\/wp-json\/wp\/v2\/posts\/11039\/revisions"}],"predecessor-version":[{"id":11047,"href":"https:\/\/global.tab-tv.com\/sk\/wp-json\/wp\/v2\/posts\/11039\/revisions\/11047"}],"wp:featuredmedia":[{"embeddable":true,"href":"https:\/\/global.tab-tv.com\/sk\/wp-json\/wp\/v2\/media\/11045"}],"wp:attachment":[{"href":"https:\/\/global.tab-tv.com\/sk\/wp-json\/wp\/v2\/media?parent=11039"}],"wp:term":[{"taxonomy":"category","embeddable":true,"href":"https:\/\/global.tab-tv.com\/sk\/wp-json\/wp\/v2\/categories?post=11039"},{"taxonomy":"post_tag","embeddable":true,"href":"https:\/\/global.tab-tv.com\/sk\/wp-json\/wp\/v2\/tags?post=11039"}],"curies":[{"name":"wp","href":"https:\/\/api.w.org\/{rel}","templated":true}]}}