{"id":11260,"date":"2024-05-20T14:37:17","date_gmt":"2024-05-20T11:37:17","guid":{"rendered":"https:\/\/global.tab-tv.com\/sk\/?p=11260"},"modified":"2024-05-20T14:37:19","modified_gmt":"2024-05-20T11:37:19","slug":"visionos-co-je-to","status":"publish","type":"post","link":"https:\/\/global.tab-tv.com\/sk\/visionos-co-je-to\/","title":{"rendered":"visionOS: \u010co je to"},"content":{"rendered":"\n<p>VisionOS, vyvinut\u00fd v\u00fdhradne pre Vision Pro, predstavuje pokus spolo\u010dnosti Apple vytvori\u0165 opera\u010dn\u00fd syst\u00e9m \u0161peci\u00e1lne navrhnut\u00fd pre prostredie VR. VisionOS stanovuje nov\u00fd \u0161tandard pre opera\u010dn\u00e9 syst\u00e9my VR: v\u010faka intuit\u00edvnemu dizajnu je navig\u00e1cia a ovl\u00e1danie prirodzen\u00e9.<\/p>\n\n\n\n<h2 class=\"wp-block-heading has-text-align-center\"><strong>Popis visionOS<\/strong><\/h2>\n\n\n\n<p>VisionOS, opera\u010dn\u00fd syst\u00e9m vyvinut\u00fd pre n\u00e1hlavn\u00fa s\u00fapravu Vision Pro VR od spolo\u010dnosti Apple. K\u013e\u00fa\u010dom k jeho dizajnu je zaoblenie okien a ikon &#8211; to sa rob\u00ed preto, aby sa pou\u017e\u00edvate\u013eovi nezachyt\u00e1vali o\u010di a aby sa \u013eah\u0161ie pohyboval vo virtu\u00e1lnom priestore.<\/p>\n\n\n\n<p>Rozhranie je minimalistick\u00e9 a poloprieh\u013eadn\u00e9, \u010d\u00edm sa zabezpe\u010duje, \u017ee je nepreh\u013eadn\u00e9 a zd\u00f4raz\u0148uje z\u00e1kladn\u00e9 funkcie bez zbyto\u010dnej z\u00e1\u0165a\u017ee. Tento dizajnov\u00fd \u0161t\u00fdl sa odr\u00e1\u017ea aj v hlavnej ponuke, ktor\u00e1 je \u010dist\u00e1 a preh\u013eadn\u00e1 a z\u00e1merne sa vyh\u00fdba zbyto\u010dn\u00fdm prvkom, ktor\u00e9 by mohli odv\u00e1dza\u0165 pozornos\u0165 pou\u017e\u00edvate\u013ea.<\/p>\n\n\n\n<figure class=\"wp-block-image size-full\"><img loading=\"lazy\" decoding=\"async\" width=\"763\" height=\"400\" src=\"https:\/\/global.tab-tv.com\/sk\/wp-content\/uploads\/sites\/5\/2024\/05\/vision-pro-system.webp\" alt=\"\" class=\"wp-image-11261\" srcset=\"https:\/\/global.tab-tv.com\/sk\/wp-content\/uploads\/sites\/5\/2024\/05\/vision-pro-system.webp 763w, https:\/\/global.tab-tv.com\/sk\/wp-content\/uploads\/sites\/5\/2024\/05\/vision-pro-system-300x157.webp 300w\" sizes=\"auto, (max-width: 763px) 100vw, 763px\" \/><\/figure>\n\n\n\n<p>Pre t\u00fdch, ktor\u00ed poznaj\u00fa ekosyst\u00e9m Apple, bude navig\u00e1cia v syst\u00e9me VisionOS prirodzen\u00e1. Syst\u00e9m obsahuje zn\u00e1me prvky rozhrania, ako s\u00fa ovl\u00e1dacie ponuky, okn\u00e1 s n\u00e1strojmi a posuvn\u00edky aplik\u00e1ci\u00ed s mo\u017enos\u0165ou zmeny ve\u013ekosti, ktor\u00e9 s\u00fa prezentovan\u00e9 v elegantnom dizajne z matn\u00e9ho skla. Namiesto tradi\u010dn\u00e9ho tmav\u00e9ho re\u017eimu sa okn\u00e1 v syst\u00e9me VisionOS inteligentne prisp\u00f4sobuj\u00fa okolit\u00e9mu svetlu, \u010do zvy\u0161uje vizu\u00e1lny komfort.<\/p>\n\n\n\n<p>Jednou z d\u00f4myseln\u00fdch funkci\u00ed syst\u00e9mu VisionOS je integr\u00e1cia aplik\u00e1ci\u00ed pre iPhone a iPad ako 2D panelov, ktor\u00e9 mo\u017eno spusti\u0165 na virtu\u00e1lnych displejoch v prostred\u00ed VR. Tento pr\u00edstup nielen\u017ee okam\u017eite roz\u0161iruje dostupn\u00fa kni\u017enicu aplik\u00e1ci\u00ed, ale tie\u017e u\u013eah\u010duje plynul\u00fd prechod s\u00fa\u010dasn\u00fdch pou\u017e\u00edvate\u013eov Apple do oblasti virtu\u00e1lnej reality.<\/p>\n\n\n\n<figure class=\"wp-block-image size-full\"><img loading=\"lazy\" decoding=\"async\" width=\"800\" height=\"401\" src=\"https:\/\/global.tab-tv.com\/sk\/wp-content\/uploads\/sites\/5\/2024\/05\/visionOS-environments.webp\" alt=\"\" class=\"wp-image-11262\" srcset=\"https:\/\/global.tab-tv.com\/sk\/wp-content\/uploads\/sites\/5\/2024\/05\/visionOS-environments.webp 800w, https:\/\/global.tab-tv.com\/sk\/wp-content\/uploads\/sites\/5\/2024\/05\/visionOS-environments-300x150.webp 300w, https:\/\/global.tab-tv.com\/sk\/wp-content\/uploads\/sites\/5\/2024\/05\/visionOS-environments-768x385.webp 768w\" sizes=\"auto, (max-width: 800px) 100vw, 800px\" \/><\/figure>\n\n\n\n<h2 class=\"wp-block-heading has-text-align-center\"><strong>Aplik\u00e1cie v syst\u00e9me visionOS<\/strong><\/h2>\n\n\n\n<p>V s\u00fa\u010dasnosti je v\u00fdber plne 3D aplik\u00e1ci\u00ed prisp\u00f4soben\u00fdch pre syst\u00e9m VisionOS trochu obmedzen\u00fd. Vzh\u013eadom na rast\u00faci z\u00e1ujem o Vision Pro a jeho roz\u0161\u00edrenie v\u0161ak m\u00f4\u017eeme v bl\u00edzkej bud\u00facnosti o\u010dak\u00e1va\u0165 prudk\u00fd n\u00e1rast v\u00fdvoja tak\u00fdchto aplik\u00e1ci\u00ed. Ako u\u017e bolo uveden\u00e9, na pou\u017eitie v syst\u00e9me VisionOS bolo prisp\u00f4soben\u00fdch zna\u010dn\u00e9 mno\u017estvo aplik\u00e1ci\u00ed pre iPhone a iPad. Ide v podstate o tie ist\u00e9 aplik\u00e1cie, ktor\u00e9 by ste be\u017ene pou\u017e\u00edvali v zariadeniach iPad alebo iPhone, ale na pou\u017eitie v aplik\u00e1cii Vision Pro boli prepracovan\u00e9 a premietnut\u00e9 do virtu\u00e1lneho priestoru. Mnoh\u00e9 z t\u00fdchto upraven\u00fdch aplik\u00e1ci\u00ed s\u00fa u\u017e v obchode App Store.<\/p>\n\n\n\n<h2 class=\"wp-block-heading has-text-align-center\"><strong>Ak\u00e9 s\u00fa jedine\u010dn\u00e9 funkcie syst\u00e9mu VisionOS?<\/strong><\/h2>\n\n\n\n<p>Syst\u00e9m VisionOS zav\u00e1dza nieko\u013eko v\u00fdnimo\u010dn\u00fdch funkci\u00ed navrhnut\u00fdch na zv\u00fd\u0161enie pou\u017e\u00edvate\u013esk\u00e9ho z\u00e1\u017eitku a pohodlia. Jednou z pozoruhodn\u00fdch inov\u00e1ci\u00ed je implement\u00e1cia virtu\u00e1lnych avatarov. Po\u010das \u00favodn\u00e9ho nastavenia n\u00e1hlavnej s\u00fapravy Vision Pro vykon\u00e1 syst\u00e9m VisionOS skenovanie, aby vytvoril personalizovan\u00fd 3D avatar, ktor\u00fd sa pou\u017e\u00edva predov\u0161etk\u00fdm na videohovory a virtu\u00e1lne konferencie. Hoci s\u00fa\u010dasn\u00e1 iter\u00e1cia t\u00fdchto avatarov m\u00f4\u017ee by\u0165 m\u00e1lo realistick\u00e1 a p\u00f4sobi\u0165 trochu stra\u0161idelne, Apple t\u00fato funkciu akt\u00edvne zdokona\u013euje. Ned\u00e1vne aktualiz\u00e1cie, ako napr\u00edklad zavedenie sledovania r\u00fak, dokazuj\u00fa ich neust\u00e1le zlep\u0161ovanie.<\/p>\n\n\n\n<p>\u010eal\u0161ou praktickou funkciou je re\u017eim hos\u0165a, ktor\u00fd pou\u017e\u00edvate\u013eom umo\u017e\u0148uje zdie\u013ea\u0165 z\u00e1\u017eitky z aplik\u00e1cie Vision Pro bez ohrozenia osobn\u00fdch \u00fadajov. Tento re\u017eim u\u013eah\u010duje r\u00fdchle a do\u010dasn\u00e9 nastavenie pre in\u00e9ho pou\u017e\u00edvate\u013ea, pri\u010dom osobn\u00e9 nastavenia a \u00fadaje zost\u00e1vaj\u00fa nedotknut\u00e9 a pre hos\u0165a nepr\u00edstupn\u00e9. T\u00e1to funkcia je obzvl\u00e1\u0161\u0165 u\u017eito\u010dn\u00e1 na to, aby si zariadenie Vision Pro mohli vysk\u00fa\u0161a\u0165 priatelia alebo rodina.<\/p>\n\n\n\n<p>\u010eal\u0161ou pozoruhodnou funkciou je cestovn\u00fd re\u017eim. V tomto re\u017eime s\u00fa virtu\u00e1lne okn\u00e1 viazan\u00e9 na orient\u00e1ciu n\u00e1hlavnej s\u00fapravy, a nie na pevn\u00fd bod vo virtu\u00e1lnom priestore. To sa ukazuje ako obzvl\u00e1\u0161\u0165 u\u017eito\u010dn\u00e9 po\u010das cestovania, napr\u00edklad vo vlaku alebo v lietadle, preto\u017ee zabezpe\u010duje, \u017ee virtu\u00e1lne obrazovky zostan\u00fa neust\u00e1le v obraze bez oh\u013eadu na fyzick\u00e9 pohyby. Toto inovat\u00edvne rie\u0161enie \u00fa\u010dinne rie\u0161i be\u017en\u00fd probl\u00e9m &#8220;pos\u00favania&#8221; obrazovky v prostred\u00ed VR.<\/p>\n","protected":false},"excerpt":{"rendered":"<p>VisionOS, vyvinut\u00fd v\u00fdhradne pre Vision Pro, predstavuje pokus spolo\u010dnosti Apple vytvori\u0165 opera\u010dn\u00fd syst\u00e9m \u0161peci\u00e1lne navrhnut\u00fd pre prostredie VR. VisionOS stanovuje nov\u00fd \u0161tandard pre opera\u010dn\u00e9 syst\u00e9my VR: v\u010faka intuit\u00edvnemu dizajnu je navig\u00e1cia a ovl\u00e1danie prirodzen\u00e9. Popis visionOS VisionOS, opera\u010dn\u00fd syst\u00e9m vyvinut\u00fd pre n\u00e1hlavn\u00fa s\u00fapravu Vision Pro VR od spolo\u010dnosti Apple. K\u013e\u00fa\u010dom k jeho dizajnu je zaoblenie [&hellip;]<\/p>\n","protected":false},"author":1,"featured_media":11263,"comment_status":"open","ping_status":"open","sticky":false,"template":"","format":"standard","meta":{"_monsterinsights_skip_tracking":false,"_monsterinsights_sitenote_active":false,"_monsterinsights_sitenote_note":"","_monsterinsights_sitenote_category":0,"footnotes":""},"categories":[4],"tags":[258],"class_list":{"0":"post-11260","1":"post","2":"type-post","3":"status-publish","4":"format-standard","5":"has-post-thumbnail","7":"category-apple","8":"tag-visionos"},"_links":{"self":[{"href":"https:\/\/global.tab-tv.com\/sk\/wp-json\/wp\/v2\/posts\/11260","targetHints":{"allow":["GET"]}}],"collection":[{"href":"https:\/\/global.tab-tv.com\/sk\/wp-json\/wp\/v2\/posts"}],"about":[{"href":"https:\/\/global.tab-tv.com\/sk\/wp-json\/wp\/v2\/types\/post"}],"author":[{"embeddable":true,"href":"https:\/\/global.tab-tv.com\/sk\/wp-json\/wp\/v2\/users\/1"}],"replies":[{"embeddable":true,"href":"https:\/\/global.tab-tv.com\/sk\/wp-json\/wp\/v2\/comments?post=11260"}],"version-history":[{"count":2,"href":"https:\/\/global.tab-tv.com\/sk\/wp-json\/wp\/v2\/posts\/11260\/revisions"}],"predecessor-version":[{"id":11265,"href":"https:\/\/global.tab-tv.com\/sk\/wp-json\/wp\/v2\/posts\/11260\/revisions\/11265"}],"wp:featuredmedia":[{"embeddable":true,"href":"https:\/\/global.tab-tv.com\/sk\/wp-json\/wp\/v2\/media\/11263"}],"wp:attachment":[{"href":"https:\/\/global.tab-tv.com\/sk\/wp-json\/wp\/v2\/media?parent=11260"}],"wp:term":[{"taxonomy":"category","embeddable":true,"href":"https:\/\/global.tab-tv.com\/sk\/wp-json\/wp\/v2\/categories?post=11260"},{"taxonomy":"post_tag","embeddable":true,"href":"https:\/\/global.tab-tv.com\/sk\/wp-json\/wp\/v2\/tags?post=11260"}],"curies":[{"name":"wp","href":"https:\/\/api.w.org\/{rel}","templated":true}]}}