{"id":11896,"date":"2024-10-14T18:40:00","date_gmt":"2024-10-14T15:40:00","guid":{"rendered":"https:\/\/global.tab-tv.com\/sk\/?p=11896"},"modified":"2025-01-06T23:31:28","modified_gmt":"2025-01-06T20:31:28","slug":"ako-deaktivovat-aktivovat-automaticku-jasnost-na-lg-smart-tv","status":"publish","type":"post","link":"https:\/\/global.tab-tv.com\/sk\/ako-deaktivovat-aktivovat-automaticku-jasnost-na-lg-smart-tv\/","title":{"rendered":"Ako deaktivova\u0165\/aktivova\u0165 automatick\u00fa jasnos\u0165 na LG Smart TV"},"content":{"rendered":"\n<p>V\u0161imli ste si niekedy, \u017ee jas v\u00e1\u0161ho LG telev\u00edzora sa m\u00f4\u017ee l\u00ed\u0161i\u0165 v z\u00e1vislosti od toho, \u010do sa deje na obrazovke, alebo od osvetlenia v miestnosti? Je to preto, \u017ee LG Smart TV je vybaven\u00fd sveteln\u00fdm senzorom a v nastaveniach je aktivovan\u00e1 automatick\u00e1 jasnos\u0165, ktor\u00e1 automaticky zvy\u0161uje alebo zni\u017euje jas v z\u00e1vislosti od prostredia okolo telev\u00edzora a obsahu, ktor\u00fd LG Smart TV zobrazuje. P\u00f4vodne sa toto nastavenie pou\u017e\u00edvalo na automatick\u00e9 prisp\u00f4sobenie jasu v z\u00e1vislosti od osvetlenia miestnosti a bolo navrhnut\u00e9 na \u0161etrenie spotreby energie telev\u00edzorov, ke\u010f\u017ee modern\u00e9 telev\u00edzory spotreb\u00favaj\u00fa 70 % elektrickej energie na obrazovku. S pr\u00edchodom OLED telev\u00edzorov toto nastavenie tie\u017e pom\u00e1ha predl\u017eova\u0165 \u017eivotnos\u0165 displeja.<\/p>\n\n\n\n<h2 class=\"wp-block-heading has-text-align-center\"><strong>Nastavenie jasu na va\u0161om LG telev\u00edzore<\/strong><\/h2>\n\n\n\n<p>Na modern\u00fdch telev\u00edzoroch sa jas nastavuje pomocou viacer\u00fdch nastaven\u00ed:<\/p>\n\n\n\n<ul class=\"wp-block-list\">\n<li><strong>AI jas<\/strong>: toto nastavenie nenastavuje celkov\u00fd jas, ale iba koriguje niektor\u00e9 tmav\u00e9 oblasti videa.<\/li>\n\n\n\n<li><strong>Automatick\u00e1 jasnos\u0165<\/strong>: nastavuje jas na z\u00e1klade okolit\u00e9ho svetla.<\/li>\n<\/ul>\n\n\n\n<p>Okrem toho m\u00f4\u017ee by\u0165 pr\u00edstup k nastaveniu automatickej jasnosti r\u00f4zny v z\u00e1vislosti od verzie opera\u010dn\u00e9ho syst\u00e9mu. Ni\u017e\u0161ie je tabu\u013eka, kde n\u00e1jdete cestu k nastaveniu a stru\u010dn\u00fd popis dostupn\u00fdch mo\u017enost\u00ed.<\/p>\n\n\n\n<figure style=\"font-size:14px\" class=\"wp-block-table\"><table class=\"has-fixed-layout\"><thead><tr><th><strong>Obdobie<\/strong><\/th><th><strong>Pr\u00edstup k nastaveniam automatickej jasnosti<\/strong><\/th><th><strong>Popis funkcie<\/strong><\/th><\/tr><\/thead><tbody><tr><td><strong>Pred 2021<\/strong><\/td><td>Nastavenia \u2192 V\u0161etky nastavenia \u2192 Obraz \u2192 \u00daspora energie<\/td><td>&#8211; <strong>Automaticky<\/strong>: Automatick\u00e9 nastavenie jasu na z\u00e1klade okolit\u00e9ho svetla.<br>&#8211; <strong>Vypnut\u00e9<\/strong>: Vyp\u00edna \u00fasporn\u00fd re\u017eim.<br>&#8211; <strong>Minim\u00e1lne \/ Stredn\u00e9 \/ Maxim\u00e1lne<\/strong>: Pou\u017e\u00edva predvo\u013ebu \u00faspory energie.<br>&#8211; <strong>Obrazovka vypnut\u00e1<\/strong>: Obrazovka sa vypne, zatia\u013e \u010do zvuk pokra\u010duje v prehr\u00e1van\u00ed.<\/td><\/tr><tr><td><strong>Po 2022<\/strong><\/td><td>Nastavenia \u2192 V\u0161etky nastavenia \u2192 V\u0161eobecn\u00e9 \u2192 \u00daspora energie<\/td><td>&#8211; <strong>Automaticky<\/strong>: Senzor automaticky nastavuje jas na z\u00e1klade okolit\u00e9ho svetla.<br>&#8211; <strong>Minim\u00e1lny jas<\/strong>: Nastav\u00ed minim\u00e1lnu \u00farove\u0148 jasu v automatickom re\u017eime.<br>&#8211; <strong>Vypnut\u00e9<\/strong>: Vyp\u00edna funkciu \u00faspory energie.<br>&#8211; <strong>Minim\u00e1lne \/ Stredn\u00e9 \/ Maxim\u00e1lne<\/strong>: Nastavte \u00farove\u0148 \u00faspory energie.<br>&#8211; <strong>Automatick\u00e9 vypnutie<\/strong>: Zariadenie sa vypne, ak ned\u00f4jde k interakcii.<\/td><\/tr><\/tbody><\/table><\/figure>\n\n\n\n<h2 class=\"wp-block-heading has-text-align-center\"><strong>Nastavenia AI jasu<\/strong><\/h2>\n\n\n\n<p>Na pr\u00edstup postupujte pod\u013ea nasleduj\u00facich krokov: <strong>Nastavenia \u2192 V\u0161etky nastavenia \u2192 V\u0161eobecn\u00e9 \u2192 AI Slu\u017eba \u2192 AI Jas.<\/strong><\/p>\n\n\n\n<p>Ke\u010f je aktivovan\u00fd, umel\u00e1 inteligencia optimalizuje obrazovku dynamick\u00fdm prisp\u00f4sobovan\u00edm jasu, najm\u00e4 v tmav\u00fdch sc\u00e9nach, na z\u00e1klade okolit\u00e9ho svetla a povahy obsahu. Hoci je \u201eumel\u00e1 inteligencia\u201c sk\u00f4r marketingov\u00fdm term\u00ednom, opera\u010dn\u00fd syst\u00e9m telev\u00edzora pou\u017e\u00edva softv\u00e9r na anal\u00fdzu obsahu a na jeho z\u00e1klade upravuje jas. To znamen\u00e1, \u017ee jas nezost\u00e1va kon\u0161tantn\u00fd, ale men\u00ed sa v z\u00e1vislosti od zobrazovanej sc\u00e9ny: jas sa zvy\u0161uje pre tmav\u00e9 sc\u00e9ny a m\u00f4\u017ee sa zni\u017eova\u0165 pre jasn\u00e9 sc\u00e9ny. Ak je v\u00e1\u0161 telev\u00edzor OLED alebo LED s Mini LED podsvieten\u00edm, syst\u00e9m tie\u017e pou\u017e\u00edva podsvietenie, konkr\u00e9tne lok\u00e1lne zatemnenie, na zlep\u0161enie kvality obrazu.<\/p>\n","protected":false},"excerpt":{"rendered":"<p>V\u0161imli ste si niekedy, \u017ee jas v\u00e1\u0161ho LG telev\u00edzora sa m\u00f4\u017ee l\u00ed\u0161i\u0165 v z\u00e1vislosti od toho, \u010do sa deje na obrazovke, alebo od osvetlenia v miestnosti? Je to preto, \u017ee LG Smart TV je vybaven\u00fd sveteln\u00fdm senzorom a v nastaveniach je aktivovan\u00e1 automatick\u00e1 jasnos\u0165, ktor\u00e1 automaticky zvy\u0161uje alebo zni\u017euje jas v z\u00e1vislosti od prostredia okolo [&hellip;]<\/p>\n","protected":false},"author":1,"featured_media":12217,"comment_status":"open","ping_status":"open","sticky":false,"template":"","format":"standard","meta":{"_monsterinsights_skip_tracking":false,"_monsterinsights_sitenote_active":false,"_monsterinsights_sitenote_note":"","_monsterinsights_sitenote_category":0,"footnotes":""},"categories":[26],"tags":[98],"class_list":{"0":"post-11896","1":"post","2":"type-post","3":"status-publish","4":"format-standard","5":"has-post-thumbnail","7":"category-tv","8":"tag-lg-tv"},"_links":{"self":[{"href":"https:\/\/global.tab-tv.com\/sk\/wp-json\/wp\/v2\/posts\/11896","targetHints":{"allow":["GET"]}}],"collection":[{"href":"https:\/\/global.tab-tv.com\/sk\/wp-json\/wp\/v2\/posts"}],"about":[{"href":"https:\/\/global.tab-tv.com\/sk\/wp-json\/wp\/v2\/types\/post"}],"author":[{"embeddable":true,"href":"https:\/\/global.tab-tv.com\/sk\/wp-json\/wp\/v2\/users\/1"}],"replies":[{"embeddable":true,"href":"https:\/\/global.tab-tv.com\/sk\/wp-json\/wp\/v2\/comments?post=11896"}],"version-history":[{"count":2,"href":"https:\/\/global.tab-tv.com\/sk\/wp-json\/wp\/v2\/posts\/11896\/revisions"}],"predecessor-version":[{"id":12218,"href":"https:\/\/global.tab-tv.com\/sk\/wp-json\/wp\/v2\/posts\/11896\/revisions\/12218"}],"wp:featuredmedia":[{"embeddable":true,"href":"https:\/\/global.tab-tv.com\/sk\/wp-json\/wp\/v2\/media\/12217"}],"wp:attachment":[{"href":"https:\/\/global.tab-tv.com\/sk\/wp-json\/wp\/v2\/media?parent=11896"}],"wp:term":[{"taxonomy":"category","embeddable":true,"href":"https:\/\/global.tab-tv.com\/sk\/wp-json\/wp\/v2\/categories?post=11896"},{"taxonomy":"post_tag","embeddable":true,"href":"https:\/\/global.tab-tv.com\/sk\/wp-json\/wp\/v2\/tags?post=11896"}],"curies":[{"name":"wp","href":"https:\/\/api.w.org\/{rel}","templated":true}]}}