{"id":3200,"date":"2023-05-13T13:23:00","date_gmt":"2023-05-13T10:23:00","guid":{"rendered":"https:\/\/global.tab-tv.com\/sk\/?p=3200"},"modified":"2023-05-14T00:19:19","modified_gmt":"2023-05-13T21:19:19","slug":"je-ipad-pro-vhodny-na-pracu","status":"publish","type":"post","link":"https:\/\/global.tab-tv.com\/sk\/je-ipad-pro-vhodny-na-pracu\/","title":{"rendered":"Je iPad Pro vhodn\u00fd na pr\u00e1cu?"},"content":{"rendered":"\n<p>iPad Pro je od svojho vydania ob\u013e\u00fabenou vo\u013ebou mnoh\u00fdch profesion\u00e1lov v\u010faka ve\u013ek\u00e9mu displeju, vysok\u00e9mu v\u00fdkonu a kompatibilite s r\u00f4znymi aplik\u00e1ciami na zv\u00fd\u0161enie produktivity. Je v\u0161ak naozaj dobrou vo\u013ebou na pr\u00e1cu?<\/p>\n\n\n\n<h2 class=\"wp-block-heading\"><a><\/a><strong>Ak\u00e9 s\u00fa funkcie iPadu Pro?<\/strong><\/h2>\n\n\n\n<p>iPad Pro je k dispoz\u00edcii v dvoch ve\u013ekostiach, 11-palcovej a 12,9-palcovej, pri\u010dom obe maj\u00fa displej Liquid Retina s technol\u00f3giou ProMotion. To znamen\u00e1, \u017ee obnovovacia frekvencia displeja sa m\u00f4\u017ee nastavi\u0165 a\u017e na 120 Hz, \u010do m\u00e1 za n\u00e1sledok plynulej\u0161ie pos\u00favanie a citlivej\u0161\u00ed v\u00fdkon. Displej m\u00e1 tie\u017e vysok\u00e9 rozl\u00ed\u0161enie, pri\u010dom 12,9-palcov\u00fd model pon\u00faka rozl\u00ed\u0161enie 2732 x 2048 pixelov.<\/p>\n\n\n\n<p>iPad Pro 2022 poh\u00e1\u0148a \u010dip Apple radu M, ktor\u00fd pon\u00faka r\u00fdchly a efekt\u00edvny v\u00fdkon na sp\u00fa\u0161\u0165anie viacer\u00fdch aplik\u00e1ci\u00ed a \u00faloh. M\u00e1 tie\u017e a\u017e 2 TB \u00falo\u017eisko, \u010do by malo v\u00e4\u010d\u0161ine profesion\u00e1lov sta\u010di\u0165 na ukladanie pracovn\u00fdch s\u00faborov a dokumentov.<\/p>\n\n\n\n<figure class=\"wp-block-image size-full\"><img loading=\"lazy\" decoding=\"async\" width=\"866\" height=\"344\" src=\"https:\/\/global.tab-tv.com\/sk\/wp-content\/uploads\/sites\/5\/2023\/05\/What-are-iPad-Pro-features.webp\" alt=\"\" class=\"wp-image-6664\" srcset=\"https:\/\/global.tab-tv.com\/sk\/wp-content\/uploads\/sites\/5\/2023\/05\/What-are-iPad-Pro-features.webp 866w, https:\/\/global.tab-tv.com\/sk\/wp-content\/uploads\/sites\/5\/2023\/05\/What-are-iPad-Pro-features-300x119.webp 300w, https:\/\/global.tab-tv.com\/sk\/wp-content\/uploads\/sites\/5\/2023\/05\/What-are-iPad-Pro-features-768x305.webp 768w\" sizes=\"auto, (max-width: 866px) 100vw, 866px\" \/><\/figure>\n\n\n\n<p>Zariadenie podporuje aj ceruzku Apple Pencil, ktor\u00fa m\u00f4\u017ee\u0161 pou\u017e\u00edva\u0165 na kreslenie, p\u00edsanie pozn\u00e1mok a anotovanie dokumentov. Apple Pencil pon\u00faka presn\u00fd vstup a citlivos\u0165 na tlak, tak\u017ee je u\u017eito\u010dn\u00fdm n\u00e1strojom pre kreat\u00edvcov.<\/p>\n\n\n\n<p>Pokia\u013e ide o softv\u00e9r, iPad Pro be\u017e\u00ed na syst\u00e9me iPadOS, ktor\u00fd pon\u00faka funkcie \u0161peci\u00e1lne navrhnut\u00e9 pre iPad. Podporuje aj popul\u00e1rne aplik\u00e1cie na zv\u00fd\u0161enie produktivity, ako s\u00fa Microsoft Office, Adobe Creative Cloud a Google Suite.<\/p>\n\n\n\n<h2 class=\"wp-block-heading\"><a><\/a><strong>Ako m\u00f4\u017ee\u0161 iPad Pro pou\u017e\u00edva\u0165 na pr\u00e1cu?<\/strong><\/h2>\n\n\n\n<p>iPad Pro je v\u00fdkonn\u00fd n\u00e1stroj, ktor\u00fd sa d\u00e1 pou\u017e\u00edva\u0165 na r\u00f4zne pracovn\u00e9 \u00falohy. Tu je nieko\u013eko sp\u00f4sobov, ako m\u00f4\u017eete iPad Pro pou\u017e\u00edva\u0165 na pr\u00e1cu:<\/p>\n\n\n\n<ul class=\"wp-block-list\">\n<li><strong>E-mail<\/strong>: iPad Pro m\u00e1 zabudovan\u00fa aplik\u00e1ciu Mail, ktor\u00e1 v\u00e1m umo\u017e\u0148uje kontrolova\u0165 e-maily a odpoveda\u0165 na ne na cest\u00e1ch. M\u00f4\u017eete pou\u017e\u00edva\u0165 aj e-mailov\u00e9 aplik\u00e1cie tret\u00edch str\u00e1n, ako napr\u00edklad Microsoft Outlook alebo Google Gmail.<\/li>\n\n\n\n<li><strong>Aplik\u00e1cie na zv\u00fd\u0161enie produktivity: <\/strong>Pre iPad Pro je k dispoz\u00edcii ve\u013ea aplik\u00e1ci\u00ed na zv\u00fd\u0161enie produktivity, ktor\u00e9 ti pom\u00f4\u017eu udr\u017ea\u0165 si organiz\u00e1ciu a efektivitu. Medzi ob\u013e\u00faben\u00e9 mo\u017enosti patria Microsoft Office, Dokumenty Google a vlastn\u00e9 aplik\u00e1cie Pages, Numbers a Keynote od spolo\u010dnosti Apple.<\/li>\n\n\n\n<li><strong>Videokonferencie<\/strong>: V\u010faka prednej kamere a mikrof\u00f3nu iPadu Pro sa m\u00f4\u017eete \u013eahko z\u00fa\u010dast\u0148ova\u0165 videokonferen\u010dn\u00fdch hovorov pomocou aplik\u00e1ci\u00ed, ako s\u00fa Zoom, Skype alebo FaceTime.<\/li>\n\n\n\n<li><strong>Zapisovanie pozn\u00e1mok<\/strong>: Apple Pencil v iPade Pro umo\u017e\u0148uje robi\u0165 si ru\u010dne pozn\u00e1mky priamo na obrazovke, \u010do m\u00f4\u017ee by\u0165 u\u017eito\u010dn\u00e9 pri stretnutiach alebo brainstormingu. K dispoz\u00edcii je aj ve\u013ea aplik\u00e1ci\u00ed na p\u00edsanie pozn\u00e1mok, napr\u00edklad Notability alebo GoodNotes.<\/li>\n\n\n\n<li><strong>Prezent\u00e1cie<\/strong>: V\u010faka ve\u013ekej obrazovke iPadu Pro a kompatibilite s prezenta\u010dn\u00fdmi aplik\u00e1ciami, ako je napr\u00edklad Keynote, m\u00f4\u017eete \u013eahko vytv\u00e1ra\u0165 a prezentova\u0165 profesion\u00e1lne prezent\u00e1cie na cest\u00e1ch.<\/li>\n\n\n\n<li><strong>Grafick\u00fd dizajn<\/strong>: V\u010faka displeju s vysok\u00fdm rozl\u00ed\u0161en\u00edm a kompatibilite s kreat\u00edvnymi aplik\u00e1ciami, ako je napr\u00edklad Adobe Photoshop, je iPad Pro skvel\u00fdm n\u00e1strojom na pr\u00e1cu s grafick\u00fdm dizajnom.<\/li>\n\n\n\n<li><strong>\u00da\u010dtovn\u00edctvo a financie<\/strong>: iPad Pro m\u00f4\u017eete pou\u017e\u00edva\u0165 na \u00fa\u010dtovn\u00e9 a finan\u010dn\u00e9 \u00falohy pomocou aplik\u00e1ci\u00ed, ako s\u00fa QuickBooks alebo Xero, ktor\u00e9 v\u00e1m umo\u017e\u0148uj\u00fa sledova\u0165 v\u00fddavky, spravova\u0165 fakt\u00fary a \u010fal\u0161ie.<\/li>\n\n\n\n<li><strong>Ukladanie s\u00faborov<\/strong>: V\u010faka zabudovan\u00e9mu \u00falo\u017eisku iCloud v iPade Pro m\u00e1te jednoduch\u00fd pr\u00edstup k pracovn\u00fdm s\u00faborom odkia\u013eko\u013evek. M\u00f4\u017ee\u0161 pou\u017e\u00edva\u0165 aj cloudov\u00e9 \u00falo\u017eisk\u00e1 tret\u00edch str\u00e1n, napr\u00edklad Dropbox alebo Disk Google.<\/li>\n\n\n\n<li><strong>Riadenie projektov<\/strong>: Pre iPad Pro je k dispoz\u00edcii mnoho aplik\u00e1ci\u00ed na spr\u00e1vu projektov, napr\u00edklad Asana alebo Trello, ktor\u00e9 v\u00e1m umo\u017e\u0148uj\u00fa spolupracova\u0165 s t\u00edmom, spravova\u0165 \u00falohy a sledova\u0165 pokrok.<\/li>\n\n\n\n<li><strong>Riadenie predaja a vz\u0165ahov so z\u00e1kazn\u00edkmi<\/strong>: iPad Pro m\u00f4\u017eete pou\u017e\u00edva\u0165 na \u00falohy s\u00favisiace s predajom a riaden\u00edm vz\u0165ahov so z\u00e1kazn\u00edkmi pomocou aplik\u00e1ci\u00ed, ako je Salesforce alebo HubSpot, ktor\u00e9 v\u00e1m umo\u017e\u0148uj\u00fa spravova\u0165 potenci\u00e1lnych z\u00e1kazn\u00edkov, sledova\u0165 obchody a komunikova\u0165 so z\u00e1kazn\u00edkmi.<\/li>\n<\/ul>\n\n\n\n<p>Celkovo je iPad Pro v\u0161estrann\u00e9 zariadenie, ktor\u00e9 sa d\u00e1 pou\u017e\u00edva\u0165 na r\u00f4zne pracovn\u00e9 \u00falohy. So spr\u00e1vnymi aplik\u00e1ciami a pr\u00edslu\u0161enstvom m\u00f4\u017eete zv\u00fd\u0161i\u0165 svoju produktivitu a zosta\u0165 v spojen\u00ed s pr\u00e1cou bez oh\u013eadu na to, kde sa nach\u00e1dzate.<\/p>\n\n\n\n<h2 class=\"wp-block-heading\"><a><\/a><strong>Ktor\u00e9 \u00falohy sa daj\u00fa najlep\u0161ie vykon\u00e1va\u0165 s iPadom?<\/strong><\/h2>\n\n\n\n<p>iPad je v\u0161estrann\u00e9 zariadenie, ktor\u00e9 sa d\u00e1 pou\u017e\u00edva\u0165 na mnoho \u00faloh, a preto je skvel\u00fdm n\u00e1strojom pre mnoh\u00e9 profesie. Tu je nieko\u013eko \u00faloh, ktor\u00e9 sa s iPadom daj\u00fa najlep\u0161ie vykon\u00e1va\u0165:<\/p>\n\n\n\n<h3 class=\"wp-block-heading\"><a><\/a><strong>Grafick\u00ed dizajn\u00e9ri<\/strong><\/h3>\n\n\n\n<p>Ve\u013ek\u00fd displej iPadu s vysok\u00fdm rozl\u00ed\u0161en\u00edm a kompatibilita s kreat\u00edvnymi aplik\u00e1ciami, ako je Adobe Photoshop alebo Procreate, z neho robia skvel\u00fd n\u00e1stroj pre grafikov. S ceruzkou Apple Pencil m\u00f4\u017eu dizajn\u00e9ri skicova\u0165 a kresli\u0165 priamo na obrazovke, \u010do im umo\u017e\u0148uje jednoducho vytv\u00e1ra\u0165 digit\u00e1lne ilustr\u00e1cie a n\u00e1vrhy na cest\u00e1ch.<\/p>\n\n\n\n<h3 class=\"wp-block-heading\"><a><\/a><strong>Spisovatelia a redaktori<\/strong><\/h3>\n\n\n\n<p>Prenosnos\u0165 iPadu a jeho kompatibilita s aplik\u00e1ciami na zv\u00fd\u0161enie produktivity, ako s\u00fa Microsoft Word alebo Dokumenty Google, z neho robia skvel\u00fd n\u00e1stroj pre spisovate\u013eov a redaktorov, ktor\u00ed potrebuj\u00fa pracova\u0165 na cest\u00e1ch. So spr\u00e1vnym puzdrom s kl\u00e1vesnicou m\u00f4\u017eu spisovatelia \u013eahko p\u00edsa\u0165 \u010dl\u00e1nky, knihy a in\u00fd p\u00edsan\u00fd obsah priamo na iPade.<\/p>\n\n\n\n<h3 class=\"wp-block-heading\"><a><\/a><strong>Predajcovia<\/strong><\/h3>\n\n\n\n<p>Prenosnos\u0165 iPadu a jeho kompatibilita s aplik\u00e1ciami na riadenie predaja a vz\u0165ahov so z\u00e1kazn\u00edkmi, ako s\u00fa Salesforce alebo HubSpot, z neho robia skvel\u00fd n\u00e1stroj pre obchodn\u00edkov. Pomocou t\u00fdchto aplik\u00e1ci\u00ed m\u00f4\u017eu predajcovia \u013eahko spravova\u0165 potenci\u00e1lnych z\u00e1kazn\u00edkov, sledova\u0165 obchody a komunikova\u0165 so z\u00e1kazn\u00edkmi, a to v\u0161etko z pohodlia iPadu.<\/p>\n\n\n\n<h3 class=\"wp-block-heading\"><a><\/a><strong>U\u010ditelia<\/strong><\/h3>\n\n\n\n<p>Ve\u013ek\u00e1 obrazovka iPadu a kompatibilita so vzdel\u00e1vac\u00edmi aplik\u00e1ciami, ako s\u00fa Kahoot! alebo Explain Everything, z neho robia skvel\u00fd n\u00e1stroj pre u\u010dite\u013eov. Pomocou t\u00fdchto aplik\u00e1ci\u00ed m\u00f4\u017eu u\u010ditelia vytv\u00e1ra\u0165 p\u00fatav\u00e9 prezent\u00e1cie, interakt\u00edvne kv\u00edzy a \u010fal\u0161ie vzdel\u00e1vacie materi\u00e1ly, ktor\u00e9 m\u00f4\u017eu zdie\u013ea\u0165 so svojimi \u017eiakmi.<\/p>\n\n\n\n<h3 class=\"wp-block-heading\"><a><\/a><strong>Architekti a in\u017einieri<\/strong><\/h3>\n\n\n\n<p>Kompatibilita iPadu s aplik\u00e1ciami CAD, ako s\u00fa AutoCAD alebo SketchUp, z neho rob\u00ed skvel\u00fd n\u00e1stroj pre architektov a in\u017einierov. V\u010faka ve\u013ekej obrazovke iPadu a v\u00fdkonn\u00fdm mo\u017enostiam spracovania d\u00e1t m\u00f4\u017eu kon\u0161trukt\u00e9ri \u013eahko vytv\u00e1ra\u0165 a upravova\u0165 3D modely aj na cest\u00e1ch.<\/p>\n\n\n\n<h3 class=\"wp-block-heading\"><a><\/a><strong>Fotografi<\/strong><\/h3>\n\n\n\n<p>Ve\u013ek\u00fd displej iPadu s vysok\u00fdm rozl\u00ed\u0161en\u00edm z neho rob\u00ed skvel\u00fd n\u00e1stroj pre fotografov, ktor\u00ed potrebuj\u00fa prezera\u0165 a upravova\u0165 fotografie na cest\u00e1ch. Pomocou aplik\u00e1ci\u00ed, ako je Adobe Lightroom alebo VSCO, m\u00f4\u017eu fotografi \u013eahko upravova\u0165 a zdie\u013ea\u0165 svoje fotografie priamo z iPadu.<\/p>\n\n\n\n<h3 class=\"wp-block-heading\"><a><\/a><strong>Pl\u00e1nova\u010di podujat\u00ed<\/strong><\/h3>\n\n\n\n<p>Prenosnos\u0165 iPadu a jeho kompatibilita s aplik\u00e1ciami na riadenie projektov, ako s\u00fa Asana alebo Trello, z neho robia skvel\u00fd n\u00e1stroj pre pl\u00e1nova\u010dov podujat\u00ed. Pomocou t\u00fdchto aplik\u00e1ci\u00ed m\u00f4\u017eu pl\u00e1nova\u010di jednoducho spravova\u0165 \u00falohy, sledova\u0165 pokrok a spolupracova\u0165 so svoj\u00edm t\u00edmom, a to v\u0161etko z pohodlia iPadu.<\/p>\n\n\n\n<h3 class=\"wp-block-heading\"><a><\/a><strong>Hudobn\u00edci<\/strong><\/h3>\n\n\n\n<p>Kompatibilita iPadu s aplik\u00e1ciami na produkciu hudby, ako je GarageBand alebo FL Studio, z neho rob\u00ed skvel\u00fd n\u00e1stroj pre hudobn\u00edkov, ktor\u00ed potrebuj\u00fa vytv\u00e1ra\u0165 a nahr\u00e1va\u0165 hudbu na cest\u00e1ch. V\u010faka dotykovej obrazovke iPadu a virtu\u00e1lnym n\u00e1strojom m\u00f4\u017eu hudobn\u00edci \u013eahko vytv\u00e1ra\u0165 a manipulova\u0165 so zvukmi priamo na iPade.<\/p>\n\n\n\n<p>Celkovo m\u00f4\u017ee by\u0165 iPad u\u017eito\u010dn\u00fdm n\u00e1strojom pre mnoh\u00e9 profesie. So spr\u00e1vnymi aplik\u00e1ciami a pr\u00edslu\u0161enstvom m\u00f4\u017eu profesion\u00e1li zv\u00fd\u0161i\u0165 svoju produktivitu, zosta\u0165 organizovan\u00ed a \u013eahko pracova\u0165 na cest\u00e1ch.<\/p>\n\n\n\n<h2 class=\"wp-block-heading\"><a><\/a><strong>Ak\u00e9 \u010fal\u0161ie pr\u00edslu\u0161enstvo potrebuje\u0161 na efekt\u00edvnu pr\u00e1cu s iPadom Pro?<\/strong><\/h2>\n\n\n\n<p>Pou\u017e\u00edvanie iPadu Pro na pr\u00e1cu m\u00f4\u017ee by\u0165 ve\u013emi efekt\u00edvny sp\u00f4sob vybavovania vec\u00ed. Niektor\u00e9 doplnky v\u0161ak m\u00f4\u017eu pom\u00f4c\u0165 maximalizova\u0165 potenci\u00e1l zariadenia. Kl\u00e1vesnica je jedn\u00fdm z najd\u00f4le\u017eitej\u0161\u00edch doplnkov pre t\u00fdch, ktor\u00ed pou\u017e\u00edvaj\u00fa iPad Pro na pr\u00e1cu. Hoci je kl\u00e1vesnica na obrazovke u\u017eito\u010dn\u00e1 na p\u00edsanie kr\u00e1tkych spr\u00e1v alebo pozn\u00e1mok, m\u00f4\u017ee obmedzova\u0165 t\u00fdch, ktor\u00ed potrebuj\u00fa p\u00edsa\u0165 dlh\u0161\u00ed \u010das alebo vy\u017eaduj\u00fa r\u00fdchlos\u0165 a presnos\u0165. <strong>Fyzick\u00e1 kl\u00e1vesnica <\/strong>m\u00f4\u017ee v\u00fdrazne zv\u00fd\u0161i\u0165 produktivitu. Apple pon\u00faka kl\u00e1vesnicu Smart Keyboard Folio, ktor\u00e1 sa prip\u00e1ja priamo k iPadu Pro a sl\u00fa\u017ei ako ochrann\u00fd kryt. K dispoz\u00edcii s\u00fa aj mo\u017enosti tret\u00edch str\u00e1n, ktor\u00e9 pon\u00fakaj\u00fa \u010fal\u0161ie funkcie alebo mo\u017enosti prisp\u00f4sobenia.<\/p>\n\n\n\n<figure class=\"wp-block-image size-full\"><img loading=\"lazy\" decoding=\"async\" width=\"572\" height=\"572\" src=\"https:\/\/global.tab-tv.com\/sk\/wp-content\/uploads\/sites\/5\/2023\/05\/What-additional-accessories-do-you-need-to-work-effectively-on-the-iPad-pro-1.webp\" alt=\"\" class=\"wp-image-6663\" srcset=\"https:\/\/global.tab-tv.com\/sk\/wp-content\/uploads\/sites\/5\/2023\/05\/What-additional-accessories-do-you-need-to-work-effectively-on-the-iPad-pro-1.webp 572w, https:\/\/global.tab-tv.com\/sk\/wp-content\/uploads\/sites\/5\/2023\/05\/What-additional-accessories-do-you-need-to-work-effectively-on-the-iPad-pro-1-300x300.webp 300w, https:\/\/global.tab-tv.com\/sk\/wp-content\/uploads\/sites\/5\/2023\/05\/What-additional-accessories-do-you-need-to-work-effectively-on-the-iPad-pro-1-150x150.webp 150w\" sizes=\"auto, (max-width: 572px) 100vw, 572px\" \/><\/figure>\n\n\n\n<p>\u010eal\u0161\u00edm pr\u00edslu\u0161enstvom, ktor\u00e9 m\u00f4\u017ee by\u0165 u\u017eito\u010dn\u00e9 pre t\u00fdch, ktor\u00ed iPad Pro pou\u017e\u00edvaj\u00fa na pr\u00e1cu, je <strong>Apple Pencil<\/strong>. Tento stylus umo\u017e\u0148uje kresli\u0165, skicova\u0165 a robi\u0165 si pozn\u00e1mky priamo na obrazovke iPadu Pro. To m\u00f4\u017ee by\u0165 u\u017eito\u010dn\u00e9 najm\u00e4 pre t\u00fdch, ktor\u00ed pracuj\u00fa v kreat\u00edvnych oblastiach, alebo pre t\u00fdch, ktor\u00ed uprednost\u0148uj\u00fa ru\u010dne p\u00edsan\u00e9 pozn\u00e1mky pred p\u00edsan\u00edm na kl\u00e1vesnici. Apple Pencil je citliv\u00fd na tlak a reaguje, tak\u017ee m\u00e1te pocit, akoby ste pou\u017e\u00edvali tradi\u010dn\u00e9 pero alebo ceruzku.<\/p>\n\n\n\n<figure class=\"wp-block-image size-large\"><img loading=\"lazy\" decoding=\"async\" width=\"1024\" height=\"525\" src=\"https:\/\/global.tab-tv.com\/sk\/wp-content\/uploads\/sites\/5\/2023\/05\/What-additional-accessories-do-you-need-to-work-effectively-on-the-iPad-pro-2-1024x525.webp\" alt=\"\" class=\"wp-image-6662\" srcset=\"https:\/\/global.tab-tv.com\/sk\/wp-content\/uploads\/sites\/5\/2023\/05\/What-additional-accessories-do-you-need-to-work-effectively-on-the-iPad-pro-2-1024x525.webp 1024w, https:\/\/global.tab-tv.com\/sk\/wp-content\/uploads\/sites\/5\/2023\/05\/What-additional-accessories-do-you-need-to-work-effectively-on-the-iPad-pro-2-300x154.webp 300w, https:\/\/global.tab-tv.com\/sk\/wp-content\/uploads\/sites\/5\/2023\/05\/What-additional-accessories-do-you-need-to-work-effectively-on-the-iPad-pro-2-768x394.webp 768w, https:\/\/global.tab-tv.com\/sk\/wp-content\/uploads\/sites\/5\/2023\/05\/What-additional-accessories-do-you-need-to-work-effectively-on-the-iPad-pro-2.webp 1068w\" sizes=\"auto, (max-width: 1024px) 100vw, 1024px\" \/><\/figure>\n\n\n\n<p>A napokon, <strong>stojan pre iPad Pro <\/strong>m\u00f4\u017ee by\u0165 u\u017eito\u010dn\u00fd na udr\u017eanie zariadenia v stabilnej polohe a v pohodlnom uhle na sledovanie a p\u00edsanie. K dispoz\u00edcii je ve\u013ea mo\u017enost\u00ed, od jednoduch\u00fdch stojanov a\u017e po pokro\u010dilej\u0161ie modely s \u010fal\u0161\u00edmi funkciami.<\/p>\n\n\n\n<figure class=\"wp-block-image size-large\"><img loading=\"lazy\" decoding=\"async\" width=\"1024\" height=\"572\" src=\"https:\/\/global.tab-tv.com\/sk\/wp-content\/uploads\/sites\/5\/2023\/05\/What-additional-accessories-do-you-need-to-work-effectively-on-the-iPad-pro-3-1024x572.webp\" alt=\"\" class=\"wp-image-6661\" srcset=\"https:\/\/global.tab-tv.com\/sk\/wp-content\/uploads\/sites\/5\/2023\/05\/What-additional-accessories-do-you-need-to-work-effectively-on-the-iPad-pro-3-1024x572.webp 1024w, https:\/\/global.tab-tv.com\/sk\/wp-content\/uploads\/sites\/5\/2023\/05\/What-additional-accessories-do-you-need-to-work-effectively-on-the-iPad-pro-3-300x168.webp 300w, https:\/\/global.tab-tv.com\/sk\/wp-content\/uploads\/sites\/5\/2023\/05\/What-additional-accessories-do-you-need-to-work-effectively-on-the-iPad-pro-3-768x429.webp 768w, https:\/\/global.tab-tv.com\/sk\/wp-content\/uploads\/sites\/5\/2023\/05\/What-additional-accessories-do-you-need-to-work-effectively-on-the-iPad-pro-3.webp 1384w\" sizes=\"auto, (max-width: 1024px) 100vw, 1024px\" \/><\/figure>\n\n\n\n<p>Okrem vy\u0161\u0161ie uveden\u00e9ho pr\u00edslu\u0161enstva stoj\u00ed za zmienku, \u017ee <strong>k iPadu Pro je mo\u017en\u00e9 pripoji\u0165 aj my\u0161<\/strong>. To m\u00f4\u017ee by\u0165 u\u017eito\u010dn\u00e9 najm\u00e4 pre t\u00fdch, ktor\u00ed na navig\u00e1ciu alebo presnej\u0161ie pohyby rad\u0161ej pou\u017e\u00edvaj\u00fa my\u0161.<\/p>\n\n\n\n<p>V najnov\u0161ej verzii syst\u00e9mu iPadOS pridala spolo\u010dnos\u0165 Apple nov\u00fa funkciu <strong>Stage Manager, <\/strong>ktor\u00e1 je \u0161peci\u00e1lne navrhnut\u00e1 na pr\u00e1cu s my\u0161ou. Pomocou funkcie Stage Manager m\u00f4\u017eete presun\u00fa\u0165 kurzor na okraj obrazovky a ten sa automaticky prichyt\u00ed na \u010fal\u0161iu aplik\u00e1ciu alebo okno, \u010do u\u013eah\u010duje prep\u00ednanie medzi \u00falohami. To je u\u017eito\u010dn\u00e9 najm\u00e4 pre t\u00fdch, ktor\u00ed \u010dasto vykon\u00e1vaj\u00fa viacero \u00faloh a musia r\u00fdchlo prech\u00e1dza\u0165 medzi r\u00f4znymi aplik\u00e1ciami.<\/p>\n\n\n\n<h2 class=\"wp-block-heading\"><a><\/a><strong>Ak\u00e9 s\u00fa nev\u00fdhody pou\u017e\u00edvania iPadu na pr\u00e1cu<\/strong><\/h2>\n\n\n\n<p>Hoci iPad Pro m\u00f4\u017ee by\u0165 ve\u013emi efekt\u00edvnym pracovn\u00fdm n\u00e1strojom, m\u00e1 aj niektor\u00e9 potenci\u00e1lne nev\u00fdhody. Tu s\u00fa niektor\u00e9 z nich:<\/p>\n\n\n\n<ul class=\"wp-block-list\">\n<li><strong>Obmedzen\u00e9 mo\u017enosti softv\u00e9ru<\/strong>: Hoci iPad Pro be\u017e\u00ed na opera\u010dnom syst\u00e9me iPadOS, ktor\u00fd m\u00e1 k dispoz\u00edcii mno\u017estvo aplik\u00e1ci\u00ed, nemus\u00ed ma\u0165 v\u0161etky softv\u00e9rov\u00e9 programy, ktor\u00e9 potrebujete pre svoju pr\u00e1cu. Niektor\u00e9 \u0161pecializovan\u00e9 softv\u00e9rov\u00e9 programy v ur\u010dit\u00fdch oblastiach nemusia by\u0165 na iPade Pro k dispoz\u00edcii.<\/li>\n\n\n\n<li><strong>Obmedzen\u00e9 skladovanie<\/strong>: V z\u00e1vislosti od kapacity \u00falo\u017eiska iPadu Pro sa m\u00f4\u017ee sta\u0165, \u017ee v\u00e1m r\u00fdchlo d\u00f4jde miesto, najm\u00e4 ak pracujete s ve\u013ek\u00fdmi s\u00fabormi alebo do zariadenia uklad\u00e1te ve\u013ea m\u00e9di\u00ed.<\/li>\n\n\n\n<li><strong>Nedostatok pr\u00edstavov<\/strong>: To m\u00f4\u017ee obmedzova\u0165 mo\u017enosti pripojenia k in\u00fdm zariadeniam alebo perif\u00e9ri\u00e1m.<\/li>\n\n\n\n<li><strong>Obmedzen\u00e9 prisp\u00f4sobenie<\/strong>: Opera\u010dn\u00fd syst\u00e9m iPadOS je navrhnut\u00fd tak, aby bol pou\u017e\u00edvate\u013esky pr\u00edvetiv\u00fd, ale m\u00f4\u017ee by\u0165 aj obmedzenej\u0161\u00ed z h\u013eadiska mo\u017enost\u00ed prisp\u00f4sobenia. Pre t\u00fdch, ktor\u00ed si rad\u0161ej dola\u010fuj\u00fa nastavenia alebo prisp\u00f4sobuj\u00fa pracovn\u00e9 postupy, m\u00f4\u017ee by\u0165 iPad Pro obmedzenej\u0161\u00ed ako tradi\u010dn\u00fd po\u010d\u00edta\u010d.<\/li>\n<\/ul>\n\n\n\n<p>Celkovo mo\u017eno poveda\u0165, \u017ee iPad Pro je s\u00edce v\u00fdkonn\u00fd a v\u0161estrann\u00fd pracovn\u00fd n\u00e1stroj, ale v z\u00e1vislosti od konkr\u00e9tnych potrieb a preferenci\u00ed nemus\u00ed vyhovova\u0165 ka\u017ed\u00e9mu. Predt\u00fdm, ako sa rozhodnete pou\u017e\u00edva\u0165 ho na pracovn\u00e9 \u00falohy, je d\u00f4le\u017eit\u00e9 d\u00f4kladne zv\u00e1\u017ei\u0165 svoje pracovn\u00e9 po\u017eiadavky a ich s\u00falad s mo\u017enos\u0165ami zariadenia.<\/p>\n\n\n\n<p><\/p>\n","protected":false},"excerpt":{"rendered":"<p>iPad Pro je od svojho vydania ob\u013e\u00fabenou vo\u013ebou mnoh\u00fdch profesion\u00e1lov v\u010faka ve\u013ek\u00e9mu displeju, vysok\u00e9mu v\u00fdkonu a kompatibilite s r\u00f4znymi aplik\u00e1ciami na zv\u00fd\u0161enie produktivity. Je v\u0161ak naozaj dobrou vo\u013ebou na pr\u00e1cu? Ak\u00e9 s\u00fa funkcie iPadu Pro? iPad Pro je k dispoz\u00edcii v dvoch ve\u013ekostiach, 11-palcovej a 12,9-palcovej, pri\u010dom obe maj\u00fa displej Liquid Retina s technol\u00f3giou ProMotion. [&hellip;]<\/p>\n","protected":false},"author":1,"featured_media":6665,"comment_status":"open","ping_status":"open","sticky":false,"template":"","format":"standard","meta":{"_monsterinsights_skip_tracking":false,"_monsterinsights_sitenote_active":false,"_monsterinsights_sitenote_note":"","_monsterinsights_sitenote_category":0,"footnotes":""},"categories":[1,2],"tags":[12],"class_list":{"0":"post-3200","1":"post","2":"type-post","3":"status-publish","4":"format-standard","5":"has-post-thumbnail","7":"category-analytika","8":"category-sprievodcovia","9":"tag-ipad"},"_links":{"self":[{"href":"https:\/\/global.tab-tv.com\/sk\/wp-json\/wp\/v2\/posts\/3200","targetHints":{"allow":["GET"]}}],"collection":[{"href":"https:\/\/global.tab-tv.com\/sk\/wp-json\/wp\/v2\/posts"}],"about":[{"href":"https:\/\/global.tab-tv.com\/sk\/wp-json\/wp\/v2\/types\/post"}],"author":[{"embeddable":true,"href":"https:\/\/global.tab-tv.com\/sk\/wp-json\/wp\/v2\/users\/1"}],"replies":[{"embeddable":true,"href":"https:\/\/global.tab-tv.com\/sk\/wp-json\/wp\/v2\/comments?post=3200"}],"version-history":[{"count":3,"href":"https:\/\/global.tab-tv.com\/sk\/wp-json\/wp\/v2\/posts\/3200\/revisions"}],"predecessor-version":[{"id":6666,"href":"https:\/\/global.tab-tv.com\/sk\/wp-json\/wp\/v2\/posts\/3200\/revisions\/6666"}],"wp:featuredmedia":[{"embeddable":true,"href":"https:\/\/global.tab-tv.com\/sk\/wp-json\/wp\/v2\/media\/6665"}],"wp:attachment":[{"href":"https:\/\/global.tab-tv.com\/sk\/wp-json\/wp\/v2\/media?parent=3200"}],"wp:term":[{"taxonomy":"category","embeddable":true,"href":"https:\/\/global.tab-tv.com\/sk\/wp-json\/wp\/v2\/categories?post=3200"},{"taxonomy":"post_tag","embeddable":true,"href":"https:\/\/global.tab-tv.com\/sk\/wp-json\/wp\/v2\/tags?post=3200"}],"curies":[{"name":"wp","href":"https:\/\/api.w.org\/{rel}","templated":true}]}}